{"id":7225,"date":"2022-12-26T14:34:00","date_gmt":"2022-12-26T17:34:00","guid":{"rendered":"https:\/\/portalmf.com.br\/?p=7225"},"modified":"2022-12-26T17:34:22","modified_gmt":"2022-12-26T20:34:22","slug":"reveillon-da-nossa-gente-levara-grandes-artistas-para-a-virada-de-ano-em-anguera","status":"publish","type":"post","link":"https:\/\/portalmf.com.br\/index.php\/2022\/12\/26\/reveillon-da-nossa-gente-levara-grandes-artistas-para-a-virada-de-ano-em-anguera\/","title":{"rendered":"\u2018Reveillon da Nossa Gente\u2019 levar\u00e1 grandes artistas para a virada de ano em Anguera"},"content":{"rendered":"\n<p>A Pra\u00e7a Arthur Vieira ser\u00e1 palco de uma das melhores festas de R\u00e9veillon que a regi\u00e3o j\u00e1 viu, ap\u00f3s dois anos de pandemia, a Prefeitura Municipal de Anguera preparou uma mega estrutura para a virada do ano e reunir\u00e1 artistas que far\u00e3o a festa neste final de semana, encerrando 2022 e abrindo 2023 com chave de ouro.<\/p>\n\n\n\n<p>A programa\u00e7\u00e3o completa elenca nomes de artistas regionais muito queridos pelo p\u00fablico, que durante todo o final de semana se apresentar\u00e3o na cidade e levar\u00e3o muita m\u00fasica de qualidade para a popula\u00e7\u00e3o.<\/p>\n\n\n\n<p>No dia 31 de dezembro de 2022, o festival da virada come\u00e7a \u00e0s 23h com o \u2018Camel\u00f4 apaixonado\u2019, Rock Salles, ap\u00f3s, \u00e0s 01h, Cl\u00e9cio Farra assume o palco, e \u00e0s 03h, o cantor Matheus Ricco encerra a festa.<\/p>\n\n\n\n<p>No dia 1\u00ba, o ano j\u00e1 come\u00e7a com o p\u00e9 direito. \u00c0s 17h, Brenno Oliveira sobe no palco e come\u00e7a o segundo dia de festa, seguido por Robinho Show e \u00e0s 21h, o arrocha apaixonado do cantor Pablo embala os cora\u00e7\u00f5es apaixonados com hits que j\u00e1 fazem parte do repert\u00f3rio de todo bom baiano.<\/p>\n\n\n\n<p>O Prefeito Mauro Vieira convida aos anguerenses da sede e \u00e1reas rurais do munic\u00edpio, visitantes e toda a regi\u00e3o para o brinde especial da chegada de 2023, organizada com grande estilo pela Prefeitura Municipal. <\/p>\n\n\n\n<p><em>&#8221;Foi um ano de muitas conquistas em nosso Munic\u00edpio, um ano em que todos trabalhamos muito e merecemos celebrar os avan\u00e7os e o fruto de todo esse esfor\u00e7o de todos os cidad\u00e3os anguerenses. A festa \u00e9 dedicada a toda popula\u00e7\u00e3o e aos nossos visitantes das cidades circunvizinhas. Esperamos que todos tenham um ano novo com muita paz, sa\u00fade, uni\u00e3o e amor no cora\u00e7\u00e3o de todos. Em 2023 teremos com certeza mais um ano de mais avan\u00e7os e realiza\u00e7\u00f5es\u201d<\/em>, deseja o prefeito.<\/p>\n\n\n\n<p>Confira a programa\u00e7\u00e3o:<br><\/p>\n\n\n\n<figure class=\"wp-block-image size-large\"><img fetchpriority=\"high\" decoding=\"async\" width=\"576\" height=\"1024\" src=\"https:\/\/portalmf.com.br\/wp-content\/uploads\/2022\/12\/WhatsApp-Image-2022-12-26-at-16.04.37-576x1024.jpeg\" alt=\"\" class=\"wp-image-7226\" srcset=\"https:\/\/portalmf.com.br\/wp-content\/uploads\/2022\/12\/WhatsApp-Image-2022-12-26-at-16.04.37-576x1024.jpeg 576w, https:\/\/portalmf.com.br\/wp-content\/uploads\/2022\/12\/WhatsApp-Image-2022-12-26-at-16.04.37-169x300.jpeg 169w, https:\/\/portalmf.com.br\/wp-content\/uploads\/2022\/12\/WhatsApp-Image-2022-12-26-at-16.04.37-585x1039.jpeg 585w, https:\/\/portalmf.com.br\/wp-content\/uploads\/2022\/12\/WhatsApp-Image-2022-12-26-at-16.04.37.jpeg 760w\" sizes=\"(max-width: 576px) 100vw, 576px\" \/><\/figure>\n","protected":false},"excerpt":{"rendered":"<p>A Pra\u00e7a Arthur Vieira ser\u00e1 palco de uma das melhores festas de R\u00e9veillon que a regi\u00e3o j\u00e1 viu, ap\u00f3s dois anos de pandemia, a Prefeitura Municipal de Anguera preparou uma mega estrutura para a virada do ano e reunir\u00e1 artistas que far\u00e3o a festa neste final de semana, encerrando 2022 e abrindo 2023 com chave [&hellip;]<\/p>\n","protected":false},"author":3,"featured_media":7227,"comment_status":"open","ping_status":"open","sticky":false,"template":"","format":"standard","meta":{"_monsterinsights_skip_tracking":false,"_monsterinsights_sitenote_active":false,"_monsterinsights_sitenote_note":"","_monsterinsights_sitenote_category":0,"footnotes":""},"categories":[47,45],"tags":[],"yoast_head":"<!-- This site is optimized with the Yoast SEO plugin v22.9 - https:\/\/yoast.com\/wordpress\/plugins\/seo\/ -->\n<title>\u2018Reveillon da Nossa Gente\u2019 levar\u00e1 grandes artistas para a virada de ano em Anguera - Portal MF<\/title>\n<meta name=\"robots\" content=\"index, follow, max-snippet:-1, max-image-preview:large, max-video-preview:-1\" \/>\n<link rel=\"canonical\" href=\"https:\/\/portalmf.com.br\/index.php\/2022\/12\/26\/reveillon-da-nossa-gente-levara-grandes-artistas-para-a-virada-de-ano-em-anguera\/\" \/>\n<meta property=\"og:locale\" content=\"pt_BR\" \/>\n<meta property=\"og:type\" content=\"article\" \/>\n<meta property=\"og:title\" content=\"\u2018Reveillon da Nossa Gente\u2019 levar\u00e1 grandes artistas para a virada de ano em Anguera - Portal MF\" \/>\n<meta property=\"og:description\" content=\"A Pra\u00e7a Arthur Vieira ser\u00e1 palco de uma das melhores festas de R\u00e9veillon que a regi\u00e3o j\u00e1 viu, ap\u00f3s dois anos de pandemia, a Prefeitura Municipal de Anguera preparou uma mega estrutura para a virada do ano e reunir\u00e1 artistas que far\u00e3o a festa neste final de semana, encerrando 2022 e abrindo 2023 com chave [&hellip;]\" \/>\n<meta property=\"og:url\" content=\"https:\/\/portalmf.com.br\/index.php\/2022\/12\/26\/reveillon-da-nossa-gente-levara-grandes-artistas-para-a-virada-de-ano-em-anguera\/\" \/>\n<meta property=\"og:site_name\" content=\"Portal MF\" \/>\n<meta property=\"article:author\" content=\"https:\/\/www.facebook.com\/portalmfoficial\" \/>\n<meta property=\"article:published_time\" content=\"2022-12-26T17:34:00+00:00\" \/>\n<meta property=\"article:modified_time\" content=\"2022-12-26T20:34:22+00:00\" \/>\n<meta property=\"og:image\" content=\"https:\/\/portalmf.com.br\/wp-content\/uploads\/2022\/12\/PABLO.jpeg\" \/>\n\t<meta property=\"og:image:width\" content=\"798\" \/>\n\t<meta property=\"og:image:height\" content=\"534\" \/>\n\t<meta property=\"og:image:type\" content=\"image\/jpeg\" \/>\n<meta name=\"author\" content=\"Reda\u00e7\u00e3o Portal MF\" \/>\n<meta name=\"twitter:card\" content=\"summary_large_image\" \/>\n<meta name=\"twitter:creator\" content=\"@https:\/\/x.com\/portalmfoficial\" \/>\n<meta name=\"twitter:label1\" content=\"Escrito por\" \/>\n\t<meta name=\"twitter:data1\" content=\"Reda\u00e7\u00e3o Portal MF\" \/>\n\t<meta name=\"twitter:label2\" content=\"Est. tempo de leitura\" \/>\n\t<meta name=\"twitter:data2\" content=\"2 minutos\" \/>\n<script type=\"application\/ld+json\" class=\"yoast-schema-graph\">{\"@context\":\"https:\/\/schema.org\",\"@graph\":[{\"@type\":\"WebPage\",\"@id\":\"https:\/\/portalmf.com.br\/index.php\/2022\/12\/26\/reveillon-da-nossa-gente-levara-grandes-artistas-para-a-virada-de-ano-em-anguera\/\",\"url\":\"https:\/\/portalmf.com.br\/index.php\/2022\/12\/26\/reveillon-da-nossa-gente-levara-grandes-artistas-para-a-virada-de-ano-em-anguera\/\",\"name\":\"\u2018Reveillon da Nossa Gente\u2019 levar\u00e1 grandes artistas para a virada de ano em Anguera - Portal MF\",\"isPartOf\":{\"@id\":\"https:\/\/portalmf.com.br\/#website\"},\"primaryImageOfPage\":{\"@id\":\"https:\/\/portalmf.com.br\/index.php\/2022\/12\/26\/reveillon-da-nossa-gente-levara-grandes-artistas-para-a-virada-de-ano-em-anguera\/#primaryimage\"},\"image\":{\"@id\":\"https:\/\/portalmf.com.br\/index.php\/2022\/12\/26\/reveillon-da-nossa-gente-levara-grandes-artistas-para-a-virada-de-ano-em-anguera\/#primaryimage\"},\"thumbnailUrl\":\"https:\/\/portalmf.com.br\/wp-content\/uploads\/2022\/12\/PABLO.jpeg\",\"datePublished\":\"2022-12-26T17:34:00+00:00\",\"dateModified\":\"2022-12-26T20:34:22+00:00\",\"author\":{\"@id\":\"https:\/\/portalmf.com.br\/#\/schema\/person\/9ec101baf56233e53520c26de5d6f6f0\"},\"breadcrumb\":{\"@id\":\"https:\/\/portalmf.com.br\/index.php\/2022\/12\/26\/reveillon-da-nossa-gente-levara-grandes-artistas-para-a-virada-de-ano-em-anguera\/#breadcrumb\"},\"inLanguage\":\"pt-BR\",\"potentialAction\":[{\"@type\":\"ReadAction\",\"target\":[\"https:\/\/portalmf.com.br\/index.php\/2022\/12\/26\/reveillon-da-nossa-gente-levara-grandes-artistas-para-a-virada-de-ano-em-anguera\/\"]}]},{\"@type\":\"ImageObject\",\"inLanguage\":\"pt-BR\",\"@id\":\"https:\/\/portalmf.com.br\/index.php\/2022\/12\/26\/reveillon-da-nossa-gente-levara-grandes-artistas-para-a-virada-de-ano-em-anguera\/#primaryimage\",\"url\":\"https:\/\/portalmf.com.br\/wp-content\/uploads\/2022\/12\/PABLO.jpeg\",\"contentUrl\":\"https:\/\/portalmf.com.br\/wp-content\/uploads\/2022\/12\/PABLO.jpeg\",\"width\":798,\"height\":534},{\"@type\":\"BreadcrumbList\",\"@id\":\"https:\/\/portalmf.com.br\/index.php\/2022\/12\/26\/reveillon-da-nossa-gente-levara-grandes-artistas-para-a-virada-de-ano-em-anguera\/#breadcrumb\",\"itemListElement\":[{\"@type\":\"ListItem\",\"position\":1,\"name\":\"In\u00edcio\",\"item\":\"https:\/\/portalmf.com.br\/\"},{\"@type\":\"ListItem\",\"position\":2,\"name\":\"\u2018Reveillon da Nossa Gente\u2019 levar\u00e1 grandes artistas para a virada de ano em Anguera\"}]},{\"@type\":\"WebSite\",\"@id\":\"https:\/\/portalmf.com.br\/#website\",\"url\":\"https:\/\/portalmf.com.br\/\",\"name\":\"Portal MF\",\"description\":\"Voc\u00ea conectado com a informa\u00e7\u00e3o\",\"potentialAction\":[{\"@type\":\"SearchAction\",\"target\":{\"@type\":\"EntryPoint\",\"urlTemplate\":\"https:\/\/portalmf.com.br\/?s={search_term_string}\"},\"query-input\":\"required name=search_term_string\"}],\"inLanguage\":\"pt-BR\"},{\"@type\":\"Person\",\"@id\":\"https:\/\/portalmf.com.br\/#\/schema\/person\/9ec101baf56233e53520c26de5d6f6f0\",\"name\":\"Reda\u00e7\u00e3o Portal MF\",\"image\":{\"@type\":\"ImageObject\",\"inLanguage\":\"pt-BR\",\"@id\":\"https:\/\/portalmf.com.br\/#\/schema\/person\/image\/\",\"url\":\"https:\/\/secure.gravatar.com\/avatar\/41b9aaeb2100835f7c64362330f74c7f?s=96&d=mm&r=g\",\"contentUrl\":\"https:\/\/secure.gravatar.com\/avatar\/41b9aaeb2100835f7c64362330f74c7f?s=96&d=mm&r=g\",\"caption\":\"Reda\u00e7\u00e3o Portal MF\"},\"description\":\"Sejam bem-vindos o portal de informa\u00e7\u00f5es de entretenimento de Feira de Santana, desde 2006 realiza coberturas dos principais eventos com entrevistas exclusivas com as principais personalidades mundiais. Fique conectado tamb\u00e9m nas redes sociais.\",\"sameAs\":[\"http:\/\/www.portalmf.com.br\/\",\"https:\/\/www.facebook.com\/portalmfoficial\",\"https:\/\/www.instagram.com\/portalmf\/\",\"https:\/\/x.com\/https:\/\/x.com\/portalmfoficial\",\"https:\/\/www.youtube.com\/@portalmfoficial\"],\"url\":\"https:\/\/portalmf.com.br\/index.php\/author\/junior\/\"}]}<\/script>\n<!-- \/ Yoast SEO plugin. -->","yoast_head_json":{"title":"\u2018Reveillon da Nossa Gente\u2019 levar\u00e1 grandes artistas para a virada de ano em Anguera - Portal MF","robots":{"index":"index","follow":"follow","max-snippet":"max-snippet:-1","max-image-preview":"max-image-preview:large","max-video-preview":"max-video-preview:-1"},"canonical":"https:\/\/portalmf.com.br\/index.php\/2022\/12\/26\/reveillon-da-nossa-gente-levara-grandes-artistas-para-a-virada-de-ano-em-anguera\/","og_locale":"pt_BR","og_type":"article","og_title":"\u2018Reveillon da Nossa Gente\u2019 levar\u00e1 grandes artistas para a virada de ano em Anguera - Portal MF","og_description":"A Pra\u00e7a Arthur Vieira ser\u00e1 palco de uma das melhores festas de R\u00e9veillon que a regi\u00e3o j\u00e1 viu, ap\u00f3s dois anos de pandemia, a Prefeitura Municipal de Anguera preparou uma mega estrutura para a virada do ano e reunir\u00e1 artistas que far\u00e3o a festa neste final de semana, encerrando 2022 e abrindo 2023 com chave [&hellip;]","og_url":"https:\/\/portalmf.com.br\/index.php\/2022\/12\/26\/reveillon-da-nossa-gente-levara-grandes-artistas-para-a-virada-de-ano-em-anguera\/","og_site_name":"Portal MF","article_author":"https:\/\/www.facebook.com\/portalmfoficial","article_published_time":"2022-12-26T17:34:00+00:00","article_modified_time":"2022-12-26T20:34:22+00:00","og_image":[{"width":798,"height":534,"url":"https:\/\/portalmf.com.br\/wp-content\/uploads\/2022\/12\/PABLO.jpeg","type":"image\/jpeg"}],"author":"Reda\u00e7\u00e3o Portal MF","twitter_card":"summary_large_image","twitter_creator":"@https:\/\/x.com\/portalmfoficial","twitter_misc":{"Escrito por":"Reda\u00e7\u00e3o Portal MF","Est. tempo de leitura":"2 minutos"},"schema":{"@context":"https:\/\/schema.org","@graph":[{"@type":"WebPage","@id":"https:\/\/portalmf.com.br\/index.php\/2022\/12\/26\/reveillon-da-nossa-gente-levara-grandes-artistas-para-a-virada-de-ano-em-anguera\/","url":"https:\/\/portalmf.com.br\/index.php\/2022\/12\/26\/reveillon-da-nossa-gente-levara-grandes-artistas-para-a-virada-de-ano-em-anguera\/","name":"\u2018Reveillon da Nossa Gente\u2019 levar\u00e1 grandes artistas para a virada de ano em Anguera - Portal MF","isPartOf":{"@id":"https:\/\/portalmf.com.br\/#website"},"primaryImageOfPage":{"@id":"https:\/\/portalmf.com.br\/index.php\/2022\/12\/26\/reveillon-da-nossa-gente-levara-grandes-artistas-para-a-virada-de-ano-em-anguera\/#primaryimage"},"image":{"@id":"https:\/\/portalmf.com.br\/index.php\/2022\/12\/26\/reveillon-da-nossa-gente-levara-grandes-artistas-para-a-virada-de-ano-em-anguera\/#primaryimage"},"thumbnailUrl":"https:\/\/portalmf.com.br\/wp-content\/uploads\/2022\/12\/PABLO.jpeg","datePublished":"2022-12-26T17:34:00+00:00","dateModified":"2022-12-26T20:34:22+00:00","author":{"@id":"https:\/\/portalmf.com.br\/#\/schema\/person\/9ec101baf56233e53520c26de5d6f6f0"},"breadcrumb":{"@id":"https:\/\/portalmf.com.br\/index.php\/2022\/12\/26\/reveillon-da-nossa-gente-levara-grandes-artistas-para-a-virada-de-ano-em-anguera\/#breadcrumb"},"inLanguage":"pt-BR","potentialAction":[{"@type":"ReadAction","target":["https:\/\/portalmf.com.br\/index.php\/2022\/12\/26\/reveillon-da-nossa-gente-levara-grandes-artistas-para-a-virada-de-ano-em-anguera\/"]}]},{"@type":"ImageObject","inLanguage":"pt-BR","@id":"https:\/\/portalmf.com.br\/index.php\/2022\/12\/26\/reveillon-da-nossa-gente-levara-grandes-artistas-para-a-virada-de-ano-em-anguera\/#primaryimage","url":"https:\/\/portalmf.com.br\/wp-content\/uploads\/2022\/12\/PABLO.jpeg","contentUrl":"https:\/\/portalmf.com.br\/wp-content\/uploads\/2022\/12\/PABLO.jpeg","width":798,"height":534},{"@type":"BreadcrumbList","@id":"https:\/\/portalmf.com.br\/index.php\/2022\/12\/26\/reveillon-da-nossa-gente-levara-grandes-artistas-para-a-virada-de-ano-em-anguera\/#breadcrumb","itemListElement":[{"@type":"ListItem","position":1,"name":"In\u00edcio","item":"https:\/\/portalmf.com.br\/"},{"@type":"ListItem","position":2,"name":"\u2018Reveillon da Nossa Gente\u2019 levar\u00e1 grandes artistas para a virada de ano em Anguera"}]},{"@type":"WebSite","@id":"https:\/\/portalmf.com.br\/#website","url":"https:\/\/portalmf.com.br\/","name":"Portal MF","description":"Voc\u00ea conectado com a informa\u00e7\u00e3o","potentialAction":[{"@type":"SearchAction","target":{"@type":"EntryPoint","urlTemplate":"https:\/\/portalmf.com.br\/?s={search_term_string}"},"query-input":"required name=search_term_string"}],"inLanguage":"pt-BR"},{"@type":"Person","@id":"https:\/\/portalmf.com.br\/#\/schema\/person\/9ec101baf56233e53520c26de5d6f6f0","name":"Reda\u00e7\u00e3o Portal MF","image":{"@type":"ImageObject","inLanguage":"pt-BR","@id":"https:\/\/portalmf.com.br\/#\/schema\/person\/image\/","url":"https:\/\/secure.gravatar.com\/avatar\/41b9aaeb2100835f7c64362330f74c7f?s=96&d=mm&r=g","contentUrl":"https:\/\/secure.gravatar.com\/avatar\/41b9aaeb2100835f7c64362330f74c7f?s=96&d=mm&r=g","caption":"Reda\u00e7\u00e3o Portal MF"},"description":"Sejam bem-vindos o portal de informa\u00e7\u00f5es de entretenimento de Feira de Santana, desde 2006 realiza coberturas dos principais eventos com entrevistas exclusivas com as principais personalidades mundiais. Fique conectado tamb\u00e9m nas redes sociais.","sameAs":["http:\/\/www.portalmf.com.br\/","https:\/\/www.facebook.com\/portalmfoficial","https:\/\/www.instagram.com\/portalmf\/","https:\/\/x.com\/https:\/\/x.com\/portalmfoficial","https:\/\/www.youtube.com\/@portalmfoficial"],"url":"https:\/\/portalmf.com.br\/index.php\/author\/junior\/"}]}},"_links":{"self":[{"href":"https:\/\/portalmf.com.br\/index.php\/wp-json\/wp\/v2\/posts\/7225"}],"collection":[{"href":"https:\/\/portalmf.com.br\/index.php\/wp-json\/wp\/v2\/posts"}],"about":[{"href":"https:\/\/portalmf.com.br\/index.php\/wp-json\/wp\/v2\/types\/post"}],"author":[{"embeddable":true,"href":"https:\/\/portalmf.com.br\/index.php\/wp-json\/wp\/v2\/users\/3"}],"replies":[{"embeddable":true,"href":"https:\/\/portalmf.com.br\/index.php\/wp-json\/wp\/v2\/comments?post=7225"}],"version-history":[{"count":1,"href":"https:\/\/portalmf.com.br\/index.php\/wp-json\/wp\/v2\/posts\/7225\/revisions"}],"predecessor-version":[{"id":7228,"href":"https:\/\/portalmf.com.br\/index.php\/wp-json\/wp\/v2\/posts\/7225\/revisions\/7228"}],"wp:featuredmedia":[{"embeddable":true,"href":"https:\/\/portalmf.com.br\/index.php\/wp-json\/wp\/v2\/media\/7227"}],"wp:attachment":[{"href":"https:\/\/portalmf.com.br\/index.php\/wp-json\/wp\/v2\/media?parent=7225"}],"wp:term":[{"taxonomy":"category","embeddable":true,"href":"https:\/\/portalmf.com.br\/index.php\/wp-json\/wp\/v2\/categories?post=7225"},{"taxonomy":"post_tag","embeddable":true,"href":"https:\/\/portalmf.com.br\/index.php\/wp-json\/wp\/v2\/tags?post=7225"}],"curies":[{"name":"wp","href":"https:\/\/api.w.org\/{rel}","templated":true}]}}