{"id":7213,"date":"2022-12-26T17:23:21","date_gmt":"2022-12-26T20:23:21","guid":{"rendered":"https:\/\/portalmf.com.br\/?p=7213"},"modified":"2022-12-26T17:23:22","modified_gmt":"2022-12-26T20:23:22","slug":"reveillon-emociones-2023-tera-animacao-de-jau-e-mudei-de-nome","status":"publish","type":"post","link":"https:\/\/portalmf.com.br\/index.php\/2022\/12\/26\/reveillon-emociones-2023-tera-animacao-de-jau-e-mudei-de-nome\/","title":{"rendered":"R\u00e9veillon Emociones 2023 ter\u00e1 anima\u00e7\u00e3o de Jau e Mudei de Nome"},"content":{"rendered":"\n<p>Um lugar cheio de charme, na beira da praia, com direito a muita divers\u00e3o para toda a fam\u00edlia e amigos! Assim ser\u00e1 o R\u00e9veillon Emociones 2023, no Clube Espanhol, em Ondina. A festa ter\u00e1 como atra\u00e7\u00f5es Jau e Mudei de Nome. Al\u00e9m disso, o evento contar\u00e1 com uma super estrutura, show pirot\u00e9cnico, decora\u00e7\u00e3o especial e um servi\u00e7o all inclusive super premium, com op\u00e7\u00f5es de pratos quentes e frios, saladas, entradas e sobremesas; tudo assinado pelo Restaurante Pereira. <\/p>\n\n\n\n<p>Tem tamb\u00e9m um card\u00e1pio de bebidas que oferece op\u00e7\u00f5es como a Vodka Ciroc e o Gin Tanqueray, al\u00e9m de Whisky Old Parr, cerveja Estrella Gal\u00edcia, energ\u00e9tico Moster Energy, vinho, espumante, \u00e1gua de c\u00f4co, \u00e1gua e refrigerante. A programa\u00e7\u00e3o da festa inclui ainda o Espa\u00e7o Kids, que \u00e9 gratuito e ser\u00e1 comandado por Tio Paulinho e sua equipe, para oferecer ainda mais conforto.<\/p>\n\n\n\n<p>Os interessados no evento ainda podem adquirir o seu ingresso na loja da Diva, no Piso L1 do Shopping Salvador, ou atrav\u00e9s do site da Ticket Maker. Al\u00e9m disso, o p\u00fablico ter\u00e1 acesso \u00e0 praia para pular ondinhas e emanar vibra\u00e7\u00f5es positivas na virada do ano. O R\u00e9veillon Emociones 2023 \u00e9 uma realiza\u00e7\u00e3o das produtoras Diva Entretenimento e GPN Eventos. As vendas ainda est\u00e3o abertas atrav\u00e9s da Ticket Maker (<a href=\"https:\/\/www.digita.com.br\/ticketmaker?ct=764&amp;cl=21\">https:\/\/www.digita.com.br\/ticketmaker?ct=764&amp;cl=21<\/a>7) ou na loja da DIVA, no Piso L1 do Salvador Shopping.<\/p>\n","protected":false},"excerpt":{"rendered":"<p>Um lugar cheio de charme, na beira da praia, com direito a muita divers\u00e3o para toda a fam\u00edlia e amigos! Assim ser\u00e1 o R\u00e9veillon Emociones 2023, no Clube Espanhol, em Ondina. A festa ter\u00e1 como atra\u00e7\u00f5es Jau e Mudei de Nome. Al\u00e9m disso, o evento contar\u00e1 com uma super estrutura, show pirot\u00e9cnico, decora\u00e7\u00e3o especial e [&hellip;]<\/p>\n","protected":false},"author":3,"featured_media":7214,"comment_status":"open","ping_status":"open","sticky":false,"template":"","format":"standard","meta":{"_monsterinsights_skip_tracking":false,"_monsterinsights_sitenote_active":false,"_monsterinsights_sitenote_note":"","_monsterinsights_sitenote_category":0,"footnotes":""},"categories":[48,45],"tags":[],"yoast_head":"<!-- This site is optimized with the Yoast SEO plugin v22.9 - https:\/\/yoast.com\/wordpress\/plugins\/seo\/ -->\n<title>R\u00e9veillon Emociones 2023 ter\u00e1 anima\u00e7\u00e3o de Jau e Mudei de Nome - Portal MF<\/title>\n<meta name=\"robots\" content=\"index, follow, max-snippet:-1, max-image-preview:large, max-video-preview:-1\" \/>\n<link rel=\"canonical\" href=\"https:\/\/portalmf.com.br\/index.php\/2022\/12\/26\/reveillon-emociones-2023-tera-animacao-de-jau-e-mudei-de-nome\/\" \/>\n<meta property=\"og:locale\" content=\"pt_BR\" \/>\n<meta property=\"og:type\" content=\"article\" \/>\n<meta property=\"og:title\" content=\"R\u00e9veillon Emociones 2023 ter\u00e1 anima\u00e7\u00e3o de Jau e Mudei de Nome - Portal MF\" \/>\n<meta property=\"og:description\" content=\"Um lugar cheio de charme, na beira da praia, com direito a muita divers\u00e3o para toda a fam\u00edlia e amigos! Assim ser\u00e1 o R\u00e9veillon Emociones 2023, no Clube Espanhol, em Ondina. A festa ter\u00e1 como atra\u00e7\u00f5es Jau e Mudei de Nome. Al\u00e9m disso, o evento contar\u00e1 com uma super estrutura, show pirot\u00e9cnico, decora\u00e7\u00e3o especial e [&hellip;]\" \/>\n<meta property=\"og:url\" content=\"https:\/\/portalmf.com.br\/index.php\/2022\/12\/26\/reveillon-emociones-2023-tera-animacao-de-jau-e-mudei-de-nome\/\" \/>\n<meta property=\"og:site_name\" content=\"Portal MF\" \/>\n<meta property=\"article:author\" content=\"https:\/\/www.facebook.com\/portalmfoficial\" \/>\n<meta property=\"article:published_time\" content=\"2022-12-26T20:23:21+00:00\" \/>\n<meta property=\"article:modified_time\" content=\"2022-12-26T20:23:22+00:00\" \/>\n<meta property=\"og:image\" content=\"https:\/\/portalmf.com.br\/wp-content\/uploads\/2022\/12\/JAU.jpeg\" \/>\n\t<meta property=\"og:image:width\" content=\"1600\" \/>\n\t<meta property=\"og:image:height\" content=\"752\" \/>\n\t<meta property=\"og:image:type\" content=\"image\/jpeg\" \/>\n<meta name=\"author\" content=\"Reda\u00e7\u00e3o Portal MF\" \/>\n<meta name=\"twitter:card\" content=\"summary_large_image\" \/>\n<meta name=\"twitter:creator\" content=\"@https:\/\/x.com\/portalmfoficial\" \/>\n<meta name=\"twitter:label1\" content=\"Escrito por\" \/>\n\t<meta name=\"twitter:data1\" content=\"Reda\u00e7\u00e3o Portal MF\" \/>\n\t<meta name=\"twitter:label2\" content=\"Est. tempo de leitura\" \/>\n\t<meta name=\"twitter:data2\" content=\"2 minutos\" \/>\n<script type=\"application\/ld+json\" class=\"yoast-schema-graph\">{\"@context\":\"https:\/\/schema.org\",\"@graph\":[{\"@type\":\"WebPage\",\"@id\":\"https:\/\/portalmf.com.br\/index.php\/2022\/12\/26\/reveillon-emociones-2023-tera-animacao-de-jau-e-mudei-de-nome\/\",\"url\":\"https:\/\/portalmf.com.br\/index.php\/2022\/12\/26\/reveillon-emociones-2023-tera-animacao-de-jau-e-mudei-de-nome\/\",\"name\":\"R\u00e9veillon Emociones 2023 ter\u00e1 anima\u00e7\u00e3o de Jau e Mudei de Nome - Portal MF\",\"isPartOf\":{\"@id\":\"https:\/\/portalmf.com.br\/#website\"},\"primaryImageOfPage\":{\"@id\":\"https:\/\/portalmf.com.br\/index.php\/2022\/12\/26\/reveillon-emociones-2023-tera-animacao-de-jau-e-mudei-de-nome\/#primaryimage\"},\"image\":{\"@id\":\"https:\/\/portalmf.com.br\/index.php\/2022\/12\/26\/reveillon-emociones-2023-tera-animacao-de-jau-e-mudei-de-nome\/#primaryimage\"},\"thumbnailUrl\":\"https:\/\/portalmf.com.br\/wp-content\/uploads\/2022\/12\/JAU.jpeg\",\"datePublished\":\"2022-12-26T20:23:21+00:00\",\"dateModified\":\"2022-12-26T20:23:22+00:00\",\"author\":{\"@id\":\"https:\/\/portalmf.com.br\/#\/schema\/person\/9ec101baf56233e53520c26de5d6f6f0\"},\"breadcrumb\":{\"@id\":\"https:\/\/portalmf.com.br\/index.php\/2022\/12\/26\/reveillon-emociones-2023-tera-animacao-de-jau-e-mudei-de-nome\/#breadcrumb\"},\"inLanguage\":\"pt-BR\",\"potentialAction\":[{\"@type\":\"ReadAction\",\"target\":[\"https:\/\/portalmf.com.br\/index.php\/2022\/12\/26\/reveillon-emociones-2023-tera-animacao-de-jau-e-mudei-de-nome\/\"]}]},{\"@type\":\"ImageObject\",\"inLanguage\":\"pt-BR\",\"@id\":\"https:\/\/portalmf.com.br\/index.php\/2022\/12\/26\/reveillon-emociones-2023-tera-animacao-de-jau-e-mudei-de-nome\/#primaryimage\",\"url\":\"https:\/\/portalmf.com.br\/wp-content\/uploads\/2022\/12\/JAU.jpeg\",\"contentUrl\":\"https:\/\/portalmf.com.br\/wp-content\/uploads\/2022\/12\/JAU.jpeg\",\"width\":1600,\"height\":752},{\"@type\":\"BreadcrumbList\",\"@id\":\"https:\/\/portalmf.com.br\/index.php\/2022\/12\/26\/reveillon-emociones-2023-tera-animacao-de-jau-e-mudei-de-nome\/#breadcrumb\",\"itemListElement\":[{\"@type\":\"ListItem\",\"position\":1,\"name\":\"In\u00edcio\",\"item\":\"https:\/\/portalmf.com.br\/\"},{\"@type\":\"ListItem\",\"position\":2,\"name\":\"R\u00e9veillon Emociones 2023 ter\u00e1 anima\u00e7\u00e3o de Jau e Mudei de Nome\"}]},{\"@type\":\"WebSite\",\"@id\":\"https:\/\/portalmf.com.br\/#website\",\"url\":\"https:\/\/portalmf.com.br\/\",\"name\":\"Portal MF\",\"description\":\"Voc\u00ea conectado com a informa\u00e7\u00e3o\",\"potentialAction\":[{\"@type\":\"SearchAction\",\"target\":{\"@type\":\"EntryPoint\",\"urlTemplate\":\"https:\/\/portalmf.com.br\/?s={search_term_string}\"},\"query-input\":\"required name=search_term_string\"}],\"inLanguage\":\"pt-BR\"},{\"@type\":\"Person\",\"@id\":\"https:\/\/portalmf.com.br\/#\/schema\/person\/9ec101baf56233e53520c26de5d6f6f0\",\"name\":\"Reda\u00e7\u00e3o Portal MF\",\"image\":{\"@type\":\"ImageObject\",\"inLanguage\":\"pt-BR\",\"@id\":\"https:\/\/portalmf.com.br\/#\/schema\/person\/image\/\",\"url\":\"https:\/\/secure.gravatar.com\/avatar\/41b9aaeb2100835f7c64362330f74c7f?s=96&d=mm&r=g\",\"contentUrl\":\"https:\/\/secure.gravatar.com\/avatar\/41b9aaeb2100835f7c64362330f74c7f?s=96&d=mm&r=g\",\"caption\":\"Reda\u00e7\u00e3o Portal MF\"},\"description\":\"Sejam bem-vindos o portal de informa\u00e7\u00f5es de entretenimento de Feira de Santana, desde 2006 realiza coberturas dos principais eventos com entrevistas exclusivas com as principais personalidades mundiais. Fique conectado tamb\u00e9m nas redes sociais.\",\"sameAs\":[\"http:\/\/www.portalmf.com.br\/\",\"https:\/\/www.facebook.com\/portalmfoficial\",\"https:\/\/www.instagram.com\/portalmf\/\",\"https:\/\/x.com\/https:\/\/x.com\/portalmfoficial\",\"https:\/\/www.youtube.com\/@portalmfoficial\"],\"url\":\"https:\/\/portalmf.com.br\/index.php\/author\/junior\/\"}]}<\/script>\n<!-- \/ Yoast SEO plugin. -->","yoast_head_json":{"title":"R\u00e9veillon Emociones 2023 ter\u00e1 anima\u00e7\u00e3o de Jau e Mudei de Nome - Portal MF","robots":{"index":"index","follow":"follow","max-snippet":"max-snippet:-1","max-image-preview":"max-image-preview:large","max-video-preview":"max-video-preview:-1"},"canonical":"https:\/\/portalmf.com.br\/index.php\/2022\/12\/26\/reveillon-emociones-2023-tera-animacao-de-jau-e-mudei-de-nome\/","og_locale":"pt_BR","og_type":"article","og_title":"R\u00e9veillon Emociones 2023 ter\u00e1 anima\u00e7\u00e3o de Jau e Mudei de Nome - Portal MF","og_description":"Um lugar cheio de charme, na beira da praia, com direito a muita divers\u00e3o para toda a fam\u00edlia e amigos! Assim ser\u00e1 o R\u00e9veillon Emociones 2023, no Clube Espanhol, em Ondina. A festa ter\u00e1 como atra\u00e7\u00f5es Jau e Mudei de Nome. Al\u00e9m disso, o evento contar\u00e1 com uma super estrutura, show pirot\u00e9cnico, decora\u00e7\u00e3o especial e [&hellip;]","og_url":"https:\/\/portalmf.com.br\/index.php\/2022\/12\/26\/reveillon-emociones-2023-tera-animacao-de-jau-e-mudei-de-nome\/","og_site_name":"Portal MF","article_author":"https:\/\/www.facebook.com\/portalmfoficial","article_published_time":"2022-12-26T20:23:21+00:00","article_modified_time":"2022-12-26T20:23:22+00:00","og_image":[{"width":1600,"height":752,"url":"https:\/\/portalmf.com.br\/wp-content\/uploads\/2022\/12\/JAU.jpeg","type":"image\/jpeg"}],"author":"Reda\u00e7\u00e3o Portal MF","twitter_card":"summary_large_image","twitter_creator":"@https:\/\/x.com\/portalmfoficial","twitter_misc":{"Escrito por":"Reda\u00e7\u00e3o Portal MF","Est. tempo de leitura":"2 minutos"},"schema":{"@context":"https:\/\/schema.org","@graph":[{"@type":"WebPage","@id":"https:\/\/portalmf.com.br\/index.php\/2022\/12\/26\/reveillon-emociones-2023-tera-animacao-de-jau-e-mudei-de-nome\/","url":"https:\/\/portalmf.com.br\/index.php\/2022\/12\/26\/reveillon-emociones-2023-tera-animacao-de-jau-e-mudei-de-nome\/","name":"R\u00e9veillon Emociones 2023 ter\u00e1 anima\u00e7\u00e3o de Jau e Mudei de Nome - Portal MF","isPartOf":{"@id":"https:\/\/portalmf.com.br\/#website"},"primaryImageOfPage":{"@id":"https:\/\/portalmf.com.br\/index.php\/2022\/12\/26\/reveillon-emociones-2023-tera-animacao-de-jau-e-mudei-de-nome\/#primaryimage"},"image":{"@id":"https:\/\/portalmf.com.br\/index.php\/2022\/12\/26\/reveillon-emociones-2023-tera-animacao-de-jau-e-mudei-de-nome\/#primaryimage"},"thumbnailUrl":"https:\/\/portalmf.com.br\/wp-content\/uploads\/2022\/12\/JAU.jpeg","datePublished":"2022-12-26T20:23:21+00:00","dateModified":"2022-12-26T20:23:22+00:00","author":{"@id":"https:\/\/portalmf.com.br\/#\/schema\/person\/9ec101baf56233e53520c26de5d6f6f0"},"breadcrumb":{"@id":"https:\/\/portalmf.com.br\/index.php\/2022\/12\/26\/reveillon-emociones-2023-tera-animacao-de-jau-e-mudei-de-nome\/#breadcrumb"},"inLanguage":"pt-BR","potentialAction":[{"@type":"ReadAction","target":["https:\/\/portalmf.com.br\/index.php\/2022\/12\/26\/reveillon-emociones-2023-tera-animacao-de-jau-e-mudei-de-nome\/"]}]},{"@type":"ImageObject","inLanguage":"pt-BR","@id":"https:\/\/portalmf.com.br\/index.php\/2022\/12\/26\/reveillon-emociones-2023-tera-animacao-de-jau-e-mudei-de-nome\/#primaryimage","url":"https:\/\/portalmf.com.br\/wp-content\/uploads\/2022\/12\/JAU.jpeg","contentUrl":"https:\/\/portalmf.com.br\/wp-content\/uploads\/2022\/12\/JAU.jpeg","width":1600,"height":752},{"@type":"BreadcrumbList","@id":"https:\/\/portalmf.com.br\/index.php\/2022\/12\/26\/reveillon-emociones-2023-tera-animacao-de-jau-e-mudei-de-nome\/#breadcrumb","itemListElement":[{"@type":"ListItem","position":1,"name":"In\u00edcio","item":"https:\/\/portalmf.com.br\/"},{"@type":"ListItem","position":2,"name":"R\u00e9veillon Emociones 2023 ter\u00e1 anima\u00e7\u00e3o de Jau e Mudei de Nome"}]},{"@type":"WebSite","@id":"https:\/\/portalmf.com.br\/#website","url":"https:\/\/portalmf.com.br\/","name":"Portal MF","description":"Voc\u00ea conectado com a informa\u00e7\u00e3o","potentialAction":[{"@type":"SearchAction","target":{"@type":"EntryPoint","urlTemplate":"https:\/\/portalmf.com.br\/?s={search_term_string}"},"query-input":"required name=search_term_string"}],"inLanguage":"pt-BR"},{"@type":"Person","@id":"https:\/\/portalmf.com.br\/#\/schema\/person\/9ec101baf56233e53520c26de5d6f6f0","name":"Reda\u00e7\u00e3o Portal MF","image":{"@type":"ImageObject","inLanguage":"pt-BR","@id":"https:\/\/portalmf.com.br\/#\/schema\/person\/image\/","url":"https:\/\/secure.gravatar.com\/avatar\/41b9aaeb2100835f7c64362330f74c7f?s=96&d=mm&r=g","contentUrl":"https:\/\/secure.gravatar.com\/avatar\/41b9aaeb2100835f7c64362330f74c7f?s=96&d=mm&r=g","caption":"Reda\u00e7\u00e3o Portal MF"},"description":"Sejam bem-vindos o portal de informa\u00e7\u00f5es de entretenimento de Feira de Santana, desde 2006 realiza coberturas dos principais eventos com entrevistas exclusivas com as principais personalidades mundiais. Fique conectado tamb\u00e9m nas redes sociais.","sameAs":["http:\/\/www.portalmf.com.br\/","https:\/\/www.facebook.com\/portalmfoficial","https:\/\/www.instagram.com\/portalmf\/","https:\/\/x.com\/https:\/\/x.com\/portalmfoficial","https:\/\/www.youtube.com\/@portalmfoficial"],"url":"https:\/\/portalmf.com.br\/index.php\/author\/junior\/"}]}},"_links":{"self":[{"href":"https:\/\/portalmf.com.br\/index.php\/wp-json\/wp\/v2\/posts\/7213"}],"collection":[{"href":"https:\/\/portalmf.com.br\/index.php\/wp-json\/wp\/v2\/posts"}],"about":[{"href":"https:\/\/portalmf.com.br\/index.php\/wp-json\/wp\/v2\/types\/post"}],"author":[{"embeddable":true,"href":"https:\/\/portalmf.com.br\/index.php\/wp-json\/wp\/v2\/users\/3"}],"replies":[{"embeddable":true,"href":"https:\/\/portalmf.com.br\/index.php\/wp-json\/wp\/v2\/comments?post=7213"}],"version-history":[{"count":1,"href":"https:\/\/portalmf.com.br\/index.php\/wp-json\/wp\/v2\/posts\/7213\/revisions"}],"predecessor-version":[{"id":7215,"href":"https:\/\/portalmf.com.br\/index.php\/wp-json\/wp\/v2\/posts\/7213\/revisions\/7215"}],"wp:featuredmedia":[{"embeddable":true,"href":"https:\/\/portalmf.com.br\/index.php\/wp-json\/wp\/v2\/media\/7214"}],"wp:attachment":[{"href":"https:\/\/portalmf.com.br\/index.php\/wp-json\/wp\/v2\/media?parent=7213"}],"wp:term":[{"taxonomy":"category","embeddable":true,"href":"https:\/\/portalmf.com.br\/index.php\/wp-json\/wp\/v2\/categories?post=7213"},{"taxonomy":"post_tag","embeddable":true,"href":"https:\/\/portalmf.com.br\/index.php\/wp-json\/wp\/v2\/tags?post=7213"}],"curies":[{"name":"wp","href":"https:\/\/api.w.org\/{rel}","templated":true}]}}