{"id":7210,"date":"2022-12-26T17:21:38","date_gmt":"2022-12-26T20:21:38","guid":{"rendered":"https:\/\/portalmf.com.br\/?p=7210"},"modified":"2022-12-26T17:21:39","modified_gmt":"2022-12-26T20:21:39","slug":"audi-traca-metas-na-formula-1-e-quer-brigar-por-vitorias-a-partir-de-2028","status":"publish","type":"post","link":"https:\/\/portalmf.com.br\/index.php\/2022\/12\/26\/audi-traca-metas-na-formula-1-e-quer-brigar-por-vitorias-a-partir-de-2028\/","title":{"rendered":"Audi tra\u00e7a metas na F\u00f3rmula 1 e quer brigar por vit\u00f3rias a partir de 2028"},"content":{"rendered":"\n<p>A\u00a0Audi estrear\u00e1 na F\u00f3rmula 1 em 2026 como parceira da Sauber, que at\u00e9 o final de 2023 ser\u00e1 respons\u00e1vel pelas opera\u00e7\u00f5es da equipe Alfa Romeo. E j\u00e1 tem uma meta na categoria: a partir de 2028, incomodar as principais rivais e brigar por vit\u00f3rias.<\/p>\n\n\n\n<p>\u201cQueremos ser competitivos em tr\u00eas anos\u201d, afirmou Adam Baker, CEO da divis\u00e3o da Audi respons\u00e1vel pelo projeto na F\u00f3rmula 1, em entrevista publicada neste domingo (25) pelo jornal esportivo espanhol As. \u201c\u00c9 um objetivo realista. Queremos competir por vit\u00f3rias no terceiro ano\u201d, completou o dirigente australiano.<\/p>\n\n\n\n<p>O desafio da marca alem\u00e3, a curto e m\u00e9dio prazo, \u00e9 enfrentar rivais j\u00e1 estabelecidas na F\u00f3rmula 1 \u2013 Ferrari, Mercedes, Honda e Renault, que devem estar na F1 em 2026, j\u00e1 contam com longa experi\u00eancia na categoria. Mas nada que assuste Adam Baker.<\/p>\n\n\n\n<p>\u201cEstamos conscientes do desafio que temos adiante. \u00c9 atraente para a Audi entrar em 2026, porque decidimos isso com tempo. Temos 42 meses at\u00e9 a primeira corrida. Nos \u00faltimos 30 anos, deve ser uma das decis\u00f5es com maior antecipa\u00e7\u00e3o de qualquer fabricante\u201d, afirmou.<\/p>\n\n\n\n<p>\u201cAl\u00e9m disso, em 2026, come\u00e7a um novo regulamento, enquanto habitualmente outros (times) entraram na metade de um ciclo. Mudar\u00e3o as unidades de pot\u00eancia e tamb\u00e9m os chassis. De alguma forma, \u00e9 poss\u00edvel resetar a vantagem dos competidores com experi\u00eancia no passado, e facilita que os novos construtores possam ser competitivos.\u201d<\/p>\n\n\n\n<p>Com informa\u00e7\u00f5es da Band<\/p>\n","protected":false},"excerpt":{"rendered":"<p>A\u00a0Audi estrear\u00e1 na F\u00f3rmula 1 em 2026 como parceira da Sauber, que at\u00e9 o final de 2023 ser\u00e1 respons\u00e1vel pelas opera\u00e7\u00f5es da equipe Alfa Romeo. E j\u00e1 tem uma meta na categoria: a partir de 2028, incomodar as principais rivais e brigar por vit\u00f3rias. \u201cQueremos ser competitivos em tr\u00eas anos\u201d, afirmou Adam Baker, CEO da [&hellip;]<\/p>\n","protected":false},"author":3,"featured_media":7211,"comment_status":"open","ping_status":"open","sticky":false,"template":"","format":"standard","meta":{"_monsterinsights_skip_tracking":false,"_monsterinsights_sitenote_active":false,"_monsterinsights_sitenote_note":"","_monsterinsights_sitenote_category":0,"footnotes":""},"categories":[42],"tags":[],"yoast_head":"<!-- This site is optimized with the Yoast SEO plugin v22.9 - https:\/\/yoast.com\/wordpress\/plugins\/seo\/ -->\n<title>Audi tra\u00e7a metas na F\u00f3rmula 1 e quer brigar por vit\u00f3rias a partir de 2028 - Portal MF<\/title>\n<meta name=\"robots\" content=\"index, follow, max-snippet:-1, max-image-preview:large, max-video-preview:-1\" \/>\n<link rel=\"canonical\" href=\"https:\/\/portalmf.com.br\/index.php\/2022\/12\/26\/audi-traca-metas-na-formula-1-e-quer-brigar-por-vitorias-a-partir-de-2028\/\" \/>\n<meta property=\"og:locale\" content=\"pt_BR\" \/>\n<meta property=\"og:type\" content=\"article\" \/>\n<meta property=\"og:title\" content=\"Audi tra\u00e7a metas na F\u00f3rmula 1 e quer brigar por vit\u00f3rias a partir de 2028 - Portal MF\" \/>\n<meta property=\"og:description\" content=\"A\u00a0Audi estrear\u00e1 na F\u00f3rmula 1 em 2026 como parceira da Sauber, que at\u00e9 o final de 2023 ser\u00e1 respons\u00e1vel pelas opera\u00e7\u00f5es da equipe Alfa Romeo. E j\u00e1 tem uma meta na categoria: a partir de 2028, incomodar as principais rivais e brigar por vit\u00f3rias. \u201cQueremos ser competitivos em tr\u00eas anos\u201d, afirmou Adam Baker, CEO da [&hellip;]\" \/>\n<meta property=\"og:url\" content=\"https:\/\/portalmf.com.br\/index.php\/2022\/12\/26\/audi-traca-metas-na-formula-1-e-quer-brigar-por-vitorias-a-partir-de-2028\/\" \/>\n<meta property=\"og:site_name\" content=\"Portal MF\" \/>\n<meta property=\"article:author\" content=\"https:\/\/www.facebook.com\/portalmfoficial\" \/>\n<meta property=\"article:published_time\" content=\"2022-12-26T20:21:38+00:00\" \/>\n<meta property=\"article:modified_time\" content=\"2022-12-26T20:21:39+00:00\" \/>\n<meta property=\"og:image\" content=\"https:\/\/portalmf.com.br\/wp-content\/uploads\/2022\/12\/audi_f1-scaled.jpg\" \/>\n\t<meta property=\"og:image:width\" content=\"2560\" \/>\n\t<meta property=\"og:image:height\" content=\"1920\" \/>\n\t<meta property=\"og:image:type\" content=\"image\/jpeg\" \/>\n<meta name=\"author\" content=\"Reda\u00e7\u00e3o Portal MF\" \/>\n<meta name=\"twitter:card\" content=\"summary_large_image\" \/>\n<meta name=\"twitter:creator\" content=\"@https:\/\/x.com\/portalmfoficial\" \/>\n<meta name=\"twitter:label1\" content=\"Escrito por\" \/>\n\t<meta name=\"twitter:data1\" content=\"Reda\u00e7\u00e3o Portal MF\" \/>\n\t<meta name=\"twitter:label2\" content=\"Est. tempo de leitura\" \/>\n\t<meta name=\"twitter:data2\" content=\"2 minutos\" \/>\n<script type=\"application\/ld+json\" class=\"yoast-schema-graph\">{\"@context\":\"https:\/\/schema.org\",\"@graph\":[{\"@type\":\"WebPage\",\"@id\":\"https:\/\/portalmf.com.br\/index.php\/2022\/12\/26\/audi-traca-metas-na-formula-1-e-quer-brigar-por-vitorias-a-partir-de-2028\/\",\"url\":\"https:\/\/portalmf.com.br\/index.php\/2022\/12\/26\/audi-traca-metas-na-formula-1-e-quer-brigar-por-vitorias-a-partir-de-2028\/\",\"name\":\"Audi tra\u00e7a metas na F\u00f3rmula 1 e quer brigar por vit\u00f3rias a partir de 2028 - Portal MF\",\"isPartOf\":{\"@id\":\"https:\/\/portalmf.com.br\/#website\"},\"primaryImageOfPage\":{\"@id\":\"https:\/\/portalmf.com.br\/index.php\/2022\/12\/26\/audi-traca-metas-na-formula-1-e-quer-brigar-por-vitorias-a-partir-de-2028\/#primaryimage\"},\"image\":{\"@id\":\"https:\/\/portalmf.com.br\/index.php\/2022\/12\/26\/audi-traca-metas-na-formula-1-e-quer-brigar-por-vitorias-a-partir-de-2028\/#primaryimage\"},\"thumbnailUrl\":\"https:\/\/portalmf.com.br\/wp-content\/uploads\/2022\/12\/audi_f1-scaled.jpg\",\"datePublished\":\"2022-12-26T20:21:38+00:00\",\"dateModified\":\"2022-12-26T20:21:39+00:00\",\"author\":{\"@id\":\"https:\/\/portalmf.com.br\/#\/schema\/person\/9ec101baf56233e53520c26de5d6f6f0\"},\"breadcrumb\":{\"@id\":\"https:\/\/portalmf.com.br\/index.php\/2022\/12\/26\/audi-traca-metas-na-formula-1-e-quer-brigar-por-vitorias-a-partir-de-2028\/#breadcrumb\"},\"inLanguage\":\"pt-BR\",\"potentialAction\":[{\"@type\":\"ReadAction\",\"target\":[\"https:\/\/portalmf.com.br\/index.php\/2022\/12\/26\/audi-traca-metas-na-formula-1-e-quer-brigar-por-vitorias-a-partir-de-2028\/\"]}]},{\"@type\":\"ImageObject\",\"inLanguage\":\"pt-BR\",\"@id\":\"https:\/\/portalmf.com.br\/index.php\/2022\/12\/26\/audi-traca-metas-na-formula-1-e-quer-brigar-por-vitorias-a-partir-de-2028\/#primaryimage\",\"url\":\"https:\/\/portalmf.com.br\/wp-content\/uploads\/2022\/12\/audi_f1-scaled.jpg\",\"contentUrl\":\"https:\/\/portalmf.com.br\/wp-content\/uploads\/2022\/12\/audi_f1-scaled.jpg\",\"width\":2560,\"height\":1920},{\"@type\":\"BreadcrumbList\",\"@id\":\"https:\/\/portalmf.com.br\/index.php\/2022\/12\/26\/audi-traca-metas-na-formula-1-e-quer-brigar-por-vitorias-a-partir-de-2028\/#breadcrumb\",\"itemListElement\":[{\"@type\":\"ListItem\",\"position\":1,\"name\":\"In\u00edcio\",\"item\":\"https:\/\/portalmf.com.br\/\"},{\"@type\":\"ListItem\",\"position\":2,\"name\":\"Audi tra\u00e7a metas na F\u00f3rmula 1 e quer brigar por vit\u00f3rias a partir de 2028\"}]},{\"@type\":\"WebSite\",\"@id\":\"https:\/\/portalmf.com.br\/#website\",\"url\":\"https:\/\/portalmf.com.br\/\",\"name\":\"Portal MF\",\"description\":\"Voc\u00ea conectado com a informa\u00e7\u00e3o\",\"potentialAction\":[{\"@type\":\"SearchAction\",\"target\":{\"@type\":\"EntryPoint\",\"urlTemplate\":\"https:\/\/portalmf.com.br\/?s={search_term_string}\"},\"query-input\":\"required name=search_term_string\"}],\"inLanguage\":\"pt-BR\"},{\"@type\":\"Person\",\"@id\":\"https:\/\/portalmf.com.br\/#\/schema\/person\/9ec101baf56233e53520c26de5d6f6f0\",\"name\":\"Reda\u00e7\u00e3o Portal MF\",\"image\":{\"@type\":\"ImageObject\",\"inLanguage\":\"pt-BR\",\"@id\":\"https:\/\/portalmf.com.br\/#\/schema\/person\/image\/\",\"url\":\"https:\/\/secure.gravatar.com\/avatar\/41b9aaeb2100835f7c64362330f74c7f?s=96&d=mm&r=g\",\"contentUrl\":\"https:\/\/secure.gravatar.com\/avatar\/41b9aaeb2100835f7c64362330f74c7f?s=96&d=mm&r=g\",\"caption\":\"Reda\u00e7\u00e3o Portal MF\"},\"description\":\"Sejam bem-vindos o portal de informa\u00e7\u00f5es de entretenimento de Feira de Santana, desde 2006 realiza coberturas dos principais eventos com entrevistas exclusivas com as principais personalidades mundiais. Fique conectado tamb\u00e9m nas redes sociais.\",\"sameAs\":[\"http:\/\/www.portalmf.com.br\/\",\"https:\/\/www.facebook.com\/portalmfoficial\",\"https:\/\/www.instagram.com\/portalmf\/\",\"https:\/\/x.com\/https:\/\/x.com\/portalmfoficial\",\"https:\/\/www.youtube.com\/@portalmfoficial\"],\"url\":\"https:\/\/portalmf.com.br\/index.php\/author\/junior\/\"}]}<\/script>\n<!-- \/ Yoast SEO plugin. -->","yoast_head_json":{"title":"Audi tra\u00e7a metas na F\u00f3rmula 1 e quer brigar por vit\u00f3rias a partir de 2028 - Portal MF","robots":{"index":"index","follow":"follow","max-snippet":"max-snippet:-1","max-image-preview":"max-image-preview:large","max-video-preview":"max-video-preview:-1"},"canonical":"https:\/\/portalmf.com.br\/index.php\/2022\/12\/26\/audi-traca-metas-na-formula-1-e-quer-brigar-por-vitorias-a-partir-de-2028\/","og_locale":"pt_BR","og_type":"article","og_title":"Audi tra\u00e7a metas na F\u00f3rmula 1 e quer brigar por vit\u00f3rias a partir de 2028 - Portal MF","og_description":"A\u00a0Audi estrear\u00e1 na F\u00f3rmula 1 em 2026 como parceira da Sauber, que at\u00e9 o final de 2023 ser\u00e1 respons\u00e1vel pelas opera\u00e7\u00f5es da equipe Alfa Romeo. E j\u00e1 tem uma meta na categoria: a partir de 2028, incomodar as principais rivais e brigar por vit\u00f3rias. \u201cQueremos ser competitivos em tr\u00eas anos\u201d, afirmou Adam Baker, CEO da [&hellip;]","og_url":"https:\/\/portalmf.com.br\/index.php\/2022\/12\/26\/audi-traca-metas-na-formula-1-e-quer-brigar-por-vitorias-a-partir-de-2028\/","og_site_name":"Portal MF","article_author":"https:\/\/www.facebook.com\/portalmfoficial","article_published_time":"2022-12-26T20:21:38+00:00","article_modified_time":"2022-12-26T20:21:39+00:00","og_image":[{"width":2560,"height":1920,"url":"https:\/\/portalmf.com.br\/wp-content\/uploads\/2022\/12\/audi_f1-scaled.jpg","type":"image\/jpeg"}],"author":"Reda\u00e7\u00e3o Portal MF","twitter_card":"summary_large_image","twitter_creator":"@https:\/\/x.com\/portalmfoficial","twitter_misc":{"Escrito por":"Reda\u00e7\u00e3o Portal MF","Est. tempo de leitura":"2 minutos"},"schema":{"@context":"https:\/\/schema.org","@graph":[{"@type":"WebPage","@id":"https:\/\/portalmf.com.br\/index.php\/2022\/12\/26\/audi-traca-metas-na-formula-1-e-quer-brigar-por-vitorias-a-partir-de-2028\/","url":"https:\/\/portalmf.com.br\/index.php\/2022\/12\/26\/audi-traca-metas-na-formula-1-e-quer-brigar-por-vitorias-a-partir-de-2028\/","name":"Audi tra\u00e7a metas na F\u00f3rmula 1 e quer brigar por vit\u00f3rias a partir de 2028 - Portal MF","isPartOf":{"@id":"https:\/\/portalmf.com.br\/#website"},"primaryImageOfPage":{"@id":"https:\/\/portalmf.com.br\/index.php\/2022\/12\/26\/audi-traca-metas-na-formula-1-e-quer-brigar-por-vitorias-a-partir-de-2028\/#primaryimage"},"image":{"@id":"https:\/\/portalmf.com.br\/index.php\/2022\/12\/26\/audi-traca-metas-na-formula-1-e-quer-brigar-por-vitorias-a-partir-de-2028\/#primaryimage"},"thumbnailUrl":"https:\/\/portalmf.com.br\/wp-content\/uploads\/2022\/12\/audi_f1-scaled.jpg","datePublished":"2022-12-26T20:21:38+00:00","dateModified":"2022-12-26T20:21:39+00:00","author":{"@id":"https:\/\/portalmf.com.br\/#\/schema\/person\/9ec101baf56233e53520c26de5d6f6f0"},"breadcrumb":{"@id":"https:\/\/portalmf.com.br\/index.php\/2022\/12\/26\/audi-traca-metas-na-formula-1-e-quer-brigar-por-vitorias-a-partir-de-2028\/#breadcrumb"},"inLanguage":"pt-BR","potentialAction":[{"@type":"ReadAction","target":["https:\/\/portalmf.com.br\/index.php\/2022\/12\/26\/audi-traca-metas-na-formula-1-e-quer-brigar-por-vitorias-a-partir-de-2028\/"]}]},{"@type":"ImageObject","inLanguage":"pt-BR","@id":"https:\/\/portalmf.com.br\/index.php\/2022\/12\/26\/audi-traca-metas-na-formula-1-e-quer-brigar-por-vitorias-a-partir-de-2028\/#primaryimage","url":"https:\/\/portalmf.com.br\/wp-content\/uploads\/2022\/12\/audi_f1-scaled.jpg","contentUrl":"https:\/\/portalmf.com.br\/wp-content\/uploads\/2022\/12\/audi_f1-scaled.jpg","width":2560,"height":1920},{"@type":"BreadcrumbList","@id":"https:\/\/portalmf.com.br\/index.php\/2022\/12\/26\/audi-traca-metas-na-formula-1-e-quer-brigar-por-vitorias-a-partir-de-2028\/#breadcrumb","itemListElement":[{"@type":"ListItem","position":1,"name":"In\u00edcio","item":"https:\/\/portalmf.com.br\/"},{"@type":"ListItem","position":2,"name":"Audi tra\u00e7a metas na F\u00f3rmula 1 e quer brigar por vit\u00f3rias a partir de 2028"}]},{"@type":"WebSite","@id":"https:\/\/portalmf.com.br\/#website","url":"https:\/\/portalmf.com.br\/","name":"Portal MF","description":"Voc\u00ea conectado com a informa\u00e7\u00e3o","potentialAction":[{"@type":"SearchAction","target":{"@type":"EntryPoint","urlTemplate":"https:\/\/portalmf.com.br\/?s={search_term_string}"},"query-input":"required name=search_term_string"}],"inLanguage":"pt-BR"},{"@type":"Person","@id":"https:\/\/portalmf.com.br\/#\/schema\/person\/9ec101baf56233e53520c26de5d6f6f0","name":"Reda\u00e7\u00e3o Portal MF","image":{"@type":"ImageObject","inLanguage":"pt-BR","@id":"https:\/\/portalmf.com.br\/#\/schema\/person\/image\/","url":"https:\/\/secure.gravatar.com\/avatar\/41b9aaeb2100835f7c64362330f74c7f?s=96&d=mm&r=g","contentUrl":"https:\/\/secure.gravatar.com\/avatar\/41b9aaeb2100835f7c64362330f74c7f?s=96&d=mm&r=g","caption":"Reda\u00e7\u00e3o Portal MF"},"description":"Sejam bem-vindos o portal de informa\u00e7\u00f5es de entretenimento de Feira de Santana, desde 2006 realiza coberturas dos principais eventos com entrevistas exclusivas com as principais personalidades mundiais. Fique conectado tamb\u00e9m nas redes sociais.","sameAs":["http:\/\/www.portalmf.com.br\/","https:\/\/www.facebook.com\/portalmfoficial","https:\/\/www.instagram.com\/portalmf\/","https:\/\/x.com\/https:\/\/x.com\/portalmfoficial","https:\/\/www.youtube.com\/@portalmfoficial"],"url":"https:\/\/portalmf.com.br\/index.php\/author\/junior\/"}]}},"_links":{"self":[{"href":"https:\/\/portalmf.com.br\/index.php\/wp-json\/wp\/v2\/posts\/7210"}],"collection":[{"href":"https:\/\/portalmf.com.br\/index.php\/wp-json\/wp\/v2\/posts"}],"about":[{"href":"https:\/\/portalmf.com.br\/index.php\/wp-json\/wp\/v2\/types\/post"}],"author":[{"embeddable":true,"href":"https:\/\/portalmf.com.br\/index.php\/wp-json\/wp\/v2\/users\/3"}],"replies":[{"embeddable":true,"href":"https:\/\/portalmf.com.br\/index.php\/wp-json\/wp\/v2\/comments?post=7210"}],"version-history":[{"count":1,"href":"https:\/\/portalmf.com.br\/index.php\/wp-json\/wp\/v2\/posts\/7210\/revisions"}],"predecessor-version":[{"id":7212,"href":"https:\/\/portalmf.com.br\/index.php\/wp-json\/wp\/v2\/posts\/7210\/revisions\/7212"}],"wp:featuredmedia":[{"embeddable":true,"href":"https:\/\/portalmf.com.br\/index.php\/wp-json\/wp\/v2\/media\/7211"}],"wp:attachment":[{"href":"https:\/\/portalmf.com.br\/index.php\/wp-json\/wp\/v2\/media?parent=7210"}],"wp:term":[{"taxonomy":"category","embeddable":true,"href":"https:\/\/portalmf.com.br\/index.php\/wp-json\/wp\/v2\/categories?post=7210"},{"taxonomy":"post_tag","embeddable":true,"href":"https:\/\/portalmf.com.br\/index.php\/wp-json\/wp\/v2\/tags?post=7210"}],"curies":[{"name":"wp","href":"https:\/\/api.w.org\/{rel}","templated":true}]}}