{"id":7204,"date":"2022-12-26T17:13:37","date_gmt":"2022-12-26T20:13:37","guid":{"rendered":"https:\/\/portalmf.com.br\/?p=7204"},"modified":"2022-12-26T17:13:38","modified_gmt":"2022-12-26T20:13:38","slug":"santos-vai-usar-coroa-no-uniforme-em-homenagem-ao-rei-pele","status":"publish","type":"post","link":"https:\/\/portalmf.com.br\/index.php\/2022\/12\/26\/santos-vai-usar-coroa-no-uniforme-em-homenagem-ao-rei-pele\/","title":{"rendered":"Santos vai usar coroa no uniforme em homenagem ao Rei Pel\u00e9"},"content":{"rendered":"\n<p>O presidente do Conselho Deliberativo do Santos, Celso Jatene, confirmou que o Santos deve utilizar uma coroa em cima do escudo na temporada de 2023, em entrevista ao Blog Soul Santista. A mudan\u00e7a no uniforme em homenagem ao Rei Pel\u00e9 est\u00e1 prevista no Novo Estatuto, aprovado pelo pr\u00f3prio Conselho e pelos s\u00f3cios do clube.<br><br>&#8211; A coroa j\u00e1 vem na camisa de 2023. O Santos j\u00e1 vai jogar em 2023 com a coroa no distintivo, as duas estrelas e a coroa em cima do distintivo &#8211; afirmou Celso Jatene.<\/p>\n\n\n\n<p>Em 2019, o meia-atacante Soteldo, camisa 10 do Peixe, atuou com uma coroa em cima do distintivo em homenagem ao Eterno Camisa 10 no anivers\u00e1rio do Rei em outubro at\u00e9 o final daquela temporada. No entanto, com a valida\u00e7\u00e3o do Novo Estatuto, todos os atletas ter\u00e3o a coroa em suas camisas.<br><br>Na \u00faltima quarta-feira (21), o Hospital Israelita Albert Einstein divulgou uma nota oficial informando que Pel\u00e9 apresentou um \u201cprogress\u00e3o da doen\u00e7a oncol\u00f3gica\u201d. O maior de todos os tempos os tempos segue internado para receber cuidados relacionados \u00e0s disfun\u00e7\u00f5es renal e card\u00edaca<\/p>\n\n\n\n<p>Internado no local desde o dia 29 de novembro, o eterno camisa 10 segue se recuperando do quadro de infec\u00e7\u00e3o respirat\u00f3ria e cuidados ap\u00f3s um c\u00e2ncer no col\u00f3n. Pel\u00e9 tamb\u00e9m foi diagnosticado com Covid-19.<\/p>\n","protected":false},"excerpt":{"rendered":"<p>O presidente do Conselho Deliberativo do Santos, Celso Jatene, confirmou que o Santos deve utilizar uma coroa em cima do escudo na temporada de 2023, em entrevista ao Blog Soul Santista. A mudan\u00e7a no uniforme em homenagem ao Rei Pel\u00e9 est\u00e1 prevista no Novo Estatuto, aprovado pelo pr\u00f3prio Conselho e pelos s\u00f3cios do clube. &#8211; [&hellip;]<\/p>\n","protected":false},"author":3,"featured_media":7205,"comment_status":"open","ping_status":"open","sticky":false,"template":"","format":"standard","meta":{"_monsterinsights_skip_tracking":false,"_monsterinsights_sitenote_active":false,"_monsterinsights_sitenote_note":"","_monsterinsights_sitenote_category":0,"footnotes":""},"categories":[42],"tags":[],"yoast_head":"<!-- This site is optimized with the Yoast SEO plugin v22.9 - https:\/\/yoast.com\/wordpress\/plugins\/seo\/ -->\n<title>Santos vai usar coroa no uniforme em homenagem ao Rei Pel\u00e9 - Portal MF<\/title>\n<meta name=\"robots\" content=\"index, follow, max-snippet:-1, max-image-preview:large, max-video-preview:-1\" \/>\n<link rel=\"canonical\" href=\"https:\/\/portalmf.com.br\/index.php\/2022\/12\/26\/santos-vai-usar-coroa-no-uniforme-em-homenagem-ao-rei-pele\/\" \/>\n<meta property=\"og:locale\" content=\"pt_BR\" \/>\n<meta property=\"og:type\" content=\"article\" \/>\n<meta property=\"og:title\" content=\"Santos vai usar coroa no uniforme em homenagem ao Rei Pel\u00e9 - Portal MF\" \/>\n<meta property=\"og:description\" content=\"O presidente do Conselho Deliberativo do Santos, Celso Jatene, confirmou que o Santos deve utilizar uma coroa em cima do escudo na temporada de 2023, em entrevista ao Blog Soul Santista. A mudan\u00e7a no uniforme em homenagem ao Rei Pel\u00e9 est\u00e1 prevista no Novo Estatuto, aprovado pelo pr\u00f3prio Conselho e pelos s\u00f3cios do clube. &#8211; [&hellip;]\" \/>\n<meta property=\"og:url\" content=\"https:\/\/portalmf.com.br\/index.php\/2022\/12\/26\/santos-vai-usar-coroa-no-uniforme-em-homenagem-ao-rei-pele\/\" \/>\n<meta property=\"og:site_name\" content=\"Portal MF\" \/>\n<meta property=\"article:author\" content=\"https:\/\/www.facebook.com\/portalmfoficial\" \/>\n<meta property=\"article:published_time\" content=\"2022-12-26T20:13:37+00:00\" \/>\n<meta property=\"article:modified_time\" content=\"2022-12-26T20:13:38+00:00\" \/>\n<meta property=\"og:image\" content=\"https:\/\/portalmf.com.br\/wp-content\/uploads\/2022\/12\/santos_pele.jpg\" \/>\n\t<meta property=\"og:image:width\" content=\"846\" \/>\n\t<meta property=\"og:image:height\" content=\"846\" \/>\n\t<meta property=\"og:image:type\" content=\"image\/jpeg\" \/>\n<meta name=\"author\" content=\"Reda\u00e7\u00e3o Portal MF\" \/>\n<meta name=\"twitter:card\" content=\"summary_large_image\" \/>\n<meta name=\"twitter:creator\" content=\"@https:\/\/x.com\/portalmfoficial\" \/>\n<meta name=\"twitter:label1\" content=\"Escrito por\" \/>\n\t<meta name=\"twitter:data1\" content=\"Reda\u00e7\u00e3o Portal MF\" \/>\n\t<meta name=\"twitter:label2\" content=\"Est. tempo de leitura\" \/>\n\t<meta name=\"twitter:data2\" content=\"2 minutos\" \/>\n<script type=\"application\/ld+json\" class=\"yoast-schema-graph\">{\"@context\":\"https:\/\/schema.org\",\"@graph\":[{\"@type\":\"WebPage\",\"@id\":\"https:\/\/portalmf.com.br\/index.php\/2022\/12\/26\/santos-vai-usar-coroa-no-uniforme-em-homenagem-ao-rei-pele\/\",\"url\":\"https:\/\/portalmf.com.br\/index.php\/2022\/12\/26\/santos-vai-usar-coroa-no-uniforme-em-homenagem-ao-rei-pele\/\",\"name\":\"Santos vai usar coroa no uniforme em homenagem ao Rei Pel\u00e9 - Portal MF\",\"isPartOf\":{\"@id\":\"https:\/\/portalmf.com.br\/#website\"},\"primaryImageOfPage\":{\"@id\":\"https:\/\/portalmf.com.br\/index.php\/2022\/12\/26\/santos-vai-usar-coroa-no-uniforme-em-homenagem-ao-rei-pele\/#primaryimage\"},\"image\":{\"@id\":\"https:\/\/portalmf.com.br\/index.php\/2022\/12\/26\/santos-vai-usar-coroa-no-uniforme-em-homenagem-ao-rei-pele\/#primaryimage\"},\"thumbnailUrl\":\"https:\/\/portalmf.com.br\/wp-content\/uploads\/2022\/12\/santos_pele.jpg\",\"datePublished\":\"2022-12-26T20:13:37+00:00\",\"dateModified\":\"2022-12-26T20:13:38+00:00\",\"author\":{\"@id\":\"https:\/\/portalmf.com.br\/#\/schema\/person\/9ec101baf56233e53520c26de5d6f6f0\"},\"breadcrumb\":{\"@id\":\"https:\/\/portalmf.com.br\/index.php\/2022\/12\/26\/santos-vai-usar-coroa-no-uniforme-em-homenagem-ao-rei-pele\/#breadcrumb\"},\"inLanguage\":\"pt-BR\",\"potentialAction\":[{\"@type\":\"ReadAction\",\"target\":[\"https:\/\/portalmf.com.br\/index.php\/2022\/12\/26\/santos-vai-usar-coroa-no-uniforme-em-homenagem-ao-rei-pele\/\"]}]},{\"@type\":\"ImageObject\",\"inLanguage\":\"pt-BR\",\"@id\":\"https:\/\/portalmf.com.br\/index.php\/2022\/12\/26\/santos-vai-usar-coroa-no-uniforme-em-homenagem-ao-rei-pele\/#primaryimage\",\"url\":\"https:\/\/portalmf.com.br\/wp-content\/uploads\/2022\/12\/santos_pele.jpg\",\"contentUrl\":\"https:\/\/portalmf.com.br\/wp-content\/uploads\/2022\/12\/santos_pele.jpg\",\"width\":846,\"height\":846},{\"@type\":\"BreadcrumbList\",\"@id\":\"https:\/\/portalmf.com.br\/index.php\/2022\/12\/26\/santos-vai-usar-coroa-no-uniforme-em-homenagem-ao-rei-pele\/#breadcrumb\",\"itemListElement\":[{\"@type\":\"ListItem\",\"position\":1,\"name\":\"In\u00edcio\",\"item\":\"https:\/\/portalmf.com.br\/\"},{\"@type\":\"ListItem\",\"position\":2,\"name\":\"Santos vai usar coroa no uniforme em homenagem ao Rei Pel\u00e9\"}]},{\"@type\":\"WebSite\",\"@id\":\"https:\/\/portalmf.com.br\/#website\",\"url\":\"https:\/\/portalmf.com.br\/\",\"name\":\"Portal MF\",\"description\":\"Voc\u00ea conectado com a informa\u00e7\u00e3o\",\"potentialAction\":[{\"@type\":\"SearchAction\",\"target\":{\"@type\":\"EntryPoint\",\"urlTemplate\":\"https:\/\/portalmf.com.br\/?s={search_term_string}\"},\"query-input\":\"required name=search_term_string\"}],\"inLanguage\":\"pt-BR\"},{\"@type\":\"Person\",\"@id\":\"https:\/\/portalmf.com.br\/#\/schema\/person\/9ec101baf56233e53520c26de5d6f6f0\",\"name\":\"Reda\u00e7\u00e3o Portal MF\",\"image\":{\"@type\":\"ImageObject\",\"inLanguage\":\"pt-BR\",\"@id\":\"https:\/\/portalmf.com.br\/#\/schema\/person\/image\/\",\"url\":\"https:\/\/secure.gravatar.com\/avatar\/41b9aaeb2100835f7c64362330f74c7f?s=96&d=mm&r=g\",\"contentUrl\":\"https:\/\/secure.gravatar.com\/avatar\/41b9aaeb2100835f7c64362330f74c7f?s=96&d=mm&r=g\",\"caption\":\"Reda\u00e7\u00e3o Portal MF\"},\"description\":\"Sejam bem-vindos o portal de informa\u00e7\u00f5es de entretenimento de Feira de Santana, desde 2006 realiza coberturas dos principais eventos com entrevistas exclusivas com as principais personalidades mundiais. Fique conectado tamb\u00e9m nas redes sociais.\",\"sameAs\":[\"http:\/\/www.portalmf.com.br\/\",\"https:\/\/www.facebook.com\/portalmfoficial\",\"https:\/\/www.instagram.com\/portalmf\/\",\"https:\/\/x.com\/https:\/\/x.com\/portalmfoficial\",\"https:\/\/www.youtube.com\/@portalmfoficial\"],\"url\":\"https:\/\/portalmf.com.br\/index.php\/author\/junior\/\"}]}<\/script>\n<!-- \/ Yoast SEO plugin. -->","yoast_head_json":{"title":"Santos vai usar coroa no uniforme em homenagem ao Rei Pel\u00e9 - Portal MF","robots":{"index":"index","follow":"follow","max-snippet":"max-snippet:-1","max-image-preview":"max-image-preview:large","max-video-preview":"max-video-preview:-1"},"canonical":"https:\/\/portalmf.com.br\/index.php\/2022\/12\/26\/santos-vai-usar-coroa-no-uniforme-em-homenagem-ao-rei-pele\/","og_locale":"pt_BR","og_type":"article","og_title":"Santos vai usar coroa no uniforme em homenagem ao Rei Pel\u00e9 - Portal MF","og_description":"O presidente do Conselho Deliberativo do Santos, Celso Jatene, confirmou que o Santos deve utilizar uma coroa em cima do escudo na temporada de 2023, em entrevista ao Blog Soul Santista. A mudan\u00e7a no uniforme em homenagem ao Rei Pel\u00e9 est\u00e1 prevista no Novo Estatuto, aprovado pelo pr\u00f3prio Conselho e pelos s\u00f3cios do clube. &#8211; [&hellip;]","og_url":"https:\/\/portalmf.com.br\/index.php\/2022\/12\/26\/santos-vai-usar-coroa-no-uniforme-em-homenagem-ao-rei-pele\/","og_site_name":"Portal MF","article_author":"https:\/\/www.facebook.com\/portalmfoficial","article_published_time":"2022-12-26T20:13:37+00:00","article_modified_time":"2022-12-26T20:13:38+00:00","og_image":[{"width":846,"height":846,"url":"https:\/\/portalmf.com.br\/wp-content\/uploads\/2022\/12\/santos_pele.jpg","type":"image\/jpeg"}],"author":"Reda\u00e7\u00e3o Portal MF","twitter_card":"summary_large_image","twitter_creator":"@https:\/\/x.com\/portalmfoficial","twitter_misc":{"Escrito por":"Reda\u00e7\u00e3o Portal MF","Est. tempo de leitura":"2 minutos"},"schema":{"@context":"https:\/\/schema.org","@graph":[{"@type":"WebPage","@id":"https:\/\/portalmf.com.br\/index.php\/2022\/12\/26\/santos-vai-usar-coroa-no-uniforme-em-homenagem-ao-rei-pele\/","url":"https:\/\/portalmf.com.br\/index.php\/2022\/12\/26\/santos-vai-usar-coroa-no-uniforme-em-homenagem-ao-rei-pele\/","name":"Santos vai usar coroa no uniforme em homenagem ao Rei Pel\u00e9 - Portal MF","isPartOf":{"@id":"https:\/\/portalmf.com.br\/#website"},"primaryImageOfPage":{"@id":"https:\/\/portalmf.com.br\/index.php\/2022\/12\/26\/santos-vai-usar-coroa-no-uniforme-em-homenagem-ao-rei-pele\/#primaryimage"},"image":{"@id":"https:\/\/portalmf.com.br\/index.php\/2022\/12\/26\/santos-vai-usar-coroa-no-uniforme-em-homenagem-ao-rei-pele\/#primaryimage"},"thumbnailUrl":"https:\/\/portalmf.com.br\/wp-content\/uploads\/2022\/12\/santos_pele.jpg","datePublished":"2022-12-26T20:13:37+00:00","dateModified":"2022-12-26T20:13:38+00:00","author":{"@id":"https:\/\/portalmf.com.br\/#\/schema\/person\/9ec101baf56233e53520c26de5d6f6f0"},"breadcrumb":{"@id":"https:\/\/portalmf.com.br\/index.php\/2022\/12\/26\/santos-vai-usar-coroa-no-uniforme-em-homenagem-ao-rei-pele\/#breadcrumb"},"inLanguage":"pt-BR","potentialAction":[{"@type":"ReadAction","target":["https:\/\/portalmf.com.br\/index.php\/2022\/12\/26\/santos-vai-usar-coroa-no-uniforme-em-homenagem-ao-rei-pele\/"]}]},{"@type":"ImageObject","inLanguage":"pt-BR","@id":"https:\/\/portalmf.com.br\/index.php\/2022\/12\/26\/santos-vai-usar-coroa-no-uniforme-em-homenagem-ao-rei-pele\/#primaryimage","url":"https:\/\/portalmf.com.br\/wp-content\/uploads\/2022\/12\/santos_pele.jpg","contentUrl":"https:\/\/portalmf.com.br\/wp-content\/uploads\/2022\/12\/santos_pele.jpg","width":846,"height":846},{"@type":"BreadcrumbList","@id":"https:\/\/portalmf.com.br\/index.php\/2022\/12\/26\/santos-vai-usar-coroa-no-uniforme-em-homenagem-ao-rei-pele\/#breadcrumb","itemListElement":[{"@type":"ListItem","position":1,"name":"In\u00edcio","item":"https:\/\/portalmf.com.br\/"},{"@type":"ListItem","position":2,"name":"Santos vai usar coroa no uniforme em homenagem ao Rei Pel\u00e9"}]},{"@type":"WebSite","@id":"https:\/\/portalmf.com.br\/#website","url":"https:\/\/portalmf.com.br\/","name":"Portal MF","description":"Voc\u00ea conectado com a informa\u00e7\u00e3o","potentialAction":[{"@type":"SearchAction","target":{"@type":"EntryPoint","urlTemplate":"https:\/\/portalmf.com.br\/?s={search_term_string}"},"query-input":"required name=search_term_string"}],"inLanguage":"pt-BR"},{"@type":"Person","@id":"https:\/\/portalmf.com.br\/#\/schema\/person\/9ec101baf56233e53520c26de5d6f6f0","name":"Reda\u00e7\u00e3o Portal MF","image":{"@type":"ImageObject","inLanguage":"pt-BR","@id":"https:\/\/portalmf.com.br\/#\/schema\/person\/image\/","url":"https:\/\/secure.gravatar.com\/avatar\/41b9aaeb2100835f7c64362330f74c7f?s=96&d=mm&r=g","contentUrl":"https:\/\/secure.gravatar.com\/avatar\/41b9aaeb2100835f7c64362330f74c7f?s=96&d=mm&r=g","caption":"Reda\u00e7\u00e3o Portal MF"},"description":"Sejam bem-vindos o portal de informa\u00e7\u00f5es de entretenimento de Feira de Santana, desde 2006 realiza coberturas dos principais eventos com entrevistas exclusivas com as principais personalidades mundiais. Fique conectado tamb\u00e9m nas redes sociais.","sameAs":["http:\/\/www.portalmf.com.br\/","https:\/\/www.facebook.com\/portalmfoficial","https:\/\/www.instagram.com\/portalmf\/","https:\/\/x.com\/https:\/\/x.com\/portalmfoficial","https:\/\/www.youtube.com\/@portalmfoficial"],"url":"https:\/\/portalmf.com.br\/index.php\/author\/junior\/"}]}},"_links":{"self":[{"href":"https:\/\/portalmf.com.br\/index.php\/wp-json\/wp\/v2\/posts\/7204"}],"collection":[{"href":"https:\/\/portalmf.com.br\/index.php\/wp-json\/wp\/v2\/posts"}],"about":[{"href":"https:\/\/portalmf.com.br\/index.php\/wp-json\/wp\/v2\/types\/post"}],"author":[{"embeddable":true,"href":"https:\/\/portalmf.com.br\/index.php\/wp-json\/wp\/v2\/users\/3"}],"replies":[{"embeddable":true,"href":"https:\/\/portalmf.com.br\/index.php\/wp-json\/wp\/v2\/comments?post=7204"}],"version-history":[{"count":1,"href":"https:\/\/portalmf.com.br\/index.php\/wp-json\/wp\/v2\/posts\/7204\/revisions"}],"predecessor-version":[{"id":7206,"href":"https:\/\/portalmf.com.br\/index.php\/wp-json\/wp\/v2\/posts\/7204\/revisions\/7206"}],"wp:featuredmedia":[{"embeddable":true,"href":"https:\/\/portalmf.com.br\/index.php\/wp-json\/wp\/v2\/media\/7205"}],"wp:attachment":[{"href":"https:\/\/portalmf.com.br\/index.php\/wp-json\/wp\/v2\/media?parent=7204"}],"wp:term":[{"taxonomy":"category","embeddable":true,"href":"https:\/\/portalmf.com.br\/index.php\/wp-json\/wp\/v2\/categories?post=7204"},{"taxonomy":"post_tag","embeddable":true,"href":"https:\/\/portalmf.com.br\/index.php\/wp-json\/wp\/v2\/tags?post=7204"}],"curies":[{"name":"wp","href":"https:\/\/api.w.org\/{rel}","templated":true}]}}