{"id":7194,"date":"2022-12-26T16:59:05","date_gmt":"2022-12-26T19:59:05","guid":{"rendered":"https:\/\/portalmf.com.br\/?p=7194"},"modified":"2022-12-26T16:59:06","modified_gmt":"2022-12-26T19:59:06","slug":"governador-em-exercicio-e-governador-diplomado-visitam-areas-alagadas-pela-chuva","status":"publish","type":"post","link":"https:\/\/portalmf.com.br\/index.php\/2022\/12\/26\/governador-em-exercicio-e-governador-diplomado-visitam-areas-alagadas-pela-chuva\/","title":{"rendered":"Governador em exerc\u00edcio e governador diplomado visitam \u00e1reas alagadas pela chuva"},"content":{"rendered":"\n<p>Desde o in\u00edcio da tarde desta segunda-feira (26), o governador em exerc\u00edcio, Adolfo Menezes, e o governador diplomado, Jer\u00f4nimo Rodrigues, sobrevoam e visitam Jequi\u00e9, na regi\u00e3o sudoeste da Bahia. Devido \u00e0s fortes chuvas que atingiram o estado nos \u00faltimos dias, o n\u00edvel das \u00e1guas do Rio de Contas, que corta o munic\u00edpio, subiu e inundou parte da cidade.<\/p>\n\n\n\n<p>Logo ap\u00f3s pousarem no aeroporto da cidade, os governadores foram recebidos pelo comandante-geral do Corpo de Bombeiros, coronel BM Adson Marchesini, e pelo superintendente da Defesa Civil do Estado da Bahia, coronel BM Miguel Filho. Eles ouviram o detalhamento das a\u00e7\u00f5es executadas para mitigar os efeitos das inunda\u00e7\u00f5es e visitaram a base de apoio \u00e0s opera\u00e7\u00f5es dos bombeiros, que receberam refor\u00e7o de 23 agentes enviados \u00e0 cidade e que tamb\u00e9m atuar\u00e3o em Ipia\u00fa. Adolfo Menezes e Jer\u00f4nimo Rodrigues seguiram para um sobrevoo de helic\u00f3ptero pelas \u00e1reas alagadas e se encontraram, ainda, com o prefeito de Jequi\u00e9, Z\u00e9 Coc\u00e1.<\/p>\n\n\n\n<p>Um gin\u00e1sio da cidade j\u00e1 foi vistoriado e est\u00e1 \u00e0 disposi\u00e7\u00e3o das for\u00e7as estaduais. No local devem ser reunidos e organizados donativos antes da distribui\u00e7\u00e3o para as fam\u00edlias atingidas.<\/p>\n\n\n\n<p>Mais cedo, tamb\u00e9m nesta segunda, governadores e o vice-governador eleito, Geraldo J\u00fanior, se reuniram virtualmente com os prefeitos dos munic\u00edpios localizados nas regi\u00f5es afetadas pelas chuvas. Facilitar o acesso \u00e0 \u00e1gua pot\u00e1vel e comida, al\u00e9m de restabelecer o fornecimento de energia el\u00e9trica para os moradores das \u00e1reas isoladas est\u00e3o entre as prioridades do momento.<\/p>\n","protected":false},"excerpt":{"rendered":"<p>Desde o in\u00edcio da tarde desta segunda-feira (26), o governador em exerc\u00edcio, Adolfo Menezes, e o governador diplomado, Jer\u00f4nimo Rodrigues, sobrevoam e visitam Jequi\u00e9, na regi\u00e3o sudoeste da Bahia. Devido \u00e0s fortes chuvas que atingiram o estado nos \u00faltimos dias, o n\u00edvel das \u00e1guas do Rio de Contas, que corta o munic\u00edpio, subiu e inundou [&hellip;]<\/p>\n","protected":false},"author":3,"featured_media":7196,"comment_status":"open","ping_status":"open","sticky":false,"template":"","format":"standard","meta":{"_monsterinsights_skip_tracking":false,"_monsterinsights_sitenote_active":false,"_monsterinsights_sitenote_note":"","_monsterinsights_sitenote_category":0,"footnotes":""},"categories":[34],"tags":[],"yoast_head":"<!-- This site is optimized with the Yoast SEO plugin v22.9 - https:\/\/yoast.com\/wordpress\/plugins\/seo\/ -->\n<title>Governador em exerc\u00edcio e governador diplomado visitam \u00e1reas alagadas pela chuva - Portal MF<\/title>\n<meta name=\"robots\" content=\"index, follow, max-snippet:-1, max-image-preview:large, max-video-preview:-1\" \/>\n<link rel=\"canonical\" href=\"https:\/\/portalmf.com.br\/index.php\/2022\/12\/26\/governador-em-exercicio-e-governador-diplomado-visitam-areas-alagadas-pela-chuva\/\" \/>\n<meta property=\"og:locale\" content=\"pt_BR\" \/>\n<meta property=\"og:type\" content=\"article\" \/>\n<meta property=\"og:title\" content=\"Governador em exerc\u00edcio e governador diplomado visitam \u00e1reas alagadas pela chuva - Portal MF\" \/>\n<meta property=\"og:description\" content=\"Desde o in\u00edcio da tarde desta segunda-feira (26), o governador em exerc\u00edcio, Adolfo Menezes, e o governador diplomado, Jer\u00f4nimo Rodrigues, sobrevoam e visitam Jequi\u00e9, na regi\u00e3o sudoeste da Bahia. Devido \u00e0s fortes chuvas que atingiram o estado nos \u00faltimos dias, o n\u00edvel das \u00e1guas do Rio de Contas, que corta o munic\u00edpio, subiu e inundou [&hellip;]\" \/>\n<meta property=\"og:url\" content=\"https:\/\/portalmf.com.br\/index.php\/2022\/12\/26\/governador-em-exercicio-e-governador-diplomado-visitam-areas-alagadas-pela-chuva\/\" \/>\n<meta property=\"og:site_name\" content=\"Portal MF\" \/>\n<meta property=\"article:author\" content=\"https:\/\/www.facebook.com\/portalmfoficial\" \/>\n<meta property=\"article:published_time\" content=\"2022-12-26T19:59:05+00:00\" \/>\n<meta property=\"article:modified_time\" content=\"2022-12-26T19:59:06+00:00\" \/>\n<meta property=\"og:image\" content=\"https:\/\/portalmf.com.br\/wp-content\/uploads\/2022\/12\/Governador-em-exercicio-e-governador-diplomado-visitam-areas-alagadas-pela-chuva.jpeg\" \/>\n\t<meta property=\"og:image:width\" content=\"1600\" \/>\n\t<meta property=\"og:image:height\" content=\"1200\" \/>\n\t<meta property=\"og:image:type\" content=\"image\/jpeg\" \/>\n<meta name=\"author\" content=\"Reda\u00e7\u00e3o Portal MF\" \/>\n<meta name=\"twitter:card\" content=\"summary_large_image\" \/>\n<meta name=\"twitter:creator\" content=\"@https:\/\/x.com\/portalmfoficial\" \/>\n<meta name=\"twitter:label1\" content=\"Escrito por\" \/>\n\t<meta name=\"twitter:data1\" content=\"Reda\u00e7\u00e3o Portal MF\" \/>\n\t<meta name=\"twitter:label2\" content=\"Est. tempo de leitura\" \/>\n\t<meta name=\"twitter:data2\" content=\"2 minutos\" \/>\n<script type=\"application\/ld+json\" class=\"yoast-schema-graph\">{\"@context\":\"https:\/\/schema.org\",\"@graph\":[{\"@type\":\"WebPage\",\"@id\":\"https:\/\/portalmf.com.br\/index.php\/2022\/12\/26\/governador-em-exercicio-e-governador-diplomado-visitam-areas-alagadas-pela-chuva\/\",\"url\":\"https:\/\/portalmf.com.br\/index.php\/2022\/12\/26\/governador-em-exercicio-e-governador-diplomado-visitam-areas-alagadas-pela-chuva\/\",\"name\":\"Governador em exerc\u00edcio e governador diplomado visitam \u00e1reas alagadas pela chuva - Portal MF\",\"isPartOf\":{\"@id\":\"https:\/\/portalmf.com.br\/#website\"},\"primaryImageOfPage\":{\"@id\":\"https:\/\/portalmf.com.br\/index.php\/2022\/12\/26\/governador-em-exercicio-e-governador-diplomado-visitam-areas-alagadas-pela-chuva\/#primaryimage\"},\"image\":{\"@id\":\"https:\/\/portalmf.com.br\/index.php\/2022\/12\/26\/governador-em-exercicio-e-governador-diplomado-visitam-areas-alagadas-pela-chuva\/#primaryimage\"},\"thumbnailUrl\":\"https:\/\/portalmf.com.br\/wp-content\/uploads\/2022\/12\/Governador-em-exercicio-e-governador-diplomado-visitam-areas-alagadas-pela-chuva.jpeg\",\"datePublished\":\"2022-12-26T19:59:05+00:00\",\"dateModified\":\"2022-12-26T19:59:06+00:00\",\"author\":{\"@id\":\"https:\/\/portalmf.com.br\/#\/schema\/person\/9ec101baf56233e53520c26de5d6f6f0\"},\"breadcrumb\":{\"@id\":\"https:\/\/portalmf.com.br\/index.php\/2022\/12\/26\/governador-em-exercicio-e-governador-diplomado-visitam-areas-alagadas-pela-chuva\/#breadcrumb\"},\"inLanguage\":\"pt-BR\",\"potentialAction\":[{\"@type\":\"ReadAction\",\"target\":[\"https:\/\/portalmf.com.br\/index.php\/2022\/12\/26\/governador-em-exercicio-e-governador-diplomado-visitam-areas-alagadas-pela-chuva\/\"]}]},{\"@type\":\"ImageObject\",\"inLanguage\":\"pt-BR\",\"@id\":\"https:\/\/portalmf.com.br\/index.php\/2022\/12\/26\/governador-em-exercicio-e-governador-diplomado-visitam-areas-alagadas-pela-chuva\/#primaryimage\",\"url\":\"https:\/\/portalmf.com.br\/wp-content\/uploads\/2022\/12\/Governador-em-exercicio-e-governador-diplomado-visitam-areas-alagadas-pela-chuva.jpeg\",\"contentUrl\":\"https:\/\/portalmf.com.br\/wp-content\/uploads\/2022\/12\/Governador-em-exercicio-e-governador-diplomado-visitam-areas-alagadas-pela-chuva.jpeg\",\"width\":1600,\"height\":1200},{\"@type\":\"BreadcrumbList\",\"@id\":\"https:\/\/portalmf.com.br\/index.php\/2022\/12\/26\/governador-em-exercicio-e-governador-diplomado-visitam-areas-alagadas-pela-chuva\/#breadcrumb\",\"itemListElement\":[{\"@type\":\"ListItem\",\"position\":1,\"name\":\"In\u00edcio\",\"item\":\"https:\/\/portalmf.com.br\/\"},{\"@type\":\"ListItem\",\"position\":2,\"name\":\"Governador em exerc\u00edcio e governador diplomado visitam \u00e1reas alagadas pela chuva\"}]},{\"@type\":\"WebSite\",\"@id\":\"https:\/\/portalmf.com.br\/#website\",\"url\":\"https:\/\/portalmf.com.br\/\",\"name\":\"Portal MF\",\"description\":\"Voc\u00ea conectado com a informa\u00e7\u00e3o\",\"potentialAction\":[{\"@type\":\"SearchAction\",\"target\":{\"@type\":\"EntryPoint\",\"urlTemplate\":\"https:\/\/portalmf.com.br\/?s={search_term_string}\"},\"query-input\":\"required name=search_term_string\"}],\"inLanguage\":\"pt-BR\"},{\"@type\":\"Person\",\"@id\":\"https:\/\/portalmf.com.br\/#\/schema\/person\/9ec101baf56233e53520c26de5d6f6f0\",\"name\":\"Reda\u00e7\u00e3o Portal MF\",\"image\":{\"@type\":\"ImageObject\",\"inLanguage\":\"pt-BR\",\"@id\":\"https:\/\/portalmf.com.br\/#\/schema\/person\/image\/\",\"url\":\"https:\/\/secure.gravatar.com\/avatar\/41b9aaeb2100835f7c64362330f74c7f?s=96&d=mm&r=g\",\"contentUrl\":\"https:\/\/secure.gravatar.com\/avatar\/41b9aaeb2100835f7c64362330f74c7f?s=96&d=mm&r=g\",\"caption\":\"Reda\u00e7\u00e3o Portal MF\"},\"description\":\"Sejam bem-vindos o portal de informa\u00e7\u00f5es de entretenimento de Feira de Santana, desde 2006 realiza coberturas dos principais eventos com entrevistas exclusivas com as principais personalidades mundiais. Fique conectado tamb\u00e9m nas redes sociais.\",\"sameAs\":[\"http:\/\/www.portalmf.com.br\/\",\"https:\/\/www.facebook.com\/portalmfoficial\",\"https:\/\/www.instagram.com\/portalmf\/\",\"https:\/\/x.com\/https:\/\/x.com\/portalmfoficial\",\"https:\/\/www.youtube.com\/@portalmfoficial\"],\"url\":\"https:\/\/portalmf.com.br\/index.php\/author\/junior\/\"}]}<\/script>\n<!-- \/ Yoast SEO plugin. -->","yoast_head_json":{"title":"Governador em exerc\u00edcio e governador diplomado visitam \u00e1reas alagadas pela chuva - Portal MF","robots":{"index":"index","follow":"follow","max-snippet":"max-snippet:-1","max-image-preview":"max-image-preview:large","max-video-preview":"max-video-preview:-1"},"canonical":"https:\/\/portalmf.com.br\/index.php\/2022\/12\/26\/governador-em-exercicio-e-governador-diplomado-visitam-areas-alagadas-pela-chuva\/","og_locale":"pt_BR","og_type":"article","og_title":"Governador em exerc\u00edcio e governador diplomado visitam \u00e1reas alagadas pela chuva - Portal MF","og_description":"Desde o in\u00edcio da tarde desta segunda-feira (26), o governador em exerc\u00edcio, Adolfo Menezes, e o governador diplomado, Jer\u00f4nimo Rodrigues, sobrevoam e visitam Jequi\u00e9, na regi\u00e3o sudoeste da Bahia. Devido \u00e0s fortes chuvas que atingiram o estado nos \u00faltimos dias, o n\u00edvel das \u00e1guas do Rio de Contas, que corta o munic\u00edpio, subiu e inundou [&hellip;]","og_url":"https:\/\/portalmf.com.br\/index.php\/2022\/12\/26\/governador-em-exercicio-e-governador-diplomado-visitam-areas-alagadas-pela-chuva\/","og_site_name":"Portal MF","article_author":"https:\/\/www.facebook.com\/portalmfoficial","article_published_time":"2022-12-26T19:59:05+00:00","article_modified_time":"2022-12-26T19:59:06+00:00","og_image":[{"width":1600,"height":1200,"url":"https:\/\/portalmf.com.br\/wp-content\/uploads\/2022\/12\/Governador-em-exercicio-e-governador-diplomado-visitam-areas-alagadas-pela-chuva.jpeg","type":"image\/jpeg"}],"author":"Reda\u00e7\u00e3o Portal MF","twitter_card":"summary_large_image","twitter_creator":"@https:\/\/x.com\/portalmfoficial","twitter_misc":{"Escrito por":"Reda\u00e7\u00e3o Portal MF","Est. tempo de leitura":"2 minutos"},"schema":{"@context":"https:\/\/schema.org","@graph":[{"@type":"WebPage","@id":"https:\/\/portalmf.com.br\/index.php\/2022\/12\/26\/governador-em-exercicio-e-governador-diplomado-visitam-areas-alagadas-pela-chuva\/","url":"https:\/\/portalmf.com.br\/index.php\/2022\/12\/26\/governador-em-exercicio-e-governador-diplomado-visitam-areas-alagadas-pela-chuva\/","name":"Governador em exerc\u00edcio e governador diplomado visitam \u00e1reas alagadas pela chuva - Portal MF","isPartOf":{"@id":"https:\/\/portalmf.com.br\/#website"},"primaryImageOfPage":{"@id":"https:\/\/portalmf.com.br\/index.php\/2022\/12\/26\/governador-em-exercicio-e-governador-diplomado-visitam-areas-alagadas-pela-chuva\/#primaryimage"},"image":{"@id":"https:\/\/portalmf.com.br\/index.php\/2022\/12\/26\/governador-em-exercicio-e-governador-diplomado-visitam-areas-alagadas-pela-chuva\/#primaryimage"},"thumbnailUrl":"https:\/\/portalmf.com.br\/wp-content\/uploads\/2022\/12\/Governador-em-exercicio-e-governador-diplomado-visitam-areas-alagadas-pela-chuva.jpeg","datePublished":"2022-12-26T19:59:05+00:00","dateModified":"2022-12-26T19:59:06+00:00","author":{"@id":"https:\/\/portalmf.com.br\/#\/schema\/person\/9ec101baf56233e53520c26de5d6f6f0"},"breadcrumb":{"@id":"https:\/\/portalmf.com.br\/index.php\/2022\/12\/26\/governador-em-exercicio-e-governador-diplomado-visitam-areas-alagadas-pela-chuva\/#breadcrumb"},"inLanguage":"pt-BR","potentialAction":[{"@type":"ReadAction","target":["https:\/\/portalmf.com.br\/index.php\/2022\/12\/26\/governador-em-exercicio-e-governador-diplomado-visitam-areas-alagadas-pela-chuva\/"]}]},{"@type":"ImageObject","inLanguage":"pt-BR","@id":"https:\/\/portalmf.com.br\/index.php\/2022\/12\/26\/governador-em-exercicio-e-governador-diplomado-visitam-areas-alagadas-pela-chuva\/#primaryimage","url":"https:\/\/portalmf.com.br\/wp-content\/uploads\/2022\/12\/Governador-em-exercicio-e-governador-diplomado-visitam-areas-alagadas-pela-chuva.jpeg","contentUrl":"https:\/\/portalmf.com.br\/wp-content\/uploads\/2022\/12\/Governador-em-exercicio-e-governador-diplomado-visitam-areas-alagadas-pela-chuva.jpeg","width":1600,"height":1200},{"@type":"BreadcrumbList","@id":"https:\/\/portalmf.com.br\/index.php\/2022\/12\/26\/governador-em-exercicio-e-governador-diplomado-visitam-areas-alagadas-pela-chuva\/#breadcrumb","itemListElement":[{"@type":"ListItem","position":1,"name":"In\u00edcio","item":"https:\/\/portalmf.com.br\/"},{"@type":"ListItem","position":2,"name":"Governador em exerc\u00edcio e governador diplomado visitam \u00e1reas alagadas pela chuva"}]},{"@type":"WebSite","@id":"https:\/\/portalmf.com.br\/#website","url":"https:\/\/portalmf.com.br\/","name":"Portal MF","description":"Voc\u00ea conectado com a informa\u00e7\u00e3o","potentialAction":[{"@type":"SearchAction","target":{"@type":"EntryPoint","urlTemplate":"https:\/\/portalmf.com.br\/?s={search_term_string}"},"query-input":"required name=search_term_string"}],"inLanguage":"pt-BR"},{"@type":"Person","@id":"https:\/\/portalmf.com.br\/#\/schema\/person\/9ec101baf56233e53520c26de5d6f6f0","name":"Reda\u00e7\u00e3o Portal MF","image":{"@type":"ImageObject","inLanguage":"pt-BR","@id":"https:\/\/portalmf.com.br\/#\/schema\/person\/image\/","url":"https:\/\/secure.gravatar.com\/avatar\/41b9aaeb2100835f7c64362330f74c7f?s=96&d=mm&r=g","contentUrl":"https:\/\/secure.gravatar.com\/avatar\/41b9aaeb2100835f7c64362330f74c7f?s=96&d=mm&r=g","caption":"Reda\u00e7\u00e3o Portal MF"},"description":"Sejam bem-vindos o portal de informa\u00e7\u00f5es de entretenimento de Feira de Santana, desde 2006 realiza coberturas dos principais eventos com entrevistas exclusivas com as principais personalidades mundiais. Fique conectado tamb\u00e9m nas redes sociais.","sameAs":["http:\/\/www.portalmf.com.br\/","https:\/\/www.facebook.com\/portalmfoficial","https:\/\/www.instagram.com\/portalmf\/","https:\/\/x.com\/https:\/\/x.com\/portalmfoficial","https:\/\/www.youtube.com\/@portalmfoficial"],"url":"https:\/\/portalmf.com.br\/index.php\/author\/junior\/"}]}},"_links":{"self":[{"href":"https:\/\/portalmf.com.br\/index.php\/wp-json\/wp\/v2\/posts\/7194"}],"collection":[{"href":"https:\/\/portalmf.com.br\/index.php\/wp-json\/wp\/v2\/posts"}],"about":[{"href":"https:\/\/portalmf.com.br\/index.php\/wp-json\/wp\/v2\/types\/post"}],"author":[{"embeddable":true,"href":"https:\/\/portalmf.com.br\/index.php\/wp-json\/wp\/v2\/users\/3"}],"replies":[{"embeddable":true,"href":"https:\/\/portalmf.com.br\/index.php\/wp-json\/wp\/v2\/comments?post=7194"}],"version-history":[{"count":1,"href":"https:\/\/portalmf.com.br\/index.php\/wp-json\/wp\/v2\/posts\/7194\/revisions"}],"predecessor-version":[{"id":7197,"href":"https:\/\/portalmf.com.br\/index.php\/wp-json\/wp\/v2\/posts\/7194\/revisions\/7197"}],"wp:featuredmedia":[{"embeddable":true,"href":"https:\/\/portalmf.com.br\/index.php\/wp-json\/wp\/v2\/media\/7196"}],"wp:attachment":[{"href":"https:\/\/portalmf.com.br\/index.php\/wp-json\/wp\/v2\/media?parent=7194"}],"wp:term":[{"taxonomy":"category","embeddable":true,"href":"https:\/\/portalmf.com.br\/index.php\/wp-json\/wp\/v2\/categories?post=7194"},{"taxonomy":"post_tag","embeddable":true,"href":"https:\/\/portalmf.com.br\/index.php\/wp-json\/wp\/v2\/tags?post=7194"}],"curies":[{"name":"wp","href":"https:\/\/api.w.org\/{rel}","templated":true}]}}