{"id":7109,"date":"2022-12-23T16:37:29","date_gmt":"2022-12-23T19:37:29","guid":{"rendered":"https:\/\/portalmf.com.br\/?p=7109"},"modified":"2022-12-23T16:37:29","modified_gmt":"2022-12-23T19:37:29","slug":"eddy-jr-diz-ter-agredido-filho-da-vizinha-apos-sofrer-racismo","status":"publish","type":"post","link":"https:\/\/portalmf.com.br\/index.php\/2022\/12\/23\/eddy-jr-diz-ter-agredido-filho-da-vizinha-apos-sofrer-racismo\/","title":{"rendered":"Eddy Jr. diz ter agredido filho da vizinha ap\u00f3s sofrer racismo"},"content":{"rendered":"\n<p>Dois meses ap\u00f3s&nbsp;<a href=\"https:\/\/www.ibahia.com\/brasil\/eddy-jr-denuncia-ataque-racista-em-condominio-e-camera-registra-vizinhos-com-faca-e-garrafa-na-porta-do-humorista\"><strong>denunciar ataque racista no condom\u00ednio onde mora<\/strong><\/a>, o humorista Eddy Jr. disse ter agredido o filho da vizinha que o atacou em 19 de outubro deste ano.<\/p>\n\n\n\n<p>Por meio do perfil no Instagram, o artista de 27 anos publicou um v\u00eddeo do momento onde encontrou os dois pela primeira vez ap\u00f3s a den\u00fancia de racismo.<\/p>\n\n\n\n<p>\u201c\u00c9 o seguinte, acabei de encontrar com minha vizinha e o filho dela\u2026 Arrebentei o mano, muito soco e tapa na cara, \u00e9 isso, eles foram pra delegacia\u201d, escreveu no perfil do Twitter na quinta-feira (22).<\/p>\n\n\n\n<p>No v\u00eddeo publicado nos stories do Instagram, Eddy Jr. grava m\u00e3e e filho na rua no momento da agress\u00e3o. \u201c\u00c9 isso, n\u00e3o t\u00f4 pedindo nenhum pano, mas essa foi minha rea\u00e7\u00e3o ao encontrar eles dois meses depois que tudo aconteceu\u2026\u201d, escreveu na legenda.<\/p>\n\n\n\n<p>Nas imagens \u00e9 poss\u00edvel ver o humorista dizendo que o filho da vizinha o teria amea\u00e7ado. \u201cVoc\u00ea n\u00e3o foi na minha casa falar que ia me matar?\u201d, diz o humorista. A vizinha questiona se ele teria agredido o filho e o homem responde: \u201cMe agrediu sim\u201d.<\/p>\n\n\n\n<p>Ap\u00f3s a publica\u00e7\u00e3o, Eddy Jr. gravou novos v\u00eddeos para falar sobre o momento. \u201cEu sei que \u00e9 um bagulho meio pesado de assistir e tal, mas foi o que ela fez comigo, entendeu? S\u00f3 foi diferente. Agora eu t\u00f4 do outro lado, vamos ver como vai ser o desfecho da hist\u00f3ria [\u2026] Vou deixar uma coisa bem clara, se eu tivesse aberto a porta [para eles] eu n\u00e3o estaria aqui pra contar\u201d, disse.<\/p>\n\n\n\n<figure class=\"wp-block-embed is-type-rich is-provider-twitter wp-block-embed-twitter\"><div class=\"wp-block-embed__wrapper\">\nhttps:\/\/twitter.com\/iBahia\/status\/1606305946505977857?ref_src=twsrc%5Etfw%7Ctwcamp%5Etweetembed%7Ctwterm%5E1606305946505977857%7Ctwgr%5Ed018576e79ba3eb686648302a2268e484213961a%7Ctwcon%5Es1_&#038;ref_url=https%3A%2F%2Fwww.ibahia.com%2Fnem-te-conto%2Feddy-jr-diz-ter-agredido-filho-da-vizinha-apos-sofrer-racismo-me-ameacou-de-morte\n<\/div><\/figure>\n\n\n\n<p>Com informa\u00e7\u00f5es do Ibahia<\/p>\n","protected":false},"excerpt":{"rendered":"<p>Dois meses ap\u00f3s&nbsp;denunciar ataque racista no condom\u00ednio onde mora, o humorista Eddy Jr. disse ter agredido o filho da vizinha que o atacou em 19 de outubro deste ano. Por meio do perfil no Instagram, o artista de 27 anos publicou um v\u00eddeo do momento onde encontrou os dois pela primeira vez ap\u00f3s a den\u00fancia [&hellip;]<\/p>\n","protected":false},"author":3,"featured_media":7110,"comment_status":"open","ping_status":"open","sticky":false,"template":"","format":"standard","meta":{"_monsterinsights_skip_tracking":false,"_monsterinsights_sitenote_active":false,"_monsterinsights_sitenote_note":"","_monsterinsights_sitenote_category":0,"footnotes":""},"categories":[47,35],"tags":[],"yoast_head":"<!-- This site is optimized with the Yoast SEO plugin v22.9 - https:\/\/yoast.com\/wordpress\/plugins\/seo\/ -->\n<title>Eddy Jr. diz ter agredido filho da vizinha ap\u00f3s sofrer racismo - Portal MF<\/title>\n<meta name=\"robots\" content=\"index, follow, max-snippet:-1, max-image-preview:large, max-video-preview:-1\" \/>\n<link rel=\"canonical\" href=\"https:\/\/portalmf.com.br\/index.php\/2022\/12\/23\/eddy-jr-diz-ter-agredido-filho-da-vizinha-apos-sofrer-racismo\/\" \/>\n<meta property=\"og:locale\" content=\"pt_BR\" \/>\n<meta property=\"og:type\" content=\"article\" \/>\n<meta property=\"og:title\" content=\"Eddy Jr. diz ter agredido filho da vizinha ap\u00f3s sofrer racismo - Portal MF\" \/>\n<meta property=\"og:description\" content=\"Dois meses ap\u00f3s&nbsp;denunciar ataque racista no condom\u00ednio onde mora, o humorista Eddy Jr. disse ter agredido o filho da vizinha que o atacou em 19 de outubro deste ano. Por meio do perfil no Instagram, o artista de 27 anos publicou um v\u00eddeo do momento onde encontrou os dois pela primeira vez ap\u00f3s a den\u00fancia [&hellip;]\" \/>\n<meta property=\"og:url\" content=\"https:\/\/portalmf.com.br\/index.php\/2022\/12\/23\/eddy-jr-diz-ter-agredido-filho-da-vizinha-apos-sofrer-racismo\/\" \/>\n<meta property=\"og:site_name\" content=\"Portal MF\" \/>\n<meta property=\"article:author\" content=\"https:\/\/www.facebook.com\/portalmfoficial\" \/>\n<meta property=\"article:published_time\" content=\"2022-12-23T19:37:29+00:00\" \/>\n<meta property=\"og:image\" content=\"https:\/\/portalmf.com.br\/wp-content\/uploads\/2022\/12\/Eddy-Jr-1024x614-1.jpg\" \/>\n\t<meta property=\"og:image:width\" content=\"1024\" \/>\n\t<meta property=\"og:image:height\" content=\"614\" \/>\n\t<meta property=\"og:image:type\" content=\"image\/jpeg\" \/>\n<meta name=\"author\" content=\"Reda\u00e7\u00e3o Portal MF\" \/>\n<meta name=\"twitter:card\" content=\"summary_large_image\" \/>\n<meta name=\"twitter:creator\" content=\"@https:\/\/x.com\/portalmfoficial\" \/>\n<meta name=\"twitter:label1\" content=\"Escrito por\" \/>\n\t<meta name=\"twitter:data1\" content=\"Reda\u00e7\u00e3o Portal MF\" \/>\n\t<meta name=\"twitter:label2\" content=\"Est. tempo de leitura\" \/>\n\t<meta name=\"twitter:data2\" content=\"2 minutos\" \/>\n<script type=\"application\/ld+json\" class=\"yoast-schema-graph\">{\"@context\":\"https:\/\/schema.org\",\"@graph\":[{\"@type\":\"WebPage\",\"@id\":\"https:\/\/portalmf.com.br\/index.php\/2022\/12\/23\/eddy-jr-diz-ter-agredido-filho-da-vizinha-apos-sofrer-racismo\/\",\"url\":\"https:\/\/portalmf.com.br\/index.php\/2022\/12\/23\/eddy-jr-diz-ter-agredido-filho-da-vizinha-apos-sofrer-racismo\/\",\"name\":\"Eddy Jr. diz ter agredido filho da vizinha ap\u00f3s sofrer racismo - Portal MF\",\"isPartOf\":{\"@id\":\"https:\/\/portalmf.com.br\/#website\"},\"primaryImageOfPage\":{\"@id\":\"https:\/\/portalmf.com.br\/index.php\/2022\/12\/23\/eddy-jr-diz-ter-agredido-filho-da-vizinha-apos-sofrer-racismo\/#primaryimage\"},\"image\":{\"@id\":\"https:\/\/portalmf.com.br\/index.php\/2022\/12\/23\/eddy-jr-diz-ter-agredido-filho-da-vizinha-apos-sofrer-racismo\/#primaryimage\"},\"thumbnailUrl\":\"https:\/\/portalmf.com.br\/wp-content\/uploads\/2022\/12\/Eddy-Jr-1024x614-1.jpg\",\"datePublished\":\"2022-12-23T19:37:29+00:00\",\"dateModified\":\"2022-12-23T19:37:29+00:00\",\"author\":{\"@id\":\"https:\/\/portalmf.com.br\/#\/schema\/person\/9ec101baf56233e53520c26de5d6f6f0\"},\"breadcrumb\":{\"@id\":\"https:\/\/portalmf.com.br\/index.php\/2022\/12\/23\/eddy-jr-diz-ter-agredido-filho-da-vizinha-apos-sofrer-racismo\/#breadcrumb\"},\"inLanguage\":\"pt-BR\",\"potentialAction\":[{\"@type\":\"ReadAction\",\"target\":[\"https:\/\/portalmf.com.br\/index.php\/2022\/12\/23\/eddy-jr-diz-ter-agredido-filho-da-vizinha-apos-sofrer-racismo\/\"]}]},{\"@type\":\"ImageObject\",\"inLanguage\":\"pt-BR\",\"@id\":\"https:\/\/portalmf.com.br\/index.php\/2022\/12\/23\/eddy-jr-diz-ter-agredido-filho-da-vizinha-apos-sofrer-racismo\/#primaryimage\",\"url\":\"https:\/\/portalmf.com.br\/wp-content\/uploads\/2022\/12\/Eddy-Jr-1024x614-1.jpg\",\"contentUrl\":\"https:\/\/portalmf.com.br\/wp-content\/uploads\/2022\/12\/Eddy-Jr-1024x614-1.jpg\",\"width\":1024,\"height\":614},{\"@type\":\"BreadcrumbList\",\"@id\":\"https:\/\/portalmf.com.br\/index.php\/2022\/12\/23\/eddy-jr-diz-ter-agredido-filho-da-vizinha-apos-sofrer-racismo\/#breadcrumb\",\"itemListElement\":[{\"@type\":\"ListItem\",\"position\":1,\"name\":\"In\u00edcio\",\"item\":\"https:\/\/portalmf.com.br\/\"},{\"@type\":\"ListItem\",\"position\":2,\"name\":\"Eddy Jr. diz ter agredido filho da vizinha ap\u00f3s sofrer racismo\"}]},{\"@type\":\"WebSite\",\"@id\":\"https:\/\/portalmf.com.br\/#website\",\"url\":\"https:\/\/portalmf.com.br\/\",\"name\":\"Portal MF\",\"description\":\"Voc\u00ea conectado com a informa\u00e7\u00e3o\",\"potentialAction\":[{\"@type\":\"SearchAction\",\"target\":{\"@type\":\"EntryPoint\",\"urlTemplate\":\"https:\/\/portalmf.com.br\/?s={search_term_string}\"},\"query-input\":\"required name=search_term_string\"}],\"inLanguage\":\"pt-BR\"},{\"@type\":\"Person\",\"@id\":\"https:\/\/portalmf.com.br\/#\/schema\/person\/9ec101baf56233e53520c26de5d6f6f0\",\"name\":\"Reda\u00e7\u00e3o Portal MF\",\"image\":{\"@type\":\"ImageObject\",\"inLanguage\":\"pt-BR\",\"@id\":\"https:\/\/portalmf.com.br\/#\/schema\/person\/image\/\",\"url\":\"https:\/\/secure.gravatar.com\/avatar\/41b9aaeb2100835f7c64362330f74c7f?s=96&d=mm&r=g\",\"contentUrl\":\"https:\/\/secure.gravatar.com\/avatar\/41b9aaeb2100835f7c64362330f74c7f?s=96&d=mm&r=g\",\"caption\":\"Reda\u00e7\u00e3o Portal MF\"},\"description\":\"Sejam bem-vindos o portal de informa\u00e7\u00f5es de entretenimento de Feira de Santana, desde 2006 realiza coberturas dos principais eventos com entrevistas exclusivas com as principais personalidades mundiais. Fique conectado tamb\u00e9m nas redes sociais.\",\"sameAs\":[\"http:\/\/www.portalmf.com.br\/\",\"https:\/\/www.facebook.com\/portalmfoficial\",\"https:\/\/www.instagram.com\/portalmf\/\",\"https:\/\/x.com\/https:\/\/x.com\/portalmfoficial\",\"https:\/\/www.youtube.com\/@portalmfoficial\"],\"url\":\"https:\/\/portalmf.com.br\/index.php\/author\/junior\/\"}]}<\/script>\n<!-- \/ Yoast SEO plugin. -->","yoast_head_json":{"title":"Eddy Jr. diz ter agredido filho da vizinha ap\u00f3s sofrer racismo - Portal MF","robots":{"index":"index","follow":"follow","max-snippet":"max-snippet:-1","max-image-preview":"max-image-preview:large","max-video-preview":"max-video-preview:-1"},"canonical":"https:\/\/portalmf.com.br\/index.php\/2022\/12\/23\/eddy-jr-diz-ter-agredido-filho-da-vizinha-apos-sofrer-racismo\/","og_locale":"pt_BR","og_type":"article","og_title":"Eddy Jr. diz ter agredido filho da vizinha ap\u00f3s sofrer racismo - Portal MF","og_description":"Dois meses ap\u00f3s&nbsp;denunciar ataque racista no condom\u00ednio onde mora, o humorista Eddy Jr. disse ter agredido o filho da vizinha que o atacou em 19 de outubro deste ano. Por meio do perfil no Instagram, o artista de 27 anos publicou um v\u00eddeo do momento onde encontrou os dois pela primeira vez ap\u00f3s a den\u00fancia [&hellip;]","og_url":"https:\/\/portalmf.com.br\/index.php\/2022\/12\/23\/eddy-jr-diz-ter-agredido-filho-da-vizinha-apos-sofrer-racismo\/","og_site_name":"Portal MF","article_author":"https:\/\/www.facebook.com\/portalmfoficial","article_published_time":"2022-12-23T19:37:29+00:00","og_image":[{"width":1024,"height":614,"url":"https:\/\/portalmf.com.br\/wp-content\/uploads\/2022\/12\/Eddy-Jr-1024x614-1.jpg","type":"image\/jpeg"}],"author":"Reda\u00e7\u00e3o Portal MF","twitter_card":"summary_large_image","twitter_creator":"@https:\/\/x.com\/portalmfoficial","twitter_misc":{"Escrito por":"Reda\u00e7\u00e3o Portal MF","Est. tempo de leitura":"2 minutos"},"schema":{"@context":"https:\/\/schema.org","@graph":[{"@type":"WebPage","@id":"https:\/\/portalmf.com.br\/index.php\/2022\/12\/23\/eddy-jr-diz-ter-agredido-filho-da-vizinha-apos-sofrer-racismo\/","url":"https:\/\/portalmf.com.br\/index.php\/2022\/12\/23\/eddy-jr-diz-ter-agredido-filho-da-vizinha-apos-sofrer-racismo\/","name":"Eddy Jr. diz ter agredido filho da vizinha ap\u00f3s sofrer racismo - Portal MF","isPartOf":{"@id":"https:\/\/portalmf.com.br\/#website"},"primaryImageOfPage":{"@id":"https:\/\/portalmf.com.br\/index.php\/2022\/12\/23\/eddy-jr-diz-ter-agredido-filho-da-vizinha-apos-sofrer-racismo\/#primaryimage"},"image":{"@id":"https:\/\/portalmf.com.br\/index.php\/2022\/12\/23\/eddy-jr-diz-ter-agredido-filho-da-vizinha-apos-sofrer-racismo\/#primaryimage"},"thumbnailUrl":"https:\/\/portalmf.com.br\/wp-content\/uploads\/2022\/12\/Eddy-Jr-1024x614-1.jpg","datePublished":"2022-12-23T19:37:29+00:00","dateModified":"2022-12-23T19:37:29+00:00","author":{"@id":"https:\/\/portalmf.com.br\/#\/schema\/person\/9ec101baf56233e53520c26de5d6f6f0"},"breadcrumb":{"@id":"https:\/\/portalmf.com.br\/index.php\/2022\/12\/23\/eddy-jr-diz-ter-agredido-filho-da-vizinha-apos-sofrer-racismo\/#breadcrumb"},"inLanguage":"pt-BR","potentialAction":[{"@type":"ReadAction","target":["https:\/\/portalmf.com.br\/index.php\/2022\/12\/23\/eddy-jr-diz-ter-agredido-filho-da-vizinha-apos-sofrer-racismo\/"]}]},{"@type":"ImageObject","inLanguage":"pt-BR","@id":"https:\/\/portalmf.com.br\/index.php\/2022\/12\/23\/eddy-jr-diz-ter-agredido-filho-da-vizinha-apos-sofrer-racismo\/#primaryimage","url":"https:\/\/portalmf.com.br\/wp-content\/uploads\/2022\/12\/Eddy-Jr-1024x614-1.jpg","contentUrl":"https:\/\/portalmf.com.br\/wp-content\/uploads\/2022\/12\/Eddy-Jr-1024x614-1.jpg","width":1024,"height":614},{"@type":"BreadcrumbList","@id":"https:\/\/portalmf.com.br\/index.php\/2022\/12\/23\/eddy-jr-diz-ter-agredido-filho-da-vizinha-apos-sofrer-racismo\/#breadcrumb","itemListElement":[{"@type":"ListItem","position":1,"name":"In\u00edcio","item":"https:\/\/portalmf.com.br\/"},{"@type":"ListItem","position":2,"name":"Eddy Jr. diz ter agredido filho da vizinha ap\u00f3s sofrer racismo"}]},{"@type":"WebSite","@id":"https:\/\/portalmf.com.br\/#website","url":"https:\/\/portalmf.com.br\/","name":"Portal MF","description":"Voc\u00ea conectado com a informa\u00e7\u00e3o","potentialAction":[{"@type":"SearchAction","target":{"@type":"EntryPoint","urlTemplate":"https:\/\/portalmf.com.br\/?s={search_term_string}"},"query-input":"required name=search_term_string"}],"inLanguage":"pt-BR"},{"@type":"Person","@id":"https:\/\/portalmf.com.br\/#\/schema\/person\/9ec101baf56233e53520c26de5d6f6f0","name":"Reda\u00e7\u00e3o Portal MF","image":{"@type":"ImageObject","inLanguage":"pt-BR","@id":"https:\/\/portalmf.com.br\/#\/schema\/person\/image\/","url":"https:\/\/secure.gravatar.com\/avatar\/41b9aaeb2100835f7c64362330f74c7f?s=96&d=mm&r=g","contentUrl":"https:\/\/secure.gravatar.com\/avatar\/41b9aaeb2100835f7c64362330f74c7f?s=96&d=mm&r=g","caption":"Reda\u00e7\u00e3o Portal MF"},"description":"Sejam bem-vindos o portal de informa\u00e7\u00f5es de entretenimento de Feira de Santana, desde 2006 realiza coberturas dos principais eventos com entrevistas exclusivas com as principais personalidades mundiais. Fique conectado tamb\u00e9m nas redes sociais.","sameAs":["http:\/\/www.portalmf.com.br\/","https:\/\/www.facebook.com\/portalmfoficial","https:\/\/www.instagram.com\/portalmf\/","https:\/\/x.com\/https:\/\/x.com\/portalmfoficial","https:\/\/www.youtube.com\/@portalmfoficial"],"url":"https:\/\/portalmf.com.br\/index.php\/author\/junior\/"}]}},"_links":{"self":[{"href":"https:\/\/portalmf.com.br\/index.php\/wp-json\/wp\/v2\/posts\/7109"}],"collection":[{"href":"https:\/\/portalmf.com.br\/index.php\/wp-json\/wp\/v2\/posts"}],"about":[{"href":"https:\/\/portalmf.com.br\/index.php\/wp-json\/wp\/v2\/types\/post"}],"author":[{"embeddable":true,"href":"https:\/\/portalmf.com.br\/index.php\/wp-json\/wp\/v2\/users\/3"}],"replies":[{"embeddable":true,"href":"https:\/\/portalmf.com.br\/index.php\/wp-json\/wp\/v2\/comments?post=7109"}],"version-history":[{"count":1,"href":"https:\/\/portalmf.com.br\/index.php\/wp-json\/wp\/v2\/posts\/7109\/revisions"}],"predecessor-version":[{"id":7111,"href":"https:\/\/portalmf.com.br\/index.php\/wp-json\/wp\/v2\/posts\/7109\/revisions\/7111"}],"wp:featuredmedia":[{"embeddable":true,"href":"https:\/\/portalmf.com.br\/index.php\/wp-json\/wp\/v2\/media\/7110"}],"wp:attachment":[{"href":"https:\/\/portalmf.com.br\/index.php\/wp-json\/wp\/v2\/media?parent=7109"}],"wp:term":[{"taxonomy":"category","embeddable":true,"href":"https:\/\/portalmf.com.br\/index.php\/wp-json\/wp\/v2\/categories?post=7109"},{"taxonomy":"post_tag","embeddable":true,"href":"https:\/\/portalmf.com.br\/index.php\/wp-json\/wp\/v2\/tags?post=7109"}],"curies":[{"name":"wp","href":"https:\/\/api.w.org\/{rel}","templated":true}]}}