{"id":7103,"date":"2022-12-23T16:26:48","date_gmt":"2022-12-23T19:26:48","guid":{"rendered":"https:\/\/portalmf.com.br\/?p=7103"},"modified":"2022-12-23T16:26:48","modified_gmt":"2022-12-23T19:26:48","slug":"e-tempo-de-muito-trabalho-e-dedicacao-para-reerguer-a-cultura-diz-margareth","status":"publish","type":"post","link":"https:\/\/portalmf.com.br\/index.php\/2022\/12\/23\/e-tempo-de-muito-trabalho-e-dedicacao-para-reerguer-a-cultura-diz-margareth\/","title":{"rendered":"\u2018\u00c9 tempo de muito trabalho e dedica\u00e7\u00e3o para reerguer a Cultura\u2019, diz Margareth"},"content":{"rendered":"\n<p>A cantora Margareth Menezes, futura ministra da Cultura, usou suas redes sociais para comentar a indica\u00e7\u00e3o ao miniit\u00e9rio ap\u00f3s&nbsp;<a href=\"https:\/\/bahia.ba\/politica\/lula-confirma-padilha-alckmin-camilo-santana-margareth-e-mais-12-ministros\/\">an\u00fancio oficial<\/a>. Segundo ela, \u201c\u00e9&nbsp;tempo de muito trabalho e dedica\u00e7\u00e3o para reerguer a Cultura como o nosso povo precisa e merece\u201d.<\/p>\n\n\n\n<p>\u201cMinha gente, a miss\u00e3o agora foi dada oficialmente pelo presidente @lulaoficial: vamos juntos, de m\u00e3os dadas, refundar o Minist\u00e9rio da Cultura! \u00c9 tempo de muito trabalho e dedica\u00e7\u00e3o para reerguer a Cultura como o nosso povo precisa e merece\u201d, escreveu.<\/p>\n\n\n\n<p>Na manh\u00e3 desta quinta-feira (22), o\u00a0presidente eleito Luiz In\u00e1cio Lula da Silva anunciou Margareth Menezes oficialmente como ministra da Cultura. O an\u00fancio foi feito no Centro Cultural Banco do Brasil (CCBB), em Bras\u00edlia, e foi marcado pela divulga\u00e7\u00e3o de 16 nomes que far\u00e3o parte da gest\u00e3o.<\/p>\n\n\n\n<figure class=\"wp-block-embed is-type-rich is-provider-twitter wp-block-embed-twitter\"><div class=\"wp-block-embed__wrapper\">\n<blockquote class=\"twitter-tweet\" data-width=\"550\" data-dnt=\"true\"><p lang=\"pt\" dir=\"ltr\">Minha gente, a miss\u00e3o agora foi dada oficialmente pelo presidente <a href=\"https:\/\/twitter.com\/LulaOficial?ref_src=twsrc%5Etfw\">@LulaOficial<\/a>: vamos juntos, de m\u00e3os dadas, refundar o Minist\u00e9rio da Cultura! \u00c9 tempo de muito trabalho e dedica\u00e7\u00e3o para reerguer a Cultura como o nosso povo precisa e merece!<br><br>\ud83d\udcf8 Ricardo Stuckert <a href=\"https:\/\/t.co\/Vbu7a0ruoK\">pic.twitter.com\/Vbu7a0ruoK<\/a><\/p>&mdash; Margareth Menezes (@MagaAfroPop) <a href=\"https:\/\/twitter.com\/MagaAfroPop\/status\/1606010448528035840?ref_src=twsrc%5Etfw\">December 22, 2022<\/a><\/blockquote><script async src=\"https:\/\/platform.twitter.com\/widgets.js\" charset=\"utf-8\"><\/script>\n<\/div><\/figure>\n\n\n\n<p>Com informa\u00e7\u00f5es do Bahia.Ba<\/p>\n","protected":false},"excerpt":{"rendered":"<p>A cantora Margareth Menezes, futura ministra da Cultura, usou suas redes sociais para comentar a indica\u00e7\u00e3o ao miniit\u00e9rio ap\u00f3s&nbsp;an\u00fancio oficial. Segundo ela, \u201c\u00e9&nbsp;tempo de muito trabalho e dedica\u00e7\u00e3o para reerguer a Cultura como o nosso povo precisa e merece\u201d. \u201cMinha gente, a miss\u00e3o agora foi dada oficialmente pelo presidente @lulaoficial: vamos juntos, de m\u00e3os dadas, [&hellip;]<\/p>\n","protected":false},"author":3,"featured_media":7104,"comment_status":"open","ping_status":"open","sticky":false,"template":"","format":"standard","meta":{"_monsterinsights_skip_tracking":false,"_monsterinsights_sitenote_active":false,"_monsterinsights_sitenote_note":"","_monsterinsights_sitenote_category":0,"footnotes":""},"categories":[34],"tags":[],"yoast_head":"<!-- This site is optimized with the Yoast SEO plugin v22.9 - https:\/\/yoast.com\/wordpress\/plugins\/seo\/ -->\n<title>\u2018\u00c9 tempo de muito trabalho e dedica\u00e7\u00e3o para reerguer a Cultura\u2019, diz Margareth - Portal MF<\/title>\n<meta name=\"robots\" content=\"index, follow, max-snippet:-1, max-image-preview:large, max-video-preview:-1\" \/>\n<link rel=\"canonical\" href=\"https:\/\/portalmf.com.br\/index.php\/2022\/12\/23\/e-tempo-de-muito-trabalho-e-dedicacao-para-reerguer-a-cultura-diz-margareth\/\" \/>\n<meta property=\"og:locale\" content=\"pt_BR\" \/>\n<meta property=\"og:type\" content=\"article\" \/>\n<meta property=\"og:title\" content=\"\u2018\u00c9 tempo de muito trabalho e dedica\u00e7\u00e3o para reerguer a Cultura\u2019, diz Margareth - Portal MF\" \/>\n<meta property=\"og:description\" content=\"A cantora Margareth Menezes, futura ministra da Cultura, usou suas redes sociais para comentar a indica\u00e7\u00e3o ao miniit\u00e9rio ap\u00f3s&nbsp;an\u00fancio oficial. Segundo ela, \u201c\u00e9&nbsp;tempo de muito trabalho e dedica\u00e7\u00e3o para reerguer a Cultura como o nosso povo precisa e merece\u201d. \u201cMinha gente, a miss\u00e3o agora foi dada oficialmente pelo presidente @lulaoficial: vamos juntos, de m\u00e3os dadas, [&hellip;]\" \/>\n<meta property=\"og:url\" content=\"https:\/\/portalmf.com.br\/index.php\/2022\/12\/23\/e-tempo-de-muito-trabalho-e-dedicacao-para-reerguer-a-cultura-diz-margareth\/\" \/>\n<meta property=\"og:site_name\" content=\"Portal MF\" \/>\n<meta property=\"article:author\" content=\"https:\/\/www.facebook.com\/portalmfoficial\" \/>\n<meta property=\"article:published_time\" content=\"2022-12-23T19:26:48+00:00\" \/>\n<meta property=\"og:image\" content=\"https:\/\/portalmf.com.br\/wp-content\/uploads\/2022\/12\/Fkmx_KtX0AAt_WV.jpg\" \/>\n\t<meta property=\"og:image:width\" content=\"1600\" \/>\n\t<meta property=\"og:image:height\" content=\"1218\" \/>\n\t<meta property=\"og:image:type\" content=\"image\/jpeg\" \/>\n<meta name=\"author\" content=\"Reda\u00e7\u00e3o Portal MF\" \/>\n<meta name=\"twitter:card\" content=\"summary_large_image\" \/>\n<meta name=\"twitter:creator\" content=\"@https:\/\/x.com\/portalmfoficial\" \/>\n<meta name=\"twitter:label1\" content=\"Escrito por\" \/>\n\t<meta name=\"twitter:data1\" content=\"Reda\u00e7\u00e3o Portal MF\" \/>\n\t<meta name=\"twitter:label2\" content=\"Est. tempo de leitura\" \/>\n\t<meta name=\"twitter:data2\" content=\"1 minuto\" \/>\n<script type=\"application\/ld+json\" class=\"yoast-schema-graph\">{\"@context\":\"https:\/\/schema.org\",\"@graph\":[{\"@type\":\"WebPage\",\"@id\":\"https:\/\/portalmf.com.br\/index.php\/2022\/12\/23\/e-tempo-de-muito-trabalho-e-dedicacao-para-reerguer-a-cultura-diz-margareth\/\",\"url\":\"https:\/\/portalmf.com.br\/index.php\/2022\/12\/23\/e-tempo-de-muito-trabalho-e-dedicacao-para-reerguer-a-cultura-diz-margareth\/\",\"name\":\"\u2018\u00c9 tempo de muito trabalho e dedica\u00e7\u00e3o para reerguer a Cultura\u2019, diz Margareth - Portal MF\",\"isPartOf\":{\"@id\":\"https:\/\/portalmf.com.br\/#website\"},\"primaryImageOfPage\":{\"@id\":\"https:\/\/portalmf.com.br\/index.php\/2022\/12\/23\/e-tempo-de-muito-trabalho-e-dedicacao-para-reerguer-a-cultura-diz-margareth\/#primaryimage\"},\"image\":{\"@id\":\"https:\/\/portalmf.com.br\/index.php\/2022\/12\/23\/e-tempo-de-muito-trabalho-e-dedicacao-para-reerguer-a-cultura-diz-margareth\/#primaryimage\"},\"thumbnailUrl\":\"https:\/\/portalmf.com.br\/wp-content\/uploads\/2022\/12\/Fkmx_KtX0AAt_WV.jpg\",\"datePublished\":\"2022-12-23T19:26:48+00:00\",\"dateModified\":\"2022-12-23T19:26:48+00:00\",\"author\":{\"@id\":\"https:\/\/portalmf.com.br\/#\/schema\/person\/9ec101baf56233e53520c26de5d6f6f0\"},\"breadcrumb\":{\"@id\":\"https:\/\/portalmf.com.br\/index.php\/2022\/12\/23\/e-tempo-de-muito-trabalho-e-dedicacao-para-reerguer-a-cultura-diz-margareth\/#breadcrumb\"},\"inLanguage\":\"pt-BR\",\"potentialAction\":[{\"@type\":\"ReadAction\",\"target\":[\"https:\/\/portalmf.com.br\/index.php\/2022\/12\/23\/e-tempo-de-muito-trabalho-e-dedicacao-para-reerguer-a-cultura-diz-margareth\/\"]}]},{\"@type\":\"ImageObject\",\"inLanguage\":\"pt-BR\",\"@id\":\"https:\/\/portalmf.com.br\/index.php\/2022\/12\/23\/e-tempo-de-muito-trabalho-e-dedicacao-para-reerguer-a-cultura-diz-margareth\/#primaryimage\",\"url\":\"https:\/\/portalmf.com.br\/wp-content\/uploads\/2022\/12\/Fkmx_KtX0AAt_WV.jpg\",\"contentUrl\":\"https:\/\/portalmf.com.br\/wp-content\/uploads\/2022\/12\/Fkmx_KtX0AAt_WV.jpg\",\"width\":1600,\"height\":1218,\"caption\":\"Foto: Ricardo Stuckert\"},{\"@type\":\"BreadcrumbList\",\"@id\":\"https:\/\/portalmf.com.br\/index.php\/2022\/12\/23\/e-tempo-de-muito-trabalho-e-dedicacao-para-reerguer-a-cultura-diz-margareth\/#breadcrumb\",\"itemListElement\":[{\"@type\":\"ListItem\",\"position\":1,\"name\":\"In\u00edcio\",\"item\":\"https:\/\/portalmf.com.br\/\"},{\"@type\":\"ListItem\",\"position\":2,\"name\":\"\u2018\u00c9 tempo de muito trabalho e dedica\u00e7\u00e3o para reerguer a Cultura\u2019, diz Margareth\"}]},{\"@type\":\"WebSite\",\"@id\":\"https:\/\/portalmf.com.br\/#website\",\"url\":\"https:\/\/portalmf.com.br\/\",\"name\":\"Portal MF\",\"description\":\"Voc\u00ea conectado com a informa\u00e7\u00e3o\",\"potentialAction\":[{\"@type\":\"SearchAction\",\"target\":{\"@type\":\"EntryPoint\",\"urlTemplate\":\"https:\/\/portalmf.com.br\/?s={search_term_string}\"},\"query-input\":\"required name=search_term_string\"}],\"inLanguage\":\"pt-BR\"},{\"@type\":\"Person\",\"@id\":\"https:\/\/portalmf.com.br\/#\/schema\/person\/9ec101baf56233e53520c26de5d6f6f0\",\"name\":\"Reda\u00e7\u00e3o Portal MF\",\"image\":{\"@type\":\"ImageObject\",\"inLanguage\":\"pt-BR\",\"@id\":\"https:\/\/portalmf.com.br\/#\/schema\/person\/image\/\",\"url\":\"https:\/\/secure.gravatar.com\/avatar\/41b9aaeb2100835f7c64362330f74c7f?s=96&d=mm&r=g\",\"contentUrl\":\"https:\/\/secure.gravatar.com\/avatar\/41b9aaeb2100835f7c64362330f74c7f?s=96&d=mm&r=g\",\"caption\":\"Reda\u00e7\u00e3o Portal MF\"},\"description\":\"Sejam bem-vindos o portal de informa\u00e7\u00f5es de entretenimento de Feira de Santana, desde 2006 realiza coberturas dos principais eventos com entrevistas exclusivas com as principais personalidades mundiais. Fique conectado tamb\u00e9m nas redes sociais.\",\"sameAs\":[\"http:\/\/www.portalmf.com.br\/\",\"https:\/\/www.facebook.com\/portalmfoficial\",\"https:\/\/www.instagram.com\/portalmf\/\",\"https:\/\/x.com\/https:\/\/x.com\/portalmfoficial\",\"https:\/\/www.youtube.com\/@portalmfoficial\"],\"url\":\"https:\/\/portalmf.com.br\/index.php\/author\/junior\/\"}]}<\/script>\n<!-- \/ Yoast SEO plugin. -->","yoast_head_json":{"title":"\u2018\u00c9 tempo de muito trabalho e dedica\u00e7\u00e3o para reerguer a Cultura\u2019, diz Margareth - Portal MF","robots":{"index":"index","follow":"follow","max-snippet":"max-snippet:-1","max-image-preview":"max-image-preview:large","max-video-preview":"max-video-preview:-1"},"canonical":"https:\/\/portalmf.com.br\/index.php\/2022\/12\/23\/e-tempo-de-muito-trabalho-e-dedicacao-para-reerguer-a-cultura-diz-margareth\/","og_locale":"pt_BR","og_type":"article","og_title":"\u2018\u00c9 tempo de muito trabalho e dedica\u00e7\u00e3o para reerguer a Cultura\u2019, diz Margareth - Portal MF","og_description":"A cantora Margareth Menezes, futura ministra da Cultura, usou suas redes sociais para comentar a indica\u00e7\u00e3o ao miniit\u00e9rio ap\u00f3s&nbsp;an\u00fancio oficial. Segundo ela, \u201c\u00e9&nbsp;tempo de muito trabalho e dedica\u00e7\u00e3o para reerguer a Cultura como o nosso povo precisa e merece\u201d. \u201cMinha gente, a miss\u00e3o agora foi dada oficialmente pelo presidente @lulaoficial: vamos juntos, de m\u00e3os dadas, [&hellip;]","og_url":"https:\/\/portalmf.com.br\/index.php\/2022\/12\/23\/e-tempo-de-muito-trabalho-e-dedicacao-para-reerguer-a-cultura-diz-margareth\/","og_site_name":"Portal MF","article_author":"https:\/\/www.facebook.com\/portalmfoficial","article_published_time":"2022-12-23T19:26:48+00:00","og_image":[{"width":1600,"height":1218,"url":"https:\/\/portalmf.com.br\/wp-content\/uploads\/2022\/12\/Fkmx_KtX0AAt_WV.jpg","type":"image\/jpeg"}],"author":"Reda\u00e7\u00e3o Portal MF","twitter_card":"summary_large_image","twitter_creator":"@https:\/\/x.com\/portalmfoficial","twitter_misc":{"Escrito por":"Reda\u00e7\u00e3o Portal MF","Est. tempo de leitura":"1 minuto"},"schema":{"@context":"https:\/\/schema.org","@graph":[{"@type":"WebPage","@id":"https:\/\/portalmf.com.br\/index.php\/2022\/12\/23\/e-tempo-de-muito-trabalho-e-dedicacao-para-reerguer-a-cultura-diz-margareth\/","url":"https:\/\/portalmf.com.br\/index.php\/2022\/12\/23\/e-tempo-de-muito-trabalho-e-dedicacao-para-reerguer-a-cultura-diz-margareth\/","name":"\u2018\u00c9 tempo de muito trabalho e dedica\u00e7\u00e3o para reerguer a Cultura\u2019, diz Margareth - Portal MF","isPartOf":{"@id":"https:\/\/portalmf.com.br\/#website"},"primaryImageOfPage":{"@id":"https:\/\/portalmf.com.br\/index.php\/2022\/12\/23\/e-tempo-de-muito-trabalho-e-dedicacao-para-reerguer-a-cultura-diz-margareth\/#primaryimage"},"image":{"@id":"https:\/\/portalmf.com.br\/index.php\/2022\/12\/23\/e-tempo-de-muito-trabalho-e-dedicacao-para-reerguer-a-cultura-diz-margareth\/#primaryimage"},"thumbnailUrl":"https:\/\/portalmf.com.br\/wp-content\/uploads\/2022\/12\/Fkmx_KtX0AAt_WV.jpg","datePublished":"2022-12-23T19:26:48+00:00","dateModified":"2022-12-23T19:26:48+00:00","author":{"@id":"https:\/\/portalmf.com.br\/#\/schema\/person\/9ec101baf56233e53520c26de5d6f6f0"},"breadcrumb":{"@id":"https:\/\/portalmf.com.br\/index.php\/2022\/12\/23\/e-tempo-de-muito-trabalho-e-dedicacao-para-reerguer-a-cultura-diz-margareth\/#breadcrumb"},"inLanguage":"pt-BR","potentialAction":[{"@type":"ReadAction","target":["https:\/\/portalmf.com.br\/index.php\/2022\/12\/23\/e-tempo-de-muito-trabalho-e-dedicacao-para-reerguer-a-cultura-diz-margareth\/"]}]},{"@type":"ImageObject","inLanguage":"pt-BR","@id":"https:\/\/portalmf.com.br\/index.php\/2022\/12\/23\/e-tempo-de-muito-trabalho-e-dedicacao-para-reerguer-a-cultura-diz-margareth\/#primaryimage","url":"https:\/\/portalmf.com.br\/wp-content\/uploads\/2022\/12\/Fkmx_KtX0AAt_WV.jpg","contentUrl":"https:\/\/portalmf.com.br\/wp-content\/uploads\/2022\/12\/Fkmx_KtX0AAt_WV.jpg","width":1600,"height":1218,"caption":"Foto: Ricardo Stuckert"},{"@type":"BreadcrumbList","@id":"https:\/\/portalmf.com.br\/index.php\/2022\/12\/23\/e-tempo-de-muito-trabalho-e-dedicacao-para-reerguer-a-cultura-diz-margareth\/#breadcrumb","itemListElement":[{"@type":"ListItem","position":1,"name":"In\u00edcio","item":"https:\/\/portalmf.com.br\/"},{"@type":"ListItem","position":2,"name":"\u2018\u00c9 tempo de muito trabalho e dedica\u00e7\u00e3o para reerguer a Cultura\u2019, diz Margareth"}]},{"@type":"WebSite","@id":"https:\/\/portalmf.com.br\/#website","url":"https:\/\/portalmf.com.br\/","name":"Portal MF","description":"Voc\u00ea conectado com a informa\u00e7\u00e3o","potentialAction":[{"@type":"SearchAction","target":{"@type":"EntryPoint","urlTemplate":"https:\/\/portalmf.com.br\/?s={search_term_string}"},"query-input":"required name=search_term_string"}],"inLanguage":"pt-BR"},{"@type":"Person","@id":"https:\/\/portalmf.com.br\/#\/schema\/person\/9ec101baf56233e53520c26de5d6f6f0","name":"Reda\u00e7\u00e3o Portal MF","image":{"@type":"ImageObject","inLanguage":"pt-BR","@id":"https:\/\/portalmf.com.br\/#\/schema\/person\/image\/","url":"https:\/\/secure.gravatar.com\/avatar\/41b9aaeb2100835f7c64362330f74c7f?s=96&d=mm&r=g","contentUrl":"https:\/\/secure.gravatar.com\/avatar\/41b9aaeb2100835f7c64362330f74c7f?s=96&d=mm&r=g","caption":"Reda\u00e7\u00e3o Portal MF"},"description":"Sejam bem-vindos o portal de informa\u00e7\u00f5es de entretenimento de Feira de Santana, desde 2006 realiza coberturas dos principais eventos com entrevistas exclusivas com as principais personalidades mundiais. Fique conectado tamb\u00e9m nas redes sociais.","sameAs":["http:\/\/www.portalmf.com.br\/","https:\/\/www.facebook.com\/portalmfoficial","https:\/\/www.instagram.com\/portalmf\/","https:\/\/x.com\/https:\/\/x.com\/portalmfoficial","https:\/\/www.youtube.com\/@portalmfoficial"],"url":"https:\/\/portalmf.com.br\/index.php\/author\/junior\/"}]}},"_links":{"self":[{"href":"https:\/\/portalmf.com.br\/index.php\/wp-json\/wp\/v2\/posts\/7103"}],"collection":[{"href":"https:\/\/portalmf.com.br\/index.php\/wp-json\/wp\/v2\/posts"}],"about":[{"href":"https:\/\/portalmf.com.br\/index.php\/wp-json\/wp\/v2\/types\/post"}],"author":[{"embeddable":true,"href":"https:\/\/portalmf.com.br\/index.php\/wp-json\/wp\/v2\/users\/3"}],"replies":[{"embeddable":true,"href":"https:\/\/portalmf.com.br\/index.php\/wp-json\/wp\/v2\/comments?post=7103"}],"version-history":[{"count":1,"href":"https:\/\/portalmf.com.br\/index.php\/wp-json\/wp\/v2\/posts\/7103\/revisions"}],"predecessor-version":[{"id":7105,"href":"https:\/\/portalmf.com.br\/index.php\/wp-json\/wp\/v2\/posts\/7103\/revisions\/7105"}],"wp:featuredmedia":[{"embeddable":true,"href":"https:\/\/portalmf.com.br\/index.php\/wp-json\/wp\/v2\/media\/7104"}],"wp:attachment":[{"href":"https:\/\/portalmf.com.br\/index.php\/wp-json\/wp\/v2\/media?parent=7103"}],"wp:term":[{"taxonomy":"category","embeddable":true,"href":"https:\/\/portalmf.com.br\/index.php\/wp-json\/wp\/v2\/categories?post=7103"},{"taxonomy":"post_tag","embeddable":true,"href":"https:\/\/portalmf.com.br\/index.php\/wp-json\/wp\/v2\/tags?post=7103"}],"curies":[{"name":"wp","href":"https:\/\/api.w.org\/{rel}","templated":true}]}}