{"id":7088,"date":"2022-12-22T17:44:39","date_gmt":"2022-12-22T20:44:39","guid":{"rendered":"https:\/\/portalmf.com.br\/?p=7088"},"modified":"2022-12-22T17:44:40","modified_gmt":"2022-12-22T20:44:40","slug":"camarote-reveillon-da-virada-tera-virada-de-lote-nesta-sexta-feira-23","status":"publish","type":"post","link":"https:\/\/portalmf.com.br\/index.php\/2022\/12\/22\/camarote-reveillon-da-virada-tera-virada-de-lote-nesta-sexta-feira-23\/","title":{"rendered":"Camarote R\u00e9veillon da Virada ter\u00e1 virada de lote nesta sexta-feira (23)"},"content":{"rendered":"\n<p>O p\u00fablico que deseja curtir os shows do Festival Virada Salvador com vista privilegiada, mais conforto, seguran\u00e7a e servi\u00e7os de qualidade, poder\u00e1 adquirir o acesso ao Camarote R\u00e9veillon da Virada por um pre\u00e7o menor at\u00e9 esta sexta-feira (23). No dia 23 de dezembro, sexta-feira, os ingressos passar\u00e3o por um aumento na virada de lote.<\/p>\n\n\n\n<p>O Camarote R\u00e9veillon da Virada estar\u00e1 localizado na Arena Daniela Mercury, na Orla da Boca do Rio, de 28 de dezembro a 1\u00ba de janeiro, durante o Festival Virada Salvador, considerado o maior evento de r\u00e9veillon do pa\u00eds. O p\u00fablico poder\u00e1 escolher entre os setores Virada, que possui acesso \u00e0 frente do palco, e o Elegance.<\/p>\n\n\n\n<p>Na noite de 31\/12 o espa\u00e7o ir\u00e1 oferecer servi\u00e7o all inclusive nos dois setores. O Elegance contar\u00e1 com finger food (pizza, hamburguer e acaraj\u00e9) e open bar de cerveja, \u00e1gua, refrigerante, vodka nacional, whisky 8 anos, gin, t\u00f4nica e espumante (23h as 01h). No setor Virada, al\u00e9m de pizza, hamburguer e acaraj\u00e9, o p\u00fablico poder\u00e1 degustar tamb\u00e9m picol\u00e9, temaki e outros <\/p>\n\n\n\n<p>uitutes, al\u00e9m do open bar premium de cerveja, \u00e1gua, refrigerante, vodka importada, whisky 12 anos, gin, t\u00f4nica e espumante.<br>Durante os quatro dias de festa, os maiores artistas do pa\u00eds passam pelo Festival Virada Salvador, como Ivete, Dilsinho, Xand Avi\u00e3o, Jorge &amp; Mateus, Psirico, L\u00e9o Santana, Alok, Wesley Safad\u00e3o, Cl\u00e1udia Leitte, Jo\u00e3o Gomes e muito mais. A realiza\u00e7\u00e3o do Camarote R\u00e9veillon da Virada \u00e9 da On Line Entretenimento.<\/p>\n","protected":false},"excerpt":{"rendered":"<p>O p\u00fablico que deseja curtir os shows do Festival Virada Salvador com vista privilegiada, mais conforto, seguran\u00e7a e servi\u00e7os de qualidade, poder\u00e1 adquirir o acesso ao Camarote R\u00e9veillon da Virada por um pre\u00e7o menor at\u00e9 esta sexta-feira (23). No dia 23 de dezembro, sexta-feira, os ingressos passar\u00e3o por um aumento na virada de lote. O [&hellip;]<\/p>\n","protected":false},"author":3,"featured_media":7089,"comment_status":"open","ping_status":"open","sticky":false,"template":"","format":"standard","meta":{"_monsterinsights_skip_tracking":false,"_monsterinsights_sitenote_active":false,"_monsterinsights_sitenote_note":"","_monsterinsights_sitenote_category":0,"footnotes":""},"categories":[45],"tags":[],"yoast_head":"<!-- This site is optimized with the Yoast SEO plugin v22.9 - https:\/\/yoast.com\/wordpress\/plugins\/seo\/ -->\n<title>Camarote R\u00e9veillon da Virada ter\u00e1 virada de lote nesta sexta-feira (23) - Portal MF<\/title>\n<meta name=\"robots\" content=\"index, follow, max-snippet:-1, max-image-preview:large, max-video-preview:-1\" \/>\n<link rel=\"canonical\" href=\"https:\/\/portalmf.com.br\/index.php\/2022\/12\/22\/camarote-reveillon-da-virada-tera-virada-de-lote-nesta-sexta-feira-23\/\" \/>\n<meta property=\"og:locale\" content=\"pt_BR\" \/>\n<meta property=\"og:type\" content=\"article\" \/>\n<meta property=\"og:title\" content=\"Camarote R\u00e9veillon da Virada ter\u00e1 virada de lote nesta sexta-feira (23) - Portal MF\" \/>\n<meta property=\"og:description\" content=\"O p\u00fablico que deseja curtir os shows do Festival Virada Salvador com vista privilegiada, mais conforto, seguran\u00e7a e servi\u00e7os de qualidade, poder\u00e1 adquirir o acesso ao Camarote R\u00e9veillon da Virada por um pre\u00e7o menor at\u00e9 esta sexta-feira (23). No dia 23 de dezembro, sexta-feira, os ingressos passar\u00e3o por um aumento na virada de lote. O [&hellip;]\" \/>\n<meta property=\"og:url\" content=\"https:\/\/portalmf.com.br\/index.php\/2022\/12\/22\/camarote-reveillon-da-virada-tera-virada-de-lote-nesta-sexta-feira-23\/\" \/>\n<meta property=\"og:site_name\" content=\"Portal MF\" \/>\n<meta property=\"article:author\" content=\"https:\/\/www.facebook.com\/portalmfoficial\" \/>\n<meta property=\"article:published_time\" content=\"2022-12-22T20:44:39+00:00\" \/>\n<meta property=\"article:modified_time\" content=\"2022-12-22T20:44:40+00:00\" \/>\n<meta property=\"og:image\" content=\"https:\/\/portalmf.com.br\/wp-content\/uploads\/2022\/12\/Camarote-Reveillon-da-Virada-tera-virada-de-lote-nesta-sexta-feira-23.jpeg\" \/>\n\t<meta property=\"og:image:width\" content=\"1026\" \/>\n\t<meta property=\"og:image:height\" content=\"1280\" \/>\n\t<meta property=\"og:image:type\" content=\"image\/jpeg\" \/>\n<meta name=\"author\" content=\"Reda\u00e7\u00e3o Portal MF\" \/>\n<meta name=\"twitter:card\" content=\"summary_large_image\" \/>\n<meta name=\"twitter:creator\" content=\"@https:\/\/x.com\/portalmfoficial\" \/>\n<meta name=\"twitter:label1\" content=\"Escrito por\" \/>\n\t<meta name=\"twitter:data1\" content=\"Reda\u00e7\u00e3o Portal MF\" \/>\n\t<meta name=\"twitter:label2\" content=\"Est. tempo de leitura\" \/>\n\t<meta name=\"twitter:data2\" content=\"2 minutos\" \/>\n<script type=\"application\/ld+json\" class=\"yoast-schema-graph\">{\"@context\":\"https:\/\/schema.org\",\"@graph\":[{\"@type\":\"WebPage\",\"@id\":\"https:\/\/portalmf.com.br\/index.php\/2022\/12\/22\/camarote-reveillon-da-virada-tera-virada-de-lote-nesta-sexta-feira-23\/\",\"url\":\"https:\/\/portalmf.com.br\/index.php\/2022\/12\/22\/camarote-reveillon-da-virada-tera-virada-de-lote-nesta-sexta-feira-23\/\",\"name\":\"Camarote R\u00e9veillon da Virada ter\u00e1 virada de lote nesta sexta-feira (23) - Portal MF\",\"isPartOf\":{\"@id\":\"https:\/\/portalmf.com.br\/#website\"},\"primaryImageOfPage\":{\"@id\":\"https:\/\/portalmf.com.br\/index.php\/2022\/12\/22\/camarote-reveillon-da-virada-tera-virada-de-lote-nesta-sexta-feira-23\/#primaryimage\"},\"image\":{\"@id\":\"https:\/\/portalmf.com.br\/index.php\/2022\/12\/22\/camarote-reveillon-da-virada-tera-virada-de-lote-nesta-sexta-feira-23\/#primaryimage\"},\"thumbnailUrl\":\"https:\/\/portalmf.com.br\/wp-content\/uploads\/2022\/12\/Camarote-Reveillon-da-Virada-tera-virada-de-lote-nesta-sexta-feira-23.jpeg\",\"datePublished\":\"2022-12-22T20:44:39+00:00\",\"dateModified\":\"2022-12-22T20:44:40+00:00\",\"author\":{\"@id\":\"https:\/\/portalmf.com.br\/#\/schema\/person\/9ec101baf56233e53520c26de5d6f6f0\"},\"breadcrumb\":{\"@id\":\"https:\/\/portalmf.com.br\/index.php\/2022\/12\/22\/camarote-reveillon-da-virada-tera-virada-de-lote-nesta-sexta-feira-23\/#breadcrumb\"},\"inLanguage\":\"pt-BR\",\"potentialAction\":[{\"@type\":\"ReadAction\",\"target\":[\"https:\/\/portalmf.com.br\/index.php\/2022\/12\/22\/camarote-reveillon-da-virada-tera-virada-de-lote-nesta-sexta-feira-23\/\"]}]},{\"@type\":\"ImageObject\",\"inLanguage\":\"pt-BR\",\"@id\":\"https:\/\/portalmf.com.br\/index.php\/2022\/12\/22\/camarote-reveillon-da-virada-tera-virada-de-lote-nesta-sexta-feira-23\/#primaryimage\",\"url\":\"https:\/\/portalmf.com.br\/wp-content\/uploads\/2022\/12\/Camarote-Reveillon-da-Virada-tera-virada-de-lote-nesta-sexta-feira-23.jpeg\",\"contentUrl\":\"https:\/\/portalmf.com.br\/wp-content\/uploads\/2022\/12\/Camarote-Reveillon-da-Virada-tera-virada-de-lote-nesta-sexta-feira-23.jpeg\",\"width\":1026,\"height\":1280},{\"@type\":\"BreadcrumbList\",\"@id\":\"https:\/\/portalmf.com.br\/index.php\/2022\/12\/22\/camarote-reveillon-da-virada-tera-virada-de-lote-nesta-sexta-feira-23\/#breadcrumb\",\"itemListElement\":[{\"@type\":\"ListItem\",\"position\":1,\"name\":\"In\u00edcio\",\"item\":\"https:\/\/portalmf.com.br\/\"},{\"@type\":\"ListItem\",\"position\":2,\"name\":\"Camarote R\u00e9veillon da Virada ter\u00e1 virada de lote nesta sexta-feira (23)\"}]},{\"@type\":\"WebSite\",\"@id\":\"https:\/\/portalmf.com.br\/#website\",\"url\":\"https:\/\/portalmf.com.br\/\",\"name\":\"Portal MF\",\"description\":\"Voc\u00ea conectado com a informa\u00e7\u00e3o\",\"potentialAction\":[{\"@type\":\"SearchAction\",\"target\":{\"@type\":\"EntryPoint\",\"urlTemplate\":\"https:\/\/portalmf.com.br\/?s={search_term_string}\"},\"query-input\":\"required name=search_term_string\"}],\"inLanguage\":\"pt-BR\"},{\"@type\":\"Person\",\"@id\":\"https:\/\/portalmf.com.br\/#\/schema\/person\/9ec101baf56233e53520c26de5d6f6f0\",\"name\":\"Reda\u00e7\u00e3o Portal MF\",\"image\":{\"@type\":\"ImageObject\",\"inLanguage\":\"pt-BR\",\"@id\":\"https:\/\/portalmf.com.br\/#\/schema\/person\/image\/\",\"url\":\"https:\/\/secure.gravatar.com\/avatar\/41b9aaeb2100835f7c64362330f74c7f?s=96&d=mm&r=g\",\"contentUrl\":\"https:\/\/secure.gravatar.com\/avatar\/41b9aaeb2100835f7c64362330f74c7f?s=96&d=mm&r=g\",\"caption\":\"Reda\u00e7\u00e3o Portal MF\"},\"description\":\"Sejam bem-vindos o portal de informa\u00e7\u00f5es de entretenimento de Feira de Santana, desde 2006 realiza coberturas dos principais eventos com entrevistas exclusivas com as principais personalidades mundiais. Fique conectado tamb\u00e9m nas redes sociais.\",\"sameAs\":[\"http:\/\/www.portalmf.com.br\/\",\"https:\/\/www.facebook.com\/portalmfoficial\",\"https:\/\/www.instagram.com\/portalmf\/\",\"https:\/\/x.com\/https:\/\/x.com\/portalmfoficial\",\"https:\/\/www.youtube.com\/@portalmfoficial\"],\"url\":\"https:\/\/portalmf.com.br\/index.php\/author\/junior\/\"}]}<\/script>\n<!-- \/ Yoast SEO plugin. -->","yoast_head_json":{"title":"Camarote R\u00e9veillon da Virada ter\u00e1 virada de lote nesta sexta-feira (23) - Portal MF","robots":{"index":"index","follow":"follow","max-snippet":"max-snippet:-1","max-image-preview":"max-image-preview:large","max-video-preview":"max-video-preview:-1"},"canonical":"https:\/\/portalmf.com.br\/index.php\/2022\/12\/22\/camarote-reveillon-da-virada-tera-virada-de-lote-nesta-sexta-feira-23\/","og_locale":"pt_BR","og_type":"article","og_title":"Camarote R\u00e9veillon da Virada ter\u00e1 virada de lote nesta sexta-feira (23) - Portal MF","og_description":"O p\u00fablico que deseja curtir os shows do Festival Virada Salvador com vista privilegiada, mais conforto, seguran\u00e7a e servi\u00e7os de qualidade, poder\u00e1 adquirir o acesso ao Camarote R\u00e9veillon da Virada por um pre\u00e7o menor at\u00e9 esta sexta-feira (23). No dia 23 de dezembro, sexta-feira, os ingressos passar\u00e3o por um aumento na virada de lote. O [&hellip;]","og_url":"https:\/\/portalmf.com.br\/index.php\/2022\/12\/22\/camarote-reveillon-da-virada-tera-virada-de-lote-nesta-sexta-feira-23\/","og_site_name":"Portal MF","article_author":"https:\/\/www.facebook.com\/portalmfoficial","article_published_time":"2022-12-22T20:44:39+00:00","article_modified_time":"2022-12-22T20:44:40+00:00","og_image":[{"width":1026,"height":1280,"url":"https:\/\/portalmf.com.br\/wp-content\/uploads\/2022\/12\/Camarote-Reveillon-da-Virada-tera-virada-de-lote-nesta-sexta-feira-23.jpeg","type":"image\/jpeg"}],"author":"Reda\u00e7\u00e3o Portal MF","twitter_card":"summary_large_image","twitter_creator":"@https:\/\/x.com\/portalmfoficial","twitter_misc":{"Escrito por":"Reda\u00e7\u00e3o Portal MF","Est. tempo de leitura":"2 minutos"},"schema":{"@context":"https:\/\/schema.org","@graph":[{"@type":"WebPage","@id":"https:\/\/portalmf.com.br\/index.php\/2022\/12\/22\/camarote-reveillon-da-virada-tera-virada-de-lote-nesta-sexta-feira-23\/","url":"https:\/\/portalmf.com.br\/index.php\/2022\/12\/22\/camarote-reveillon-da-virada-tera-virada-de-lote-nesta-sexta-feira-23\/","name":"Camarote R\u00e9veillon da Virada ter\u00e1 virada de lote nesta sexta-feira (23) - Portal MF","isPartOf":{"@id":"https:\/\/portalmf.com.br\/#website"},"primaryImageOfPage":{"@id":"https:\/\/portalmf.com.br\/index.php\/2022\/12\/22\/camarote-reveillon-da-virada-tera-virada-de-lote-nesta-sexta-feira-23\/#primaryimage"},"image":{"@id":"https:\/\/portalmf.com.br\/index.php\/2022\/12\/22\/camarote-reveillon-da-virada-tera-virada-de-lote-nesta-sexta-feira-23\/#primaryimage"},"thumbnailUrl":"https:\/\/portalmf.com.br\/wp-content\/uploads\/2022\/12\/Camarote-Reveillon-da-Virada-tera-virada-de-lote-nesta-sexta-feira-23.jpeg","datePublished":"2022-12-22T20:44:39+00:00","dateModified":"2022-12-22T20:44:40+00:00","author":{"@id":"https:\/\/portalmf.com.br\/#\/schema\/person\/9ec101baf56233e53520c26de5d6f6f0"},"breadcrumb":{"@id":"https:\/\/portalmf.com.br\/index.php\/2022\/12\/22\/camarote-reveillon-da-virada-tera-virada-de-lote-nesta-sexta-feira-23\/#breadcrumb"},"inLanguage":"pt-BR","potentialAction":[{"@type":"ReadAction","target":["https:\/\/portalmf.com.br\/index.php\/2022\/12\/22\/camarote-reveillon-da-virada-tera-virada-de-lote-nesta-sexta-feira-23\/"]}]},{"@type":"ImageObject","inLanguage":"pt-BR","@id":"https:\/\/portalmf.com.br\/index.php\/2022\/12\/22\/camarote-reveillon-da-virada-tera-virada-de-lote-nesta-sexta-feira-23\/#primaryimage","url":"https:\/\/portalmf.com.br\/wp-content\/uploads\/2022\/12\/Camarote-Reveillon-da-Virada-tera-virada-de-lote-nesta-sexta-feira-23.jpeg","contentUrl":"https:\/\/portalmf.com.br\/wp-content\/uploads\/2022\/12\/Camarote-Reveillon-da-Virada-tera-virada-de-lote-nesta-sexta-feira-23.jpeg","width":1026,"height":1280},{"@type":"BreadcrumbList","@id":"https:\/\/portalmf.com.br\/index.php\/2022\/12\/22\/camarote-reveillon-da-virada-tera-virada-de-lote-nesta-sexta-feira-23\/#breadcrumb","itemListElement":[{"@type":"ListItem","position":1,"name":"In\u00edcio","item":"https:\/\/portalmf.com.br\/"},{"@type":"ListItem","position":2,"name":"Camarote R\u00e9veillon da Virada ter\u00e1 virada de lote nesta sexta-feira (23)"}]},{"@type":"WebSite","@id":"https:\/\/portalmf.com.br\/#website","url":"https:\/\/portalmf.com.br\/","name":"Portal MF","description":"Voc\u00ea conectado com a informa\u00e7\u00e3o","potentialAction":[{"@type":"SearchAction","target":{"@type":"EntryPoint","urlTemplate":"https:\/\/portalmf.com.br\/?s={search_term_string}"},"query-input":"required name=search_term_string"}],"inLanguage":"pt-BR"},{"@type":"Person","@id":"https:\/\/portalmf.com.br\/#\/schema\/person\/9ec101baf56233e53520c26de5d6f6f0","name":"Reda\u00e7\u00e3o Portal MF","image":{"@type":"ImageObject","inLanguage":"pt-BR","@id":"https:\/\/portalmf.com.br\/#\/schema\/person\/image\/","url":"https:\/\/secure.gravatar.com\/avatar\/41b9aaeb2100835f7c64362330f74c7f?s=96&d=mm&r=g","contentUrl":"https:\/\/secure.gravatar.com\/avatar\/41b9aaeb2100835f7c64362330f74c7f?s=96&d=mm&r=g","caption":"Reda\u00e7\u00e3o Portal MF"},"description":"Sejam bem-vindos o portal de informa\u00e7\u00f5es de entretenimento de Feira de Santana, desde 2006 realiza coberturas dos principais eventos com entrevistas exclusivas com as principais personalidades mundiais. Fique conectado tamb\u00e9m nas redes sociais.","sameAs":["http:\/\/www.portalmf.com.br\/","https:\/\/www.facebook.com\/portalmfoficial","https:\/\/www.instagram.com\/portalmf\/","https:\/\/x.com\/https:\/\/x.com\/portalmfoficial","https:\/\/www.youtube.com\/@portalmfoficial"],"url":"https:\/\/portalmf.com.br\/index.php\/author\/junior\/"}]}},"_links":{"self":[{"href":"https:\/\/portalmf.com.br\/index.php\/wp-json\/wp\/v2\/posts\/7088"}],"collection":[{"href":"https:\/\/portalmf.com.br\/index.php\/wp-json\/wp\/v2\/posts"}],"about":[{"href":"https:\/\/portalmf.com.br\/index.php\/wp-json\/wp\/v2\/types\/post"}],"author":[{"embeddable":true,"href":"https:\/\/portalmf.com.br\/index.php\/wp-json\/wp\/v2\/users\/3"}],"replies":[{"embeddable":true,"href":"https:\/\/portalmf.com.br\/index.php\/wp-json\/wp\/v2\/comments?post=7088"}],"version-history":[{"count":1,"href":"https:\/\/portalmf.com.br\/index.php\/wp-json\/wp\/v2\/posts\/7088\/revisions"}],"predecessor-version":[{"id":7090,"href":"https:\/\/portalmf.com.br\/index.php\/wp-json\/wp\/v2\/posts\/7088\/revisions\/7090"}],"wp:featuredmedia":[{"embeddable":true,"href":"https:\/\/portalmf.com.br\/index.php\/wp-json\/wp\/v2\/media\/7089"}],"wp:attachment":[{"href":"https:\/\/portalmf.com.br\/index.php\/wp-json\/wp\/v2\/media?parent=7088"}],"wp:term":[{"taxonomy":"category","embeddable":true,"href":"https:\/\/portalmf.com.br\/index.php\/wp-json\/wp\/v2\/categories?post=7088"},{"taxonomy":"post_tag","embeddable":true,"href":"https:\/\/portalmf.com.br\/index.php\/wp-json\/wp\/v2\/tags?post=7088"}],"curies":[{"name":"wp","href":"https:\/\/api.w.org\/{rel}","templated":true}]}}