{"id":7079,"date":"2022-12-22T17:15:00","date_gmt":"2022-12-22T20:15:00","guid":{"rendered":"https:\/\/portalmf.com.br\/?p=7079"},"modified":"2022-12-22T17:53:12","modified_gmt":"2022-12-22T20:53:12","slug":"globo-debocha-de-a-fazenda-em-divulgacao-do-bbb-23-isso-nao","status":"publish","type":"post","link":"https:\/\/portalmf.com.br\/index.php\/2022\/12\/22\/globo-debocha-de-a-fazenda-em-divulgacao-do-bbb-23-isso-nao\/","title":{"rendered":"Globo debocha de &#8216;A Fazenda&#8217; em divulga\u00e7\u00e3o do &#8216;BBB 23&#8217;: &#8216;Isso n\u00e3o&#8217;"},"content":{"rendered":"\n<p>O &#8220;BBB&nbsp;23&#8221; est\u00e1 marcado para estrear em 16 de janeiro e a Globo j\u00e1 est\u00e1 investindo na divulga\u00e7\u00e3o do reality show em diferentes plataformas. No entanto, um dos comerciais&nbsp;do Globoplay sobre o reality show chamou mais aten\u00e7\u00e3o do p\u00fablico, j\u00e1 que traz um&nbsp;deboche com &#8220;A Fazenda&#8221;.&nbsp;<\/p>\n\n\n\n<p>Na propaganda, o servi\u00e7o de streaming comenta o fim do primeiro bloco de &#8220;Todas as Flores&#8221; e sugere que o p\u00fablico pode acompanhar o &#8220;Big Brother&nbsp;Brasil&#8221; at\u00e9 o retorno da novela em 2023.&nbsp;Ao&nbsp;citar momentos marcantes do reality da Globo, como o quarto branco, a narra\u00e7\u00e3o do comercial manda uma indireta ao programa da&nbsp;Record.&nbsp;<\/p>\n\n\n\n<p>&#8220;N\u00e3o, n\u00e3o. Isso n\u00e3o&#8221;, afirma, ao trazer uma cena da novela com um di\u00e1logo dos personagens sobre uma &#8220;fazenda&#8221; da trama. Confira:<\/p>\n\n\n\n<figure class=\"wp-block-embed is-type-rich is-provider-twitter wp-block-embed-twitter\"><div class=\"wp-block-embed__wrapper\">\n<blockquote class=\"twitter-tweet\" data-width=\"550\" data-dnt=\"true\"><p lang=\"pt\" dir=\"ltr\">Not\u00edcia ruim: <a href=\"https:\/\/twitter.com\/hashtag\/TodasAsFlores?src=hash&amp;ref_src=twsrc%5Etfw\">#TodasAsFlores<\/a> s\u00f3 volta em Abril \ud83e\udd74<br>Not\u00edcia boa: Tem <a href=\"https:\/\/twitter.com\/hashtag\/BBB23?src=hash&amp;ref_src=twsrc%5Etfw\">#BBB23<\/a> pra preencher meu cora\u00e7\u00e3o! \ud83e\udd17<br><br>2023, me sinto PRONTO! \ud83e\udd29\ud83d\udc83 <a href=\"https:\/\/t.co\/TTGKJyiJdg\">pic.twitter.com\/TTGKJyiJdg<\/a><\/p>&mdash; globoplay (@globoplay) <a href=\"https:\/\/twitter.com\/globoplay\/status\/1605716031959343105?ref_src=twsrc%5Etfw\">December 22, 2022<\/a><\/blockquote><script async src=\"https:\/\/platform.twitter.com\/widgets.js\" charset=\"utf-8\"><\/script>\n<\/div><\/figure>\n\n\n\n<p>A nova edi\u00e7\u00e3o do &#8220;BBB&#8221; promete trazer algumas mudan\u00e7as em rela\u00e7\u00e3o \u00e0s temporadas anteriores. O programa voltar\u00e1 a ter o p\u00fablico presencial nas plateias durante as elimina\u00e7\u00f5es, uma casa de vidro come\u00e7ar\u00e1 antes do come\u00e7o do confinamento e o diretor Boninho ainda prometeu mudar o visual dos &#8220;dummies&#8221;.&nbsp;<\/p>\n\n\n\n<p>Com informa\u00e7\u00f5es do IG<\/p>\n","protected":false},"excerpt":{"rendered":"<p>O &#8220;BBB&nbsp;23&#8221; est\u00e1 marcado para estrear em 16 de janeiro e a Globo j\u00e1 est\u00e1 investindo na divulga\u00e7\u00e3o do reality show em diferentes plataformas. No entanto, um dos comerciais&nbsp;do Globoplay sobre o reality show chamou mais aten\u00e7\u00e3o do p\u00fablico, j\u00e1 que traz um&nbsp;deboche com &#8220;A Fazenda&#8221;.&nbsp; Na propaganda, o servi\u00e7o de streaming comenta o fim [&hellip;]<\/p>\n","protected":false},"author":3,"featured_media":7080,"comment_status":"open","ping_status":"open","sticky":false,"template":"","format":"standard","meta":{"_monsterinsights_skip_tracking":false,"_monsterinsights_sitenote_active":false,"_monsterinsights_sitenote_note":"","_monsterinsights_sitenote_category":0,"footnotes":""},"categories":[47,43],"tags":[],"yoast_head":"<!-- This site is optimized with the Yoast SEO plugin v22.9 - https:\/\/yoast.com\/wordpress\/plugins\/seo\/ -->\n<title>Globo debocha de &#039;A Fazenda&#039; em divulga\u00e7\u00e3o do &#039;BBB 23&#039;: &#039;Isso n\u00e3o&#039; - Portal MF<\/title>\n<meta name=\"robots\" content=\"index, follow, max-snippet:-1, max-image-preview:large, max-video-preview:-1\" \/>\n<link rel=\"canonical\" href=\"https:\/\/portalmf.com.br\/index.php\/2022\/12\/22\/globo-debocha-de-a-fazenda-em-divulgacao-do-bbb-23-isso-nao\/\" \/>\n<meta property=\"og:locale\" content=\"pt_BR\" \/>\n<meta property=\"og:type\" content=\"article\" \/>\n<meta property=\"og:title\" content=\"Globo debocha de &#039;A Fazenda&#039; em divulga\u00e7\u00e3o do &#039;BBB 23&#039;: &#039;Isso n\u00e3o&#039; - Portal MF\" \/>\n<meta property=\"og:description\" content=\"O &#8220;BBB&nbsp;23&#8221; est\u00e1 marcado para estrear em 16 de janeiro e a Globo j\u00e1 est\u00e1 investindo na divulga\u00e7\u00e3o do reality show em diferentes plataformas. No entanto, um dos comerciais&nbsp;do Globoplay sobre o reality show chamou mais aten\u00e7\u00e3o do p\u00fablico, j\u00e1 que traz um&nbsp;deboche com &#8220;A Fazenda&#8221;.&nbsp; Na propaganda, o servi\u00e7o de streaming comenta o fim [&hellip;]\" \/>\n<meta property=\"og:url\" content=\"https:\/\/portalmf.com.br\/index.php\/2022\/12\/22\/globo-debocha-de-a-fazenda-em-divulgacao-do-bbb-23-isso-nao\/\" \/>\n<meta property=\"og:site_name\" content=\"Portal MF\" \/>\n<meta property=\"article:author\" content=\"https:\/\/www.facebook.com\/portalmfoficial\" \/>\n<meta property=\"article:published_time\" content=\"2022-12-22T20:15:00+00:00\" \/>\n<meta property=\"article:modified_time\" content=\"2022-12-22T20:53:12+00:00\" \/>\n<meta property=\"og:image\" content=\"https:\/\/portalmf.com.br\/wp-content\/uploads\/2022\/12\/BBB-Boninho.jpg\" \/>\n\t<meta property=\"og:image:width\" content=\"906\" \/>\n\t<meta property=\"og:image:height\" content=\"509\" \/>\n\t<meta property=\"og:image:type\" content=\"image\/jpeg\" \/>\n<meta name=\"author\" content=\"Reda\u00e7\u00e3o Portal MF\" \/>\n<meta name=\"twitter:card\" content=\"summary_large_image\" \/>\n<meta name=\"twitter:creator\" content=\"@https:\/\/x.com\/portalmfoficial\" \/>\n<meta name=\"twitter:label1\" content=\"Escrito por\" \/>\n\t<meta name=\"twitter:data1\" content=\"Reda\u00e7\u00e3o Portal MF\" \/>\n\t<meta name=\"twitter:label2\" content=\"Est. tempo de leitura\" \/>\n\t<meta name=\"twitter:data2\" content=\"1 minuto\" \/>\n<script type=\"application\/ld+json\" class=\"yoast-schema-graph\">{\"@context\":\"https:\/\/schema.org\",\"@graph\":[{\"@type\":\"WebPage\",\"@id\":\"https:\/\/portalmf.com.br\/index.php\/2022\/12\/22\/globo-debocha-de-a-fazenda-em-divulgacao-do-bbb-23-isso-nao\/\",\"url\":\"https:\/\/portalmf.com.br\/index.php\/2022\/12\/22\/globo-debocha-de-a-fazenda-em-divulgacao-do-bbb-23-isso-nao\/\",\"name\":\"Globo debocha de 'A Fazenda' em divulga\u00e7\u00e3o do 'BBB 23': 'Isso n\u00e3o' - Portal MF\",\"isPartOf\":{\"@id\":\"https:\/\/portalmf.com.br\/#website\"},\"primaryImageOfPage\":{\"@id\":\"https:\/\/portalmf.com.br\/index.php\/2022\/12\/22\/globo-debocha-de-a-fazenda-em-divulgacao-do-bbb-23-isso-nao\/#primaryimage\"},\"image\":{\"@id\":\"https:\/\/portalmf.com.br\/index.php\/2022\/12\/22\/globo-debocha-de-a-fazenda-em-divulgacao-do-bbb-23-isso-nao\/#primaryimage\"},\"thumbnailUrl\":\"https:\/\/portalmf.com.br\/wp-content\/uploads\/2022\/12\/BBB-Boninho.jpg\",\"datePublished\":\"2022-12-22T20:15:00+00:00\",\"dateModified\":\"2022-12-22T20:53:12+00:00\",\"author\":{\"@id\":\"https:\/\/portalmf.com.br\/#\/schema\/person\/9ec101baf56233e53520c26de5d6f6f0\"},\"breadcrumb\":{\"@id\":\"https:\/\/portalmf.com.br\/index.php\/2022\/12\/22\/globo-debocha-de-a-fazenda-em-divulgacao-do-bbb-23-isso-nao\/#breadcrumb\"},\"inLanguage\":\"pt-BR\",\"potentialAction\":[{\"@type\":\"ReadAction\",\"target\":[\"https:\/\/portalmf.com.br\/index.php\/2022\/12\/22\/globo-debocha-de-a-fazenda-em-divulgacao-do-bbb-23-isso-nao\/\"]}]},{\"@type\":\"ImageObject\",\"inLanguage\":\"pt-BR\",\"@id\":\"https:\/\/portalmf.com.br\/index.php\/2022\/12\/22\/globo-debocha-de-a-fazenda-em-divulgacao-do-bbb-23-isso-nao\/#primaryimage\",\"url\":\"https:\/\/portalmf.com.br\/wp-content\/uploads\/2022\/12\/BBB-Boninho.jpg\",\"contentUrl\":\"https:\/\/portalmf.com.br\/wp-content\/uploads\/2022\/12\/BBB-Boninho.jpg\",\"width\":906,\"height\":509,\"caption\":\"Foto: Reprodu\u00e7\u00e3o\/Instagram\"},{\"@type\":\"BreadcrumbList\",\"@id\":\"https:\/\/portalmf.com.br\/index.php\/2022\/12\/22\/globo-debocha-de-a-fazenda-em-divulgacao-do-bbb-23-isso-nao\/#breadcrumb\",\"itemListElement\":[{\"@type\":\"ListItem\",\"position\":1,\"name\":\"In\u00edcio\",\"item\":\"https:\/\/portalmf.com.br\/\"},{\"@type\":\"ListItem\",\"position\":2,\"name\":\"Globo debocha de &#8216;A Fazenda&#8217; em divulga\u00e7\u00e3o do &#8216;BBB 23&#8217;: &#8216;Isso n\u00e3o&#8217;\"}]},{\"@type\":\"WebSite\",\"@id\":\"https:\/\/portalmf.com.br\/#website\",\"url\":\"https:\/\/portalmf.com.br\/\",\"name\":\"Portal MF\",\"description\":\"Voc\u00ea conectado com a informa\u00e7\u00e3o\",\"potentialAction\":[{\"@type\":\"SearchAction\",\"target\":{\"@type\":\"EntryPoint\",\"urlTemplate\":\"https:\/\/portalmf.com.br\/?s={search_term_string}\"},\"query-input\":\"required name=search_term_string\"}],\"inLanguage\":\"pt-BR\"},{\"@type\":\"Person\",\"@id\":\"https:\/\/portalmf.com.br\/#\/schema\/person\/9ec101baf56233e53520c26de5d6f6f0\",\"name\":\"Reda\u00e7\u00e3o Portal MF\",\"image\":{\"@type\":\"ImageObject\",\"inLanguage\":\"pt-BR\",\"@id\":\"https:\/\/portalmf.com.br\/#\/schema\/person\/image\/\",\"url\":\"https:\/\/secure.gravatar.com\/avatar\/41b9aaeb2100835f7c64362330f74c7f?s=96&d=mm&r=g\",\"contentUrl\":\"https:\/\/secure.gravatar.com\/avatar\/41b9aaeb2100835f7c64362330f74c7f?s=96&d=mm&r=g\",\"caption\":\"Reda\u00e7\u00e3o Portal MF\"},\"description\":\"Sejam bem-vindos o portal de informa\u00e7\u00f5es de entretenimento de Feira de Santana, desde 2006 realiza coberturas dos principais eventos com entrevistas exclusivas com as principais personalidades mundiais. Fique conectado tamb\u00e9m nas redes sociais.\",\"sameAs\":[\"http:\/\/www.portalmf.com.br\/\",\"https:\/\/www.facebook.com\/portalmfoficial\",\"https:\/\/www.instagram.com\/portalmf\/\",\"https:\/\/x.com\/https:\/\/x.com\/portalmfoficial\",\"https:\/\/www.youtube.com\/@portalmfoficial\"],\"url\":\"https:\/\/portalmf.com.br\/index.php\/author\/junior\/\"}]}<\/script>\n<!-- \/ Yoast SEO plugin. -->","yoast_head_json":{"title":"Globo debocha de 'A Fazenda' em divulga\u00e7\u00e3o do 'BBB 23': 'Isso n\u00e3o' - Portal MF","robots":{"index":"index","follow":"follow","max-snippet":"max-snippet:-1","max-image-preview":"max-image-preview:large","max-video-preview":"max-video-preview:-1"},"canonical":"https:\/\/portalmf.com.br\/index.php\/2022\/12\/22\/globo-debocha-de-a-fazenda-em-divulgacao-do-bbb-23-isso-nao\/","og_locale":"pt_BR","og_type":"article","og_title":"Globo debocha de 'A Fazenda' em divulga\u00e7\u00e3o do 'BBB 23': 'Isso n\u00e3o' - Portal MF","og_description":"O &#8220;BBB&nbsp;23&#8221; est\u00e1 marcado para estrear em 16 de janeiro e a Globo j\u00e1 est\u00e1 investindo na divulga\u00e7\u00e3o do reality show em diferentes plataformas. No entanto, um dos comerciais&nbsp;do Globoplay sobre o reality show chamou mais aten\u00e7\u00e3o do p\u00fablico, j\u00e1 que traz um&nbsp;deboche com &#8220;A Fazenda&#8221;.&nbsp; Na propaganda, o servi\u00e7o de streaming comenta o fim [&hellip;]","og_url":"https:\/\/portalmf.com.br\/index.php\/2022\/12\/22\/globo-debocha-de-a-fazenda-em-divulgacao-do-bbb-23-isso-nao\/","og_site_name":"Portal MF","article_author":"https:\/\/www.facebook.com\/portalmfoficial","article_published_time":"2022-12-22T20:15:00+00:00","article_modified_time":"2022-12-22T20:53:12+00:00","og_image":[{"width":906,"height":509,"url":"https:\/\/portalmf.com.br\/wp-content\/uploads\/2022\/12\/BBB-Boninho.jpg","type":"image\/jpeg"}],"author":"Reda\u00e7\u00e3o Portal MF","twitter_card":"summary_large_image","twitter_creator":"@https:\/\/x.com\/portalmfoficial","twitter_misc":{"Escrito por":"Reda\u00e7\u00e3o Portal MF","Est. tempo de leitura":"1 minuto"},"schema":{"@context":"https:\/\/schema.org","@graph":[{"@type":"WebPage","@id":"https:\/\/portalmf.com.br\/index.php\/2022\/12\/22\/globo-debocha-de-a-fazenda-em-divulgacao-do-bbb-23-isso-nao\/","url":"https:\/\/portalmf.com.br\/index.php\/2022\/12\/22\/globo-debocha-de-a-fazenda-em-divulgacao-do-bbb-23-isso-nao\/","name":"Globo debocha de 'A Fazenda' em divulga\u00e7\u00e3o do 'BBB 23': 'Isso n\u00e3o' - Portal MF","isPartOf":{"@id":"https:\/\/portalmf.com.br\/#website"},"primaryImageOfPage":{"@id":"https:\/\/portalmf.com.br\/index.php\/2022\/12\/22\/globo-debocha-de-a-fazenda-em-divulgacao-do-bbb-23-isso-nao\/#primaryimage"},"image":{"@id":"https:\/\/portalmf.com.br\/index.php\/2022\/12\/22\/globo-debocha-de-a-fazenda-em-divulgacao-do-bbb-23-isso-nao\/#primaryimage"},"thumbnailUrl":"https:\/\/portalmf.com.br\/wp-content\/uploads\/2022\/12\/BBB-Boninho.jpg","datePublished":"2022-12-22T20:15:00+00:00","dateModified":"2022-12-22T20:53:12+00:00","author":{"@id":"https:\/\/portalmf.com.br\/#\/schema\/person\/9ec101baf56233e53520c26de5d6f6f0"},"breadcrumb":{"@id":"https:\/\/portalmf.com.br\/index.php\/2022\/12\/22\/globo-debocha-de-a-fazenda-em-divulgacao-do-bbb-23-isso-nao\/#breadcrumb"},"inLanguage":"pt-BR","potentialAction":[{"@type":"ReadAction","target":["https:\/\/portalmf.com.br\/index.php\/2022\/12\/22\/globo-debocha-de-a-fazenda-em-divulgacao-do-bbb-23-isso-nao\/"]}]},{"@type":"ImageObject","inLanguage":"pt-BR","@id":"https:\/\/portalmf.com.br\/index.php\/2022\/12\/22\/globo-debocha-de-a-fazenda-em-divulgacao-do-bbb-23-isso-nao\/#primaryimage","url":"https:\/\/portalmf.com.br\/wp-content\/uploads\/2022\/12\/BBB-Boninho.jpg","contentUrl":"https:\/\/portalmf.com.br\/wp-content\/uploads\/2022\/12\/BBB-Boninho.jpg","width":906,"height":509,"caption":"Foto: Reprodu\u00e7\u00e3o\/Instagram"},{"@type":"BreadcrumbList","@id":"https:\/\/portalmf.com.br\/index.php\/2022\/12\/22\/globo-debocha-de-a-fazenda-em-divulgacao-do-bbb-23-isso-nao\/#breadcrumb","itemListElement":[{"@type":"ListItem","position":1,"name":"In\u00edcio","item":"https:\/\/portalmf.com.br\/"},{"@type":"ListItem","position":2,"name":"Globo debocha de &#8216;A Fazenda&#8217; em divulga\u00e7\u00e3o do &#8216;BBB 23&#8217;: &#8216;Isso n\u00e3o&#8217;"}]},{"@type":"WebSite","@id":"https:\/\/portalmf.com.br\/#website","url":"https:\/\/portalmf.com.br\/","name":"Portal MF","description":"Voc\u00ea conectado com a informa\u00e7\u00e3o","potentialAction":[{"@type":"SearchAction","target":{"@type":"EntryPoint","urlTemplate":"https:\/\/portalmf.com.br\/?s={search_term_string}"},"query-input":"required name=search_term_string"}],"inLanguage":"pt-BR"},{"@type":"Person","@id":"https:\/\/portalmf.com.br\/#\/schema\/person\/9ec101baf56233e53520c26de5d6f6f0","name":"Reda\u00e7\u00e3o Portal MF","image":{"@type":"ImageObject","inLanguage":"pt-BR","@id":"https:\/\/portalmf.com.br\/#\/schema\/person\/image\/","url":"https:\/\/secure.gravatar.com\/avatar\/41b9aaeb2100835f7c64362330f74c7f?s=96&d=mm&r=g","contentUrl":"https:\/\/secure.gravatar.com\/avatar\/41b9aaeb2100835f7c64362330f74c7f?s=96&d=mm&r=g","caption":"Reda\u00e7\u00e3o Portal MF"},"description":"Sejam bem-vindos o portal de informa\u00e7\u00f5es de entretenimento de Feira de Santana, desde 2006 realiza coberturas dos principais eventos com entrevistas exclusivas com as principais personalidades mundiais. Fique conectado tamb\u00e9m nas redes sociais.","sameAs":["http:\/\/www.portalmf.com.br\/","https:\/\/www.facebook.com\/portalmfoficial","https:\/\/www.instagram.com\/portalmf\/","https:\/\/x.com\/https:\/\/x.com\/portalmfoficial","https:\/\/www.youtube.com\/@portalmfoficial"],"url":"https:\/\/portalmf.com.br\/index.php\/author\/junior\/"}]}},"_links":{"self":[{"href":"https:\/\/portalmf.com.br\/index.php\/wp-json\/wp\/v2\/posts\/7079"}],"collection":[{"href":"https:\/\/portalmf.com.br\/index.php\/wp-json\/wp\/v2\/posts"}],"about":[{"href":"https:\/\/portalmf.com.br\/index.php\/wp-json\/wp\/v2\/types\/post"}],"author":[{"embeddable":true,"href":"https:\/\/portalmf.com.br\/index.php\/wp-json\/wp\/v2\/users\/3"}],"replies":[{"embeddable":true,"href":"https:\/\/portalmf.com.br\/index.php\/wp-json\/wp\/v2\/comments?post=7079"}],"version-history":[{"count":2,"href":"https:\/\/portalmf.com.br\/index.php\/wp-json\/wp\/v2\/posts\/7079\/revisions"}],"predecessor-version":[{"id":7098,"href":"https:\/\/portalmf.com.br\/index.php\/wp-json\/wp\/v2\/posts\/7079\/revisions\/7098"}],"wp:featuredmedia":[{"embeddable":true,"href":"https:\/\/portalmf.com.br\/index.php\/wp-json\/wp\/v2\/media\/7080"}],"wp:attachment":[{"href":"https:\/\/portalmf.com.br\/index.php\/wp-json\/wp\/v2\/media?parent=7079"}],"wp:term":[{"taxonomy":"category","embeddable":true,"href":"https:\/\/portalmf.com.br\/index.php\/wp-json\/wp\/v2\/categories?post=7079"},{"taxonomy":"post_tag","embeddable":true,"href":"https:\/\/portalmf.com.br\/index.php\/wp-json\/wp\/v2\/tags?post=7079"}],"curies":[{"name":"wp","href":"https:\/\/api.w.org\/{rel}","templated":true}]}}