{"id":7074,"date":"2022-12-22T14:34:28","date_gmt":"2022-12-22T17:34:28","guid":{"rendered":"https:\/\/portalmf.com.br\/?p=7074"},"modified":"2022-12-22T14:34:29","modified_gmt":"2022-12-22T17:34:29","slug":"lula-anuncia-mais-12-futuros-ministros-do-seu-governo-veja-lista","status":"publish","type":"post","link":"https:\/\/portalmf.com.br\/index.php\/2022\/12\/22\/lula-anuncia-mais-12-futuros-ministros-do-seu-governo-veja-lista\/","title":{"rendered":"Lula anuncia mais 12 futuros ministros do seu governo; veja lista"},"content":{"rendered":"\n<p>O presidente eleito Lula (PT) anunciou nesta quinta-feira (22) os nomes de mais 16 ministros do futuro governo.<\/p>\n\n\n\n<p>Lula anunciou os seguintes nomes \u2013 por ordem de an\u00fancio:<\/p>\n\n\n\n<p>Alexandre Padilha (Rela\u00e7\u00f5es Institucionais);<\/p>\n\n\n\n<p>M\u00e1rcio Mac\u00eado (Secretaria-Geral);<\/p>\n\n\n\n<p>Jorge Messias (Advocacia-Geral da Uni\u00e3o);<\/p>\n\n\n\n<p>N\u00edsia Trindade (Sa\u00fade);<\/p>\n\n\n\n<p>Camilo Santana (Educa\u00e7\u00e3o);<\/p>\n\n\n\n<p>Esther Dweck (Gest\u00e3o);<\/p>\n\n\n\n<p>M\u00e1rcio Fran\u00e7a (Portos e Aeroportos);<\/p>\n\n\n\n<p>Luciana Santos (Ci\u00eancia e Tecnologia);<\/p>\n\n\n\n<p>Cida Gon\u00e7alves (Mulheres);<\/p>\n\n\n\n<p>Wellington Dias (Desenvolvimento Social);<\/p>\n\n\n\n<p>Margareth Menezes (Cultura) \u2013 j\u00e1 havia sido anunciada;<\/p>\n\n\n\n<p>Luiz Marinho (Trabalho);<\/p>\n\n\n\n<p>Anielle Franco (Igualdade Racial);<\/p>\n\n\n\n<p>Silvio Almeida (Direitos Humanos);<\/p>\n\n\n\n<p>Geraldo Alckmin (Ind\u00fastria e Com\u00e9rcio);<\/p>\n\n\n\n<p>Vin\u00edcius Marques de Carvalho (Controladoria-Geral da Uni\u00e3o).<\/p>\n\n\n\n<p>O an\u00fancio aconteceu no Centro Cultural Banco do Brasil (CCBB), em Bras\u00edlia, onde atua a equipe de transi\u00e7\u00e3o.<\/p>\n\n\n\n<p><em>&#8220;N\u00f3s estamos tentando fazer um governo que represente, no m\u00e1ximo que a gente puder, as for\u00e7as pol\u00edticas que participaram conosco da campanha&#8221;,<\/em> afirmou Lula.<\/p>\n\n\n\n<p>Ao se dirigir aos ministros anunciados, Lula afirmou que eles precisar\u00e3o contemplar em suas pastas a &#8220;pluralidade&#8221; da popula\u00e7\u00e3o brasileira.<\/p>\n\n\n\n<p>Na sequ\u00eancia, o presidente eleito informou que ainda falta anunciar alguns ministros e que ser\u00e3o chamadas pessoas que &#8220;ousaram colocar a cara e enfrentar o fascismo que estava espraiado neste pa\u00eds&#8221;.<\/p>\n\n\n\n<p>Antes do pronunciamento de Lula, a equipe de transi\u00e7\u00e3o, coordenada pelo vice-presidente eleito Geraldo Alckmin (PSB), apresentou o relat\u00f3rio final com a conclus\u00e3o dos trabalhos.<\/p>\n\n\n\n<p>Os trabalhos da transi\u00e7\u00e3o foram divididos em mais de 30 grupos tem\u00e1ticos.<\/p>\n\n\n\n<p>Durante a apresenta\u00e7\u00e3o, Alckmin informou, por exemplo, as conclus\u00f5es da equipe de transi\u00e7\u00e3o sobre Sa\u00fade, Educa\u00e7\u00e3o, Seguran\u00e7a e Meio Ambiente<\/p>\n\n\n\n<p>Com informa\u00e7\u00f5es do G1<\/p>\n","protected":false},"excerpt":{"rendered":"<p>O presidente eleito Lula (PT) anunciou nesta quinta-feira (22) os nomes de mais 16 ministros do futuro governo. Lula anunciou os seguintes nomes \u2013 por ordem de an\u00fancio: Alexandre Padilha (Rela\u00e7\u00f5es Institucionais); M\u00e1rcio Mac\u00eado (Secretaria-Geral); Jorge Messias (Advocacia-Geral da Uni\u00e3o); N\u00edsia Trindade (Sa\u00fade); Camilo Santana (Educa\u00e7\u00e3o); Esther Dweck (Gest\u00e3o); M\u00e1rcio Fran\u00e7a (Portos e Aeroportos); Luciana [&hellip;]<\/p>\n","protected":false},"author":3,"featured_media":7076,"comment_status":"open","ping_status":"open","sticky":false,"template":"","format":"standard","meta":{"_monsterinsights_skip_tracking":false,"_monsterinsights_sitenote_active":false,"_monsterinsights_sitenote_note":"","_monsterinsights_sitenote_category":0,"footnotes":""},"categories":[34],"tags":[],"yoast_head":"<!-- This site is optimized with the Yoast SEO plugin v22.9 - https:\/\/yoast.com\/wordpress\/plugins\/seo\/ -->\n<title>Lula anuncia mais 12 futuros ministros do seu governo; veja lista - Portal MF<\/title>\n<meta name=\"robots\" content=\"index, follow, max-snippet:-1, max-image-preview:large, max-video-preview:-1\" \/>\n<link rel=\"canonical\" href=\"https:\/\/portalmf.com.br\/index.php\/2022\/12\/22\/lula-anuncia-mais-12-futuros-ministros-do-seu-governo-veja-lista\/\" \/>\n<meta property=\"og:locale\" content=\"pt_BR\" \/>\n<meta property=\"og:type\" content=\"article\" \/>\n<meta property=\"og:title\" content=\"Lula anuncia mais 12 futuros ministros do seu governo; veja lista - Portal MF\" \/>\n<meta property=\"og:description\" content=\"O presidente eleito Lula (PT) anunciou nesta quinta-feira (22) os nomes de mais 16 ministros do futuro governo. Lula anunciou os seguintes nomes \u2013 por ordem de an\u00fancio: Alexandre Padilha (Rela\u00e7\u00f5es Institucionais); M\u00e1rcio Mac\u00eado (Secretaria-Geral); Jorge Messias (Advocacia-Geral da Uni\u00e3o); N\u00edsia Trindade (Sa\u00fade); Camilo Santana (Educa\u00e7\u00e3o); Esther Dweck (Gest\u00e3o); M\u00e1rcio Fran\u00e7a (Portos e Aeroportos); Luciana [&hellip;]\" \/>\n<meta property=\"og:url\" content=\"https:\/\/portalmf.com.br\/index.php\/2022\/12\/22\/lula-anuncia-mais-12-futuros-ministros-do-seu-governo-veja-lista\/\" \/>\n<meta property=\"og:site_name\" content=\"Portal MF\" \/>\n<meta property=\"article:author\" content=\"https:\/\/www.facebook.com\/portalmfoficial\" \/>\n<meta property=\"article:published_time\" content=\"2022-12-22T17:34:28+00:00\" \/>\n<meta property=\"article:modified_time\" content=\"2022-12-22T17:34:29+00:00\" \/>\n<meta property=\"og:image\" content=\"https:\/\/portalmf.com.br\/wp-content\/uploads\/2022\/12\/LULA-2022.jpg\" \/>\n\t<meta property=\"og:image:width\" content=\"1600\" \/>\n\t<meta property=\"og:image:height\" content=\"666\" \/>\n\t<meta property=\"og:image:type\" content=\"image\/jpeg\" \/>\n<meta name=\"author\" content=\"Reda\u00e7\u00e3o Portal MF\" \/>\n<meta name=\"twitter:card\" content=\"summary_large_image\" \/>\n<meta name=\"twitter:creator\" content=\"@https:\/\/x.com\/portalmfoficial\" \/>\n<meta name=\"twitter:label1\" content=\"Escrito por\" \/>\n\t<meta name=\"twitter:data1\" content=\"Reda\u00e7\u00e3o Portal MF\" \/>\n\t<meta name=\"twitter:label2\" content=\"Est. tempo de leitura\" \/>\n\t<meta name=\"twitter:data2\" content=\"2 minutos\" \/>\n<script type=\"application\/ld+json\" class=\"yoast-schema-graph\">{\"@context\":\"https:\/\/schema.org\",\"@graph\":[{\"@type\":\"WebPage\",\"@id\":\"https:\/\/portalmf.com.br\/index.php\/2022\/12\/22\/lula-anuncia-mais-12-futuros-ministros-do-seu-governo-veja-lista\/\",\"url\":\"https:\/\/portalmf.com.br\/index.php\/2022\/12\/22\/lula-anuncia-mais-12-futuros-ministros-do-seu-governo-veja-lista\/\",\"name\":\"Lula anuncia mais 12 futuros ministros do seu governo; veja lista - Portal MF\",\"isPartOf\":{\"@id\":\"https:\/\/portalmf.com.br\/#website\"},\"primaryImageOfPage\":{\"@id\":\"https:\/\/portalmf.com.br\/index.php\/2022\/12\/22\/lula-anuncia-mais-12-futuros-ministros-do-seu-governo-veja-lista\/#primaryimage\"},\"image\":{\"@id\":\"https:\/\/portalmf.com.br\/index.php\/2022\/12\/22\/lula-anuncia-mais-12-futuros-ministros-do-seu-governo-veja-lista\/#primaryimage\"},\"thumbnailUrl\":\"https:\/\/portalmf.com.br\/wp-content\/uploads\/2022\/12\/LULA-2022.jpg\",\"datePublished\":\"2022-12-22T17:34:28+00:00\",\"dateModified\":\"2022-12-22T17:34:29+00:00\",\"author\":{\"@id\":\"https:\/\/portalmf.com.br\/#\/schema\/person\/9ec101baf56233e53520c26de5d6f6f0\"},\"breadcrumb\":{\"@id\":\"https:\/\/portalmf.com.br\/index.php\/2022\/12\/22\/lula-anuncia-mais-12-futuros-ministros-do-seu-governo-veja-lista\/#breadcrumb\"},\"inLanguage\":\"pt-BR\",\"potentialAction\":[{\"@type\":\"ReadAction\",\"target\":[\"https:\/\/portalmf.com.br\/index.php\/2022\/12\/22\/lula-anuncia-mais-12-futuros-ministros-do-seu-governo-veja-lista\/\"]}]},{\"@type\":\"ImageObject\",\"inLanguage\":\"pt-BR\",\"@id\":\"https:\/\/portalmf.com.br\/index.php\/2022\/12\/22\/lula-anuncia-mais-12-futuros-ministros-do-seu-governo-veja-lista\/#primaryimage\",\"url\":\"https:\/\/portalmf.com.br\/wp-content\/uploads\/2022\/12\/LULA-2022.jpg\",\"contentUrl\":\"https:\/\/portalmf.com.br\/wp-content\/uploads\/2022\/12\/LULA-2022.jpg\",\"width\":1600,\"height\":666,\"caption\":\"Foto: Ricardo Stuckert\"},{\"@type\":\"BreadcrumbList\",\"@id\":\"https:\/\/portalmf.com.br\/index.php\/2022\/12\/22\/lula-anuncia-mais-12-futuros-ministros-do-seu-governo-veja-lista\/#breadcrumb\",\"itemListElement\":[{\"@type\":\"ListItem\",\"position\":1,\"name\":\"In\u00edcio\",\"item\":\"https:\/\/portalmf.com.br\/\"},{\"@type\":\"ListItem\",\"position\":2,\"name\":\"Lula anuncia mais 12 futuros ministros do seu governo; veja lista\"}]},{\"@type\":\"WebSite\",\"@id\":\"https:\/\/portalmf.com.br\/#website\",\"url\":\"https:\/\/portalmf.com.br\/\",\"name\":\"Portal MF\",\"description\":\"Voc\u00ea conectado com a informa\u00e7\u00e3o\",\"potentialAction\":[{\"@type\":\"SearchAction\",\"target\":{\"@type\":\"EntryPoint\",\"urlTemplate\":\"https:\/\/portalmf.com.br\/?s={search_term_string}\"},\"query-input\":\"required name=search_term_string\"}],\"inLanguage\":\"pt-BR\"},{\"@type\":\"Person\",\"@id\":\"https:\/\/portalmf.com.br\/#\/schema\/person\/9ec101baf56233e53520c26de5d6f6f0\",\"name\":\"Reda\u00e7\u00e3o Portal MF\",\"image\":{\"@type\":\"ImageObject\",\"inLanguage\":\"pt-BR\",\"@id\":\"https:\/\/portalmf.com.br\/#\/schema\/person\/image\/\",\"url\":\"https:\/\/secure.gravatar.com\/avatar\/41b9aaeb2100835f7c64362330f74c7f?s=96&d=mm&r=g\",\"contentUrl\":\"https:\/\/secure.gravatar.com\/avatar\/41b9aaeb2100835f7c64362330f74c7f?s=96&d=mm&r=g\",\"caption\":\"Reda\u00e7\u00e3o Portal MF\"},\"description\":\"Sejam bem-vindos o portal de informa\u00e7\u00f5es de entretenimento de Feira de Santana, desde 2006 realiza coberturas dos principais eventos com entrevistas exclusivas com as principais personalidades mundiais. Fique conectado tamb\u00e9m nas redes sociais.\",\"sameAs\":[\"http:\/\/www.portalmf.com.br\/\",\"https:\/\/www.facebook.com\/portalmfoficial\",\"https:\/\/www.instagram.com\/portalmf\/\",\"https:\/\/x.com\/https:\/\/x.com\/portalmfoficial\",\"https:\/\/www.youtube.com\/@portalmfoficial\"],\"url\":\"https:\/\/portalmf.com.br\/index.php\/author\/junior\/\"}]}<\/script>\n<!-- \/ Yoast SEO plugin. -->","yoast_head_json":{"title":"Lula anuncia mais 12 futuros ministros do seu governo; veja lista - Portal MF","robots":{"index":"index","follow":"follow","max-snippet":"max-snippet:-1","max-image-preview":"max-image-preview:large","max-video-preview":"max-video-preview:-1"},"canonical":"https:\/\/portalmf.com.br\/index.php\/2022\/12\/22\/lula-anuncia-mais-12-futuros-ministros-do-seu-governo-veja-lista\/","og_locale":"pt_BR","og_type":"article","og_title":"Lula anuncia mais 12 futuros ministros do seu governo; veja lista - Portal MF","og_description":"O presidente eleito Lula (PT) anunciou nesta quinta-feira (22) os nomes de mais 16 ministros do futuro governo. Lula anunciou os seguintes nomes \u2013 por ordem de an\u00fancio: Alexandre Padilha (Rela\u00e7\u00f5es Institucionais); M\u00e1rcio Mac\u00eado (Secretaria-Geral); Jorge Messias (Advocacia-Geral da Uni\u00e3o); N\u00edsia Trindade (Sa\u00fade); Camilo Santana (Educa\u00e7\u00e3o); Esther Dweck (Gest\u00e3o); M\u00e1rcio Fran\u00e7a (Portos e Aeroportos); Luciana [&hellip;]","og_url":"https:\/\/portalmf.com.br\/index.php\/2022\/12\/22\/lula-anuncia-mais-12-futuros-ministros-do-seu-governo-veja-lista\/","og_site_name":"Portal MF","article_author":"https:\/\/www.facebook.com\/portalmfoficial","article_published_time":"2022-12-22T17:34:28+00:00","article_modified_time":"2022-12-22T17:34:29+00:00","og_image":[{"width":1600,"height":666,"url":"https:\/\/portalmf.com.br\/wp-content\/uploads\/2022\/12\/LULA-2022.jpg","type":"image\/jpeg"}],"author":"Reda\u00e7\u00e3o Portal MF","twitter_card":"summary_large_image","twitter_creator":"@https:\/\/x.com\/portalmfoficial","twitter_misc":{"Escrito por":"Reda\u00e7\u00e3o Portal MF","Est. tempo de leitura":"2 minutos"},"schema":{"@context":"https:\/\/schema.org","@graph":[{"@type":"WebPage","@id":"https:\/\/portalmf.com.br\/index.php\/2022\/12\/22\/lula-anuncia-mais-12-futuros-ministros-do-seu-governo-veja-lista\/","url":"https:\/\/portalmf.com.br\/index.php\/2022\/12\/22\/lula-anuncia-mais-12-futuros-ministros-do-seu-governo-veja-lista\/","name":"Lula anuncia mais 12 futuros ministros do seu governo; veja lista - Portal MF","isPartOf":{"@id":"https:\/\/portalmf.com.br\/#website"},"primaryImageOfPage":{"@id":"https:\/\/portalmf.com.br\/index.php\/2022\/12\/22\/lula-anuncia-mais-12-futuros-ministros-do-seu-governo-veja-lista\/#primaryimage"},"image":{"@id":"https:\/\/portalmf.com.br\/index.php\/2022\/12\/22\/lula-anuncia-mais-12-futuros-ministros-do-seu-governo-veja-lista\/#primaryimage"},"thumbnailUrl":"https:\/\/portalmf.com.br\/wp-content\/uploads\/2022\/12\/LULA-2022.jpg","datePublished":"2022-12-22T17:34:28+00:00","dateModified":"2022-12-22T17:34:29+00:00","author":{"@id":"https:\/\/portalmf.com.br\/#\/schema\/person\/9ec101baf56233e53520c26de5d6f6f0"},"breadcrumb":{"@id":"https:\/\/portalmf.com.br\/index.php\/2022\/12\/22\/lula-anuncia-mais-12-futuros-ministros-do-seu-governo-veja-lista\/#breadcrumb"},"inLanguage":"pt-BR","potentialAction":[{"@type":"ReadAction","target":["https:\/\/portalmf.com.br\/index.php\/2022\/12\/22\/lula-anuncia-mais-12-futuros-ministros-do-seu-governo-veja-lista\/"]}]},{"@type":"ImageObject","inLanguage":"pt-BR","@id":"https:\/\/portalmf.com.br\/index.php\/2022\/12\/22\/lula-anuncia-mais-12-futuros-ministros-do-seu-governo-veja-lista\/#primaryimage","url":"https:\/\/portalmf.com.br\/wp-content\/uploads\/2022\/12\/LULA-2022.jpg","contentUrl":"https:\/\/portalmf.com.br\/wp-content\/uploads\/2022\/12\/LULA-2022.jpg","width":1600,"height":666,"caption":"Foto: Ricardo Stuckert"},{"@type":"BreadcrumbList","@id":"https:\/\/portalmf.com.br\/index.php\/2022\/12\/22\/lula-anuncia-mais-12-futuros-ministros-do-seu-governo-veja-lista\/#breadcrumb","itemListElement":[{"@type":"ListItem","position":1,"name":"In\u00edcio","item":"https:\/\/portalmf.com.br\/"},{"@type":"ListItem","position":2,"name":"Lula anuncia mais 12 futuros ministros do seu governo; veja lista"}]},{"@type":"WebSite","@id":"https:\/\/portalmf.com.br\/#website","url":"https:\/\/portalmf.com.br\/","name":"Portal MF","description":"Voc\u00ea conectado com a informa\u00e7\u00e3o","potentialAction":[{"@type":"SearchAction","target":{"@type":"EntryPoint","urlTemplate":"https:\/\/portalmf.com.br\/?s={search_term_string}"},"query-input":"required name=search_term_string"}],"inLanguage":"pt-BR"},{"@type":"Person","@id":"https:\/\/portalmf.com.br\/#\/schema\/person\/9ec101baf56233e53520c26de5d6f6f0","name":"Reda\u00e7\u00e3o Portal MF","image":{"@type":"ImageObject","inLanguage":"pt-BR","@id":"https:\/\/portalmf.com.br\/#\/schema\/person\/image\/","url":"https:\/\/secure.gravatar.com\/avatar\/41b9aaeb2100835f7c64362330f74c7f?s=96&d=mm&r=g","contentUrl":"https:\/\/secure.gravatar.com\/avatar\/41b9aaeb2100835f7c64362330f74c7f?s=96&d=mm&r=g","caption":"Reda\u00e7\u00e3o Portal MF"},"description":"Sejam bem-vindos o portal de informa\u00e7\u00f5es de entretenimento de Feira de Santana, desde 2006 realiza coberturas dos principais eventos com entrevistas exclusivas com as principais personalidades mundiais. Fique conectado tamb\u00e9m nas redes sociais.","sameAs":["http:\/\/www.portalmf.com.br\/","https:\/\/www.facebook.com\/portalmfoficial","https:\/\/www.instagram.com\/portalmf\/","https:\/\/x.com\/https:\/\/x.com\/portalmfoficial","https:\/\/www.youtube.com\/@portalmfoficial"],"url":"https:\/\/portalmf.com.br\/index.php\/author\/junior\/"}]}},"_links":{"self":[{"href":"https:\/\/portalmf.com.br\/index.php\/wp-json\/wp\/v2\/posts\/7074"}],"collection":[{"href":"https:\/\/portalmf.com.br\/index.php\/wp-json\/wp\/v2\/posts"}],"about":[{"href":"https:\/\/portalmf.com.br\/index.php\/wp-json\/wp\/v2\/types\/post"}],"author":[{"embeddable":true,"href":"https:\/\/portalmf.com.br\/index.php\/wp-json\/wp\/v2\/users\/3"}],"replies":[{"embeddable":true,"href":"https:\/\/portalmf.com.br\/index.php\/wp-json\/wp\/v2\/comments?post=7074"}],"version-history":[{"count":1,"href":"https:\/\/portalmf.com.br\/index.php\/wp-json\/wp\/v2\/posts\/7074\/revisions"}],"predecessor-version":[{"id":7077,"href":"https:\/\/portalmf.com.br\/index.php\/wp-json\/wp\/v2\/posts\/7074\/revisions\/7077"}],"wp:featuredmedia":[{"embeddable":true,"href":"https:\/\/portalmf.com.br\/index.php\/wp-json\/wp\/v2\/media\/7076"}],"wp:attachment":[{"href":"https:\/\/portalmf.com.br\/index.php\/wp-json\/wp\/v2\/media?parent=7074"}],"wp:term":[{"taxonomy":"category","embeddable":true,"href":"https:\/\/portalmf.com.br\/index.php\/wp-json\/wp\/v2\/categories?post=7074"},{"taxonomy":"post_tag","embeddable":true,"href":"https:\/\/portalmf.com.br\/index.php\/wp-json\/wp\/v2\/tags?post=7074"}],"curies":[{"name":"wp","href":"https:\/\/api.w.org\/{rel}","templated":true}]}}