{"id":7068,"date":"2022-12-22T13:28:08","date_gmt":"2022-12-22T16:28:08","guid":{"rendered":"https:\/\/portalmf.com.br\/?p=7068"},"modified":"2022-12-22T13:28:09","modified_gmt":"2022-12-22T16:28:09","slug":"jeronimo-apresenta-mais-oito-nomes-do-novo-governo","status":"publish","type":"post","link":"https:\/\/portalmf.com.br\/index.php\/2022\/12\/22\/jeronimo-apresenta-mais-oito-nomes-do-novo-governo\/","title":{"rendered":"Jer\u00f4nimo apresenta mais oito nomes do novo Governo"},"content":{"rendered":"\n<p>Mais oito nomes do novo Governo do Estado foram definidos pelo governador diplomado, Jer\u00f4nimo Rodrigues, e divulgados na manh\u00e3 desta quinta-feira (22). Os futuros gestores de cinco secretarias estaduais, da Procuradoria Geral do Estado (PGE) e de duas importantes coordena\u00e7\u00f5es do Executivo baiano, consideradas estrat\u00e9gicas para o futuro chefe do Executivo, foram apresentados \u00e0 imprensa no audit\u00f3rio da Desenbahia, onde funciona a sede do Governo de Transi\u00e7\u00e3o.<\/p>\n\n\n\n<p>Ao lado de Geraldo J\u00fanior, vice-governador diplomado, Jer\u00f4nimo anunciou que a procuradora B\u00e1rbara Camardelli Loi comandar\u00e1 a Procuradoria Geral do Estado a partir de 2023. Outras duas mulheres estar\u00e3o \u00e0 frente de importantes secretarias: \u00c2ngela Guimar\u00e3es ser\u00e1 a nova titular da Secretaria de Promo\u00e7\u00e3o da Igualdade Racial e dos Povos e Comunidades Tradicionais (Sepromi) e Larissa Gomes Moraes comandar\u00e1 a Secretaria de Infraestrutura H\u00eddrica e Saneamento (SIHS).<\/p>\n\n\n\n<p>Na lista de novos secret\u00e1rios tamb\u00e9m est\u00e3o Eduardo Sodr\u00e9 Martins, no Meio Ambiente (Sema); Osni Cardoso, no Desenvolvimento Rural (SDR); e Jos\u00e9 Ant\u00f4nio Maia Gon\u00e7alves, que continuar\u00e1 \u00e0 frente da Administra\u00e7\u00e3o Penitenci\u00e1ria e Ressocializa\u00e7\u00e3o (Seap). Jer\u00f4nimo apresentou, ainda, Nivaldo Millet como novo coordenador de Pol\u00edticas para a Juventude, estrutura que estar\u00e1 vinculada \u00e0 Secretaria de Rela\u00e7\u00f5es Institucionais (Serin); e Tiago Pereira da Costa, coordenador-geral do Programa Bahia sem Fome, setor criado na reforma administrativa e que estar\u00e1 ligado \u00e0 Casa Civil. O deputado estadual Rosemberg Pinto (PT), presente no evento, foi confirmado como l\u00edder do Governo na Assembleia Legislativa da Bahia (Alba).<\/p>\n\n\n\n<p>An\u00fancios pendentes<br>Ap\u00f3s a reforma administrativa, que desmembrou a Secretaria De Justi\u00e7a, Direitos Humanos e Desenvolvimento Social (SJHDS) em duas novas pastas (SJDH e Seades), o Governo do Estado passa a ter 25 secretarias a partir do pr\u00f3ximo ano, uma a mais que a estrutura atual. J\u00e1 foram anunciados os titulares de 15 pastas, al\u00e9m da PGE e da Chefia de Gabinete do Governador.<\/p>\n\n\n\n<p>Nos pr\u00f3ximos dias, ser\u00e3o divulgados os titulares de outras dez secretarias pendentes: Seguran\u00e7a P\u00fablica (SSP); Comunica\u00e7\u00e3o (Secom); Administra\u00e7\u00e3o (Saeb); Desenvolvimento Econ\u00f4mico (SDE); Desenvolvimento Urbano (Sedur); Pol\u00edtica para as Mulheres (SPM); Ci\u00eancia, Tecnologia e Inova\u00e7\u00e3o (Secti); Cultura (Secult); Trabalho, Emprego, Renda e Esporte (Setre); e Planejamento (Seplan).<\/p>\n\n\n\n<p>Cargos anunciados em 19\/12:<\/p>\n\n\n\n<ul><li>Chefia de Gabinete do Governador: Adolpho Loyola<\/li><li>Casa Civil: Afonso Florence<\/li><li>Secretaria de Rela\u00e7\u00f5es Institucionais (Serin): Luiz Caetano<\/li><li>Sa\u00fade (Sesab): Roberta Santana<\/li><li>Educa\u00e7\u00e3o (SEC): Ad\u00e9lia Pinheiro<\/li><li>Justi\u00e7a e Diretos Humanos (SJDH): Felipe Freitas<\/li><li>Assist\u00eancia e Desenvolvimento Social (Seades): Fabya Reis<\/li><li>Infraestrutura (Seinfra): S\u00e9rgio Brito<\/li><li>Fazenda (Sefaz): Manoel Vit\u00f3rio<\/li><li>Agricultura (Seagri): Tum<\/li><li>Turismo (Setur): Maur\u00edcio Bacelar<\/li><\/ul>\n\n\n\n<p>Cargos anunciados em 22\/12:<\/p>\n\n\n\n<ul><li>Promo\u00e7\u00e3o da Igualdade Racial e dos Povos e Comunidades Tradicionais (Sepromi): \u00c2ngela Guimar\u00e3es<\/li><li>Meio Ambiente (Sema): Eduardo Sodr\u00e9 Martins<\/li><li>Desenvolvimento Rural (SDR): Osni Cardoso<\/li><li>Infraestrutura H\u00eddrica e Saneamento (SIHS): Larissa Gomes Moraes<\/li><li>Administra\u00e7\u00e3o Penitenci\u00e1ria e Ressocializa\u00e7\u00e3o (Seap): Jos\u00e9 Ant\u00f4nio Maia Gon\u00e7alves<\/li><li>Procuradoria Geral do Estado (PGE): B\u00e1rbara Camardelli Loi<\/li><li>Coordena\u00e7\u00e3o de Pol\u00edticas para a Juventude, da Serin: Nivaldo Millet<\/li><li>Coordena\u00e7\u00e3o Geral do Programa Bahia Sem Fome: Tiago Pereira da Costa<\/li><li>Lideran\u00e7a do Governo na Alba: deputado estadual Rosemberg Pinto<\/li><\/ul>\n\n\n\n<p>Pr\u00f3ximos an\u00fancios:<\/p>\n\n\n\n<ul><li>Seguran\u00e7a P\u00fablica (SSP)<\/li><li>Comunica\u00e7\u00e3o Secom (Secom)<\/li><li>Secretaria da Administra\u00e7\u00e3o (Saeb)<\/li><li>Desenvolvimento Econ\u00f4mico (SDE)<\/li><li>Desenvolvimento Urbano (Sedur)<\/li><li>Pol\u00edtica para as Mulheres (SPM)<\/li><li>Ci\u00eancia, Tecnologia e Inova\u00e7\u00e3o (Secti)<\/li><li>Cultura (Secult)<\/li><li>Trabalho, Emprego, Renda e Esporte (Setre)<\/li><li>Planejamento (Seplan)<\/li><\/ul>\n","protected":false},"excerpt":{"rendered":"<p>Mais oito nomes do novo Governo do Estado foram definidos pelo governador diplomado, Jer\u00f4nimo Rodrigues, e divulgados na manh\u00e3 desta quinta-feira (22). Os futuros gestores de cinco secretarias estaduais, da Procuradoria Geral do Estado (PGE) e de duas importantes coordena\u00e7\u00f5es do Executivo baiano, consideradas estrat\u00e9gicas para o futuro chefe do Executivo, foram apresentados \u00e0 imprensa [&hellip;]<\/p>\n","protected":false},"author":3,"featured_media":7069,"comment_status":"open","ping_status":"open","sticky":false,"template":"","format":"standard","meta":{"_monsterinsights_skip_tracking":false,"_monsterinsights_sitenote_active":false,"_monsterinsights_sitenote_note":"","_monsterinsights_sitenote_category":0,"footnotes":""},"categories":[34],"tags":[],"yoast_head":"<!-- This site is optimized with the Yoast SEO plugin v22.9 - https:\/\/yoast.com\/wordpress\/plugins\/seo\/ -->\n<title>Jer\u00f4nimo apresenta mais oito nomes do novo Governo - Portal MF<\/title>\n<meta name=\"robots\" content=\"index, follow, max-snippet:-1, max-image-preview:large, max-video-preview:-1\" \/>\n<link rel=\"canonical\" href=\"https:\/\/portalmf.com.br\/index.php\/2022\/12\/22\/jeronimo-apresenta-mais-oito-nomes-do-novo-governo\/\" \/>\n<meta property=\"og:locale\" content=\"pt_BR\" \/>\n<meta property=\"og:type\" content=\"article\" \/>\n<meta property=\"og:title\" content=\"Jer\u00f4nimo apresenta mais oito nomes do novo Governo - Portal MF\" \/>\n<meta property=\"og:description\" content=\"Mais oito nomes do novo Governo do Estado foram definidos pelo governador diplomado, Jer\u00f4nimo Rodrigues, e divulgados na manh\u00e3 desta quinta-feira (22). Os futuros gestores de cinco secretarias estaduais, da Procuradoria Geral do Estado (PGE) e de duas importantes coordena\u00e7\u00f5es do Executivo baiano, consideradas estrat\u00e9gicas para o futuro chefe do Executivo, foram apresentados \u00e0 imprensa [&hellip;]\" \/>\n<meta property=\"og:url\" content=\"https:\/\/portalmf.com.br\/index.php\/2022\/12\/22\/jeronimo-apresenta-mais-oito-nomes-do-novo-governo\/\" \/>\n<meta property=\"og:site_name\" content=\"Portal MF\" \/>\n<meta property=\"article:author\" content=\"https:\/\/www.facebook.com\/portalmfoficial\" \/>\n<meta property=\"article:published_time\" content=\"2022-12-22T16:28:08+00:00\" \/>\n<meta property=\"article:modified_time\" content=\"2022-12-22T16:28:09+00:00\" \/>\n<meta property=\"og:image\" content=\"https:\/\/portalmf.com.br\/wp-content\/uploads\/2022\/12\/Foto-Adriel-Francisco.jpeg\" \/>\n\t<meta property=\"og:image:width\" content=\"1280\" \/>\n\t<meta property=\"og:image:height\" content=\"720\" \/>\n\t<meta property=\"og:image:type\" content=\"image\/jpeg\" \/>\n<meta name=\"author\" content=\"Reda\u00e7\u00e3o Portal MF\" \/>\n<meta name=\"twitter:card\" content=\"summary_large_image\" \/>\n<meta name=\"twitter:creator\" content=\"@https:\/\/x.com\/portalmfoficial\" \/>\n<meta name=\"twitter:label1\" content=\"Escrito por\" \/>\n\t<meta name=\"twitter:data1\" content=\"Reda\u00e7\u00e3o Portal MF\" \/>\n\t<meta name=\"twitter:label2\" content=\"Est. tempo de leitura\" \/>\n\t<meta name=\"twitter:data2\" content=\"3 minutos\" \/>\n<script type=\"application\/ld+json\" class=\"yoast-schema-graph\">{\"@context\":\"https:\/\/schema.org\",\"@graph\":[{\"@type\":\"WebPage\",\"@id\":\"https:\/\/portalmf.com.br\/index.php\/2022\/12\/22\/jeronimo-apresenta-mais-oito-nomes-do-novo-governo\/\",\"url\":\"https:\/\/portalmf.com.br\/index.php\/2022\/12\/22\/jeronimo-apresenta-mais-oito-nomes-do-novo-governo\/\",\"name\":\"Jer\u00f4nimo apresenta mais oito nomes do novo Governo - Portal MF\",\"isPartOf\":{\"@id\":\"https:\/\/portalmf.com.br\/#website\"},\"primaryImageOfPage\":{\"@id\":\"https:\/\/portalmf.com.br\/index.php\/2022\/12\/22\/jeronimo-apresenta-mais-oito-nomes-do-novo-governo\/#primaryimage\"},\"image\":{\"@id\":\"https:\/\/portalmf.com.br\/index.php\/2022\/12\/22\/jeronimo-apresenta-mais-oito-nomes-do-novo-governo\/#primaryimage\"},\"thumbnailUrl\":\"https:\/\/portalmf.com.br\/wp-content\/uploads\/2022\/12\/Foto-Adriel-Francisco.jpeg\",\"datePublished\":\"2022-12-22T16:28:08+00:00\",\"dateModified\":\"2022-12-22T16:28:09+00:00\",\"author\":{\"@id\":\"https:\/\/portalmf.com.br\/#\/schema\/person\/9ec101baf56233e53520c26de5d6f6f0\"},\"breadcrumb\":{\"@id\":\"https:\/\/portalmf.com.br\/index.php\/2022\/12\/22\/jeronimo-apresenta-mais-oito-nomes-do-novo-governo\/#breadcrumb\"},\"inLanguage\":\"pt-BR\",\"potentialAction\":[{\"@type\":\"ReadAction\",\"target\":[\"https:\/\/portalmf.com.br\/index.php\/2022\/12\/22\/jeronimo-apresenta-mais-oito-nomes-do-novo-governo\/\"]}]},{\"@type\":\"ImageObject\",\"inLanguage\":\"pt-BR\",\"@id\":\"https:\/\/portalmf.com.br\/index.php\/2022\/12\/22\/jeronimo-apresenta-mais-oito-nomes-do-novo-governo\/#primaryimage\",\"url\":\"https:\/\/portalmf.com.br\/wp-content\/uploads\/2022\/12\/Foto-Adriel-Francisco.jpeg\",\"contentUrl\":\"https:\/\/portalmf.com.br\/wp-content\/uploads\/2022\/12\/Foto-Adriel-Francisco.jpeg\",\"width\":1280,\"height\":720,\"caption\":\"Foto: Adriel Francisco\"},{\"@type\":\"BreadcrumbList\",\"@id\":\"https:\/\/portalmf.com.br\/index.php\/2022\/12\/22\/jeronimo-apresenta-mais-oito-nomes-do-novo-governo\/#breadcrumb\",\"itemListElement\":[{\"@type\":\"ListItem\",\"position\":1,\"name\":\"In\u00edcio\",\"item\":\"https:\/\/portalmf.com.br\/\"},{\"@type\":\"ListItem\",\"position\":2,\"name\":\"Jer\u00f4nimo apresenta mais oito nomes do novo Governo\"}]},{\"@type\":\"WebSite\",\"@id\":\"https:\/\/portalmf.com.br\/#website\",\"url\":\"https:\/\/portalmf.com.br\/\",\"name\":\"Portal MF\",\"description\":\"Voc\u00ea conectado com a informa\u00e7\u00e3o\",\"potentialAction\":[{\"@type\":\"SearchAction\",\"target\":{\"@type\":\"EntryPoint\",\"urlTemplate\":\"https:\/\/portalmf.com.br\/?s={search_term_string}\"},\"query-input\":\"required name=search_term_string\"}],\"inLanguage\":\"pt-BR\"},{\"@type\":\"Person\",\"@id\":\"https:\/\/portalmf.com.br\/#\/schema\/person\/9ec101baf56233e53520c26de5d6f6f0\",\"name\":\"Reda\u00e7\u00e3o Portal MF\",\"image\":{\"@type\":\"ImageObject\",\"inLanguage\":\"pt-BR\",\"@id\":\"https:\/\/portalmf.com.br\/#\/schema\/person\/image\/\",\"url\":\"https:\/\/secure.gravatar.com\/avatar\/41b9aaeb2100835f7c64362330f74c7f?s=96&d=mm&r=g\",\"contentUrl\":\"https:\/\/secure.gravatar.com\/avatar\/41b9aaeb2100835f7c64362330f74c7f?s=96&d=mm&r=g\",\"caption\":\"Reda\u00e7\u00e3o Portal MF\"},\"description\":\"Sejam bem-vindos o portal de informa\u00e7\u00f5es de entretenimento de Feira de Santana, desde 2006 realiza coberturas dos principais eventos com entrevistas exclusivas com as principais personalidades mundiais. Fique conectado tamb\u00e9m nas redes sociais.\",\"sameAs\":[\"http:\/\/www.portalmf.com.br\/\",\"https:\/\/www.facebook.com\/portalmfoficial\",\"https:\/\/www.instagram.com\/portalmf\/\",\"https:\/\/x.com\/https:\/\/x.com\/portalmfoficial\",\"https:\/\/www.youtube.com\/@portalmfoficial\"],\"url\":\"https:\/\/portalmf.com.br\/index.php\/author\/junior\/\"}]}<\/script>\n<!-- \/ Yoast SEO plugin. -->","yoast_head_json":{"title":"Jer\u00f4nimo apresenta mais oito nomes do novo Governo - Portal MF","robots":{"index":"index","follow":"follow","max-snippet":"max-snippet:-1","max-image-preview":"max-image-preview:large","max-video-preview":"max-video-preview:-1"},"canonical":"https:\/\/portalmf.com.br\/index.php\/2022\/12\/22\/jeronimo-apresenta-mais-oito-nomes-do-novo-governo\/","og_locale":"pt_BR","og_type":"article","og_title":"Jer\u00f4nimo apresenta mais oito nomes do novo Governo - Portal MF","og_description":"Mais oito nomes do novo Governo do Estado foram definidos pelo governador diplomado, Jer\u00f4nimo Rodrigues, e divulgados na manh\u00e3 desta quinta-feira (22). Os futuros gestores de cinco secretarias estaduais, da Procuradoria Geral do Estado (PGE) e de duas importantes coordena\u00e7\u00f5es do Executivo baiano, consideradas estrat\u00e9gicas para o futuro chefe do Executivo, foram apresentados \u00e0 imprensa [&hellip;]","og_url":"https:\/\/portalmf.com.br\/index.php\/2022\/12\/22\/jeronimo-apresenta-mais-oito-nomes-do-novo-governo\/","og_site_name":"Portal MF","article_author":"https:\/\/www.facebook.com\/portalmfoficial","article_published_time":"2022-12-22T16:28:08+00:00","article_modified_time":"2022-12-22T16:28:09+00:00","og_image":[{"width":1280,"height":720,"url":"https:\/\/portalmf.com.br\/wp-content\/uploads\/2022\/12\/Foto-Adriel-Francisco.jpeg","type":"image\/jpeg"}],"author":"Reda\u00e7\u00e3o Portal MF","twitter_card":"summary_large_image","twitter_creator":"@https:\/\/x.com\/portalmfoficial","twitter_misc":{"Escrito por":"Reda\u00e7\u00e3o Portal MF","Est. tempo de leitura":"3 minutos"},"schema":{"@context":"https:\/\/schema.org","@graph":[{"@type":"WebPage","@id":"https:\/\/portalmf.com.br\/index.php\/2022\/12\/22\/jeronimo-apresenta-mais-oito-nomes-do-novo-governo\/","url":"https:\/\/portalmf.com.br\/index.php\/2022\/12\/22\/jeronimo-apresenta-mais-oito-nomes-do-novo-governo\/","name":"Jer\u00f4nimo apresenta mais oito nomes do novo Governo - Portal MF","isPartOf":{"@id":"https:\/\/portalmf.com.br\/#website"},"primaryImageOfPage":{"@id":"https:\/\/portalmf.com.br\/index.php\/2022\/12\/22\/jeronimo-apresenta-mais-oito-nomes-do-novo-governo\/#primaryimage"},"image":{"@id":"https:\/\/portalmf.com.br\/index.php\/2022\/12\/22\/jeronimo-apresenta-mais-oito-nomes-do-novo-governo\/#primaryimage"},"thumbnailUrl":"https:\/\/portalmf.com.br\/wp-content\/uploads\/2022\/12\/Foto-Adriel-Francisco.jpeg","datePublished":"2022-12-22T16:28:08+00:00","dateModified":"2022-12-22T16:28:09+00:00","author":{"@id":"https:\/\/portalmf.com.br\/#\/schema\/person\/9ec101baf56233e53520c26de5d6f6f0"},"breadcrumb":{"@id":"https:\/\/portalmf.com.br\/index.php\/2022\/12\/22\/jeronimo-apresenta-mais-oito-nomes-do-novo-governo\/#breadcrumb"},"inLanguage":"pt-BR","potentialAction":[{"@type":"ReadAction","target":["https:\/\/portalmf.com.br\/index.php\/2022\/12\/22\/jeronimo-apresenta-mais-oito-nomes-do-novo-governo\/"]}]},{"@type":"ImageObject","inLanguage":"pt-BR","@id":"https:\/\/portalmf.com.br\/index.php\/2022\/12\/22\/jeronimo-apresenta-mais-oito-nomes-do-novo-governo\/#primaryimage","url":"https:\/\/portalmf.com.br\/wp-content\/uploads\/2022\/12\/Foto-Adriel-Francisco.jpeg","contentUrl":"https:\/\/portalmf.com.br\/wp-content\/uploads\/2022\/12\/Foto-Adriel-Francisco.jpeg","width":1280,"height":720,"caption":"Foto: Adriel Francisco"},{"@type":"BreadcrumbList","@id":"https:\/\/portalmf.com.br\/index.php\/2022\/12\/22\/jeronimo-apresenta-mais-oito-nomes-do-novo-governo\/#breadcrumb","itemListElement":[{"@type":"ListItem","position":1,"name":"In\u00edcio","item":"https:\/\/portalmf.com.br\/"},{"@type":"ListItem","position":2,"name":"Jer\u00f4nimo apresenta mais oito nomes do novo Governo"}]},{"@type":"WebSite","@id":"https:\/\/portalmf.com.br\/#website","url":"https:\/\/portalmf.com.br\/","name":"Portal MF","description":"Voc\u00ea conectado com a informa\u00e7\u00e3o","potentialAction":[{"@type":"SearchAction","target":{"@type":"EntryPoint","urlTemplate":"https:\/\/portalmf.com.br\/?s={search_term_string}"},"query-input":"required name=search_term_string"}],"inLanguage":"pt-BR"},{"@type":"Person","@id":"https:\/\/portalmf.com.br\/#\/schema\/person\/9ec101baf56233e53520c26de5d6f6f0","name":"Reda\u00e7\u00e3o Portal MF","image":{"@type":"ImageObject","inLanguage":"pt-BR","@id":"https:\/\/portalmf.com.br\/#\/schema\/person\/image\/","url":"https:\/\/secure.gravatar.com\/avatar\/41b9aaeb2100835f7c64362330f74c7f?s=96&d=mm&r=g","contentUrl":"https:\/\/secure.gravatar.com\/avatar\/41b9aaeb2100835f7c64362330f74c7f?s=96&d=mm&r=g","caption":"Reda\u00e7\u00e3o Portal MF"},"description":"Sejam bem-vindos o portal de informa\u00e7\u00f5es de entretenimento de Feira de Santana, desde 2006 realiza coberturas dos principais eventos com entrevistas exclusivas com as principais personalidades mundiais. Fique conectado tamb\u00e9m nas redes sociais.","sameAs":["http:\/\/www.portalmf.com.br\/","https:\/\/www.facebook.com\/portalmfoficial","https:\/\/www.instagram.com\/portalmf\/","https:\/\/x.com\/https:\/\/x.com\/portalmfoficial","https:\/\/www.youtube.com\/@portalmfoficial"],"url":"https:\/\/portalmf.com.br\/index.php\/author\/junior\/"}]}},"_links":{"self":[{"href":"https:\/\/portalmf.com.br\/index.php\/wp-json\/wp\/v2\/posts\/7068"}],"collection":[{"href":"https:\/\/portalmf.com.br\/index.php\/wp-json\/wp\/v2\/posts"}],"about":[{"href":"https:\/\/portalmf.com.br\/index.php\/wp-json\/wp\/v2\/types\/post"}],"author":[{"embeddable":true,"href":"https:\/\/portalmf.com.br\/index.php\/wp-json\/wp\/v2\/users\/3"}],"replies":[{"embeddable":true,"href":"https:\/\/portalmf.com.br\/index.php\/wp-json\/wp\/v2\/comments?post=7068"}],"version-history":[{"count":1,"href":"https:\/\/portalmf.com.br\/index.php\/wp-json\/wp\/v2\/posts\/7068\/revisions"}],"predecessor-version":[{"id":7070,"href":"https:\/\/portalmf.com.br\/index.php\/wp-json\/wp\/v2\/posts\/7068\/revisions\/7070"}],"wp:featuredmedia":[{"embeddable":true,"href":"https:\/\/portalmf.com.br\/index.php\/wp-json\/wp\/v2\/media\/7069"}],"wp:attachment":[{"href":"https:\/\/portalmf.com.br\/index.php\/wp-json\/wp\/v2\/media?parent=7068"}],"wp:term":[{"taxonomy":"category","embeddable":true,"href":"https:\/\/portalmf.com.br\/index.php\/wp-json\/wp\/v2\/categories?post=7068"},{"taxonomy":"post_tag","embeddable":true,"href":"https:\/\/portalmf.com.br\/index.php\/wp-json\/wp\/v2\/tags?post=7068"}],"curies":[{"name":"wp","href":"https:\/\/api.w.org\/{rel}","templated":true}]}}