{"id":7065,"date":"2022-12-22T13:21:22","date_gmt":"2022-12-22T16:21:22","guid":{"rendered":"https:\/\/portalmf.com.br\/?p=7065"},"modified":"2022-12-22T13:21:22","modified_gmt":"2022-12-22T16:21:22","slug":"angelo-almeida-faz-prestacao-de-contas-do-mandato","status":"publish","type":"post","link":"https:\/\/portalmf.com.br\/index.php\/2022\/12\/22\/angelo-almeida-faz-prestacao-de-contas-do-mandato\/","title":{"rendered":"Angelo Almeida faz Presta\u00e7\u00e3o de contas do mandato\u00a0"},"content":{"rendered":"\n<p><em>\u201cSe tivesse que definir 2022 em uma palavra, com certeza seria supera\u00e7\u00e3o. Este foi um ano e tanto! Inclusive de muito trabalho e grandes conquistas. \u201d,<\/em> com essas palavras e o cora\u00e7\u00e3o grato, o deputado Angelo Almeida (PSB) encerra mais um ciclo, confiante em novos avan\u00e7os em 2023.&nbsp;<\/p>\n\n\n\n<p><em>\u201cAl\u00e9m de todas as supera\u00e7\u00f5es que vivemos este ano, 2022 marca a vit\u00f3ria da democracia. Vamos iniciar 2023 esperan\u00e7osos e cheios de energia para trabalharmos da melhor maneira neste cen\u00e1rio e realizar grandes conquistas para a popula\u00e7\u00e3o baiana\u201d,<\/em> frisa Angelo.&nbsp;<\/p>\n\n\n\n<p>Presidente da Frente Parlamentar da Juventude da Assembleia Legislativa da Bahia e da Comiss\u00e3o para Avalia\u00e7\u00e3o dos Impactos da Pandemia da Covid-19, Angelo tem atua\u00e7\u00e3o predominante nessas \u00e1reas, al\u00e9m da agricultura familiar e inclus\u00e3o social.&nbsp;<\/p>\n\n\n\n<p>Ao longo dos seus dois anos de mandato, o parlamentar totalizou 157 proposi\u00e7\u00f5es apresentadas, das quais 96 foram indica\u00e7\u00f5es e 11 Projetos de Lei. Em meio a elas, uma grande conquista foi a aprova\u00e7\u00e3o da Lei 14.464\/2022, que institui a pol\u00edtica de valoriza\u00e7\u00e3o da mulher no campo.&nbsp;<\/p>\n\n\n\n<p>Criador da Frente Parlamentar da Juventude, Angelo tamb\u00e9m apresentou ao governador eleito Jer\u00f4nimo Rodrigues indica\u00e7\u00e3o para cria\u00e7\u00e3o da Superintend\u00eancia de Pol\u00edticas de Juventude; foi autor da ideia e participou de toda a mobiliza\u00e7\u00e3o junto a Superintend\u00eancia dos Desportos do Estado da Bahia (Sudesb), Federa\u00e7\u00e3o Baiana de Canoagem (Febac), Confedera\u00e7\u00e3o Brasileira de Canoagem&nbsp; (CBCa) e Prefeitura de Santo Est\u00eav\u00e3o, para a realiza\u00e7\u00e3o do Campeonato Brasileiro de Canoagem no Lago Pedra do Cavalo, al\u00e9m de uma etapa do Baiano.&nbsp;&nbsp;<\/p>\n\n\n\n<p>Em outras \u00e1reas, atuou para a Coopera\u00e7\u00e3o Bahia-China; foi autor da Comenda 2 de Julho ao arcebispo de Feira, Dom Zanoni; e do projeto de Lei 24.569\/2022 que institui a Pol\u00edtica de Est\u00edmulo \u00e0 Utiliza\u00e7\u00e3o de G\u00e1s Natural Veicular pelos taxistas e motoristas de aplicativo &#8211; GNV SOCIAL.&nbsp;<\/p>\n\n\n\n<p>Al\u00e9m de Feira de Santana, Angelo tem tido uma atua\u00e7\u00e3o mais pr\u00f3xima a outros munic\u00edpios do interior do estado como Andara\u00ed, Biritinga, Brej\u00f5es, Cacul\u00e9, Ca\u00e9m, Irar\u00e1, Madre de Deus, Sebasti\u00e3o Laranjeiras, Tanquinho e Am\u00e9lia Rodrigues. O deputado apresentou uma s\u00e9rie de indica\u00e7\u00f5es e emendas direcionadas a esses munic\u00edpios e desempenha o importante papel de votar pela aprova\u00e7\u00e3o de projetos de lei que beneficiam toda a popula\u00e7\u00e3o do estado. Este m\u00eas, por exemplo, participou da aprova\u00e7\u00e3o do Projeto de Lei 24.549\/2022, do Executivo, que institui o Programa Cons\u00f3rcios Municipais da Bahia.&nbsp;<\/p>\n\n\n\n<p><em>&nbsp;\u201cO fruto da mobiliza\u00e7\u00e3o s\u00e9ria do nosso mandato refletiu nos 59.841 votos que os eleitores confiaram a mim e a melhor forma que eu tenho para agradecer \u00e9 seguindo com um trabalho de luta pela Bahia\u201d,<\/em> assinala Angelo.<\/p>\n","protected":false},"excerpt":{"rendered":"<p>\u201cSe tivesse que definir 2022 em uma palavra, com certeza seria supera\u00e7\u00e3o. Este foi um ano e tanto! Inclusive de muito trabalho e grandes conquistas. \u201d, com essas palavras e o cora\u00e7\u00e3o grato, o deputado Angelo Almeida (PSB) encerra mais um ciclo, confiante em novos avan\u00e7os em 2023.&nbsp; \u201cAl\u00e9m de todas as supera\u00e7\u00f5es que vivemos [&hellip;]<\/p>\n","protected":false},"author":3,"featured_media":7066,"comment_status":"open","ping_status":"open","sticky":false,"template":"","format":"standard","meta":{"_monsterinsights_skip_tracking":false,"_monsterinsights_sitenote_active":false,"_monsterinsights_sitenote_note":"","_monsterinsights_sitenote_category":0,"footnotes":""},"categories":[34],"tags":[],"yoast_head":"<!-- This site is optimized with the Yoast SEO plugin v22.9 - https:\/\/yoast.com\/wordpress\/plugins\/seo\/ -->\n<title>Angelo Almeida faz Presta\u00e7\u00e3o de contas do mandato\u00a0 - Portal MF<\/title>\n<meta name=\"robots\" content=\"index, follow, max-snippet:-1, max-image-preview:large, max-video-preview:-1\" \/>\n<link rel=\"canonical\" href=\"https:\/\/portalmf.com.br\/index.php\/2022\/12\/22\/angelo-almeida-faz-prestacao-de-contas-do-mandato\/\" \/>\n<meta property=\"og:locale\" content=\"pt_BR\" \/>\n<meta property=\"og:type\" content=\"article\" \/>\n<meta property=\"og:title\" content=\"Angelo Almeida faz Presta\u00e7\u00e3o de contas do mandato\u00a0 - Portal MF\" \/>\n<meta property=\"og:description\" content=\"\u201cSe tivesse que definir 2022 em uma palavra, com certeza seria supera\u00e7\u00e3o. Este foi um ano e tanto! Inclusive de muito trabalho e grandes conquistas. \u201d, com essas palavras e o cora\u00e7\u00e3o grato, o deputado Angelo Almeida (PSB) encerra mais um ciclo, confiante em novos avan\u00e7os em 2023.&nbsp; \u201cAl\u00e9m de todas as supera\u00e7\u00f5es que vivemos [&hellip;]\" \/>\n<meta property=\"og:url\" content=\"https:\/\/portalmf.com.br\/index.php\/2022\/12\/22\/angelo-almeida-faz-prestacao-de-contas-do-mandato\/\" \/>\n<meta property=\"og:site_name\" content=\"Portal MF\" \/>\n<meta property=\"article:author\" content=\"https:\/\/www.facebook.com\/portalmfoficial\" \/>\n<meta property=\"article:published_time\" content=\"2022-12-22T16:21:22+00:00\" \/>\n<meta property=\"og:image\" content=\"https:\/\/portalmf.com.br\/wp-content\/uploads\/2022\/12\/Angelo-Almeida.jpeg\" \/>\n\t<meta property=\"og:image:width\" content=\"1024\" \/>\n\t<meta property=\"og:image:height\" content=\"683\" \/>\n\t<meta property=\"og:image:type\" content=\"image\/jpeg\" \/>\n<meta name=\"author\" content=\"Reda\u00e7\u00e3o Portal MF\" \/>\n<meta name=\"twitter:card\" content=\"summary_large_image\" \/>\n<meta name=\"twitter:creator\" content=\"@https:\/\/x.com\/portalmfoficial\" \/>\n<meta name=\"twitter:label1\" content=\"Escrito por\" \/>\n\t<meta name=\"twitter:data1\" content=\"Reda\u00e7\u00e3o Portal MF\" \/>\n\t<meta name=\"twitter:label2\" content=\"Est. tempo de leitura\" \/>\n\t<meta name=\"twitter:data2\" content=\"3 minutos\" \/>\n<script type=\"application\/ld+json\" class=\"yoast-schema-graph\">{\"@context\":\"https:\/\/schema.org\",\"@graph\":[{\"@type\":\"WebPage\",\"@id\":\"https:\/\/portalmf.com.br\/index.php\/2022\/12\/22\/angelo-almeida-faz-prestacao-de-contas-do-mandato\/\",\"url\":\"https:\/\/portalmf.com.br\/index.php\/2022\/12\/22\/angelo-almeida-faz-prestacao-de-contas-do-mandato\/\",\"name\":\"Angelo Almeida faz Presta\u00e7\u00e3o de contas do mandato\u00a0 - Portal MF\",\"isPartOf\":{\"@id\":\"https:\/\/portalmf.com.br\/#website\"},\"primaryImageOfPage\":{\"@id\":\"https:\/\/portalmf.com.br\/index.php\/2022\/12\/22\/angelo-almeida-faz-prestacao-de-contas-do-mandato\/#primaryimage\"},\"image\":{\"@id\":\"https:\/\/portalmf.com.br\/index.php\/2022\/12\/22\/angelo-almeida-faz-prestacao-de-contas-do-mandato\/#primaryimage\"},\"thumbnailUrl\":\"https:\/\/portalmf.com.br\/wp-content\/uploads\/2022\/12\/Angelo-Almeida.jpeg\",\"datePublished\":\"2022-12-22T16:21:22+00:00\",\"dateModified\":\"2022-12-22T16:21:22+00:00\",\"author\":{\"@id\":\"https:\/\/portalmf.com.br\/#\/schema\/person\/9ec101baf56233e53520c26de5d6f6f0\"},\"breadcrumb\":{\"@id\":\"https:\/\/portalmf.com.br\/index.php\/2022\/12\/22\/angelo-almeida-faz-prestacao-de-contas-do-mandato\/#breadcrumb\"},\"inLanguage\":\"pt-BR\",\"potentialAction\":[{\"@type\":\"ReadAction\",\"target\":[\"https:\/\/portalmf.com.br\/index.php\/2022\/12\/22\/angelo-almeida-faz-prestacao-de-contas-do-mandato\/\"]}]},{\"@type\":\"ImageObject\",\"inLanguage\":\"pt-BR\",\"@id\":\"https:\/\/portalmf.com.br\/index.php\/2022\/12\/22\/angelo-almeida-faz-prestacao-de-contas-do-mandato\/#primaryimage\",\"url\":\"https:\/\/portalmf.com.br\/wp-content\/uploads\/2022\/12\/Angelo-Almeida.jpeg\",\"contentUrl\":\"https:\/\/portalmf.com.br\/wp-content\/uploads\/2022\/12\/Angelo-Almeida.jpeg\",\"width\":1024,\"height\":683},{\"@type\":\"BreadcrumbList\",\"@id\":\"https:\/\/portalmf.com.br\/index.php\/2022\/12\/22\/angelo-almeida-faz-prestacao-de-contas-do-mandato\/#breadcrumb\",\"itemListElement\":[{\"@type\":\"ListItem\",\"position\":1,\"name\":\"In\u00edcio\",\"item\":\"https:\/\/portalmf.com.br\/\"},{\"@type\":\"ListItem\",\"position\":2,\"name\":\"Angelo Almeida faz Presta\u00e7\u00e3o de contas do mandato\u00a0\"}]},{\"@type\":\"WebSite\",\"@id\":\"https:\/\/portalmf.com.br\/#website\",\"url\":\"https:\/\/portalmf.com.br\/\",\"name\":\"Portal MF\",\"description\":\"Voc\u00ea conectado com a informa\u00e7\u00e3o\",\"potentialAction\":[{\"@type\":\"SearchAction\",\"target\":{\"@type\":\"EntryPoint\",\"urlTemplate\":\"https:\/\/portalmf.com.br\/?s={search_term_string}\"},\"query-input\":\"required name=search_term_string\"}],\"inLanguage\":\"pt-BR\"},{\"@type\":\"Person\",\"@id\":\"https:\/\/portalmf.com.br\/#\/schema\/person\/9ec101baf56233e53520c26de5d6f6f0\",\"name\":\"Reda\u00e7\u00e3o Portal MF\",\"image\":{\"@type\":\"ImageObject\",\"inLanguage\":\"pt-BR\",\"@id\":\"https:\/\/portalmf.com.br\/#\/schema\/person\/image\/\",\"url\":\"https:\/\/secure.gravatar.com\/avatar\/41b9aaeb2100835f7c64362330f74c7f?s=96&d=mm&r=g\",\"contentUrl\":\"https:\/\/secure.gravatar.com\/avatar\/41b9aaeb2100835f7c64362330f74c7f?s=96&d=mm&r=g\",\"caption\":\"Reda\u00e7\u00e3o Portal MF\"},\"description\":\"Sejam bem-vindos o portal de informa\u00e7\u00f5es de entretenimento de Feira de Santana, desde 2006 realiza coberturas dos principais eventos com entrevistas exclusivas com as principais personalidades mundiais. Fique conectado tamb\u00e9m nas redes sociais.\",\"sameAs\":[\"http:\/\/www.portalmf.com.br\/\",\"https:\/\/www.facebook.com\/portalmfoficial\",\"https:\/\/www.instagram.com\/portalmf\/\",\"https:\/\/x.com\/https:\/\/x.com\/portalmfoficial\",\"https:\/\/www.youtube.com\/@portalmfoficial\"],\"url\":\"https:\/\/portalmf.com.br\/index.php\/author\/junior\/\"}]}<\/script>\n<!-- \/ Yoast SEO plugin. -->","yoast_head_json":{"title":"Angelo Almeida faz Presta\u00e7\u00e3o de contas do mandato\u00a0 - Portal MF","robots":{"index":"index","follow":"follow","max-snippet":"max-snippet:-1","max-image-preview":"max-image-preview:large","max-video-preview":"max-video-preview:-1"},"canonical":"https:\/\/portalmf.com.br\/index.php\/2022\/12\/22\/angelo-almeida-faz-prestacao-de-contas-do-mandato\/","og_locale":"pt_BR","og_type":"article","og_title":"Angelo Almeida faz Presta\u00e7\u00e3o de contas do mandato\u00a0 - Portal MF","og_description":"\u201cSe tivesse que definir 2022 em uma palavra, com certeza seria supera\u00e7\u00e3o. Este foi um ano e tanto! Inclusive de muito trabalho e grandes conquistas. \u201d, com essas palavras e o cora\u00e7\u00e3o grato, o deputado Angelo Almeida (PSB) encerra mais um ciclo, confiante em novos avan\u00e7os em 2023.&nbsp; \u201cAl\u00e9m de todas as supera\u00e7\u00f5es que vivemos [&hellip;]","og_url":"https:\/\/portalmf.com.br\/index.php\/2022\/12\/22\/angelo-almeida-faz-prestacao-de-contas-do-mandato\/","og_site_name":"Portal MF","article_author":"https:\/\/www.facebook.com\/portalmfoficial","article_published_time":"2022-12-22T16:21:22+00:00","og_image":[{"width":1024,"height":683,"url":"https:\/\/portalmf.com.br\/wp-content\/uploads\/2022\/12\/Angelo-Almeida.jpeg","type":"image\/jpeg"}],"author":"Reda\u00e7\u00e3o Portal MF","twitter_card":"summary_large_image","twitter_creator":"@https:\/\/x.com\/portalmfoficial","twitter_misc":{"Escrito por":"Reda\u00e7\u00e3o Portal MF","Est. tempo de leitura":"3 minutos"},"schema":{"@context":"https:\/\/schema.org","@graph":[{"@type":"WebPage","@id":"https:\/\/portalmf.com.br\/index.php\/2022\/12\/22\/angelo-almeida-faz-prestacao-de-contas-do-mandato\/","url":"https:\/\/portalmf.com.br\/index.php\/2022\/12\/22\/angelo-almeida-faz-prestacao-de-contas-do-mandato\/","name":"Angelo Almeida faz Presta\u00e7\u00e3o de contas do mandato\u00a0 - Portal MF","isPartOf":{"@id":"https:\/\/portalmf.com.br\/#website"},"primaryImageOfPage":{"@id":"https:\/\/portalmf.com.br\/index.php\/2022\/12\/22\/angelo-almeida-faz-prestacao-de-contas-do-mandato\/#primaryimage"},"image":{"@id":"https:\/\/portalmf.com.br\/index.php\/2022\/12\/22\/angelo-almeida-faz-prestacao-de-contas-do-mandato\/#primaryimage"},"thumbnailUrl":"https:\/\/portalmf.com.br\/wp-content\/uploads\/2022\/12\/Angelo-Almeida.jpeg","datePublished":"2022-12-22T16:21:22+00:00","dateModified":"2022-12-22T16:21:22+00:00","author":{"@id":"https:\/\/portalmf.com.br\/#\/schema\/person\/9ec101baf56233e53520c26de5d6f6f0"},"breadcrumb":{"@id":"https:\/\/portalmf.com.br\/index.php\/2022\/12\/22\/angelo-almeida-faz-prestacao-de-contas-do-mandato\/#breadcrumb"},"inLanguage":"pt-BR","potentialAction":[{"@type":"ReadAction","target":["https:\/\/portalmf.com.br\/index.php\/2022\/12\/22\/angelo-almeida-faz-prestacao-de-contas-do-mandato\/"]}]},{"@type":"ImageObject","inLanguage":"pt-BR","@id":"https:\/\/portalmf.com.br\/index.php\/2022\/12\/22\/angelo-almeida-faz-prestacao-de-contas-do-mandato\/#primaryimage","url":"https:\/\/portalmf.com.br\/wp-content\/uploads\/2022\/12\/Angelo-Almeida.jpeg","contentUrl":"https:\/\/portalmf.com.br\/wp-content\/uploads\/2022\/12\/Angelo-Almeida.jpeg","width":1024,"height":683},{"@type":"BreadcrumbList","@id":"https:\/\/portalmf.com.br\/index.php\/2022\/12\/22\/angelo-almeida-faz-prestacao-de-contas-do-mandato\/#breadcrumb","itemListElement":[{"@type":"ListItem","position":1,"name":"In\u00edcio","item":"https:\/\/portalmf.com.br\/"},{"@type":"ListItem","position":2,"name":"Angelo Almeida faz Presta\u00e7\u00e3o de contas do mandato\u00a0"}]},{"@type":"WebSite","@id":"https:\/\/portalmf.com.br\/#website","url":"https:\/\/portalmf.com.br\/","name":"Portal MF","description":"Voc\u00ea conectado com a informa\u00e7\u00e3o","potentialAction":[{"@type":"SearchAction","target":{"@type":"EntryPoint","urlTemplate":"https:\/\/portalmf.com.br\/?s={search_term_string}"},"query-input":"required name=search_term_string"}],"inLanguage":"pt-BR"},{"@type":"Person","@id":"https:\/\/portalmf.com.br\/#\/schema\/person\/9ec101baf56233e53520c26de5d6f6f0","name":"Reda\u00e7\u00e3o Portal MF","image":{"@type":"ImageObject","inLanguage":"pt-BR","@id":"https:\/\/portalmf.com.br\/#\/schema\/person\/image\/","url":"https:\/\/secure.gravatar.com\/avatar\/41b9aaeb2100835f7c64362330f74c7f?s=96&d=mm&r=g","contentUrl":"https:\/\/secure.gravatar.com\/avatar\/41b9aaeb2100835f7c64362330f74c7f?s=96&d=mm&r=g","caption":"Reda\u00e7\u00e3o Portal MF"},"description":"Sejam bem-vindos o portal de informa\u00e7\u00f5es de entretenimento de Feira de Santana, desde 2006 realiza coberturas dos principais eventos com entrevistas exclusivas com as principais personalidades mundiais. Fique conectado tamb\u00e9m nas redes sociais.","sameAs":["http:\/\/www.portalmf.com.br\/","https:\/\/www.facebook.com\/portalmfoficial","https:\/\/www.instagram.com\/portalmf\/","https:\/\/x.com\/https:\/\/x.com\/portalmfoficial","https:\/\/www.youtube.com\/@portalmfoficial"],"url":"https:\/\/portalmf.com.br\/index.php\/author\/junior\/"}]}},"_links":{"self":[{"href":"https:\/\/portalmf.com.br\/index.php\/wp-json\/wp\/v2\/posts\/7065"}],"collection":[{"href":"https:\/\/portalmf.com.br\/index.php\/wp-json\/wp\/v2\/posts"}],"about":[{"href":"https:\/\/portalmf.com.br\/index.php\/wp-json\/wp\/v2\/types\/post"}],"author":[{"embeddable":true,"href":"https:\/\/portalmf.com.br\/index.php\/wp-json\/wp\/v2\/users\/3"}],"replies":[{"embeddable":true,"href":"https:\/\/portalmf.com.br\/index.php\/wp-json\/wp\/v2\/comments?post=7065"}],"version-history":[{"count":1,"href":"https:\/\/portalmf.com.br\/index.php\/wp-json\/wp\/v2\/posts\/7065\/revisions"}],"predecessor-version":[{"id":7067,"href":"https:\/\/portalmf.com.br\/index.php\/wp-json\/wp\/v2\/posts\/7065\/revisions\/7067"}],"wp:featuredmedia":[{"embeddable":true,"href":"https:\/\/portalmf.com.br\/index.php\/wp-json\/wp\/v2\/media\/7066"}],"wp:attachment":[{"href":"https:\/\/portalmf.com.br\/index.php\/wp-json\/wp\/v2\/media?parent=7065"}],"wp:term":[{"taxonomy":"category","embeddable":true,"href":"https:\/\/portalmf.com.br\/index.php\/wp-json\/wp\/v2\/categories?post=7065"},{"taxonomy":"post_tag","embeddable":true,"href":"https:\/\/portalmf.com.br\/index.php\/wp-json\/wp\/v2\/tags?post=7065"}],"curies":[{"name":"wp","href":"https:\/\/api.w.org\/{rel}","templated":true}]}}