{"id":7061,"date":"2022-12-22T11:58:11","date_gmt":"2022-12-22T14:58:11","guid":{"rendered":"https:\/\/portalmf.com.br\/?p=7061"},"modified":"2022-12-22T14:51:40","modified_gmt":"2022-12-22T17:51:40","slug":"pele-apresenta-piora-de-quadro-clinico-e-vai-passar-natal-internado","status":"publish","type":"post","link":"https:\/\/portalmf.com.br\/index.php\/2022\/12\/22\/pele-apresenta-piora-de-quadro-clinico-e-vai-passar-natal-internado\/","title":{"rendered":"Pel\u00e9 apresenta piora de quadro cl\u00ednico e vai passar Natal internado"},"content":{"rendered":"\n<p>Pel\u00e9&nbsp;apresentou piora no quadro cl\u00ednico, segundo o boletim m\u00e9dico divulgado pelo Hospital Albert Einstein, nesta quarta-feira, 21. O Rei do Futebol trata um c\u00e2ncer no c\u00f3lon desde o ano passado, e foi internado recentemente para reavalia\u00e7\u00e3o da terapia quimioter\u00e1pica e tratamento da doen\u00e7a oncol\u00f3gica.&nbsp;<\/p>\n\n\n\n<p>Conforme o boletim da unidade de S\u00e3o Paulo, agora, ele requer \u201cmaiores cuidados relacionados \u00e0s disfun\u00e7\u00f5es renal e card\u00edaca\u201d.&nbsp;<\/p>\n\n\n\n<h2 class=\"wp-block-heading\">Confira o boletim na \u00edntegra:<\/h2>\n\n\n\n<p><em>&#8220;Internado desde 29 de novembro para uma reavalia\u00e7\u00e3o da terapia quimioter\u00e1pica para tumor de c\u00f3lon e tratamento de uma infec\u00e7\u00e3o respirat\u00f3ria, Edson Arantes do Nascimento apresenta progress\u00e3o da doen\u00e7a oncol\u00f3gica e requer maiores cuidados relacionados \u00e0s disfun\u00e7\u00f5es renal e card\u00edaca.&#8221;<\/em><\/p>\n\n\n\n<p>Na semana passada, Pel\u00e9 havia tido melhora em seu quadro cl\u00ednico, e recebeu a filha, Kely Nascimento, que n\u00e3o mora no Brasil. Nesta quarta-feira, ela publicou nas redes sociais que o natal da fam\u00edlia em casa \u201cfoi suspenso\u201d. \u201cN\u00f3s decidimos com os m\u00e9dicos que, por v\u00e1rias raz\u00f5es, ser\u00e1 melhor a gente ficar por aqui mesmo, com todo esse cuidado que esta nova fam\u00edlia\u2026 Einstein nos d\u00e1!!\u201d, afirmou.&nbsp;<\/p>\n\n\n<div class=\"wp-block-image\">\n<figure class=\"aligncenter size-full\"><img fetchpriority=\"high\" decoding=\"async\" width=\"648\" height=\"355\" src=\"https:\/\/portalmf.com.br\/wp-content\/uploads\/2022\/12\/image-4.png\" alt=\"\" class=\"wp-image-7062\" srcset=\"https:\/\/portalmf.com.br\/wp-content\/uploads\/2022\/12\/image-4.png 648w, https:\/\/portalmf.com.br\/wp-content\/uploads\/2022\/12\/image-4-300x164.png 300w, https:\/\/portalmf.com.br\/wp-content\/uploads\/2022\/12\/image-4-585x320.png 585w\" sizes=\"(max-width: 648px) 100vw, 648px\" \/><figcaption>Foto: Reprodu\u00e7\u00e3o\/Instagram<\/figcaption><\/figure><\/div>\n\n\n<p>Posando junto da irm\u00e3, Fl\u00e1via Arantes, ela agradeceu todo o carinho que os f\u00e3s de Pel\u00e9 transmitem \u00e0 fam\u00edlia. <em>\u201cO seu amor por ele, as suas hist\u00f3rias e as suas preces s\u00e3o um conforto ENORME, porque sabemos que n\u00e3o estamos s\u00f3s\u201d.<\/em><\/p>\n\n\n\n<p>Kelly ainda brinca que v\u00e3o transformar o \u201c<em>quarto num samb\u00f3dromo\u201d<\/em>.<em> \u201cVamos fazer at\u00e9 caipirinhas (n\u00e3o \u00e9 brincadeira!!)\u201d<\/em>, diz. Ela finaliza desejando um Natal \u201ccheio de fam\u00edlia, cheio de crian\u00e7a, cheio daquelas briguinhas\u201d, al\u00e9m de amor e sa\u00fade.&nbsp;<\/p>\n\n\n\n<p>Com informa\u00e7\u00f5es do G1<\/p>\n","protected":false},"excerpt":{"rendered":"<p>Pel\u00e9&nbsp;apresentou piora no quadro cl\u00ednico, segundo o boletim m\u00e9dico divulgado pelo Hospital Albert Einstein, nesta quarta-feira, 21. O Rei do Futebol trata um c\u00e2ncer no c\u00f3lon desde o ano passado, e foi internado recentemente para reavalia\u00e7\u00e3o da terapia quimioter\u00e1pica e tratamento da doen\u00e7a oncol\u00f3gica.&nbsp; Conforme o boletim da unidade de S\u00e3o Paulo, agora, ele requer [&hellip;]<\/p>\n","protected":false},"author":3,"featured_media":7063,"comment_status":"open","ping_status":"open","sticky":false,"template":"","format":"standard","meta":{"_monsterinsights_skip_tracking":false,"_monsterinsights_sitenote_active":false,"_monsterinsights_sitenote_note":"","_monsterinsights_sitenote_category":0,"footnotes":""},"categories":[47,35],"tags":[],"yoast_head":"<!-- This site is optimized with the Yoast SEO plugin v22.9 - https:\/\/yoast.com\/wordpress\/plugins\/seo\/ -->\n<title>Pel\u00e9 apresenta piora de quadro cl\u00ednico e vai passar Natal internado - Portal MF<\/title>\n<meta name=\"robots\" content=\"index, follow, max-snippet:-1, max-image-preview:large, max-video-preview:-1\" \/>\n<link rel=\"canonical\" href=\"https:\/\/portalmf.com.br\/index.php\/2022\/12\/22\/pele-apresenta-piora-de-quadro-clinico-e-vai-passar-natal-internado\/\" \/>\n<meta property=\"og:locale\" content=\"pt_BR\" \/>\n<meta property=\"og:type\" content=\"article\" \/>\n<meta property=\"og:title\" content=\"Pel\u00e9 apresenta piora de quadro cl\u00ednico e vai passar Natal internado - Portal MF\" \/>\n<meta property=\"og:description\" content=\"Pel\u00e9&nbsp;apresentou piora no quadro cl\u00ednico, segundo o boletim m\u00e9dico divulgado pelo Hospital Albert Einstein, nesta quarta-feira, 21. O Rei do Futebol trata um c\u00e2ncer no c\u00f3lon desde o ano passado, e foi internado recentemente para reavalia\u00e7\u00e3o da terapia quimioter\u00e1pica e tratamento da doen\u00e7a oncol\u00f3gica.&nbsp; Conforme o boletim da unidade de S\u00e3o Paulo, agora, ele requer [&hellip;]\" \/>\n<meta property=\"og:url\" content=\"https:\/\/portalmf.com.br\/index.php\/2022\/12\/22\/pele-apresenta-piora-de-quadro-clinico-e-vai-passar-natal-internado\/\" \/>\n<meta property=\"og:site_name\" content=\"Portal MF\" \/>\n<meta property=\"article:author\" content=\"https:\/\/www.facebook.com\/portalmfoficial\" \/>\n<meta property=\"article:published_time\" content=\"2022-12-22T14:58:11+00:00\" \/>\n<meta property=\"article:modified_time\" content=\"2022-12-22T17:51:40+00:00\" \/>\n<meta property=\"og:image\" content=\"https:\/\/portalmf.com.br\/wp-content\/uploads\/2022\/12\/1_pele-22146208.jpg\" \/>\n\t<meta property=\"og:image:width\" content=\"806\" \/>\n\t<meta property=\"og:image:height\" content=\"443\" \/>\n\t<meta property=\"og:image:type\" content=\"image\/jpeg\" \/>\n<meta name=\"author\" content=\"Reda\u00e7\u00e3o Portal MF\" \/>\n<meta name=\"twitter:card\" content=\"summary_large_image\" \/>\n<meta name=\"twitter:creator\" content=\"@https:\/\/x.com\/portalmfoficial\" \/>\n<meta name=\"twitter:label1\" content=\"Escrito por\" \/>\n\t<meta name=\"twitter:data1\" content=\"Reda\u00e7\u00e3o Portal MF\" \/>\n\t<meta name=\"twitter:label2\" content=\"Est. tempo de leitura\" \/>\n\t<meta name=\"twitter:data2\" content=\"2 minutos\" \/>\n<script type=\"application\/ld+json\" class=\"yoast-schema-graph\">{\"@context\":\"https:\/\/schema.org\",\"@graph\":[{\"@type\":\"WebPage\",\"@id\":\"https:\/\/portalmf.com.br\/index.php\/2022\/12\/22\/pele-apresenta-piora-de-quadro-clinico-e-vai-passar-natal-internado\/\",\"url\":\"https:\/\/portalmf.com.br\/index.php\/2022\/12\/22\/pele-apresenta-piora-de-quadro-clinico-e-vai-passar-natal-internado\/\",\"name\":\"Pel\u00e9 apresenta piora de quadro cl\u00ednico e vai passar Natal internado - Portal MF\",\"isPartOf\":{\"@id\":\"https:\/\/portalmf.com.br\/#website\"},\"primaryImageOfPage\":{\"@id\":\"https:\/\/portalmf.com.br\/index.php\/2022\/12\/22\/pele-apresenta-piora-de-quadro-clinico-e-vai-passar-natal-internado\/#primaryimage\"},\"image\":{\"@id\":\"https:\/\/portalmf.com.br\/index.php\/2022\/12\/22\/pele-apresenta-piora-de-quadro-clinico-e-vai-passar-natal-internado\/#primaryimage\"},\"thumbnailUrl\":\"https:\/\/portalmf.com.br\/wp-content\/uploads\/2022\/12\/1_pele-22146208.jpg\",\"datePublished\":\"2022-12-22T14:58:11+00:00\",\"dateModified\":\"2022-12-22T17:51:40+00:00\",\"author\":{\"@id\":\"https:\/\/portalmf.com.br\/#\/schema\/person\/9ec101baf56233e53520c26de5d6f6f0\"},\"breadcrumb\":{\"@id\":\"https:\/\/portalmf.com.br\/index.php\/2022\/12\/22\/pele-apresenta-piora-de-quadro-clinico-e-vai-passar-natal-internado\/#breadcrumb\"},\"inLanguage\":\"pt-BR\",\"potentialAction\":[{\"@type\":\"ReadAction\",\"target\":[\"https:\/\/portalmf.com.br\/index.php\/2022\/12\/22\/pele-apresenta-piora-de-quadro-clinico-e-vai-passar-natal-internado\/\"]}]},{\"@type\":\"ImageObject\",\"inLanguage\":\"pt-BR\",\"@id\":\"https:\/\/portalmf.com.br\/index.php\/2022\/12\/22\/pele-apresenta-piora-de-quadro-clinico-e-vai-passar-natal-internado\/#primaryimage\",\"url\":\"https:\/\/portalmf.com.br\/wp-content\/uploads\/2022\/12\/1_pele-22146208.jpg\",\"contentUrl\":\"https:\/\/portalmf.com.br\/wp-content\/uploads\/2022\/12\/1_pele-22146208.jpg\",\"width\":806,\"height\":443,\"caption\":\"Foto: Reprodu\u00e7\u00e3o\"},{\"@type\":\"BreadcrumbList\",\"@id\":\"https:\/\/portalmf.com.br\/index.php\/2022\/12\/22\/pele-apresenta-piora-de-quadro-clinico-e-vai-passar-natal-internado\/#breadcrumb\",\"itemListElement\":[{\"@type\":\"ListItem\",\"position\":1,\"name\":\"In\u00edcio\",\"item\":\"https:\/\/portalmf.com.br\/\"},{\"@type\":\"ListItem\",\"position\":2,\"name\":\"Pel\u00e9 apresenta piora de quadro cl\u00ednico e vai passar Natal internado\"}]},{\"@type\":\"WebSite\",\"@id\":\"https:\/\/portalmf.com.br\/#website\",\"url\":\"https:\/\/portalmf.com.br\/\",\"name\":\"Portal MF\",\"description\":\"Voc\u00ea conectado com a informa\u00e7\u00e3o\",\"potentialAction\":[{\"@type\":\"SearchAction\",\"target\":{\"@type\":\"EntryPoint\",\"urlTemplate\":\"https:\/\/portalmf.com.br\/?s={search_term_string}\"},\"query-input\":\"required name=search_term_string\"}],\"inLanguage\":\"pt-BR\"},{\"@type\":\"Person\",\"@id\":\"https:\/\/portalmf.com.br\/#\/schema\/person\/9ec101baf56233e53520c26de5d6f6f0\",\"name\":\"Reda\u00e7\u00e3o Portal MF\",\"image\":{\"@type\":\"ImageObject\",\"inLanguage\":\"pt-BR\",\"@id\":\"https:\/\/portalmf.com.br\/#\/schema\/person\/image\/\",\"url\":\"https:\/\/secure.gravatar.com\/avatar\/41b9aaeb2100835f7c64362330f74c7f?s=96&d=mm&r=g\",\"contentUrl\":\"https:\/\/secure.gravatar.com\/avatar\/41b9aaeb2100835f7c64362330f74c7f?s=96&d=mm&r=g\",\"caption\":\"Reda\u00e7\u00e3o Portal MF\"},\"description\":\"Sejam bem-vindos o portal de informa\u00e7\u00f5es de entretenimento de Feira de Santana, desde 2006 realiza coberturas dos principais eventos com entrevistas exclusivas com as principais personalidades mundiais. Fique conectado tamb\u00e9m nas redes sociais.\",\"sameAs\":[\"http:\/\/www.portalmf.com.br\/\",\"https:\/\/www.facebook.com\/portalmfoficial\",\"https:\/\/www.instagram.com\/portalmf\/\",\"https:\/\/x.com\/https:\/\/x.com\/portalmfoficial\",\"https:\/\/www.youtube.com\/@portalmfoficial\"],\"url\":\"https:\/\/portalmf.com.br\/index.php\/author\/junior\/\"}]}<\/script>\n<!-- \/ Yoast SEO plugin. -->","yoast_head_json":{"title":"Pel\u00e9 apresenta piora de quadro cl\u00ednico e vai passar Natal internado - Portal MF","robots":{"index":"index","follow":"follow","max-snippet":"max-snippet:-1","max-image-preview":"max-image-preview:large","max-video-preview":"max-video-preview:-1"},"canonical":"https:\/\/portalmf.com.br\/index.php\/2022\/12\/22\/pele-apresenta-piora-de-quadro-clinico-e-vai-passar-natal-internado\/","og_locale":"pt_BR","og_type":"article","og_title":"Pel\u00e9 apresenta piora de quadro cl\u00ednico e vai passar Natal internado - Portal MF","og_description":"Pel\u00e9&nbsp;apresentou piora no quadro cl\u00ednico, segundo o boletim m\u00e9dico divulgado pelo Hospital Albert Einstein, nesta quarta-feira, 21. O Rei do Futebol trata um c\u00e2ncer no c\u00f3lon desde o ano passado, e foi internado recentemente para reavalia\u00e7\u00e3o da terapia quimioter\u00e1pica e tratamento da doen\u00e7a oncol\u00f3gica.&nbsp; Conforme o boletim da unidade de S\u00e3o Paulo, agora, ele requer [&hellip;]","og_url":"https:\/\/portalmf.com.br\/index.php\/2022\/12\/22\/pele-apresenta-piora-de-quadro-clinico-e-vai-passar-natal-internado\/","og_site_name":"Portal MF","article_author":"https:\/\/www.facebook.com\/portalmfoficial","article_published_time":"2022-12-22T14:58:11+00:00","article_modified_time":"2022-12-22T17:51:40+00:00","og_image":[{"width":806,"height":443,"url":"https:\/\/portalmf.com.br\/wp-content\/uploads\/2022\/12\/1_pele-22146208.jpg","type":"image\/jpeg"}],"author":"Reda\u00e7\u00e3o Portal MF","twitter_card":"summary_large_image","twitter_creator":"@https:\/\/x.com\/portalmfoficial","twitter_misc":{"Escrito por":"Reda\u00e7\u00e3o Portal MF","Est. tempo de leitura":"2 minutos"},"schema":{"@context":"https:\/\/schema.org","@graph":[{"@type":"WebPage","@id":"https:\/\/portalmf.com.br\/index.php\/2022\/12\/22\/pele-apresenta-piora-de-quadro-clinico-e-vai-passar-natal-internado\/","url":"https:\/\/portalmf.com.br\/index.php\/2022\/12\/22\/pele-apresenta-piora-de-quadro-clinico-e-vai-passar-natal-internado\/","name":"Pel\u00e9 apresenta piora de quadro cl\u00ednico e vai passar Natal internado - Portal MF","isPartOf":{"@id":"https:\/\/portalmf.com.br\/#website"},"primaryImageOfPage":{"@id":"https:\/\/portalmf.com.br\/index.php\/2022\/12\/22\/pele-apresenta-piora-de-quadro-clinico-e-vai-passar-natal-internado\/#primaryimage"},"image":{"@id":"https:\/\/portalmf.com.br\/index.php\/2022\/12\/22\/pele-apresenta-piora-de-quadro-clinico-e-vai-passar-natal-internado\/#primaryimage"},"thumbnailUrl":"https:\/\/portalmf.com.br\/wp-content\/uploads\/2022\/12\/1_pele-22146208.jpg","datePublished":"2022-12-22T14:58:11+00:00","dateModified":"2022-12-22T17:51:40+00:00","author":{"@id":"https:\/\/portalmf.com.br\/#\/schema\/person\/9ec101baf56233e53520c26de5d6f6f0"},"breadcrumb":{"@id":"https:\/\/portalmf.com.br\/index.php\/2022\/12\/22\/pele-apresenta-piora-de-quadro-clinico-e-vai-passar-natal-internado\/#breadcrumb"},"inLanguage":"pt-BR","potentialAction":[{"@type":"ReadAction","target":["https:\/\/portalmf.com.br\/index.php\/2022\/12\/22\/pele-apresenta-piora-de-quadro-clinico-e-vai-passar-natal-internado\/"]}]},{"@type":"ImageObject","inLanguage":"pt-BR","@id":"https:\/\/portalmf.com.br\/index.php\/2022\/12\/22\/pele-apresenta-piora-de-quadro-clinico-e-vai-passar-natal-internado\/#primaryimage","url":"https:\/\/portalmf.com.br\/wp-content\/uploads\/2022\/12\/1_pele-22146208.jpg","contentUrl":"https:\/\/portalmf.com.br\/wp-content\/uploads\/2022\/12\/1_pele-22146208.jpg","width":806,"height":443,"caption":"Foto: Reprodu\u00e7\u00e3o"},{"@type":"BreadcrumbList","@id":"https:\/\/portalmf.com.br\/index.php\/2022\/12\/22\/pele-apresenta-piora-de-quadro-clinico-e-vai-passar-natal-internado\/#breadcrumb","itemListElement":[{"@type":"ListItem","position":1,"name":"In\u00edcio","item":"https:\/\/portalmf.com.br\/"},{"@type":"ListItem","position":2,"name":"Pel\u00e9 apresenta piora de quadro cl\u00ednico e vai passar Natal internado"}]},{"@type":"WebSite","@id":"https:\/\/portalmf.com.br\/#website","url":"https:\/\/portalmf.com.br\/","name":"Portal MF","description":"Voc\u00ea conectado com a informa\u00e7\u00e3o","potentialAction":[{"@type":"SearchAction","target":{"@type":"EntryPoint","urlTemplate":"https:\/\/portalmf.com.br\/?s={search_term_string}"},"query-input":"required name=search_term_string"}],"inLanguage":"pt-BR"},{"@type":"Person","@id":"https:\/\/portalmf.com.br\/#\/schema\/person\/9ec101baf56233e53520c26de5d6f6f0","name":"Reda\u00e7\u00e3o Portal MF","image":{"@type":"ImageObject","inLanguage":"pt-BR","@id":"https:\/\/portalmf.com.br\/#\/schema\/person\/image\/","url":"https:\/\/secure.gravatar.com\/avatar\/41b9aaeb2100835f7c64362330f74c7f?s=96&d=mm&r=g","contentUrl":"https:\/\/secure.gravatar.com\/avatar\/41b9aaeb2100835f7c64362330f74c7f?s=96&d=mm&r=g","caption":"Reda\u00e7\u00e3o Portal MF"},"description":"Sejam bem-vindos o portal de informa\u00e7\u00f5es de entretenimento de Feira de Santana, desde 2006 realiza coberturas dos principais eventos com entrevistas exclusivas com as principais personalidades mundiais. Fique conectado tamb\u00e9m nas redes sociais.","sameAs":["http:\/\/www.portalmf.com.br\/","https:\/\/www.facebook.com\/portalmfoficial","https:\/\/www.instagram.com\/portalmf\/","https:\/\/x.com\/https:\/\/x.com\/portalmfoficial","https:\/\/www.youtube.com\/@portalmfoficial"],"url":"https:\/\/portalmf.com.br\/index.php\/author\/junior\/"}]}},"_links":{"self":[{"href":"https:\/\/portalmf.com.br\/index.php\/wp-json\/wp\/v2\/posts\/7061"}],"collection":[{"href":"https:\/\/portalmf.com.br\/index.php\/wp-json\/wp\/v2\/posts"}],"about":[{"href":"https:\/\/portalmf.com.br\/index.php\/wp-json\/wp\/v2\/types\/post"}],"author":[{"embeddable":true,"href":"https:\/\/portalmf.com.br\/index.php\/wp-json\/wp\/v2\/users\/3"}],"replies":[{"embeddable":true,"href":"https:\/\/portalmf.com.br\/index.php\/wp-json\/wp\/v2\/comments?post=7061"}],"version-history":[{"count":2,"href":"https:\/\/portalmf.com.br\/index.php\/wp-json\/wp\/v2\/posts\/7061\/revisions"}],"predecessor-version":[{"id":7078,"href":"https:\/\/portalmf.com.br\/index.php\/wp-json\/wp\/v2\/posts\/7061\/revisions\/7078"}],"wp:featuredmedia":[{"embeddable":true,"href":"https:\/\/portalmf.com.br\/index.php\/wp-json\/wp\/v2\/media\/7063"}],"wp:attachment":[{"href":"https:\/\/portalmf.com.br\/index.php\/wp-json\/wp\/v2\/media?parent=7061"}],"wp:term":[{"taxonomy":"category","embeddable":true,"href":"https:\/\/portalmf.com.br\/index.php\/wp-json\/wp\/v2\/categories?post=7061"},{"taxonomy":"post_tag","embeddable":true,"href":"https:\/\/portalmf.com.br\/index.php\/wp-json\/wp\/v2\/tags?post=7061"}],"curies":[{"name":"wp","href":"https:\/\/api.w.org\/{rel}","templated":true}]}}