{"id":7058,"date":"2022-12-30T08:04:00","date_gmt":"2022-12-30T11:04:00","guid":{"rendered":"https:\/\/portalmf.com.br\/?p=7058"},"modified":"2022-12-30T16:19:12","modified_gmt":"2022-12-30T19:19:12","slug":"confira-os-nomes-mais-registrados-em-feira-de-santana-em-2022","status":"publish","type":"post","link":"https:\/\/portalmf.com.br\/index.php\/2022\/12\/30\/confira-os-nomes-mais-registrados-em-feira-de-santana-em-2022\/","title":{"rendered":"Confira os nomes mais registrados em Feira de Santana em 2022"},"content":{"rendered":"\n<p>Uma das grandes novidades de 2022, o nome deixou de ser imut\u00e1vel no Brasil. Embora desde junho deste ano seja poss\u00edvel a qualquer adulto maior de 18 anos alterar seu nome em Cart\u00f3rio independentemente do motivo, e pais de beb\u00eas, em consenso, alterarem o nome do rec\u00e9m-nascido em at\u00e9 15 dias ap\u00f3s o registro de nascimento \u2013 Lei Federal 14.382\/2022 -, a prefer\u00eancia dos feirenses mudou entre os nomes masculinos: Miguel, com 126 registros, apareceu sendo o nome mais escolhido no munic\u00edpio. J\u00e1 entre as mulheres, Liz desbancou Laura, que liderou o ranking feminino nos \u00faltimos dois anos, e foi o nome mais registrado entre as meninas rec\u00e9m-nascidas, com 91 registros. Veja a lista completa abaixo.<\/p>\n\n\n\n<p>O ranking dos nomes mais registrados em 2022 traz a caracter\u00edstica das escolhas mais registradas em Feira de Santana, mostra a prefer\u00eancia por nomes simples e com significados b\u00edblicos como Ravi, Laura, Theo, Alice Samuel e Davi, que simbolizam o novo gosto dos pais e que crescem ano a ano no ranking nacional dos 50 nomes mais registrados.<\/p>\n\n\n\n<p>Os dados completos catalogados pelos Cart\u00f3rios brasileiros integram o&nbsp;<a href=\"https:\/\/transparencia.registrocivil.org.br\/inicio\" class=\"\" target=\"_blank\" rel=\"noreferrer noopener\"><strong>Portal da Transpar\u00eancia<\/strong><\/a>&nbsp;do Registro Civil, administrado pela Associa\u00e7\u00e3o Nacional dos Registradores de Pessoas Naturais (Arpen-Brasil), que re\u00fane a base de dados de nascimentos, casamentos e \u00f3bitos registrados pelas unidades presentes em todas as 5.570 cidades brasileiras. Na plataforma \u00e9 poss\u00edvel realizar buscas ano a ano em todo o territ\u00f3rio nacional, em regi\u00f5es, estados e munic\u00edpios, possibilitando ainda recortes por nomes simples e compostos.<\/p>\n\n\n\n<p>&#8220;A era digital influencia n\u00e3o somente as a\u00e7\u00f5es e comportamentos, mas tamb\u00e9m na quest\u00e3o de identidade, como podemos perceber nos nomes mais registrados na Bahia. Mas, o Registro Civil possibilita a troca de nome para os maiores de 18 anos, ou seja, se a pessoa n\u00e3o gosta ou est\u00e1 insatisfeito com seu nome, pode procurar o cart\u00f3rio mais pr\u00f3ximo e fazer a troca de forma \u00e1gil e simples na certid\u00e3o de nascimento&#8221;, diz Daniel Sampaio, presidente da Arpen\/BA.<\/p>\n\n\n\n<p><strong>Mudan\u00e7a de nome<\/strong><\/p>\n\n\n\n<p>Passados seis meses da entrada em vigor da nova Lei Federal n\u00ba 14.382\/22, que permitiu a troca de nome a partir dos 18 anos independentemente do motivo, assim como a mudan\u00e7a de nome de rec\u00e9m-nascidos em at\u00e9 15 dias ap\u00f3s o registro de nascimento, o Brasil registrou 4.970 altera\u00e7\u00f5es de nome diretamente em Cart\u00f3rios de Registro Civil.<\/p>\n\n\n\n<p>Para realizar o ato diretamente em Cart\u00f3rio \u00e9 necess\u00e1rio que o interessado, maior de 18 anos, compare\u00e7a a unidade com seus documentos pessoais (RG e CPF). O valor do ato \u00e9 o custo de um procedimento, tabelado por lei, e que varia de acordo com a unidade da federa\u00e7\u00e3o. Caso a pessoa queira voltar atr\u00e1s na mudan\u00e7a, dever\u00e1 entrar com uma a\u00e7\u00e3o em ju\u00edzo. Ap\u00f3s a altera\u00e7\u00e3o, o Cart\u00f3rio de Registro Civil comunicar\u00e1 a altera\u00e7\u00e3o a altera\u00e7\u00e3o aos \u00f3rg\u00e3os expedidores do documento de identidade, do CPF e do passaporte, bem como ao Tribunal Superior Eleitoral, preferencialmente por meio eletr\u00f4nico.<\/p>\n\n\n\n<p>J\u00e1 no caso da altera\u00e7\u00e3o do nome e do sobrenome do rec\u00e9m-nascido \u00e9 necess\u00e1rio que os pais estejam em consenso, apresentem a certid\u00e3o de nascimento do beb\u00ea e os documentos pessoais (CPF e RG). Se n\u00e3o houver consenso entre os pais, o caso dever\u00e1 ser encaminhado pelo Cart\u00f3rio ao juiz competente para a decis\u00e3o.<\/p>\n\n\n\n<p>A nova lei deste ano ampliou o rol de possibilidades para altera\u00e7\u00e3o de nomes e sobrenomes sem a necessidade de procedimento judicial ou contrata\u00e7\u00e3o de advogados. At\u00e9 ent\u00e3o, a Lei de Registros P\u00fablicos permitia a altera\u00e7\u00e3o de nome, que juridicamente \u00e9 conhecido como prenome, no primeiro ano da maioridade, isto \u00e9, entre 18 e 19 anos, assim como a altera\u00e7\u00e3o no caso de pessoas transg\u00eaneros e transexuais, em raz\u00e3o de decis\u00e3o tomada pelo Supremo Tribunal Federal (STF) em 2018 e regulamentada pelo Provimento n\u00ba 73 do Conselho Nacional de Justi\u00e7a (CNJ), al\u00e9m das situa\u00e7\u00f5es envolvendo prote\u00e7\u00e3o \u00e0 testemunha e em casos de apelidos not\u00f3rios e reconhecidos, estas duas \u00faltimas possibilidades somente mediante autoriza\u00e7\u00e3o judicial.<\/p>\n\n\n\n<p>J\u00e1 a inclus\u00e3o do sobrenome, pode ocorrer nos casamentos, nos atos de reconhecimento de paternidade e maternidade &#8211; biol\u00f3gica ou socioafetiva -, e nos casos em que os pais de filhos menores constatam, em conjunto, que o registro original n\u00e3o reflete todas as linhagens familiares. J\u00e1 a retirada ou altera\u00e7\u00e3o do sobrenome pode ser solicitada pela pessoa vi\u00fava, mediante a apresenta\u00e7\u00e3o da certid\u00e3o de \u00f3bito do c\u00f4njuge.<\/p>\n\n\n\n<p><strong>RANKING DE NOMES MAIS REGISTRADOS FEIRA DE SANTANA EM 2022<\/strong><\/p>\n\n\n\n<p>MIGUEL &#8211; 126 registros<br>GAEL &#8211; 115 registros<br>HEITOR &#8211; 109 registros<br>ARTHUR &#8211; 107 registros<br>LIZ &#8211; 91 registros<br>RAVI &#8211; 89 registros<br>LAURA &#8211; 76 registros<br>THEO &#8211; 75 registros<br>MARIA ALICE &#8211; 74 registros<\/p>\n\n\n\n<p>ALICE &#8211; 74 registros&nbsp;<\/p>\n\n\n\n<p>Com informa\u00e7\u00f5es do Jornal Folha do Estado<\/p>\n","protected":false},"excerpt":{"rendered":"<p>Uma das grandes novidades de 2022, o nome deixou de ser imut\u00e1vel no Brasil. Embora desde junho deste ano seja poss\u00edvel a qualquer adulto maior de 18 anos alterar seu nome em Cart\u00f3rio independentemente do motivo, e pais de beb\u00eas, em consenso, alterarem o nome do rec\u00e9m-nascido em at\u00e9 15 dias ap\u00f3s o registro de [&hellip;]<\/p>\n","protected":false},"author":3,"featured_media":7059,"comment_status":"open","ping_status":"open","sticky":false,"template":"","format":"standard","meta":{"_monsterinsights_skip_tracking":false,"_monsterinsights_sitenote_active":false,"_monsterinsights_sitenote_note":"","_monsterinsights_sitenote_category":0,"footnotes":""},"categories":[47,34],"tags":[],"yoast_head":"<!-- This site is optimized with the Yoast SEO plugin v22.9 - https:\/\/yoast.com\/wordpress\/plugins\/seo\/ -->\n<title>Confira os nomes mais registrados em Feira de Santana em 2022 - Portal MF<\/title>\n<meta name=\"robots\" content=\"index, follow, max-snippet:-1, max-image-preview:large, max-video-preview:-1\" \/>\n<link rel=\"canonical\" href=\"https:\/\/portalmf.com.br\/index.php\/2022\/12\/30\/confira-os-nomes-mais-registrados-em-feira-de-santana-em-2022\/\" \/>\n<meta property=\"og:locale\" content=\"pt_BR\" \/>\n<meta property=\"og:type\" content=\"article\" \/>\n<meta property=\"og:title\" content=\"Confira os nomes mais registrados em Feira de Santana em 2022 - Portal MF\" \/>\n<meta property=\"og:description\" content=\"Uma das grandes novidades de 2022, o nome deixou de ser imut\u00e1vel no Brasil. Embora desde junho deste ano seja poss\u00edvel a qualquer adulto maior de 18 anos alterar seu nome em Cart\u00f3rio independentemente do motivo, e pais de beb\u00eas, em consenso, alterarem o nome do rec\u00e9m-nascido em at\u00e9 15 dias ap\u00f3s o registro de [&hellip;]\" \/>\n<meta property=\"og:url\" content=\"https:\/\/portalmf.com.br\/index.php\/2022\/12\/30\/confira-os-nomes-mais-registrados-em-feira-de-santana-em-2022\/\" \/>\n<meta property=\"og:site_name\" content=\"Portal MF\" \/>\n<meta property=\"article:author\" content=\"https:\/\/www.facebook.com\/portalmfoficial\" \/>\n<meta property=\"article:published_time\" content=\"2022-12-30T11:04:00+00:00\" \/>\n<meta property=\"article:modified_time\" content=\"2022-12-30T19:19:12+00:00\" \/>\n<meta property=\"og:image\" content=\"https:\/\/portalmf.com.br\/wp-content\/uploads\/2022\/12\/certida\u0303o-de-nascimento-2022-rep-.-990x552-1.jpg\" \/>\n\t<meta property=\"og:image:width\" content=\"990\" \/>\n\t<meta property=\"og:image:height\" content=\"552\" \/>\n\t<meta property=\"og:image:type\" content=\"image\/jpeg\" \/>\n<meta name=\"author\" content=\"Reda\u00e7\u00e3o Portal MF\" \/>\n<meta name=\"twitter:card\" content=\"summary_large_image\" \/>\n<meta name=\"twitter:creator\" content=\"@https:\/\/x.com\/portalmfoficial\" \/>\n<meta name=\"twitter:label1\" content=\"Escrito por\" \/>\n\t<meta name=\"twitter:data1\" content=\"Reda\u00e7\u00e3o Portal MF\" \/>\n\t<meta name=\"twitter:label2\" content=\"Est. tempo de leitura\" \/>\n\t<meta name=\"twitter:data2\" content=\"5 minutos\" \/>\n<script type=\"application\/ld+json\" class=\"yoast-schema-graph\">{\"@context\":\"https:\/\/schema.org\",\"@graph\":[{\"@type\":\"WebPage\",\"@id\":\"https:\/\/portalmf.com.br\/index.php\/2022\/12\/30\/confira-os-nomes-mais-registrados-em-feira-de-santana-em-2022\/\",\"url\":\"https:\/\/portalmf.com.br\/index.php\/2022\/12\/30\/confira-os-nomes-mais-registrados-em-feira-de-santana-em-2022\/\",\"name\":\"Confira os nomes mais registrados em Feira de Santana em 2022 - Portal MF\",\"isPartOf\":{\"@id\":\"https:\/\/portalmf.com.br\/#website\"},\"primaryImageOfPage\":{\"@id\":\"https:\/\/portalmf.com.br\/index.php\/2022\/12\/30\/confira-os-nomes-mais-registrados-em-feira-de-santana-em-2022\/#primaryimage\"},\"image\":{\"@id\":\"https:\/\/portalmf.com.br\/index.php\/2022\/12\/30\/confira-os-nomes-mais-registrados-em-feira-de-santana-em-2022\/#primaryimage\"},\"thumbnailUrl\":\"https:\/\/portalmf.com.br\/wp-content\/uploads\/2022\/12\/certida\u0303o-de-nascimento-2022-rep-.-990x552-1.jpg\",\"datePublished\":\"2022-12-30T11:04:00+00:00\",\"dateModified\":\"2022-12-30T19:19:12+00:00\",\"author\":{\"@id\":\"https:\/\/portalmf.com.br\/#\/schema\/person\/9ec101baf56233e53520c26de5d6f6f0\"},\"breadcrumb\":{\"@id\":\"https:\/\/portalmf.com.br\/index.php\/2022\/12\/30\/confira-os-nomes-mais-registrados-em-feira-de-santana-em-2022\/#breadcrumb\"},\"inLanguage\":\"pt-BR\",\"potentialAction\":[{\"@type\":\"ReadAction\",\"target\":[\"https:\/\/portalmf.com.br\/index.php\/2022\/12\/30\/confira-os-nomes-mais-registrados-em-feira-de-santana-em-2022\/\"]}]},{\"@type\":\"ImageObject\",\"inLanguage\":\"pt-BR\",\"@id\":\"https:\/\/portalmf.com.br\/index.php\/2022\/12\/30\/confira-os-nomes-mais-registrados-em-feira-de-santana-em-2022\/#primaryimage\",\"url\":\"https:\/\/portalmf.com.br\/wp-content\/uploads\/2022\/12\/certida\u0303o-de-nascimento-2022-rep-.-990x552-1.jpg\",\"contentUrl\":\"https:\/\/portalmf.com.br\/wp-content\/uploads\/2022\/12\/certida\u0303o-de-nascimento-2022-rep-.-990x552-1.jpg\",\"width\":990,\"height\":552},{\"@type\":\"BreadcrumbList\",\"@id\":\"https:\/\/portalmf.com.br\/index.php\/2022\/12\/30\/confira-os-nomes-mais-registrados-em-feira-de-santana-em-2022\/#breadcrumb\",\"itemListElement\":[{\"@type\":\"ListItem\",\"position\":1,\"name\":\"In\u00edcio\",\"item\":\"https:\/\/portalmf.com.br\/\"},{\"@type\":\"ListItem\",\"position\":2,\"name\":\"Confira os nomes mais registrados em Feira de Santana em 2022\"}]},{\"@type\":\"WebSite\",\"@id\":\"https:\/\/portalmf.com.br\/#website\",\"url\":\"https:\/\/portalmf.com.br\/\",\"name\":\"Portal MF\",\"description\":\"Voc\u00ea conectado com a informa\u00e7\u00e3o\",\"potentialAction\":[{\"@type\":\"SearchAction\",\"target\":{\"@type\":\"EntryPoint\",\"urlTemplate\":\"https:\/\/portalmf.com.br\/?s={search_term_string}\"},\"query-input\":\"required name=search_term_string\"}],\"inLanguage\":\"pt-BR\"},{\"@type\":\"Person\",\"@id\":\"https:\/\/portalmf.com.br\/#\/schema\/person\/9ec101baf56233e53520c26de5d6f6f0\",\"name\":\"Reda\u00e7\u00e3o Portal MF\",\"image\":{\"@type\":\"ImageObject\",\"inLanguage\":\"pt-BR\",\"@id\":\"https:\/\/portalmf.com.br\/#\/schema\/person\/image\/\",\"url\":\"https:\/\/secure.gravatar.com\/avatar\/41b9aaeb2100835f7c64362330f74c7f?s=96&d=mm&r=g\",\"contentUrl\":\"https:\/\/secure.gravatar.com\/avatar\/41b9aaeb2100835f7c64362330f74c7f?s=96&d=mm&r=g\",\"caption\":\"Reda\u00e7\u00e3o Portal MF\"},\"description\":\"Sejam bem-vindos o portal de informa\u00e7\u00f5es de entretenimento de Feira de Santana, desde 2006 realiza coberturas dos principais eventos com entrevistas exclusivas com as principais personalidades mundiais. Fique conectado tamb\u00e9m nas redes sociais.\",\"sameAs\":[\"http:\/\/www.portalmf.com.br\/\",\"https:\/\/www.facebook.com\/portalmfoficial\",\"https:\/\/www.instagram.com\/portalmf\/\",\"https:\/\/x.com\/https:\/\/x.com\/portalmfoficial\",\"https:\/\/www.youtube.com\/@portalmfoficial\"],\"url\":\"https:\/\/portalmf.com.br\/index.php\/author\/junior\/\"}]}<\/script>\n<!-- \/ Yoast SEO plugin. -->","yoast_head_json":{"title":"Confira os nomes mais registrados em Feira de Santana em 2022 - Portal MF","robots":{"index":"index","follow":"follow","max-snippet":"max-snippet:-1","max-image-preview":"max-image-preview:large","max-video-preview":"max-video-preview:-1"},"canonical":"https:\/\/portalmf.com.br\/index.php\/2022\/12\/30\/confira-os-nomes-mais-registrados-em-feira-de-santana-em-2022\/","og_locale":"pt_BR","og_type":"article","og_title":"Confira os nomes mais registrados em Feira de Santana em 2022 - Portal MF","og_description":"Uma das grandes novidades de 2022, o nome deixou de ser imut\u00e1vel no Brasil. Embora desde junho deste ano seja poss\u00edvel a qualquer adulto maior de 18 anos alterar seu nome em Cart\u00f3rio independentemente do motivo, e pais de beb\u00eas, em consenso, alterarem o nome do rec\u00e9m-nascido em at\u00e9 15 dias ap\u00f3s o registro de [&hellip;]","og_url":"https:\/\/portalmf.com.br\/index.php\/2022\/12\/30\/confira-os-nomes-mais-registrados-em-feira-de-santana-em-2022\/","og_site_name":"Portal MF","article_author":"https:\/\/www.facebook.com\/portalmfoficial","article_published_time":"2022-12-30T11:04:00+00:00","article_modified_time":"2022-12-30T19:19:12+00:00","og_image":[{"width":990,"height":552,"url":"https:\/\/portalmf.com.br\/wp-content\/uploads\/2022\/12\/certida\u0303o-de-nascimento-2022-rep-.-990x552-1.jpg","type":"image\/jpeg"}],"author":"Reda\u00e7\u00e3o Portal MF","twitter_card":"summary_large_image","twitter_creator":"@https:\/\/x.com\/portalmfoficial","twitter_misc":{"Escrito por":"Reda\u00e7\u00e3o Portal MF","Est. tempo de leitura":"5 minutos"},"schema":{"@context":"https:\/\/schema.org","@graph":[{"@type":"WebPage","@id":"https:\/\/portalmf.com.br\/index.php\/2022\/12\/30\/confira-os-nomes-mais-registrados-em-feira-de-santana-em-2022\/","url":"https:\/\/portalmf.com.br\/index.php\/2022\/12\/30\/confira-os-nomes-mais-registrados-em-feira-de-santana-em-2022\/","name":"Confira os nomes mais registrados em Feira de Santana em 2022 - Portal MF","isPartOf":{"@id":"https:\/\/portalmf.com.br\/#website"},"primaryImageOfPage":{"@id":"https:\/\/portalmf.com.br\/index.php\/2022\/12\/30\/confira-os-nomes-mais-registrados-em-feira-de-santana-em-2022\/#primaryimage"},"image":{"@id":"https:\/\/portalmf.com.br\/index.php\/2022\/12\/30\/confira-os-nomes-mais-registrados-em-feira-de-santana-em-2022\/#primaryimage"},"thumbnailUrl":"https:\/\/portalmf.com.br\/wp-content\/uploads\/2022\/12\/certida\u0303o-de-nascimento-2022-rep-.-990x552-1.jpg","datePublished":"2022-12-30T11:04:00+00:00","dateModified":"2022-12-30T19:19:12+00:00","author":{"@id":"https:\/\/portalmf.com.br\/#\/schema\/person\/9ec101baf56233e53520c26de5d6f6f0"},"breadcrumb":{"@id":"https:\/\/portalmf.com.br\/index.php\/2022\/12\/30\/confira-os-nomes-mais-registrados-em-feira-de-santana-em-2022\/#breadcrumb"},"inLanguage":"pt-BR","potentialAction":[{"@type":"ReadAction","target":["https:\/\/portalmf.com.br\/index.php\/2022\/12\/30\/confira-os-nomes-mais-registrados-em-feira-de-santana-em-2022\/"]}]},{"@type":"ImageObject","inLanguage":"pt-BR","@id":"https:\/\/portalmf.com.br\/index.php\/2022\/12\/30\/confira-os-nomes-mais-registrados-em-feira-de-santana-em-2022\/#primaryimage","url":"https:\/\/portalmf.com.br\/wp-content\/uploads\/2022\/12\/certida\u0303o-de-nascimento-2022-rep-.-990x552-1.jpg","contentUrl":"https:\/\/portalmf.com.br\/wp-content\/uploads\/2022\/12\/certida\u0303o-de-nascimento-2022-rep-.-990x552-1.jpg","width":990,"height":552},{"@type":"BreadcrumbList","@id":"https:\/\/portalmf.com.br\/index.php\/2022\/12\/30\/confira-os-nomes-mais-registrados-em-feira-de-santana-em-2022\/#breadcrumb","itemListElement":[{"@type":"ListItem","position":1,"name":"In\u00edcio","item":"https:\/\/portalmf.com.br\/"},{"@type":"ListItem","position":2,"name":"Confira os nomes mais registrados em Feira de Santana em 2022"}]},{"@type":"WebSite","@id":"https:\/\/portalmf.com.br\/#website","url":"https:\/\/portalmf.com.br\/","name":"Portal MF","description":"Voc\u00ea conectado com a informa\u00e7\u00e3o","potentialAction":[{"@type":"SearchAction","target":{"@type":"EntryPoint","urlTemplate":"https:\/\/portalmf.com.br\/?s={search_term_string}"},"query-input":"required name=search_term_string"}],"inLanguage":"pt-BR"},{"@type":"Person","@id":"https:\/\/portalmf.com.br\/#\/schema\/person\/9ec101baf56233e53520c26de5d6f6f0","name":"Reda\u00e7\u00e3o Portal MF","image":{"@type":"ImageObject","inLanguage":"pt-BR","@id":"https:\/\/portalmf.com.br\/#\/schema\/person\/image\/","url":"https:\/\/secure.gravatar.com\/avatar\/41b9aaeb2100835f7c64362330f74c7f?s=96&d=mm&r=g","contentUrl":"https:\/\/secure.gravatar.com\/avatar\/41b9aaeb2100835f7c64362330f74c7f?s=96&d=mm&r=g","caption":"Reda\u00e7\u00e3o Portal MF"},"description":"Sejam bem-vindos o portal de informa\u00e7\u00f5es de entretenimento de Feira de Santana, desde 2006 realiza coberturas dos principais eventos com entrevistas exclusivas com as principais personalidades mundiais. Fique conectado tamb\u00e9m nas redes sociais.","sameAs":["http:\/\/www.portalmf.com.br\/","https:\/\/www.facebook.com\/portalmfoficial","https:\/\/www.instagram.com\/portalmf\/","https:\/\/x.com\/https:\/\/x.com\/portalmfoficial","https:\/\/www.youtube.com\/@portalmfoficial"],"url":"https:\/\/portalmf.com.br\/index.php\/author\/junior\/"}]}},"_links":{"self":[{"href":"https:\/\/portalmf.com.br\/index.php\/wp-json\/wp\/v2\/posts\/7058"}],"collection":[{"href":"https:\/\/portalmf.com.br\/index.php\/wp-json\/wp\/v2\/posts"}],"about":[{"href":"https:\/\/portalmf.com.br\/index.php\/wp-json\/wp\/v2\/types\/post"}],"author":[{"embeddable":true,"href":"https:\/\/portalmf.com.br\/index.php\/wp-json\/wp\/v2\/users\/3"}],"replies":[{"embeddable":true,"href":"https:\/\/portalmf.com.br\/index.php\/wp-json\/wp\/v2\/comments?post=7058"}],"version-history":[{"count":3,"href":"https:\/\/portalmf.com.br\/index.php\/wp-json\/wp\/v2\/posts\/7058\/revisions"}],"predecessor-version":[{"id":7404,"href":"https:\/\/portalmf.com.br\/index.php\/wp-json\/wp\/v2\/posts\/7058\/revisions\/7404"}],"wp:featuredmedia":[{"embeddable":true,"href":"https:\/\/portalmf.com.br\/index.php\/wp-json\/wp\/v2\/media\/7059"}],"wp:attachment":[{"href":"https:\/\/portalmf.com.br\/index.php\/wp-json\/wp\/v2\/media?parent=7058"}],"wp:term":[{"taxonomy":"category","embeddable":true,"href":"https:\/\/portalmf.com.br\/index.php\/wp-json\/wp\/v2\/categories?post=7058"},{"taxonomy":"post_tag","embeddable":true,"href":"https:\/\/portalmf.com.br\/index.php\/wp-json\/wp\/v2\/tags?post=7058"}],"curies":[{"name":"wp","href":"https:\/\/api.w.org\/{rel}","templated":true}]}}