{"id":7049,"date":"2022-12-21T17:48:00","date_gmt":"2022-12-21T20:48:00","guid":{"rendered":"https:\/\/portalmf.com.br\/?p=7049"},"modified":"2022-12-21T17:48:01","modified_gmt":"2022-12-21T20:48:01","slug":"definidos-os-adversarios-de-atletico-mg-e-fortaleza-na-libertadores","status":"publish","type":"post","link":"https:\/\/portalmf.com.br\/index.php\/2022\/12\/21\/definidos-os-adversarios-de-atletico-mg-e-fortaleza-na-libertadores\/","title":{"rendered":"Definidos os advers\u00e1rios de Atl\u00e9tico-MG e Fortaleza na Libertadores"},"content":{"rendered":"\n<p>A Conmebol sorteou nesta quarta-feira (21) os confrontos das tr\u00eas etapas da fase preliminar da\u00a0Copa Libertadores 2023, que re\u00fane\u00a0ao todo 19 times. Destes, apenas quatro se classificar\u00e3o \u00e0\u00a0fase de grupos, a principal da competi\u00e7\u00e3o. O Atl\u00e9tico-MG (7\u00ba lugar no Campeonato Brasileiro deste ano) e o Fortaleza (8\u00ba) estrear\u00e3o na segunda etapa, entre 22 de fevereiro (jogo de ida) e 1\u00ba de mar\u00e7o (volta). O Galo ter\u00e1 pela frente na primeira partida o Carabobo (Venezuela) e o Le\u00e3o de Pici enfrentar\u00e1 o Deportivo Maldonado (Uruguai).<\/p>\n\n\n\n<p>Se ganharem na estreia, as equipes brasileiras avan\u00e7am a terceira etapa da fase preliminar. Os mineiros pegar\u00e3o os vencedores do confronto Universidad Catolica (Equador) x Millonarios (Col\u00f4mbia). J\u00e1 os cearenses medir\u00e3o for\u00e7as com o ganhador de Curic\u00f3 Unido (Chile) x Cerro Porte\u00f1o (Paraguai). \u00a0<\/p>\n\n\n\n<p>A fase de grupos da Libertadores 2023, cujo sorteio dos jogos ser\u00e1 em 22 de mar\u00e7o, reunir\u00e1 os quatro classificados na fase preliminiar&nbsp;e mais 28 times, entre eles os seis primeiros colocados no Brasileir\u00e3o deste ano:<strong>&nbsp;<\/strong>Palmeiras, Inter, Fluminense, Corinthians e Flamengo&nbsp;e Athletico-PR.&nbsp;<\/p>\n\n\n\n<h2 class=\"wp-block-heading\">Fase preliminar<\/h2>\n\n\n\n<p>A primeira etapa ter\u00e1 in\u00edcio no dia 8 de fevereiro de 2023 com tr\u00eas confrontos:\u00a0Sport Huancayo\/Peru\u00a0\u00a0x Nacional\/Paraguai (E1),\u00a0Nacional Potos\u00ed\/Bol\u00edvia\u00a0x El Nacional\/Equador\u00a0(E2) e\u00a0Boston River\/Uruguai\u00a0x Zamora\/Venezuela\u00a0(E3).<\/p>\n\n\n\n<figure class=\"wp-block-image size-large\"><img fetchpriority=\"high\" decoding=\"async\" width=\"819\" height=\"1024\" src=\"https:\/\/portalmf.com.br\/wp-content\/uploads\/2022\/12\/Fkg3UH8XkAIaFoI-819x1024.jpg\" alt=\"\" class=\"wp-image-7050\" srcset=\"https:\/\/portalmf.com.br\/wp-content\/uploads\/2022\/12\/Fkg3UH8XkAIaFoI-819x1024.jpg 819w, https:\/\/portalmf.com.br\/wp-content\/uploads\/2022\/12\/Fkg3UH8XkAIaFoI-240x300.jpg 240w, https:\/\/portalmf.com.br\/wp-content\/uploads\/2022\/12\/Fkg3UH8XkAIaFoI-768x960.jpg 768w, https:\/\/portalmf.com.br\/wp-content\/uploads\/2022\/12\/Fkg3UH8XkAIaFoI-585x731.jpg 585w, https:\/\/portalmf.com.br\/wp-content\/uploads\/2022\/12\/Fkg3UH8XkAIaFoI.jpg 1080w\" sizes=\"(max-width: 819px) 100vw, 819px\" \/><\/figure>\n\n\n\n<p>As tr\u00eas equipes classificadas se juntar\u00e3o a outros 13 times na segunda fase eliminat\u00f3ria (jogos de ida e volta). Na sequ\u00eancia, quem avan\u00e7ar disputar\u00e1 uma das quatro vagas da fase de grupos da competi\u00e7\u00e3o continental.<\/p>\n\n\n\n<figure class=\"wp-block-image size-large\"><img decoding=\"async\" width=\"819\" height=\"1024\" src=\"https:\/\/portalmf.com.br\/wp-content\/uploads\/2022\/12\/Fkg55pzXwAEcTWl-819x1024.jpg\" alt=\"\" class=\"wp-image-7051\" srcset=\"https:\/\/portalmf.com.br\/wp-content\/uploads\/2022\/12\/Fkg55pzXwAEcTWl-819x1024.jpg 819w, https:\/\/portalmf.com.br\/wp-content\/uploads\/2022\/12\/Fkg55pzXwAEcTWl-240x300.jpg 240w, https:\/\/portalmf.com.br\/wp-content\/uploads\/2022\/12\/Fkg55pzXwAEcTWl-768x960.jpg 768w, https:\/\/portalmf.com.br\/wp-content\/uploads\/2022\/12\/Fkg55pzXwAEcTWl-585x731.jpg 585w, https:\/\/portalmf.com.br\/wp-content\/uploads\/2022\/12\/Fkg55pzXwAEcTWl.jpg 1080w\" sizes=\"(max-width: 819px) 100vw, 819px\" \/><\/figure>\n\n\n\n<p>Com informa\u00e7\u00f5es da Ag\u00eancia Brasil<\/p>\n","protected":false},"excerpt":{"rendered":"<p>A Conmebol sorteou nesta quarta-feira (21) os confrontos das tr\u00eas etapas da fase preliminar da\u00a0Copa Libertadores 2023, que re\u00fane\u00a0ao todo 19 times. Destes, apenas quatro se classificar\u00e3o \u00e0\u00a0fase de grupos, a principal da competi\u00e7\u00e3o. O Atl\u00e9tico-MG (7\u00ba lugar no Campeonato Brasileiro deste ano) e o Fortaleza (8\u00ba) estrear\u00e3o na segunda etapa, entre 22 de fevereiro [&hellip;]<\/p>\n","protected":false},"author":3,"featured_media":7052,"comment_status":"open","ping_status":"open","sticky":false,"template":"","format":"standard","meta":{"_monsterinsights_skip_tracking":false,"_monsterinsights_sitenote_active":false,"_monsterinsights_sitenote_note":"","_monsterinsights_sitenote_category":0,"footnotes":""},"categories":[42],"tags":[],"yoast_head":"<!-- This site is optimized with the Yoast SEO plugin v22.9 - https:\/\/yoast.com\/wordpress\/plugins\/seo\/ -->\n<title>Definidos os advers\u00e1rios de Atl\u00e9tico-MG e Fortaleza na Libertadores - Portal MF<\/title>\n<meta name=\"robots\" content=\"index, follow, max-snippet:-1, max-image-preview:large, max-video-preview:-1\" \/>\n<link rel=\"canonical\" href=\"https:\/\/portalmf.com.br\/index.php\/2022\/12\/21\/definidos-os-adversarios-de-atletico-mg-e-fortaleza-na-libertadores\/\" \/>\n<meta property=\"og:locale\" content=\"pt_BR\" \/>\n<meta property=\"og:type\" content=\"article\" \/>\n<meta property=\"og:title\" content=\"Definidos os advers\u00e1rios de Atl\u00e9tico-MG e Fortaleza na Libertadores - Portal MF\" \/>\n<meta property=\"og:description\" content=\"A Conmebol sorteou nesta quarta-feira (21) os confrontos das tr\u00eas etapas da fase preliminar da\u00a0Copa Libertadores 2023, que re\u00fane\u00a0ao todo 19 times. Destes, apenas quatro se classificar\u00e3o \u00e0\u00a0fase de grupos, a principal da competi\u00e7\u00e3o. O Atl\u00e9tico-MG (7\u00ba lugar no Campeonato Brasileiro deste ano) e o Fortaleza (8\u00ba) estrear\u00e3o na segunda etapa, entre 22 de fevereiro [&hellip;]\" \/>\n<meta property=\"og:url\" content=\"https:\/\/portalmf.com.br\/index.php\/2022\/12\/21\/definidos-os-adversarios-de-atletico-mg-e-fortaleza-na-libertadores\/\" \/>\n<meta property=\"og:site_name\" content=\"Portal MF\" \/>\n<meta property=\"article:author\" content=\"https:\/\/www.facebook.com\/portalmfoficial\" \/>\n<meta property=\"article:published_time\" content=\"2022-12-21T20:48:00+00:00\" \/>\n<meta property=\"article:modified_time\" content=\"2022-12-21T20:48:01+00:00\" \/>\n<meta property=\"og:image\" content=\"https:\/\/portalmf.com.br\/wp-content\/uploads\/2022\/12\/taca_libertadores_2022.jpg\" \/>\n\t<meta property=\"og:image:width\" content=\"1170\" \/>\n\t<meta property=\"og:image:height\" content=\"700\" \/>\n\t<meta property=\"og:image:type\" content=\"image\/jpeg\" \/>\n<meta name=\"author\" content=\"Reda\u00e7\u00e3o Portal MF\" \/>\n<meta name=\"twitter:card\" content=\"summary_large_image\" \/>\n<meta name=\"twitter:creator\" content=\"@https:\/\/x.com\/portalmfoficial\" \/>\n<meta name=\"twitter:label1\" content=\"Escrito por\" \/>\n\t<meta name=\"twitter:data1\" content=\"Reda\u00e7\u00e3o Portal MF\" \/>\n\t<meta name=\"twitter:label2\" content=\"Est. tempo de leitura\" \/>\n\t<meta name=\"twitter:data2\" content=\"2 minutos\" \/>\n<script type=\"application\/ld+json\" class=\"yoast-schema-graph\">{\"@context\":\"https:\/\/schema.org\",\"@graph\":[{\"@type\":\"WebPage\",\"@id\":\"https:\/\/portalmf.com.br\/index.php\/2022\/12\/21\/definidos-os-adversarios-de-atletico-mg-e-fortaleza-na-libertadores\/\",\"url\":\"https:\/\/portalmf.com.br\/index.php\/2022\/12\/21\/definidos-os-adversarios-de-atletico-mg-e-fortaleza-na-libertadores\/\",\"name\":\"Definidos os advers\u00e1rios de Atl\u00e9tico-MG e Fortaleza na Libertadores - Portal MF\",\"isPartOf\":{\"@id\":\"https:\/\/portalmf.com.br\/#website\"},\"primaryImageOfPage\":{\"@id\":\"https:\/\/portalmf.com.br\/index.php\/2022\/12\/21\/definidos-os-adversarios-de-atletico-mg-e-fortaleza-na-libertadores\/#primaryimage\"},\"image\":{\"@id\":\"https:\/\/portalmf.com.br\/index.php\/2022\/12\/21\/definidos-os-adversarios-de-atletico-mg-e-fortaleza-na-libertadores\/#primaryimage\"},\"thumbnailUrl\":\"https:\/\/portalmf.com.br\/wp-content\/uploads\/2022\/12\/taca_libertadores_2022.jpg\",\"datePublished\":\"2022-12-21T20:48:00+00:00\",\"dateModified\":\"2022-12-21T20:48:01+00:00\",\"author\":{\"@id\":\"https:\/\/portalmf.com.br\/#\/schema\/person\/9ec101baf56233e53520c26de5d6f6f0\"},\"breadcrumb\":{\"@id\":\"https:\/\/portalmf.com.br\/index.php\/2022\/12\/21\/definidos-os-adversarios-de-atletico-mg-e-fortaleza-na-libertadores\/#breadcrumb\"},\"inLanguage\":\"pt-BR\",\"potentialAction\":[{\"@type\":\"ReadAction\",\"target\":[\"https:\/\/portalmf.com.br\/index.php\/2022\/12\/21\/definidos-os-adversarios-de-atletico-mg-e-fortaleza-na-libertadores\/\"]}]},{\"@type\":\"ImageObject\",\"inLanguage\":\"pt-BR\",\"@id\":\"https:\/\/portalmf.com.br\/index.php\/2022\/12\/21\/definidos-os-adversarios-de-atletico-mg-e-fortaleza-na-libertadores\/#primaryimage\",\"url\":\"https:\/\/portalmf.com.br\/wp-content\/uploads\/2022\/12\/taca_libertadores_2022.jpg\",\"contentUrl\":\"https:\/\/portalmf.com.br\/wp-content\/uploads\/2022\/12\/taca_libertadores_2022.jpg\",\"width\":1170,\"height\":700,\"caption\":\"Foto: Reprodu\u00e7\u00e3o Twitter\/Conmebol\"},{\"@type\":\"BreadcrumbList\",\"@id\":\"https:\/\/portalmf.com.br\/index.php\/2022\/12\/21\/definidos-os-adversarios-de-atletico-mg-e-fortaleza-na-libertadores\/#breadcrumb\",\"itemListElement\":[{\"@type\":\"ListItem\",\"position\":1,\"name\":\"In\u00edcio\",\"item\":\"https:\/\/portalmf.com.br\/\"},{\"@type\":\"ListItem\",\"position\":2,\"name\":\"Definidos os advers\u00e1rios de Atl\u00e9tico-MG e Fortaleza na Libertadores\"}]},{\"@type\":\"WebSite\",\"@id\":\"https:\/\/portalmf.com.br\/#website\",\"url\":\"https:\/\/portalmf.com.br\/\",\"name\":\"Portal MF\",\"description\":\"Voc\u00ea conectado com a informa\u00e7\u00e3o\",\"potentialAction\":[{\"@type\":\"SearchAction\",\"target\":{\"@type\":\"EntryPoint\",\"urlTemplate\":\"https:\/\/portalmf.com.br\/?s={search_term_string}\"},\"query-input\":\"required name=search_term_string\"}],\"inLanguage\":\"pt-BR\"},{\"@type\":\"Person\",\"@id\":\"https:\/\/portalmf.com.br\/#\/schema\/person\/9ec101baf56233e53520c26de5d6f6f0\",\"name\":\"Reda\u00e7\u00e3o Portal MF\",\"image\":{\"@type\":\"ImageObject\",\"inLanguage\":\"pt-BR\",\"@id\":\"https:\/\/portalmf.com.br\/#\/schema\/person\/image\/\",\"url\":\"https:\/\/secure.gravatar.com\/avatar\/41b9aaeb2100835f7c64362330f74c7f?s=96&d=mm&r=g\",\"contentUrl\":\"https:\/\/secure.gravatar.com\/avatar\/41b9aaeb2100835f7c64362330f74c7f?s=96&d=mm&r=g\",\"caption\":\"Reda\u00e7\u00e3o Portal MF\"},\"description\":\"Sejam bem-vindos o portal de informa\u00e7\u00f5es de entretenimento de Feira de Santana, desde 2006 realiza coberturas dos principais eventos com entrevistas exclusivas com as principais personalidades mundiais. Fique conectado tamb\u00e9m nas redes sociais.\",\"sameAs\":[\"http:\/\/www.portalmf.com.br\/\",\"https:\/\/www.facebook.com\/portalmfoficial\",\"https:\/\/www.instagram.com\/portalmf\/\",\"https:\/\/x.com\/https:\/\/x.com\/portalmfoficial\",\"https:\/\/www.youtube.com\/@portalmfoficial\"],\"url\":\"https:\/\/portalmf.com.br\/index.php\/author\/junior\/\"}]}<\/script>\n<!-- \/ Yoast SEO plugin. -->","yoast_head_json":{"title":"Definidos os advers\u00e1rios de Atl\u00e9tico-MG e Fortaleza na Libertadores - Portal MF","robots":{"index":"index","follow":"follow","max-snippet":"max-snippet:-1","max-image-preview":"max-image-preview:large","max-video-preview":"max-video-preview:-1"},"canonical":"https:\/\/portalmf.com.br\/index.php\/2022\/12\/21\/definidos-os-adversarios-de-atletico-mg-e-fortaleza-na-libertadores\/","og_locale":"pt_BR","og_type":"article","og_title":"Definidos os advers\u00e1rios de Atl\u00e9tico-MG e Fortaleza na Libertadores - Portal MF","og_description":"A Conmebol sorteou nesta quarta-feira (21) os confrontos das tr\u00eas etapas da fase preliminar da\u00a0Copa Libertadores 2023, que re\u00fane\u00a0ao todo 19 times. Destes, apenas quatro se classificar\u00e3o \u00e0\u00a0fase de grupos, a principal da competi\u00e7\u00e3o. O Atl\u00e9tico-MG (7\u00ba lugar no Campeonato Brasileiro deste ano) e o Fortaleza (8\u00ba) estrear\u00e3o na segunda etapa, entre 22 de fevereiro [&hellip;]","og_url":"https:\/\/portalmf.com.br\/index.php\/2022\/12\/21\/definidos-os-adversarios-de-atletico-mg-e-fortaleza-na-libertadores\/","og_site_name":"Portal MF","article_author":"https:\/\/www.facebook.com\/portalmfoficial","article_published_time":"2022-12-21T20:48:00+00:00","article_modified_time":"2022-12-21T20:48:01+00:00","og_image":[{"width":1170,"height":700,"url":"https:\/\/portalmf.com.br\/wp-content\/uploads\/2022\/12\/taca_libertadores_2022.jpg","type":"image\/jpeg"}],"author":"Reda\u00e7\u00e3o Portal MF","twitter_card":"summary_large_image","twitter_creator":"@https:\/\/x.com\/portalmfoficial","twitter_misc":{"Escrito por":"Reda\u00e7\u00e3o Portal MF","Est. tempo de leitura":"2 minutos"},"schema":{"@context":"https:\/\/schema.org","@graph":[{"@type":"WebPage","@id":"https:\/\/portalmf.com.br\/index.php\/2022\/12\/21\/definidos-os-adversarios-de-atletico-mg-e-fortaleza-na-libertadores\/","url":"https:\/\/portalmf.com.br\/index.php\/2022\/12\/21\/definidos-os-adversarios-de-atletico-mg-e-fortaleza-na-libertadores\/","name":"Definidos os advers\u00e1rios de Atl\u00e9tico-MG e Fortaleza na Libertadores - Portal MF","isPartOf":{"@id":"https:\/\/portalmf.com.br\/#website"},"primaryImageOfPage":{"@id":"https:\/\/portalmf.com.br\/index.php\/2022\/12\/21\/definidos-os-adversarios-de-atletico-mg-e-fortaleza-na-libertadores\/#primaryimage"},"image":{"@id":"https:\/\/portalmf.com.br\/index.php\/2022\/12\/21\/definidos-os-adversarios-de-atletico-mg-e-fortaleza-na-libertadores\/#primaryimage"},"thumbnailUrl":"https:\/\/portalmf.com.br\/wp-content\/uploads\/2022\/12\/taca_libertadores_2022.jpg","datePublished":"2022-12-21T20:48:00+00:00","dateModified":"2022-12-21T20:48:01+00:00","author":{"@id":"https:\/\/portalmf.com.br\/#\/schema\/person\/9ec101baf56233e53520c26de5d6f6f0"},"breadcrumb":{"@id":"https:\/\/portalmf.com.br\/index.php\/2022\/12\/21\/definidos-os-adversarios-de-atletico-mg-e-fortaleza-na-libertadores\/#breadcrumb"},"inLanguage":"pt-BR","potentialAction":[{"@type":"ReadAction","target":["https:\/\/portalmf.com.br\/index.php\/2022\/12\/21\/definidos-os-adversarios-de-atletico-mg-e-fortaleza-na-libertadores\/"]}]},{"@type":"ImageObject","inLanguage":"pt-BR","@id":"https:\/\/portalmf.com.br\/index.php\/2022\/12\/21\/definidos-os-adversarios-de-atletico-mg-e-fortaleza-na-libertadores\/#primaryimage","url":"https:\/\/portalmf.com.br\/wp-content\/uploads\/2022\/12\/taca_libertadores_2022.jpg","contentUrl":"https:\/\/portalmf.com.br\/wp-content\/uploads\/2022\/12\/taca_libertadores_2022.jpg","width":1170,"height":700,"caption":"Foto: Reprodu\u00e7\u00e3o Twitter\/Conmebol"},{"@type":"BreadcrumbList","@id":"https:\/\/portalmf.com.br\/index.php\/2022\/12\/21\/definidos-os-adversarios-de-atletico-mg-e-fortaleza-na-libertadores\/#breadcrumb","itemListElement":[{"@type":"ListItem","position":1,"name":"In\u00edcio","item":"https:\/\/portalmf.com.br\/"},{"@type":"ListItem","position":2,"name":"Definidos os advers\u00e1rios de Atl\u00e9tico-MG e Fortaleza na Libertadores"}]},{"@type":"WebSite","@id":"https:\/\/portalmf.com.br\/#website","url":"https:\/\/portalmf.com.br\/","name":"Portal MF","description":"Voc\u00ea conectado com a informa\u00e7\u00e3o","potentialAction":[{"@type":"SearchAction","target":{"@type":"EntryPoint","urlTemplate":"https:\/\/portalmf.com.br\/?s={search_term_string}"},"query-input":"required name=search_term_string"}],"inLanguage":"pt-BR"},{"@type":"Person","@id":"https:\/\/portalmf.com.br\/#\/schema\/person\/9ec101baf56233e53520c26de5d6f6f0","name":"Reda\u00e7\u00e3o Portal MF","image":{"@type":"ImageObject","inLanguage":"pt-BR","@id":"https:\/\/portalmf.com.br\/#\/schema\/person\/image\/","url":"https:\/\/secure.gravatar.com\/avatar\/41b9aaeb2100835f7c64362330f74c7f?s=96&d=mm&r=g","contentUrl":"https:\/\/secure.gravatar.com\/avatar\/41b9aaeb2100835f7c64362330f74c7f?s=96&d=mm&r=g","caption":"Reda\u00e7\u00e3o Portal MF"},"description":"Sejam bem-vindos o portal de informa\u00e7\u00f5es de entretenimento de Feira de Santana, desde 2006 realiza coberturas dos principais eventos com entrevistas exclusivas com as principais personalidades mundiais. Fique conectado tamb\u00e9m nas redes sociais.","sameAs":["http:\/\/www.portalmf.com.br\/","https:\/\/www.facebook.com\/portalmfoficial","https:\/\/www.instagram.com\/portalmf\/","https:\/\/x.com\/https:\/\/x.com\/portalmfoficial","https:\/\/www.youtube.com\/@portalmfoficial"],"url":"https:\/\/portalmf.com.br\/index.php\/author\/junior\/"}]}},"_links":{"self":[{"href":"https:\/\/portalmf.com.br\/index.php\/wp-json\/wp\/v2\/posts\/7049"}],"collection":[{"href":"https:\/\/portalmf.com.br\/index.php\/wp-json\/wp\/v2\/posts"}],"about":[{"href":"https:\/\/portalmf.com.br\/index.php\/wp-json\/wp\/v2\/types\/post"}],"author":[{"embeddable":true,"href":"https:\/\/portalmf.com.br\/index.php\/wp-json\/wp\/v2\/users\/3"}],"replies":[{"embeddable":true,"href":"https:\/\/portalmf.com.br\/index.php\/wp-json\/wp\/v2\/comments?post=7049"}],"version-history":[{"count":1,"href":"https:\/\/portalmf.com.br\/index.php\/wp-json\/wp\/v2\/posts\/7049\/revisions"}],"predecessor-version":[{"id":7053,"href":"https:\/\/portalmf.com.br\/index.php\/wp-json\/wp\/v2\/posts\/7049\/revisions\/7053"}],"wp:featuredmedia":[{"embeddable":true,"href":"https:\/\/portalmf.com.br\/index.php\/wp-json\/wp\/v2\/media\/7052"}],"wp:attachment":[{"href":"https:\/\/portalmf.com.br\/index.php\/wp-json\/wp\/v2\/media?parent=7049"}],"wp:term":[{"taxonomy":"category","embeddable":true,"href":"https:\/\/portalmf.com.br\/index.php\/wp-json\/wp\/v2\/categories?post=7049"},{"taxonomy":"post_tag","embeddable":true,"href":"https:\/\/portalmf.com.br\/index.php\/wp-json\/wp\/v2\/tags?post=7049"}],"curies":[{"name":"wp","href":"https:\/\/api.w.org\/{rel}","templated":true}]}}