{"id":7046,"date":"2022-12-21T17:44:37","date_gmt":"2022-12-21T20:44:37","guid":{"rendered":"https:\/\/portalmf.com.br\/?p=7046"},"modified":"2022-12-21T17:48:37","modified_gmt":"2022-12-21T20:48:37","slug":"mbappe-recusa-folga-e-volta-a-treinar-no-psg","status":"publish","type":"post","link":"https:\/\/portalmf.com.br\/index.php\/2022\/12\/21\/mbappe-recusa-folga-e-volta-a-treinar-no-psg\/","title":{"rendered":"Mbapp\u00e9 recusa folga e volta a treinar no PSG"},"content":{"rendered":"\n<p>Mesmo de f\u00e9rias, o atacante&nbsp;<strong>Kylian Mbapp\u00e9<\/strong>&nbsp;j\u00e1 retornou aos trabalhos de forma antecipada ao&nbsp;<strong>Paris Saint-Germain<\/strong>. O jogador poderia ficar mais tempo de &#8216;molho&#8217; ap\u00f3s a final da Copa do Mundo, realizada no \u00faltimo domingo, 18, com a vit\u00f3ria da&nbsp;Argentina contra&nbsp;a&nbsp;Fran\u00e7a nos p\u00eanaltis.&nbsp;<\/p>\n\n\n\n<p>O jogador apareceu no Centro de Treinamento do PSG nesta quarta-feira, 21, e fez algumas atividades enquanto o time fazia um amistoso de intertemporada. Mbapp\u00e9 foi fotografado em uma conversa com o t\u00e9cnico Christophe Galier, com ele repostando a imagem em suas redes sociais.&nbsp;<\/p>\n\n\n\n<p>O PSG deu f\u00e9rias para Mbapp\u00e9 at\u00e9 o fim do ano e o craque poderia&nbsp;retornar aos treinos&nbsp;somente no dia&nbsp;3 de janeiro, de acordo com a imprensa francesa. Messi e Neymar tamb\u00e9m receberam folga.<\/p>\n\n\n\n<p>O&nbsp;argentino comemora o t\u00edtulo&nbsp;com a fam\u00edlia e os amigos na Argentina, ap\u00f3s a festa com a torcida na \u00faltima ter\u00e7a-feira, 20.&nbsp;<\/p>\n\n\n\n<figure class=\"wp-block-embed is-type-rich is-provider-twitter wp-block-embed-twitter\"><div class=\"wp-block-embed__wrapper\">\n<blockquote class=\"twitter-tweet\" data-width=\"550\" data-dnt=\"true\"><p lang=\"fr\" dir=\"ltr\">\ud83d\udd19 <a href=\"https:\/\/twitter.com\/KMbappe?ref_src=twsrc%5Etfw\">@KMbappe<\/a> de retour \u00e0 l&#39;entra\u00eenement ce mercredi ! \ud83d\udcaa <a href=\"https:\/\/t.co\/Q9sAl4zlQg\">pic.twitter.com\/Q9sAl4zlQg<\/a><\/p>&mdash; Paris Saint-Germain (@PSG_inside) <a href=\"https:\/\/twitter.com\/PSG_inside\/status\/1605490834404790272?ref_src=twsrc%5Etfw\">December 21, 2022<\/a><\/blockquote><script async src=\"https:\/\/platform.twitter.com\/widgets.js\" charset=\"utf-8\"><\/script>\n<\/div><\/figure>\n\n\n\n<p>J\u00e1 Neymar&nbsp;curte festas e baladas em solo brasileiro. Ap\u00f3s a elimina\u00e7\u00e3o da Sele\u00e7\u00e3o Brasileira nas quartas de finais, o craque ficou alguns dias no Catar e retornou ao Brasil, onde foi criticado por fazer uma festa&nbsp;com outros atletas na&nbsp;casa de sua irm\u00e3, Rafaella.<\/p>\n\n\n\n<p>Com informa\u00e7\u00f5es do Terra<\/p>\n","protected":false},"excerpt":{"rendered":"<p>Mesmo de f\u00e9rias, o atacante&nbsp;Kylian Mbapp\u00e9&nbsp;j\u00e1 retornou aos trabalhos de forma antecipada ao&nbsp;Paris Saint-Germain. O jogador poderia ficar mais tempo de &#8216;molho&#8217; ap\u00f3s a final da Copa do Mundo, realizada no \u00faltimo domingo, 18, com a vit\u00f3ria da&nbsp;Argentina contra&nbsp;a&nbsp;Fran\u00e7a nos p\u00eanaltis.&nbsp; O jogador apareceu no Centro de Treinamento do PSG nesta quarta-feira, 21, e fez [&hellip;]<\/p>\n","protected":false},"author":3,"featured_media":7047,"comment_status":"open","ping_status":"open","sticky":false,"template":"","format":"standard","meta":{"_monsterinsights_skip_tracking":false,"_monsterinsights_sitenote_active":false,"_monsterinsights_sitenote_note":"","_monsterinsights_sitenote_category":0,"footnotes":""},"categories":[42],"tags":[],"yoast_head":"<!-- This site is optimized with the Yoast SEO plugin v22.9 - https:\/\/yoast.com\/wordpress\/plugins\/seo\/ -->\n<title>Mbapp\u00e9 recusa folga e volta a treinar no PSG - Portal MF<\/title>\n<meta name=\"robots\" content=\"index, follow, max-snippet:-1, max-image-preview:large, max-video-preview:-1\" \/>\n<link rel=\"canonical\" href=\"https:\/\/portalmf.com.br\/index.php\/2022\/12\/21\/mbappe-recusa-folga-e-volta-a-treinar-no-psg\/\" \/>\n<meta property=\"og:locale\" content=\"pt_BR\" \/>\n<meta property=\"og:type\" content=\"article\" \/>\n<meta property=\"og:title\" content=\"Mbapp\u00e9 recusa folga e volta a treinar no PSG - Portal MF\" \/>\n<meta property=\"og:description\" content=\"Mesmo de f\u00e9rias, o atacante&nbsp;Kylian Mbapp\u00e9&nbsp;j\u00e1 retornou aos trabalhos de forma antecipada ao&nbsp;Paris Saint-Germain. O jogador poderia ficar mais tempo de &#8216;molho&#8217; ap\u00f3s a final da Copa do Mundo, realizada no \u00faltimo domingo, 18, com a vit\u00f3ria da&nbsp;Argentina contra&nbsp;a&nbsp;Fran\u00e7a nos p\u00eanaltis.&nbsp; O jogador apareceu no Centro de Treinamento do PSG nesta quarta-feira, 21, e fez [&hellip;]\" \/>\n<meta property=\"og:url\" content=\"https:\/\/portalmf.com.br\/index.php\/2022\/12\/21\/mbappe-recusa-folga-e-volta-a-treinar-no-psg\/\" \/>\n<meta property=\"og:site_name\" content=\"Portal MF\" \/>\n<meta property=\"article:author\" content=\"https:\/\/www.facebook.com\/portalmfoficial\" \/>\n<meta property=\"article:published_time\" content=\"2022-12-21T20:44:37+00:00\" \/>\n<meta property=\"article:modified_time\" content=\"2022-12-21T20:48:37+00:00\" \/>\n<meta property=\"og:image\" content=\"https:\/\/portalmf.com.br\/wp-content\/uploads\/2022\/12\/MBAPPE-scaled.jpg\" \/>\n\t<meta property=\"og:image:width\" content=\"2560\" \/>\n\t<meta property=\"og:image:height\" content=\"1707\" \/>\n\t<meta property=\"og:image:type\" content=\"image\/jpeg\" \/>\n<meta name=\"author\" content=\"Reda\u00e7\u00e3o Portal MF\" \/>\n<meta name=\"twitter:card\" content=\"summary_large_image\" \/>\n<meta name=\"twitter:creator\" content=\"@https:\/\/x.com\/portalmfoficial\" \/>\n<meta name=\"twitter:label1\" content=\"Escrito por\" \/>\n\t<meta name=\"twitter:data1\" content=\"Reda\u00e7\u00e3o Portal MF\" \/>\n<script type=\"application\/ld+json\" class=\"yoast-schema-graph\">{\"@context\":\"https:\/\/schema.org\",\"@graph\":[{\"@type\":\"WebPage\",\"@id\":\"https:\/\/portalmf.com.br\/index.php\/2022\/12\/21\/mbappe-recusa-folga-e-volta-a-treinar-no-psg\/\",\"url\":\"https:\/\/portalmf.com.br\/index.php\/2022\/12\/21\/mbappe-recusa-folga-e-volta-a-treinar-no-psg\/\",\"name\":\"Mbapp\u00e9 recusa folga e volta a treinar no PSG - Portal MF\",\"isPartOf\":{\"@id\":\"https:\/\/portalmf.com.br\/#website\"},\"primaryImageOfPage\":{\"@id\":\"https:\/\/portalmf.com.br\/index.php\/2022\/12\/21\/mbappe-recusa-folga-e-volta-a-treinar-no-psg\/#primaryimage\"},\"image\":{\"@id\":\"https:\/\/portalmf.com.br\/index.php\/2022\/12\/21\/mbappe-recusa-folga-e-volta-a-treinar-no-psg\/#primaryimage\"},\"thumbnailUrl\":\"https:\/\/portalmf.com.br\/wp-content\/uploads\/2022\/12\/MBAPPE-scaled.jpg\",\"datePublished\":\"2022-12-21T20:44:37+00:00\",\"dateModified\":\"2022-12-21T20:48:37+00:00\",\"author\":{\"@id\":\"https:\/\/portalmf.com.br\/#\/schema\/person\/9ec101baf56233e53520c26de5d6f6f0\"},\"breadcrumb\":{\"@id\":\"https:\/\/portalmf.com.br\/index.php\/2022\/12\/21\/mbappe-recusa-folga-e-volta-a-treinar-no-psg\/#breadcrumb\"},\"inLanguage\":\"pt-BR\",\"potentialAction\":[{\"@type\":\"ReadAction\",\"target\":[\"https:\/\/portalmf.com.br\/index.php\/2022\/12\/21\/mbappe-recusa-folga-e-volta-a-treinar-no-psg\/\"]}]},{\"@type\":\"ImageObject\",\"inLanguage\":\"pt-BR\",\"@id\":\"https:\/\/portalmf.com.br\/index.php\/2022\/12\/21\/mbappe-recusa-folga-e-volta-a-treinar-no-psg\/#primaryimage\",\"url\":\"https:\/\/portalmf.com.br\/wp-content\/uploads\/2022\/12\/MBAPPE-scaled.jpg\",\"contentUrl\":\"https:\/\/portalmf.com.br\/wp-content\/uploads\/2022\/12\/MBAPPE-scaled.jpg\",\"width\":2560,\"height\":1707},{\"@type\":\"BreadcrumbList\",\"@id\":\"https:\/\/portalmf.com.br\/index.php\/2022\/12\/21\/mbappe-recusa-folga-e-volta-a-treinar-no-psg\/#breadcrumb\",\"itemListElement\":[{\"@type\":\"ListItem\",\"position\":1,\"name\":\"In\u00edcio\",\"item\":\"https:\/\/portalmf.com.br\/\"},{\"@type\":\"ListItem\",\"position\":2,\"name\":\"Mbapp\u00e9 recusa folga e volta a treinar no PSG\"}]},{\"@type\":\"WebSite\",\"@id\":\"https:\/\/portalmf.com.br\/#website\",\"url\":\"https:\/\/portalmf.com.br\/\",\"name\":\"Portal MF\",\"description\":\"Voc\u00ea conectado com a informa\u00e7\u00e3o\",\"potentialAction\":[{\"@type\":\"SearchAction\",\"target\":{\"@type\":\"EntryPoint\",\"urlTemplate\":\"https:\/\/portalmf.com.br\/?s={search_term_string}\"},\"query-input\":\"required name=search_term_string\"}],\"inLanguage\":\"pt-BR\"},{\"@type\":\"Person\",\"@id\":\"https:\/\/portalmf.com.br\/#\/schema\/person\/9ec101baf56233e53520c26de5d6f6f0\",\"name\":\"Reda\u00e7\u00e3o Portal MF\",\"image\":{\"@type\":\"ImageObject\",\"inLanguage\":\"pt-BR\",\"@id\":\"https:\/\/portalmf.com.br\/#\/schema\/person\/image\/\",\"url\":\"https:\/\/secure.gravatar.com\/avatar\/41b9aaeb2100835f7c64362330f74c7f?s=96&d=mm&r=g\",\"contentUrl\":\"https:\/\/secure.gravatar.com\/avatar\/41b9aaeb2100835f7c64362330f74c7f?s=96&d=mm&r=g\",\"caption\":\"Reda\u00e7\u00e3o Portal MF\"},\"description\":\"Sejam bem-vindos o portal de informa\u00e7\u00f5es de entretenimento de Feira de Santana, desde 2006 realiza coberturas dos principais eventos com entrevistas exclusivas com as principais personalidades mundiais. Fique conectado tamb\u00e9m nas redes sociais.\",\"sameAs\":[\"http:\/\/www.portalmf.com.br\/\",\"https:\/\/www.facebook.com\/portalmfoficial\",\"https:\/\/www.instagram.com\/portalmf\/\",\"https:\/\/x.com\/https:\/\/x.com\/portalmfoficial\",\"https:\/\/www.youtube.com\/@portalmfoficial\"],\"url\":\"https:\/\/portalmf.com.br\/index.php\/author\/junior\/\"}]}<\/script>\n<!-- \/ Yoast SEO plugin. -->","yoast_head_json":{"title":"Mbapp\u00e9 recusa folga e volta a treinar no PSG - Portal MF","robots":{"index":"index","follow":"follow","max-snippet":"max-snippet:-1","max-image-preview":"max-image-preview:large","max-video-preview":"max-video-preview:-1"},"canonical":"https:\/\/portalmf.com.br\/index.php\/2022\/12\/21\/mbappe-recusa-folga-e-volta-a-treinar-no-psg\/","og_locale":"pt_BR","og_type":"article","og_title":"Mbapp\u00e9 recusa folga e volta a treinar no PSG - Portal MF","og_description":"Mesmo de f\u00e9rias, o atacante&nbsp;Kylian Mbapp\u00e9&nbsp;j\u00e1 retornou aos trabalhos de forma antecipada ao&nbsp;Paris Saint-Germain. O jogador poderia ficar mais tempo de &#8216;molho&#8217; ap\u00f3s a final da Copa do Mundo, realizada no \u00faltimo domingo, 18, com a vit\u00f3ria da&nbsp;Argentina contra&nbsp;a&nbsp;Fran\u00e7a nos p\u00eanaltis.&nbsp; O jogador apareceu no Centro de Treinamento do PSG nesta quarta-feira, 21, e fez [&hellip;]","og_url":"https:\/\/portalmf.com.br\/index.php\/2022\/12\/21\/mbappe-recusa-folga-e-volta-a-treinar-no-psg\/","og_site_name":"Portal MF","article_author":"https:\/\/www.facebook.com\/portalmfoficial","article_published_time":"2022-12-21T20:44:37+00:00","article_modified_time":"2022-12-21T20:48:37+00:00","og_image":[{"width":2560,"height":1707,"url":"https:\/\/portalmf.com.br\/wp-content\/uploads\/2022\/12\/MBAPPE-scaled.jpg","type":"image\/jpeg"}],"author":"Reda\u00e7\u00e3o Portal MF","twitter_card":"summary_large_image","twitter_creator":"@https:\/\/x.com\/portalmfoficial","twitter_misc":{"Escrito por":"Reda\u00e7\u00e3o Portal MF"},"schema":{"@context":"https:\/\/schema.org","@graph":[{"@type":"WebPage","@id":"https:\/\/portalmf.com.br\/index.php\/2022\/12\/21\/mbappe-recusa-folga-e-volta-a-treinar-no-psg\/","url":"https:\/\/portalmf.com.br\/index.php\/2022\/12\/21\/mbappe-recusa-folga-e-volta-a-treinar-no-psg\/","name":"Mbapp\u00e9 recusa folga e volta a treinar no PSG - Portal MF","isPartOf":{"@id":"https:\/\/portalmf.com.br\/#website"},"primaryImageOfPage":{"@id":"https:\/\/portalmf.com.br\/index.php\/2022\/12\/21\/mbappe-recusa-folga-e-volta-a-treinar-no-psg\/#primaryimage"},"image":{"@id":"https:\/\/portalmf.com.br\/index.php\/2022\/12\/21\/mbappe-recusa-folga-e-volta-a-treinar-no-psg\/#primaryimage"},"thumbnailUrl":"https:\/\/portalmf.com.br\/wp-content\/uploads\/2022\/12\/MBAPPE-scaled.jpg","datePublished":"2022-12-21T20:44:37+00:00","dateModified":"2022-12-21T20:48:37+00:00","author":{"@id":"https:\/\/portalmf.com.br\/#\/schema\/person\/9ec101baf56233e53520c26de5d6f6f0"},"breadcrumb":{"@id":"https:\/\/portalmf.com.br\/index.php\/2022\/12\/21\/mbappe-recusa-folga-e-volta-a-treinar-no-psg\/#breadcrumb"},"inLanguage":"pt-BR","potentialAction":[{"@type":"ReadAction","target":["https:\/\/portalmf.com.br\/index.php\/2022\/12\/21\/mbappe-recusa-folga-e-volta-a-treinar-no-psg\/"]}]},{"@type":"ImageObject","inLanguage":"pt-BR","@id":"https:\/\/portalmf.com.br\/index.php\/2022\/12\/21\/mbappe-recusa-folga-e-volta-a-treinar-no-psg\/#primaryimage","url":"https:\/\/portalmf.com.br\/wp-content\/uploads\/2022\/12\/MBAPPE-scaled.jpg","contentUrl":"https:\/\/portalmf.com.br\/wp-content\/uploads\/2022\/12\/MBAPPE-scaled.jpg","width":2560,"height":1707},{"@type":"BreadcrumbList","@id":"https:\/\/portalmf.com.br\/index.php\/2022\/12\/21\/mbappe-recusa-folga-e-volta-a-treinar-no-psg\/#breadcrumb","itemListElement":[{"@type":"ListItem","position":1,"name":"In\u00edcio","item":"https:\/\/portalmf.com.br\/"},{"@type":"ListItem","position":2,"name":"Mbapp\u00e9 recusa folga e volta a treinar no PSG"}]},{"@type":"WebSite","@id":"https:\/\/portalmf.com.br\/#website","url":"https:\/\/portalmf.com.br\/","name":"Portal MF","description":"Voc\u00ea conectado com a informa\u00e7\u00e3o","potentialAction":[{"@type":"SearchAction","target":{"@type":"EntryPoint","urlTemplate":"https:\/\/portalmf.com.br\/?s={search_term_string}"},"query-input":"required name=search_term_string"}],"inLanguage":"pt-BR"},{"@type":"Person","@id":"https:\/\/portalmf.com.br\/#\/schema\/person\/9ec101baf56233e53520c26de5d6f6f0","name":"Reda\u00e7\u00e3o Portal MF","image":{"@type":"ImageObject","inLanguage":"pt-BR","@id":"https:\/\/portalmf.com.br\/#\/schema\/person\/image\/","url":"https:\/\/secure.gravatar.com\/avatar\/41b9aaeb2100835f7c64362330f74c7f?s=96&d=mm&r=g","contentUrl":"https:\/\/secure.gravatar.com\/avatar\/41b9aaeb2100835f7c64362330f74c7f?s=96&d=mm&r=g","caption":"Reda\u00e7\u00e3o Portal MF"},"description":"Sejam bem-vindos o portal de informa\u00e7\u00f5es de entretenimento de Feira de Santana, desde 2006 realiza coberturas dos principais eventos com entrevistas exclusivas com as principais personalidades mundiais. Fique conectado tamb\u00e9m nas redes sociais.","sameAs":["http:\/\/www.portalmf.com.br\/","https:\/\/www.facebook.com\/portalmfoficial","https:\/\/www.instagram.com\/portalmf\/","https:\/\/x.com\/https:\/\/x.com\/portalmfoficial","https:\/\/www.youtube.com\/@portalmfoficial"],"url":"https:\/\/portalmf.com.br\/index.php\/author\/junior\/"}]}},"_links":{"self":[{"href":"https:\/\/portalmf.com.br\/index.php\/wp-json\/wp\/v2\/posts\/7046"}],"collection":[{"href":"https:\/\/portalmf.com.br\/index.php\/wp-json\/wp\/v2\/posts"}],"about":[{"href":"https:\/\/portalmf.com.br\/index.php\/wp-json\/wp\/v2\/types\/post"}],"author":[{"embeddable":true,"href":"https:\/\/portalmf.com.br\/index.php\/wp-json\/wp\/v2\/users\/3"}],"replies":[{"embeddable":true,"href":"https:\/\/portalmf.com.br\/index.php\/wp-json\/wp\/v2\/comments?post=7046"}],"version-history":[{"count":2,"href":"https:\/\/portalmf.com.br\/index.php\/wp-json\/wp\/v2\/posts\/7046\/revisions"}],"predecessor-version":[{"id":7054,"href":"https:\/\/portalmf.com.br\/index.php\/wp-json\/wp\/v2\/posts\/7046\/revisions\/7054"}],"wp:featuredmedia":[{"embeddable":true,"href":"https:\/\/portalmf.com.br\/index.php\/wp-json\/wp\/v2\/media\/7047"}],"wp:attachment":[{"href":"https:\/\/portalmf.com.br\/index.php\/wp-json\/wp\/v2\/media?parent=7046"}],"wp:term":[{"taxonomy":"category","embeddable":true,"href":"https:\/\/portalmf.com.br\/index.php\/wp-json\/wp\/v2\/categories?post=7046"},{"taxonomy":"post_tag","embeddable":true,"href":"https:\/\/portalmf.com.br\/index.php\/wp-json\/wp\/v2\/tags?post=7046"}],"curies":[{"name":"wp","href":"https:\/\/api.w.org\/{rel}","templated":true}]}}