{"id":7027,"date":"2022-12-21T17:19:31","date_gmt":"2022-12-21T20:19:31","guid":{"rendered":"https:\/\/portalmf.com.br\/?p=7027"},"modified":"2022-12-21T17:19:32","modified_gmt":"2022-12-21T20:19:32","slug":"parangole-lanca-cd-de-verao-nas-plataformas-digitais","status":"publish","type":"post","link":"https:\/\/portalmf.com.br\/index.php\/2022\/12\/21\/parangole-lanca-cd-de-verao-nas-plataformas-digitais\/","title":{"rendered":"Parangol\u00e9 lan\u00e7a CD de ver\u00e3o nas plataformas digitais"},"content":{"rendered":"\n<p>Com o t\u00edtulo \u201c\u00c9 o Pai de Novo\u201d, o Parangol\u00e9 lan\u00e7a nesta quarta-feira, 21 de dezembro, a sua t\u00e3o esperada playlist de ver\u00e3o. O projeto est\u00e1 dispon\u00edvel em todas as plataformas digitais e \u00e9 composto por 11 faixas, sendo seis m\u00fasicas in\u00e9ditas. <\/p>\n\n\n\n<p>O p\u00fablico vai poder conferir ainda novas ver\u00f5es das m\u00fasicas \u201cMovimenta\u201d, \u201cAi Socorro\u201d, \u201cVizinho Fofoqueiro\u201d e \u201cInfluenciadora\u201d, atual m\u00fasica de trabalho que possui um clipe com participa\u00e7\u00e3o das blogueiras baianas Sthe Matos, Rafa Moreira, Belle Daltro e Sheuba. <\/p>\n\n\n\n<p><em>\u201cO nosso p\u00fablico sempre pede o nosso CD de ver\u00e3o, e n\u00f3s preparamos uma playlist caprichada! Vamos esquentar o clima at\u00e9 o Carnaval pra ningu\u00e9m vai ficar parado!\u201d<\/em>, afirma Tony Salles, l\u00edder do grupo.<\/p>\n\n\n\n<p>EM TEMPO \u2013 O Parangol\u00e9 inicia a sua turn\u00ea de fim de ano e passa pelas cidades de Formosa do Rio Preto (BA) na quinta, Montalv\u00e2nia (MG) na sexta e V\u00e1rzea da Ro\u00e7a (BA) no domingo. Na pr\u00f3xima semana, Tony agita o Festival Virada Salvador, no segundo dia de festa, 29 de dezembro.<\/p>\n","protected":false},"excerpt":{"rendered":"<p>Com o t\u00edtulo \u201c\u00c9 o Pai de Novo\u201d, o Parangol\u00e9 lan\u00e7a nesta quarta-feira, 21 de dezembro, a sua t\u00e3o esperada playlist de ver\u00e3o. O projeto est\u00e1 dispon\u00edvel em todas as plataformas digitais e \u00e9 composto por 11 faixas, sendo seis m\u00fasicas in\u00e9ditas. O p\u00fablico vai poder conferir ainda novas ver\u00f5es das m\u00fasicas \u201cMovimenta\u201d, \u201cAi Socorro\u201d, [&hellip;]<\/p>\n","protected":false},"author":3,"featured_media":7028,"comment_status":"open","ping_status":"open","sticky":false,"template":"","format":"standard","meta":{"_monsterinsights_skip_tracking":false,"_monsterinsights_sitenote_active":false,"_monsterinsights_sitenote_note":"","_monsterinsights_sitenote_category":0,"footnotes":""},"categories":[47,36],"tags":[],"yoast_head":"<!-- This site is optimized with the Yoast SEO plugin v22.9 - https:\/\/yoast.com\/wordpress\/plugins\/seo\/ -->\n<title>Parangol\u00e9 lan\u00e7a CD de ver\u00e3o nas plataformas digitais - Portal MF<\/title>\n<meta name=\"robots\" content=\"index, follow, max-snippet:-1, max-image-preview:large, max-video-preview:-1\" \/>\n<link rel=\"canonical\" href=\"https:\/\/portalmf.com.br\/index.php\/2022\/12\/21\/parangole-lanca-cd-de-verao-nas-plataformas-digitais\/\" \/>\n<meta property=\"og:locale\" content=\"pt_BR\" \/>\n<meta property=\"og:type\" content=\"article\" \/>\n<meta property=\"og:title\" content=\"Parangol\u00e9 lan\u00e7a CD de ver\u00e3o nas plataformas digitais - Portal MF\" \/>\n<meta property=\"og:description\" content=\"Com o t\u00edtulo \u201c\u00c9 o Pai de Novo\u201d, o Parangol\u00e9 lan\u00e7a nesta quarta-feira, 21 de dezembro, a sua t\u00e3o esperada playlist de ver\u00e3o. O projeto est\u00e1 dispon\u00edvel em todas as plataformas digitais e \u00e9 composto por 11 faixas, sendo seis m\u00fasicas in\u00e9ditas. O p\u00fablico vai poder conferir ainda novas ver\u00f5es das m\u00fasicas \u201cMovimenta\u201d, \u201cAi Socorro\u201d, [&hellip;]\" \/>\n<meta property=\"og:url\" content=\"https:\/\/portalmf.com.br\/index.php\/2022\/12\/21\/parangole-lanca-cd-de-verao-nas-plataformas-digitais\/\" \/>\n<meta property=\"og:site_name\" content=\"Portal MF\" \/>\n<meta property=\"article:author\" content=\"https:\/\/www.facebook.com\/portalmfoficial\" \/>\n<meta property=\"article:published_time\" content=\"2022-12-21T20:19:31+00:00\" \/>\n<meta property=\"article:modified_time\" content=\"2022-12-21T20:19:32+00:00\" \/>\n<meta property=\"og:image\" content=\"https:\/\/portalmf.com.br\/wp-content\/uploads\/2022\/12\/Banda-Parangole.jpg\" \/>\n\t<meta property=\"og:image:width\" content=\"682\" \/>\n\t<meta property=\"og:image:height\" content=\"455\" \/>\n\t<meta property=\"og:image:type\" content=\"image\/jpeg\" \/>\n<meta name=\"author\" content=\"Reda\u00e7\u00e3o Portal MF\" \/>\n<meta name=\"twitter:card\" content=\"summary_large_image\" \/>\n<meta name=\"twitter:creator\" content=\"@https:\/\/x.com\/portalmfoficial\" \/>\n<meta name=\"twitter:label1\" content=\"Escrito por\" \/>\n\t<meta name=\"twitter:data1\" content=\"Reda\u00e7\u00e3o Portal MF\" \/>\n\t<meta name=\"twitter:label2\" content=\"Est. tempo de leitura\" \/>\n\t<meta name=\"twitter:data2\" content=\"1 minuto\" \/>\n<script type=\"application\/ld+json\" class=\"yoast-schema-graph\">{\"@context\":\"https:\/\/schema.org\",\"@graph\":[{\"@type\":\"WebPage\",\"@id\":\"https:\/\/portalmf.com.br\/index.php\/2022\/12\/21\/parangole-lanca-cd-de-verao-nas-plataformas-digitais\/\",\"url\":\"https:\/\/portalmf.com.br\/index.php\/2022\/12\/21\/parangole-lanca-cd-de-verao-nas-plataformas-digitais\/\",\"name\":\"Parangol\u00e9 lan\u00e7a CD de ver\u00e3o nas plataformas digitais - Portal MF\",\"isPartOf\":{\"@id\":\"https:\/\/portalmf.com.br\/#website\"},\"primaryImageOfPage\":{\"@id\":\"https:\/\/portalmf.com.br\/index.php\/2022\/12\/21\/parangole-lanca-cd-de-verao-nas-plataformas-digitais\/#primaryimage\"},\"image\":{\"@id\":\"https:\/\/portalmf.com.br\/index.php\/2022\/12\/21\/parangole-lanca-cd-de-verao-nas-plataformas-digitais\/#primaryimage\"},\"thumbnailUrl\":\"https:\/\/portalmf.com.br\/wp-content\/uploads\/2022\/12\/Banda-Parangole.jpg\",\"datePublished\":\"2022-12-21T20:19:31+00:00\",\"dateModified\":\"2022-12-21T20:19:32+00:00\",\"author\":{\"@id\":\"https:\/\/portalmf.com.br\/#\/schema\/person\/9ec101baf56233e53520c26de5d6f6f0\"},\"breadcrumb\":{\"@id\":\"https:\/\/portalmf.com.br\/index.php\/2022\/12\/21\/parangole-lanca-cd-de-verao-nas-plataformas-digitais\/#breadcrumb\"},\"inLanguage\":\"pt-BR\",\"potentialAction\":[{\"@type\":\"ReadAction\",\"target\":[\"https:\/\/portalmf.com.br\/index.php\/2022\/12\/21\/parangole-lanca-cd-de-verao-nas-plataformas-digitais\/\"]}]},{\"@type\":\"ImageObject\",\"inLanguage\":\"pt-BR\",\"@id\":\"https:\/\/portalmf.com.br\/index.php\/2022\/12\/21\/parangole-lanca-cd-de-verao-nas-plataformas-digitais\/#primaryimage\",\"url\":\"https:\/\/portalmf.com.br\/wp-content\/uploads\/2022\/12\/Banda-Parangole.jpg\",\"contentUrl\":\"https:\/\/portalmf.com.br\/wp-content\/uploads\/2022\/12\/Banda-Parangole.jpg\",\"width\":682,\"height\":455},{\"@type\":\"BreadcrumbList\",\"@id\":\"https:\/\/portalmf.com.br\/index.php\/2022\/12\/21\/parangole-lanca-cd-de-verao-nas-plataformas-digitais\/#breadcrumb\",\"itemListElement\":[{\"@type\":\"ListItem\",\"position\":1,\"name\":\"In\u00edcio\",\"item\":\"https:\/\/portalmf.com.br\/\"},{\"@type\":\"ListItem\",\"position\":2,\"name\":\"Parangol\u00e9 lan\u00e7a CD de ver\u00e3o nas plataformas digitais\"}]},{\"@type\":\"WebSite\",\"@id\":\"https:\/\/portalmf.com.br\/#website\",\"url\":\"https:\/\/portalmf.com.br\/\",\"name\":\"Portal MF\",\"description\":\"Voc\u00ea conectado com a informa\u00e7\u00e3o\",\"potentialAction\":[{\"@type\":\"SearchAction\",\"target\":{\"@type\":\"EntryPoint\",\"urlTemplate\":\"https:\/\/portalmf.com.br\/?s={search_term_string}\"},\"query-input\":\"required name=search_term_string\"}],\"inLanguage\":\"pt-BR\"},{\"@type\":\"Person\",\"@id\":\"https:\/\/portalmf.com.br\/#\/schema\/person\/9ec101baf56233e53520c26de5d6f6f0\",\"name\":\"Reda\u00e7\u00e3o Portal MF\",\"image\":{\"@type\":\"ImageObject\",\"inLanguage\":\"pt-BR\",\"@id\":\"https:\/\/portalmf.com.br\/#\/schema\/person\/image\/\",\"url\":\"https:\/\/secure.gravatar.com\/avatar\/41b9aaeb2100835f7c64362330f74c7f?s=96&d=mm&r=g\",\"contentUrl\":\"https:\/\/secure.gravatar.com\/avatar\/41b9aaeb2100835f7c64362330f74c7f?s=96&d=mm&r=g\",\"caption\":\"Reda\u00e7\u00e3o Portal MF\"},\"description\":\"Sejam bem-vindos o portal de informa\u00e7\u00f5es de entretenimento de Feira de Santana, desde 2006 realiza coberturas dos principais eventos com entrevistas exclusivas com as principais personalidades mundiais. Fique conectado tamb\u00e9m nas redes sociais.\",\"sameAs\":[\"http:\/\/www.portalmf.com.br\/\",\"https:\/\/www.facebook.com\/portalmfoficial\",\"https:\/\/www.instagram.com\/portalmf\/\",\"https:\/\/x.com\/https:\/\/x.com\/portalmfoficial\",\"https:\/\/www.youtube.com\/@portalmfoficial\"],\"url\":\"https:\/\/portalmf.com.br\/index.php\/author\/junior\/\"}]}<\/script>\n<!-- \/ Yoast SEO plugin. -->","yoast_head_json":{"title":"Parangol\u00e9 lan\u00e7a CD de ver\u00e3o nas plataformas digitais - Portal MF","robots":{"index":"index","follow":"follow","max-snippet":"max-snippet:-1","max-image-preview":"max-image-preview:large","max-video-preview":"max-video-preview:-1"},"canonical":"https:\/\/portalmf.com.br\/index.php\/2022\/12\/21\/parangole-lanca-cd-de-verao-nas-plataformas-digitais\/","og_locale":"pt_BR","og_type":"article","og_title":"Parangol\u00e9 lan\u00e7a CD de ver\u00e3o nas plataformas digitais - Portal MF","og_description":"Com o t\u00edtulo \u201c\u00c9 o Pai de Novo\u201d, o Parangol\u00e9 lan\u00e7a nesta quarta-feira, 21 de dezembro, a sua t\u00e3o esperada playlist de ver\u00e3o. O projeto est\u00e1 dispon\u00edvel em todas as plataformas digitais e \u00e9 composto por 11 faixas, sendo seis m\u00fasicas in\u00e9ditas. O p\u00fablico vai poder conferir ainda novas ver\u00f5es das m\u00fasicas \u201cMovimenta\u201d, \u201cAi Socorro\u201d, [&hellip;]","og_url":"https:\/\/portalmf.com.br\/index.php\/2022\/12\/21\/parangole-lanca-cd-de-verao-nas-plataformas-digitais\/","og_site_name":"Portal MF","article_author":"https:\/\/www.facebook.com\/portalmfoficial","article_published_time":"2022-12-21T20:19:31+00:00","article_modified_time":"2022-12-21T20:19:32+00:00","og_image":[{"width":682,"height":455,"url":"https:\/\/portalmf.com.br\/wp-content\/uploads\/2022\/12\/Banda-Parangole.jpg","type":"image\/jpeg"}],"author":"Reda\u00e7\u00e3o Portal MF","twitter_card":"summary_large_image","twitter_creator":"@https:\/\/x.com\/portalmfoficial","twitter_misc":{"Escrito por":"Reda\u00e7\u00e3o Portal MF","Est. tempo de leitura":"1 minuto"},"schema":{"@context":"https:\/\/schema.org","@graph":[{"@type":"WebPage","@id":"https:\/\/portalmf.com.br\/index.php\/2022\/12\/21\/parangole-lanca-cd-de-verao-nas-plataformas-digitais\/","url":"https:\/\/portalmf.com.br\/index.php\/2022\/12\/21\/parangole-lanca-cd-de-verao-nas-plataformas-digitais\/","name":"Parangol\u00e9 lan\u00e7a CD de ver\u00e3o nas plataformas digitais - Portal MF","isPartOf":{"@id":"https:\/\/portalmf.com.br\/#website"},"primaryImageOfPage":{"@id":"https:\/\/portalmf.com.br\/index.php\/2022\/12\/21\/parangole-lanca-cd-de-verao-nas-plataformas-digitais\/#primaryimage"},"image":{"@id":"https:\/\/portalmf.com.br\/index.php\/2022\/12\/21\/parangole-lanca-cd-de-verao-nas-plataformas-digitais\/#primaryimage"},"thumbnailUrl":"https:\/\/portalmf.com.br\/wp-content\/uploads\/2022\/12\/Banda-Parangole.jpg","datePublished":"2022-12-21T20:19:31+00:00","dateModified":"2022-12-21T20:19:32+00:00","author":{"@id":"https:\/\/portalmf.com.br\/#\/schema\/person\/9ec101baf56233e53520c26de5d6f6f0"},"breadcrumb":{"@id":"https:\/\/portalmf.com.br\/index.php\/2022\/12\/21\/parangole-lanca-cd-de-verao-nas-plataformas-digitais\/#breadcrumb"},"inLanguage":"pt-BR","potentialAction":[{"@type":"ReadAction","target":["https:\/\/portalmf.com.br\/index.php\/2022\/12\/21\/parangole-lanca-cd-de-verao-nas-plataformas-digitais\/"]}]},{"@type":"ImageObject","inLanguage":"pt-BR","@id":"https:\/\/portalmf.com.br\/index.php\/2022\/12\/21\/parangole-lanca-cd-de-verao-nas-plataformas-digitais\/#primaryimage","url":"https:\/\/portalmf.com.br\/wp-content\/uploads\/2022\/12\/Banda-Parangole.jpg","contentUrl":"https:\/\/portalmf.com.br\/wp-content\/uploads\/2022\/12\/Banda-Parangole.jpg","width":682,"height":455},{"@type":"BreadcrumbList","@id":"https:\/\/portalmf.com.br\/index.php\/2022\/12\/21\/parangole-lanca-cd-de-verao-nas-plataformas-digitais\/#breadcrumb","itemListElement":[{"@type":"ListItem","position":1,"name":"In\u00edcio","item":"https:\/\/portalmf.com.br\/"},{"@type":"ListItem","position":2,"name":"Parangol\u00e9 lan\u00e7a CD de ver\u00e3o nas plataformas digitais"}]},{"@type":"WebSite","@id":"https:\/\/portalmf.com.br\/#website","url":"https:\/\/portalmf.com.br\/","name":"Portal MF","description":"Voc\u00ea conectado com a informa\u00e7\u00e3o","potentialAction":[{"@type":"SearchAction","target":{"@type":"EntryPoint","urlTemplate":"https:\/\/portalmf.com.br\/?s={search_term_string}"},"query-input":"required name=search_term_string"}],"inLanguage":"pt-BR"},{"@type":"Person","@id":"https:\/\/portalmf.com.br\/#\/schema\/person\/9ec101baf56233e53520c26de5d6f6f0","name":"Reda\u00e7\u00e3o Portal MF","image":{"@type":"ImageObject","inLanguage":"pt-BR","@id":"https:\/\/portalmf.com.br\/#\/schema\/person\/image\/","url":"https:\/\/secure.gravatar.com\/avatar\/41b9aaeb2100835f7c64362330f74c7f?s=96&d=mm&r=g","contentUrl":"https:\/\/secure.gravatar.com\/avatar\/41b9aaeb2100835f7c64362330f74c7f?s=96&d=mm&r=g","caption":"Reda\u00e7\u00e3o Portal MF"},"description":"Sejam bem-vindos o portal de informa\u00e7\u00f5es de entretenimento de Feira de Santana, desde 2006 realiza coberturas dos principais eventos com entrevistas exclusivas com as principais personalidades mundiais. Fique conectado tamb\u00e9m nas redes sociais.","sameAs":["http:\/\/www.portalmf.com.br\/","https:\/\/www.facebook.com\/portalmfoficial","https:\/\/www.instagram.com\/portalmf\/","https:\/\/x.com\/https:\/\/x.com\/portalmfoficial","https:\/\/www.youtube.com\/@portalmfoficial"],"url":"https:\/\/portalmf.com.br\/index.php\/author\/junior\/"}]}},"_links":{"self":[{"href":"https:\/\/portalmf.com.br\/index.php\/wp-json\/wp\/v2\/posts\/7027"}],"collection":[{"href":"https:\/\/portalmf.com.br\/index.php\/wp-json\/wp\/v2\/posts"}],"about":[{"href":"https:\/\/portalmf.com.br\/index.php\/wp-json\/wp\/v2\/types\/post"}],"author":[{"embeddable":true,"href":"https:\/\/portalmf.com.br\/index.php\/wp-json\/wp\/v2\/users\/3"}],"replies":[{"embeddable":true,"href":"https:\/\/portalmf.com.br\/index.php\/wp-json\/wp\/v2\/comments?post=7027"}],"version-history":[{"count":1,"href":"https:\/\/portalmf.com.br\/index.php\/wp-json\/wp\/v2\/posts\/7027\/revisions"}],"predecessor-version":[{"id":7029,"href":"https:\/\/portalmf.com.br\/index.php\/wp-json\/wp\/v2\/posts\/7027\/revisions\/7029"}],"wp:featuredmedia":[{"embeddable":true,"href":"https:\/\/portalmf.com.br\/index.php\/wp-json\/wp\/v2\/media\/7028"}],"wp:attachment":[{"href":"https:\/\/portalmf.com.br\/index.php\/wp-json\/wp\/v2\/media?parent=7027"}],"wp:term":[{"taxonomy":"category","embeddable":true,"href":"https:\/\/portalmf.com.br\/index.php\/wp-json\/wp\/v2\/categories?post=7027"},{"taxonomy":"post_tag","embeddable":true,"href":"https:\/\/portalmf.com.br\/index.php\/wp-json\/wp\/v2\/tags?post=7027"}],"curies":[{"name":"wp","href":"https:\/\/api.w.org\/{rel}","templated":true}]}}