{"id":7020,"date":"2022-12-21T17:10:03","date_gmt":"2022-12-21T20:10:03","guid":{"rendered":"https:\/\/portalmf.com.br\/?p=7020"},"modified":"2022-12-21T17:10:04","modified_gmt":"2022-12-21T20:10:04","slug":"lavagem-do-bonfim-anuncia-virada-de-lote-e-divulga-mapa-com-setores-do-evento","status":"publish","type":"post","link":"https:\/\/portalmf.com.br\/index.php\/2022\/12\/21\/lavagem-do-bonfim-anuncia-virada-de-lote-e-divulga-mapa-com-setores-do-evento\/","title":{"rendered":"Lavagem do Bonfim anuncia virada de lote  e divulga mapa com setores do evento"},"content":{"rendered":"\n<p>A Lavagem do Bonfim, uma das festas populares mais tradicionais da capital baiana, acaba de anunciar a virada de lote promocional no dia 28 de dezembro e de divulgar o mapa com os setores dispon\u00edveis no evento.<\/p>\n\n\n\n<p>Os espa\u00e7os dispon\u00edveis na festa para o p\u00fablico ser\u00e3o a Pista e Frontstage, que tem vis\u00e3o privilegiada do palco. O evento, que acontecer\u00e1 no dia 12 de janeiro, no Clube dos Oficiais, reunir\u00e1 al\u00e9m da CBX Samba Club, os cantores Thiago Aquino \u2013 com toda sua sofr\u00eancia e Dilsinho, que levar\u00e1 seu pagode rom\u00e2ntico para embalar o p\u00fablico na festa.<\/p>\n\n\n\n<p>Quem ainda n\u00e3o comprou os ingressos, tem os \u00faltimos dias para aproveitar o pre\u00e7o promocional antes da virada de lote, para curtir uma festa \u00fanica, com muita m\u00fasica boa e o astral l\u00e1 em cima, do jeito que a Lavagem do Bonfim \u00e9.<\/p>\n\n\n\n<p>Os ingressos est\u00e3o dispon\u00edveis na loja do Pida Salvador Shopping, Salvador Norte Shopping e Shopping Piedade, e na loja do Bora Tickets, no 2\u00ba piso do Shopping da Bahia ou atrav\u00e9s do site\u00a0<a href=\"http:\/\/www.boratickets.com.br\/\" target=\"_blank\" rel=\"noreferrer noopener\">www.boratickets.com.br<\/a><\/p>\n\n\n\n<figure class=\"wp-block-image size-large\"><img fetchpriority=\"high\" decoding=\"async\" width=\"819\" height=\"1024\" src=\"https:\/\/portalmf.com.br\/wp-content\/uploads\/2022\/12\/Lavagem-do-Bonfim-3-819x1024.jpg\" alt=\"\" class=\"wp-image-7021\" srcset=\"https:\/\/portalmf.com.br\/wp-content\/uploads\/2022\/12\/Lavagem-do-Bonfim-3-819x1024.jpg 819w, https:\/\/portalmf.com.br\/wp-content\/uploads\/2022\/12\/Lavagem-do-Bonfim-3-240x300.jpg 240w, https:\/\/portalmf.com.br\/wp-content\/uploads\/2022\/12\/Lavagem-do-Bonfim-3-768x960.jpg 768w, https:\/\/portalmf.com.br\/wp-content\/uploads\/2022\/12\/Lavagem-do-Bonfim-3-585x731.jpg 585w, https:\/\/portalmf.com.br\/wp-content\/uploads\/2022\/12\/Lavagem-do-Bonfim-3.jpg 1024w\" sizes=\"(max-width: 819px) 100vw, 819px\" \/><\/figure>\n","protected":false},"excerpt":{"rendered":"<p>A Lavagem do Bonfim, uma das festas populares mais tradicionais da capital baiana, acaba de anunciar a virada de lote promocional no dia 28 de dezembro e de divulgar o mapa com os setores dispon\u00edveis no evento. Os espa\u00e7os dispon\u00edveis na festa para o p\u00fablico ser\u00e3o a Pista e Frontstage, que tem vis\u00e3o privilegiada do [&hellip;]<\/p>\n","protected":false},"author":3,"featured_media":7022,"comment_status":"open","ping_status":"open","sticky":false,"template":"","format":"standard","meta":{"_monsterinsights_skip_tracking":false,"_monsterinsights_sitenote_active":false,"_monsterinsights_sitenote_note":"","_monsterinsights_sitenote_category":0,"footnotes":""},"categories":[45],"tags":[],"yoast_head":"<!-- This site is optimized with the Yoast SEO plugin v22.9 - https:\/\/yoast.com\/wordpress\/plugins\/seo\/ -->\n<title>Lavagem do Bonfim anuncia virada de lote e divulga mapa com setores do evento - Portal MF<\/title>\n<meta name=\"robots\" content=\"index, follow, max-snippet:-1, max-image-preview:large, max-video-preview:-1\" \/>\n<link rel=\"canonical\" href=\"https:\/\/portalmf.com.br\/index.php\/2022\/12\/21\/lavagem-do-bonfim-anuncia-virada-de-lote-e-divulga-mapa-com-setores-do-evento\/\" \/>\n<meta property=\"og:locale\" content=\"pt_BR\" \/>\n<meta property=\"og:type\" content=\"article\" \/>\n<meta property=\"og:title\" content=\"Lavagem do Bonfim anuncia virada de lote e divulga mapa com setores do evento - Portal MF\" \/>\n<meta property=\"og:description\" content=\"A Lavagem do Bonfim, uma das festas populares mais tradicionais da capital baiana, acaba de anunciar a virada de lote promocional no dia 28 de dezembro e de divulgar o mapa com os setores dispon\u00edveis no evento. Os espa\u00e7os dispon\u00edveis na festa para o p\u00fablico ser\u00e3o a Pista e Frontstage, que tem vis\u00e3o privilegiada do [&hellip;]\" \/>\n<meta property=\"og:url\" content=\"https:\/\/portalmf.com.br\/index.php\/2022\/12\/21\/lavagem-do-bonfim-anuncia-virada-de-lote-e-divulga-mapa-com-setores-do-evento\/\" \/>\n<meta property=\"og:site_name\" content=\"Portal MF\" \/>\n<meta property=\"article:author\" content=\"https:\/\/www.facebook.com\/portalmfoficial\" \/>\n<meta property=\"article:published_time\" content=\"2022-12-21T20:10:03+00:00\" \/>\n<meta property=\"article:modified_time\" content=\"2022-12-21T20:10:04+00:00\" \/>\n<meta property=\"og:image\" content=\"https:\/\/portalmf.com.br\/wp-content\/uploads\/2022\/12\/Lavagem-do-Bonfim-4.jpg\" \/>\n\t<meta property=\"og:image:width\" content=\"1080\" \/>\n\t<meta property=\"og:image:height\" content=\"1080\" \/>\n\t<meta property=\"og:image:type\" content=\"image\/jpeg\" \/>\n<meta name=\"author\" content=\"Reda\u00e7\u00e3o Portal MF\" \/>\n<meta name=\"twitter:card\" content=\"summary_large_image\" \/>\n<meta name=\"twitter:creator\" content=\"@https:\/\/x.com\/portalmfoficial\" \/>\n<meta name=\"twitter:label1\" content=\"Escrito por\" \/>\n\t<meta name=\"twitter:data1\" content=\"Reda\u00e7\u00e3o Portal MF\" \/>\n\t<meta name=\"twitter:label2\" content=\"Est. tempo de leitura\" \/>\n\t<meta name=\"twitter:data2\" content=\"2 minutos\" \/>\n<script type=\"application\/ld+json\" class=\"yoast-schema-graph\">{\"@context\":\"https:\/\/schema.org\",\"@graph\":[{\"@type\":\"WebPage\",\"@id\":\"https:\/\/portalmf.com.br\/index.php\/2022\/12\/21\/lavagem-do-bonfim-anuncia-virada-de-lote-e-divulga-mapa-com-setores-do-evento\/\",\"url\":\"https:\/\/portalmf.com.br\/index.php\/2022\/12\/21\/lavagem-do-bonfim-anuncia-virada-de-lote-e-divulga-mapa-com-setores-do-evento\/\",\"name\":\"Lavagem do Bonfim anuncia virada de lote e divulga mapa com setores do evento - Portal MF\",\"isPartOf\":{\"@id\":\"https:\/\/portalmf.com.br\/#website\"},\"primaryImageOfPage\":{\"@id\":\"https:\/\/portalmf.com.br\/index.php\/2022\/12\/21\/lavagem-do-bonfim-anuncia-virada-de-lote-e-divulga-mapa-com-setores-do-evento\/#primaryimage\"},\"image\":{\"@id\":\"https:\/\/portalmf.com.br\/index.php\/2022\/12\/21\/lavagem-do-bonfim-anuncia-virada-de-lote-e-divulga-mapa-com-setores-do-evento\/#primaryimage\"},\"thumbnailUrl\":\"https:\/\/portalmf.com.br\/wp-content\/uploads\/2022\/12\/Lavagem-do-Bonfim-4.jpg\",\"datePublished\":\"2022-12-21T20:10:03+00:00\",\"dateModified\":\"2022-12-21T20:10:04+00:00\",\"author\":{\"@id\":\"https:\/\/portalmf.com.br\/#\/schema\/person\/9ec101baf56233e53520c26de5d6f6f0\"},\"breadcrumb\":{\"@id\":\"https:\/\/portalmf.com.br\/index.php\/2022\/12\/21\/lavagem-do-bonfim-anuncia-virada-de-lote-e-divulga-mapa-com-setores-do-evento\/#breadcrumb\"},\"inLanguage\":\"pt-BR\",\"potentialAction\":[{\"@type\":\"ReadAction\",\"target\":[\"https:\/\/portalmf.com.br\/index.php\/2022\/12\/21\/lavagem-do-bonfim-anuncia-virada-de-lote-e-divulga-mapa-com-setores-do-evento\/\"]}]},{\"@type\":\"ImageObject\",\"inLanguage\":\"pt-BR\",\"@id\":\"https:\/\/portalmf.com.br\/index.php\/2022\/12\/21\/lavagem-do-bonfim-anuncia-virada-de-lote-e-divulga-mapa-com-setores-do-evento\/#primaryimage\",\"url\":\"https:\/\/portalmf.com.br\/wp-content\/uploads\/2022\/12\/Lavagem-do-Bonfim-4.jpg\",\"contentUrl\":\"https:\/\/portalmf.com.br\/wp-content\/uploads\/2022\/12\/Lavagem-do-Bonfim-4.jpg\",\"width\":1080,\"height\":1080},{\"@type\":\"BreadcrumbList\",\"@id\":\"https:\/\/portalmf.com.br\/index.php\/2022\/12\/21\/lavagem-do-bonfim-anuncia-virada-de-lote-e-divulga-mapa-com-setores-do-evento\/#breadcrumb\",\"itemListElement\":[{\"@type\":\"ListItem\",\"position\":1,\"name\":\"In\u00edcio\",\"item\":\"https:\/\/portalmf.com.br\/\"},{\"@type\":\"ListItem\",\"position\":2,\"name\":\"Lavagem do Bonfim anuncia virada de lote e divulga mapa com setores do evento\"}]},{\"@type\":\"WebSite\",\"@id\":\"https:\/\/portalmf.com.br\/#website\",\"url\":\"https:\/\/portalmf.com.br\/\",\"name\":\"Portal MF\",\"description\":\"Voc\u00ea conectado com a informa\u00e7\u00e3o\",\"potentialAction\":[{\"@type\":\"SearchAction\",\"target\":{\"@type\":\"EntryPoint\",\"urlTemplate\":\"https:\/\/portalmf.com.br\/?s={search_term_string}\"},\"query-input\":\"required name=search_term_string\"}],\"inLanguage\":\"pt-BR\"},{\"@type\":\"Person\",\"@id\":\"https:\/\/portalmf.com.br\/#\/schema\/person\/9ec101baf56233e53520c26de5d6f6f0\",\"name\":\"Reda\u00e7\u00e3o Portal MF\",\"image\":{\"@type\":\"ImageObject\",\"inLanguage\":\"pt-BR\",\"@id\":\"https:\/\/portalmf.com.br\/#\/schema\/person\/image\/\",\"url\":\"https:\/\/secure.gravatar.com\/avatar\/41b9aaeb2100835f7c64362330f74c7f?s=96&d=mm&r=g\",\"contentUrl\":\"https:\/\/secure.gravatar.com\/avatar\/41b9aaeb2100835f7c64362330f74c7f?s=96&d=mm&r=g\",\"caption\":\"Reda\u00e7\u00e3o Portal MF\"},\"description\":\"Sejam bem-vindos o portal de informa\u00e7\u00f5es de entretenimento de Feira de Santana, desde 2006 realiza coberturas dos principais eventos com entrevistas exclusivas com as principais personalidades mundiais. Fique conectado tamb\u00e9m nas redes sociais.\",\"sameAs\":[\"http:\/\/www.portalmf.com.br\/\",\"https:\/\/www.facebook.com\/portalmfoficial\",\"https:\/\/www.instagram.com\/portalmf\/\",\"https:\/\/x.com\/https:\/\/x.com\/portalmfoficial\",\"https:\/\/www.youtube.com\/@portalmfoficial\"],\"url\":\"https:\/\/portalmf.com.br\/index.php\/author\/junior\/\"}]}<\/script>\n<!-- \/ Yoast SEO plugin. -->","yoast_head_json":{"title":"Lavagem do Bonfim anuncia virada de lote e divulga mapa com setores do evento - Portal MF","robots":{"index":"index","follow":"follow","max-snippet":"max-snippet:-1","max-image-preview":"max-image-preview:large","max-video-preview":"max-video-preview:-1"},"canonical":"https:\/\/portalmf.com.br\/index.php\/2022\/12\/21\/lavagem-do-bonfim-anuncia-virada-de-lote-e-divulga-mapa-com-setores-do-evento\/","og_locale":"pt_BR","og_type":"article","og_title":"Lavagem do Bonfim anuncia virada de lote e divulga mapa com setores do evento - Portal MF","og_description":"A Lavagem do Bonfim, uma das festas populares mais tradicionais da capital baiana, acaba de anunciar a virada de lote promocional no dia 28 de dezembro e de divulgar o mapa com os setores dispon\u00edveis no evento. Os espa\u00e7os dispon\u00edveis na festa para o p\u00fablico ser\u00e3o a Pista e Frontstage, que tem vis\u00e3o privilegiada do [&hellip;]","og_url":"https:\/\/portalmf.com.br\/index.php\/2022\/12\/21\/lavagem-do-bonfim-anuncia-virada-de-lote-e-divulga-mapa-com-setores-do-evento\/","og_site_name":"Portal MF","article_author":"https:\/\/www.facebook.com\/portalmfoficial","article_published_time":"2022-12-21T20:10:03+00:00","article_modified_time":"2022-12-21T20:10:04+00:00","og_image":[{"width":1080,"height":1080,"url":"https:\/\/portalmf.com.br\/wp-content\/uploads\/2022\/12\/Lavagem-do-Bonfim-4.jpg","type":"image\/jpeg"}],"author":"Reda\u00e7\u00e3o Portal MF","twitter_card":"summary_large_image","twitter_creator":"@https:\/\/x.com\/portalmfoficial","twitter_misc":{"Escrito por":"Reda\u00e7\u00e3o Portal MF","Est. tempo de leitura":"2 minutos"},"schema":{"@context":"https:\/\/schema.org","@graph":[{"@type":"WebPage","@id":"https:\/\/portalmf.com.br\/index.php\/2022\/12\/21\/lavagem-do-bonfim-anuncia-virada-de-lote-e-divulga-mapa-com-setores-do-evento\/","url":"https:\/\/portalmf.com.br\/index.php\/2022\/12\/21\/lavagem-do-bonfim-anuncia-virada-de-lote-e-divulga-mapa-com-setores-do-evento\/","name":"Lavagem do Bonfim anuncia virada de lote e divulga mapa com setores do evento - Portal MF","isPartOf":{"@id":"https:\/\/portalmf.com.br\/#website"},"primaryImageOfPage":{"@id":"https:\/\/portalmf.com.br\/index.php\/2022\/12\/21\/lavagem-do-bonfim-anuncia-virada-de-lote-e-divulga-mapa-com-setores-do-evento\/#primaryimage"},"image":{"@id":"https:\/\/portalmf.com.br\/index.php\/2022\/12\/21\/lavagem-do-bonfim-anuncia-virada-de-lote-e-divulga-mapa-com-setores-do-evento\/#primaryimage"},"thumbnailUrl":"https:\/\/portalmf.com.br\/wp-content\/uploads\/2022\/12\/Lavagem-do-Bonfim-4.jpg","datePublished":"2022-12-21T20:10:03+00:00","dateModified":"2022-12-21T20:10:04+00:00","author":{"@id":"https:\/\/portalmf.com.br\/#\/schema\/person\/9ec101baf56233e53520c26de5d6f6f0"},"breadcrumb":{"@id":"https:\/\/portalmf.com.br\/index.php\/2022\/12\/21\/lavagem-do-bonfim-anuncia-virada-de-lote-e-divulga-mapa-com-setores-do-evento\/#breadcrumb"},"inLanguage":"pt-BR","potentialAction":[{"@type":"ReadAction","target":["https:\/\/portalmf.com.br\/index.php\/2022\/12\/21\/lavagem-do-bonfim-anuncia-virada-de-lote-e-divulga-mapa-com-setores-do-evento\/"]}]},{"@type":"ImageObject","inLanguage":"pt-BR","@id":"https:\/\/portalmf.com.br\/index.php\/2022\/12\/21\/lavagem-do-bonfim-anuncia-virada-de-lote-e-divulga-mapa-com-setores-do-evento\/#primaryimage","url":"https:\/\/portalmf.com.br\/wp-content\/uploads\/2022\/12\/Lavagem-do-Bonfim-4.jpg","contentUrl":"https:\/\/portalmf.com.br\/wp-content\/uploads\/2022\/12\/Lavagem-do-Bonfim-4.jpg","width":1080,"height":1080},{"@type":"BreadcrumbList","@id":"https:\/\/portalmf.com.br\/index.php\/2022\/12\/21\/lavagem-do-bonfim-anuncia-virada-de-lote-e-divulga-mapa-com-setores-do-evento\/#breadcrumb","itemListElement":[{"@type":"ListItem","position":1,"name":"In\u00edcio","item":"https:\/\/portalmf.com.br\/"},{"@type":"ListItem","position":2,"name":"Lavagem do Bonfim anuncia virada de lote e divulga mapa com setores do evento"}]},{"@type":"WebSite","@id":"https:\/\/portalmf.com.br\/#website","url":"https:\/\/portalmf.com.br\/","name":"Portal MF","description":"Voc\u00ea conectado com a informa\u00e7\u00e3o","potentialAction":[{"@type":"SearchAction","target":{"@type":"EntryPoint","urlTemplate":"https:\/\/portalmf.com.br\/?s={search_term_string}"},"query-input":"required name=search_term_string"}],"inLanguage":"pt-BR"},{"@type":"Person","@id":"https:\/\/portalmf.com.br\/#\/schema\/person\/9ec101baf56233e53520c26de5d6f6f0","name":"Reda\u00e7\u00e3o Portal MF","image":{"@type":"ImageObject","inLanguage":"pt-BR","@id":"https:\/\/portalmf.com.br\/#\/schema\/person\/image\/","url":"https:\/\/secure.gravatar.com\/avatar\/41b9aaeb2100835f7c64362330f74c7f?s=96&d=mm&r=g","contentUrl":"https:\/\/secure.gravatar.com\/avatar\/41b9aaeb2100835f7c64362330f74c7f?s=96&d=mm&r=g","caption":"Reda\u00e7\u00e3o Portal MF"},"description":"Sejam bem-vindos o portal de informa\u00e7\u00f5es de entretenimento de Feira de Santana, desde 2006 realiza coberturas dos principais eventos com entrevistas exclusivas com as principais personalidades mundiais. Fique conectado tamb\u00e9m nas redes sociais.","sameAs":["http:\/\/www.portalmf.com.br\/","https:\/\/www.facebook.com\/portalmfoficial","https:\/\/www.instagram.com\/portalmf\/","https:\/\/x.com\/https:\/\/x.com\/portalmfoficial","https:\/\/www.youtube.com\/@portalmfoficial"],"url":"https:\/\/portalmf.com.br\/index.php\/author\/junior\/"}]}},"_links":{"self":[{"href":"https:\/\/portalmf.com.br\/index.php\/wp-json\/wp\/v2\/posts\/7020"}],"collection":[{"href":"https:\/\/portalmf.com.br\/index.php\/wp-json\/wp\/v2\/posts"}],"about":[{"href":"https:\/\/portalmf.com.br\/index.php\/wp-json\/wp\/v2\/types\/post"}],"author":[{"embeddable":true,"href":"https:\/\/portalmf.com.br\/index.php\/wp-json\/wp\/v2\/users\/3"}],"replies":[{"embeddable":true,"href":"https:\/\/portalmf.com.br\/index.php\/wp-json\/wp\/v2\/comments?post=7020"}],"version-history":[{"count":1,"href":"https:\/\/portalmf.com.br\/index.php\/wp-json\/wp\/v2\/posts\/7020\/revisions"}],"predecessor-version":[{"id":7023,"href":"https:\/\/portalmf.com.br\/index.php\/wp-json\/wp\/v2\/posts\/7020\/revisions\/7023"}],"wp:featuredmedia":[{"embeddable":true,"href":"https:\/\/portalmf.com.br\/index.php\/wp-json\/wp\/v2\/media\/7022"}],"wp:attachment":[{"href":"https:\/\/portalmf.com.br\/index.php\/wp-json\/wp\/v2\/media?parent=7020"}],"wp:term":[{"taxonomy":"category","embeddable":true,"href":"https:\/\/portalmf.com.br\/index.php\/wp-json\/wp\/v2\/categories?post=7020"},{"taxonomy":"post_tag","embeddable":true,"href":"https:\/\/portalmf.com.br\/index.php\/wp-json\/wp\/v2\/tags?post=7020"}],"curies":[{"name":"wp","href":"https:\/\/api.w.org\/{rel}","templated":true}]}}