{"id":7012,"date":"2022-12-21T11:20:01","date_gmt":"2022-12-21T14:20:01","guid":{"rendered":"https:\/\/portalmf.com.br\/?p=7012"},"modified":"2022-12-21T11:22:56","modified_gmt":"2022-12-21T14:22:56","slug":"bolsonaro-renova-a-concessao-da-globo-por-15-anos","status":"publish","type":"post","link":"https:\/\/portalmf.com.br\/index.php\/2022\/12\/21\/bolsonaro-renova-a-concessao-da-globo-por-15-anos\/","title":{"rendered":"Bolsonaro renova a concess\u00e3o da Globo por 15 anos"},"content":{"rendered":"\n<p>O presidente&nbsp;<strong>Jair Bolsonaro<\/strong>&nbsp;renovou as concess\u00f5es de radiodifus\u00e3o da TV Globo, TV Record e TV Bandeirantes nesta ter\u00e7a-feira, 20, autorizando as empresas a funcionar pelos pr\u00f3ximos 15 anos. As renova\u00e7\u00f5es das concess\u00f5es das emissoras foram publicadas no Di\u00e1rio Oficial da Uni\u00e3o desta quarta-feira, 21.<\/p>\n\n\n\n<p>O decreto \u00e9 assinado pelo presidente da Rep\u00fablica e pelo ex-ministro das Comunica\u00e7\u00f5es,&nbsp;<strong>F\u00e1bio Faria<\/strong>,&nbsp;que teve a exonera\u00e7\u00e3o publicada na mesma edi\u00e7\u00e3o do Di\u00e1rio Oficial. No texto, a Presid\u00eancia renova as concess\u00f5es da Globo em S\u00e3o Paulo, Rio, Distrito Federal, Minas Gerais e Pernambuco; da r\u00e1dio e da TV Bandeirantes em Minas Gerais, e da r\u00e1dio e da TV Record em S\u00e3o Paulo.<\/p>\n\n\n\n<p>Ao longo de seu governo, o presidente Jair Bolsonaro amea\u00e7ou em diversas ocasi\u00f5es n\u00e3o renovar a concess\u00e3o da TV Globo e de impor crit\u00e9rios r\u00edgidos para autorizar a continuidade da opera\u00e7\u00e3o da emissora. Um dos chav\u00f5es utilizados pelo presidente para se referir ao grupo de comunica\u00e7\u00e3o foi \u201ca mamata vai acabar\u201d.<\/p>\n\n\n\n<p>Em 2019, depois da veicula\u00e7\u00e3o pela emissora de uma reportagem sobre a morte da vereadora Marielle Franco, a partir do depoimento do porteiro do condom\u00ednio Vivendas da Barra, no Rio, onde Bolsonaro tem casa, o presidente insinuou que dificultaria a renova\u00e7\u00e3o da concess\u00e3o.<\/p>\n\n\n\n<p>Em fevereiro deste ano, o presidente voltou a fazer declara\u00e7\u00f5es semelhantes, garantindo ter informa\u00e7\u00f5es que a\u00a0emissora teria \u201cdificuldades\u201d para conseguir renovar a concess\u00e3o.<\/p>\n\n\n\n<p>A \u00faltima renova\u00e7\u00e3o da concess\u00e3o das emissoras havia sido em 2008 \u2015 a lei exige que as concess\u00f5es p\u00fablicas de radiodifus\u00e3o sejam renovadas a cada 15 anos \u2015 ainda durante o segundo governo de Luiz In\u00e1cio Lula da Silva. O processo ser\u00e1 enviado mensagem presidencial ao Congresso Nacional para an\u00e1lise e delibera\u00e7\u00e3o.<\/p>\n\n\n\n<p>Com informa\u00e7\u00f5es do Estad\u00e3o<\/p>\n","protected":false},"excerpt":{"rendered":"<p>O presidente&nbsp;Jair Bolsonaro&nbsp;renovou as concess\u00f5es de radiodifus\u00e3o da TV Globo, TV Record e TV Bandeirantes nesta ter\u00e7a-feira, 20, autorizando as empresas a funcionar pelos pr\u00f3ximos 15 anos. As renova\u00e7\u00f5es das concess\u00f5es das emissoras foram publicadas no Di\u00e1rio Oficial da Uni\u00e3o desta quarta-feira, 21. O decreto \u00e9 assinado pelo presidente da Rep\u00fablica e pelo ex-ministro das [&hellip;]<\/p>\n","protected":false},"author":3,"featured_media":7013,"comment_status":"open","ping_status":"open","sticky":false,"template":"","format":"standard","meta":{"_monsterinsights_skip_tracking":false,"_monsterinsights_sitenote_active":false,"_monsterinsights_sitenote_note":"","_monsterinsights_sitenote_category":0,"footnotes":""},"categories":[48,34,43],"tags":[],"yoast_head":"<!-- This site is optimized with the Yoast SEO plugin v22.9 - https:\/\/yoast.com\/wordpress\/plugins\/seo\/ -->\n<title>Bolsonaro renova a concess\u00e3o da Globo por 15 anos - Portal MF<\/title>\n<meta name=\"robots\" content=\"index, follow, max-snippet:-1, max-image-preview:large, max-video-preview:-1\" \/>\n<link rel=\"canonical\" href=\"https:\/\/portalmf.com.br\/index.php\/2022\/12\/21\/bolsonaro-renova-a-concessao-da-globo-por-15-anos\/\" \/>\n<meta property=\"og:locale\" content=\"pt_BR\" \/>\n<meta property=\"og:type\" content=\"article\" \/>\n<meta property=\"og:title\" content=\"Bolsonaro renova a concess\u00e3o da Globo por 15 anos - Portal MF\" \/>\n<meta property=\"og:description\" content=\"O presidente&nbsp;Jair Bolsonaro&nbsp;renovou as concess\u00f5es de radiodifus\u00e3o da TV Globo, TV Record e TV Bandeirantes nesta ter\u00e7a-feira, 20, autorizando as empresas a funcionar pelos pr\u00f3ximos 15 anos. As renova\u00e7\u00f5es das concess\u00f5es das emissoras foram publicadas no Di\u00e1rio Oficial da Uni\u00e3o desta quarta-feira, 21. O decreto \u00e9 assinado pelo presidente da Rep\u00fablica e pelo ex-ministro das [&hellip;]\" \/>\n<meta property=\"og:url\" content=\"https:\/\/portalmf.com.br\/index.php\/2022\/12\/21\/bolsonaro-renova-a-concessao-da-globo-por-15-anos\/\" \/>\n<meta property=\"og:site_name\" content=\"Portal MF\" \/>\n<meta property=\"article:author\" content=\"https:\/\/www.facebook.com\/portalmfoficial\" \/>\n<meta property=\"article:published_time\" content=\"2022-12-21T14:20:01+00:00\" \/>\n<meta property=\"article:modified_time\" content=\"2022-12-21T14:22:56+00:00\" \/>\n<meta property=\"og:image\" content=\"https:\/\/portalmf.com.br\/wp-content\/uploads\/2022\/12\/bolsonaro.jpg\" \/>\n\t<meta property=\"og:image:width\" content=\"936\" \/>\n\t<meta property=\"og:image:height\" content=\"521\" \/>\n\t<meta property=\"og:image:type\" content=\"image\/jpeg\" \/>\n<meta name=\"author\" content=\"Reda\u00e7\u00e3o Portal MF\" \/>\n<meta name=\"twitter:card\" content=\"summary_large_image\" \/>\n<meta name=\"twitter:creator\" content=\"@https:\/\/x.com\/portalmfoficial\" \/>\n<meta name=\"twitter:label1\" content=\"Escrito por\" \/>\n\t<meta name=\"twitter:data1\" content=\"Reda\u00e7\u00e3o Portal MF\" \/>\n\t<meta name=\"twitter:label2\" content=\"Est. tempo de leitura\" \/>\n\t<meta name=\"twitter:data2\" content=\"2 minutos\" \/>\n<script type=\"application\/ld+json\" class=\"yoast-schema-graph\">{\"@context\":\"https:\/\/schema.org\",\"@graph\":[{\"@type\":\"WebPage\",\"@id\":\"https:\/\/portalmf.com.br\/index.php\/2022\/12\/21\/bolsonaro-renova-a-concessao-da-globo-por-15-anos\/\",\"url\":\"https:\/\/portalmf.com.br\/index.php\/2022\/12\/21\/bolsonaro-renova-a-concessao-da-globo-por-15-anos\/\",\"name\":\"Bolsonaro renova a concess\u00e3o da Globo por 15 anos - Portal MF\",\"isPartOf\":{\"@id\":\"https:\/\/portalmf.com.br\/#website\"},\"primaryImageOfPage\":{\"@id\":\"https:\/\/portalmf.com.br\/index.php\/2022\/12\/21\/bolsonaro-renova-a-concessao-da-globo-por-15-anos\/#primaryimage\"},\"image\":{\"@id\":\"https:\/\/portalmf.com.br\/index.php\/2022\/12\/21\/bolsonaro-renova-a-concessao-da-globo-por-15-anos\/#primaryimage\"},\"thumbnailUrl\":\"https:\/\/portalmf.com.br\/wp-content\/uploads\/2022\/12\/bolsonaro.jpg\",\"datePublished\":\"2022-12-21T14:20:01+00:00\",\"dateModified\":\"2022-12-21T14:22:56+00:00\",\"author\":{\"@id\":\"https:\/\/portalmf.com.br\/#\/schema\/person\/9ec101baf56233e53520c26de5d6f6f0\"},\"breadcrumb\":{\"@id\":\"https:\/\/portalmf.com.br\/index.php\/2022\/12\/21\/bolsonaro-renova-a-concessao-da-globo-por-15-anos\/#breadcrumb\"},\"inLanguage\":\"pt-BR\",\"potentialAction\":[{\"@type\":\"ReadAction\",\"target\":[\"https:\/\/portalmf.com.br\/index.php\/2022\/12\/21\/bolsonaro-renova-a-concessao-da-globo-por-15-anos\/\"]}]},{\"@type\":\"ImageObject\",\"inLanguage\":\"pt-BR\",\"@id\":\"https:\/\/portalmf.com.br\/index.php\/2022\/12\/21\/bolsonaro-renova-a-concessao-da-globo-por-15-anos\/#primaryimage\",\"url\":\"https:\/\/portalmf.com.br\/wp-content\/uploads\/2022\/12\/bolsonaro.jpg\",\"contentUrl\":\"https:\/\/portalmf.com.br\/wp-content\/uploads\/2022\/12\/bolsonaro.jpg\",\"width\":936,\"height\":521},{\"@type\":\"BreadcrumbList\",\"@id\":\"https:\/\/portalmf.com.br\/index.php\/2022\/12\/21\/bolsonaro-renova-a-concessao-da-globo-por-15-anos\/#breadcrumb\",\"itemListElement\":[{\"@type\":\"ListItem\",\"position\":1,\"name\":\"In\u00edcio\",\"item\":\"https:\/\/portalmf.com.br\/\"},{\"@type\":\"ListItem\",\"position\":2,\"name\":\"Bolsonaro renova a concess\u00e3o da Globo por 15 anos\"}]},{\"@type\":\"WebSite\",\"@id\":\"https:\/\/portalmf.com.br\/#website\",\"url\":\"https:\/\/portalmf.com.br\/\",\"name\":\"Portal MF\",\"description\":\"Voc\u00ea conectado com a informa\u00e7\u00e3o\",\"potentialAction\":[{\"@type\":\"SearchAction\",\"target\":{\"@type\":\"EntryPoint\",\"urlTemplate\":\"https:\/\/portalmf.com.br\/?s={search_term_string}\"},\"query-input\":\"required name=search_term_string\"}],\"inLanguage\":\"pt-BR\"},{\"@type\":\"Person\",\"@id\":\"https:\/\/portalmf.com.br\/#\/schema\/person\/9ec101baf56233e53520c26de5d6f6f0\",\"name\":\"Reda\u00e7\u00e3o Portal MF\",\"image\":{\"@type\":\"ImageObject\",\"inLanguage\":\"pt-BR\",\"@id\":\"https:\/\/portalmf.com.br\/#\/schema\/person\/image\/\",\"url\":\"https:\/\/secure.gravatar.com\/avatar\/41b9aaeb2100835f7c64362330f74c7f?s=96&d=mm&r=g\",\"contentUrl\":\"https:\/\/secure.gravatar.com\/avatar\/41b9aaeb2100835f7c64362330f74c7f?s=96&d=mm&r=g\",\"caption\":\"Reda\u00e7\u00e3o Portal MF\"},\"description\":\"Sejam bem-vindos o portal de informa\u00e7\u00f5es de entretenimento de Feira de Santana, desde 2006 realiza coberturas dos principais eventos com entrevistas exclusivas com as principais personalidades mundiais. Fique conectado tamb\u00e9m nas redes sociais.\",\"sameAs\":[\"http:\/\/www.portalmf.com.br\/\",\"https:\/\/www.facebook.com\/portalmfoficial\",\"https:\/\/www.instagram.com\/portalmf\/\",\"https:\/\/x.com\/https:\/\/x.com\/portalmfoficial\",\"https:\/\/www.youtube.com\/@portalmfoficial\"],\"url\":\"https:\/\/portalmf.com.br\/index.php\/author\/junior\/\"}]}<\/script>\n<!-- \/ Yoast SEO plugin. -->","yoast_head_json":{"title":"Bolsonaro renova a concess\u00e3o da Globo por 15 anos - Portal MF","robots":{"index":"index","follow":"follow","max-snippet":"max-snippet:-1","max-image-preview":"max-image-preview:large","max-video-preview":"max-video-preview:-1"},"canonical":"https:\/\/portalmf.com.br\/index.php\/2022\/12\/21\/bolsonaro-renova-a-concessao-da-globo-por-15-anos\/","og_locale":"pt_BR","og_type":"article","og_title":"Bolsonaro renova a concess\u00e3o da Globo por 15 anos - Portal MF","og_description":"O presidente&nbsp;Jair Bolsonaro&nbsp;renovou as concess\u00f5es de radiodifus\u00e3o da TV Globo, TV Record e TV Bandeirantes nesta ter\u00e7a-feira, 20, autorizando as empresas a funcionar pelos pr\u00f3ximos 15 anos. As renova\u00e7\u00f5es das concess\u00f5es das emissoras foram publicadas no Di\u00e1rio Oficial da Uni\u00e3o desta quarta-feira, 21. O decreto \u00e9 assinado pelo presidente da Rep\u00fablica e pelo ex-ministro das [&hellip;]","og_url":"https:\/\/portalmf.com.br\/index.php\/2022\/12\/21\/bolsonaro-renova-a-concessao-da-globo-por-15-anos\/","og_site_name":"Portal MF","article_author":"https:\/\/www.facebook.com\/portalmfoficial","article_published_time":"2022-12-21T14:20:01+00:00","article_modified_time":"2022-12-21T14:22:56+00:00","og_image":[{"width":936,"height":521,"url":"https:\/\/portalmf.com.br\/wp-content\/uploads\/2022\/12\/bolsonaro.jpg","type":"image\/jpeg"}],"author":"Reda\u00e7\u00e3o Portal MF","twitter_card":"summary_large_image","twitter_creator":"@https:\/\/x.com\/portalmfoficial","twitter_misc":{"Escrito por":"Reda\u00e7\u00e3o Portal MF","Est. tempo de leitura":"2 minutos"},"schema":{"@context":"https:\/\/schema.org","@graph":[{"@type":"WebPage","@id":"https:\/\/portalmf.com.br\/index.php\/2022\/12\/21\/bolsonaro-renova-a-concessao-da-globo-por-15-anos\/","url":"https:\/\/portalmf.com.br\/index.php\/2022\/12\/21\/bolsonaro-renova-a-concessao-da-globo-por-15-anos\/","name":"Bolsonaro renova a concess\u00e3o da Globo por 15 anos - Portal MF","isPartOf":{"@id":"https:\/\/portalmf.com.br\/#website"},"primaryImageOfPage":{"@id":"https:\/\/portalmf.com.br\/index.php\/2022\/12\/21\/bolsonaro-renova-a-concessao-da-globo-por-15-anos\/#primaryimage"},"image":{"@id":"https:\/\/portalmf.com.br\/index.php\/2022\/12\/21\/bolsonaro-renova-a-concessao-da-globo-por-15-anos\/#primaryimage"},"thumbnailUrl":"https:\/\/portalmf.com.br\/wp-content\/uploads\/2022\/12\/bolsonaro.jpg","datePublished":"2022-12-21T14:20:01+00:00","dateModified":"2022-12-21T14:22:56+00:00","author":{"@id":"https:\/\/portalmf.com.br\/#\/schema\/person\/9ec101baf56233e53520c26de5d6f6f0"},"breadcrumb":{"@id":"https:\/\/portalmf.com.br\/index.php\/2022\/12\/21\/bolsonaro-renova-a-concessao-da-globo-por-15-anos\/#breadcrumb"},"inLanguage":"pt-BR","potentialAction":[{"@type":"ReadAction","target":["https:\/\/portalmf.com.br\/index.php\/2022\/12\/21\/bolsonaro-renova-a-concessao-da-globo-por-15-anos\/"]}]},{"@type":"ImageObject","inLanguage":"pt-BR","@id":"https:\/\/portalmf.com.br\/index.php\/2022\/12\/21\/bolsonaro-renova-a-concessao-da-globo-por-15-anos\/#primaryimage","url":"https:\/\/portalmf.com.br\/wp-content\/uploads\/2022\/12\/bolsonaro.jpg","contentUrl":"https:\/\/portalmf.com.br\/wp-content\/uploads\/2022\/12\/bolsonaro.jpg","width":936,"height":521},{"@type":"BreadcrumbList","@id":"https:\/\/portalmf.com.br\/index.php\/2022\/12\/21\/bolsonaro-renova-a-concessao-da-globo-por-15-anos\/#breadcrumb","itemListElement":[{"@type":"ListItem","position":1,"name":"In\u00edcio","item":"https:\/\/portalmf.com.br\/"},{"@type":"ListItem","position":2,"name":"Bolsonaro renova a concess\u00e3o da Globo por 15 anos"}]},{"@type":"WebSite","@id":"https:\/\/portalmf.com.br\/#website","url":"https:\/\/portalmf.com.br\/","name":"Portal MF","description":"Voc\u00ea conectado com a informa\u00e7\u00e3o","potentialAction":[{"@type":"SearchAction","target":{"@type":"EntryPoint","urlTemplate":"https:\/\/portalmf.com.br\/?s={search_term_string}"},"query-input":"required name=search_term_string"}],"inLanguage":"pt-BR"},{"@type":"Person","@id":"https:\/\/portalmf.com.br\/#\/schema\/person\/9ec101baf56233e53520c26de5d6f6f0","name":"Reda\u00e7\u00e3o Portal MF","image":{"@type":"ImageObject","inLanguage":"pt-BR","@id":"https:\/\/portalmf.com.br\/#\/schema\/person\/image\/","url":"https:\/\/secure.gravatar.com\/avatar\/41b9aaeb2100835f7c64362330f74c7f?s=96&d=mm&r=g","contentUrl":"https:\/\/secure.gravatar.com\/avatar\/41b9aaeb2100835f7c64362330f74c7f?s=96&d=mm&r=g","caption":"Reda\u00e7\u00e3o Portal MF"},"description":"Sejam bem-vindos o portal de informa\u00e7\u00f5es de entretenimento de Feira de Santana, desde 2006 realiza coberturas dos principais eventos com entrevistas exclusivas com as principais personalidades mundiais. Fique conectado tamb\u00e9m nas redes sociais.","sameAs":["http:\/\/www.portalmf.com.br\/","https:\/\/www.facebook.com\/portalmfoficial","https:\/\/www.instagram.com\/portalmf\/","https:\/\/x.com\/https:\/\/x.com\/portalmfoficial","https:\/\/www.youtube.com\/@portalmfoficial"],"url":"https:\/\/portalmf.com.br\/index.php\/author\/junior\/"}]}},"_links":{"self":[{"href":"https:\/\/portalmf.com.br\/index.php\/wp-json\/wp\/v2\/posts\/7012"}],"collection":[{"href":"https:\/\/portalmf.com.br\/index.php\/wp-json\/wp\/v2\/posts"}],"about":[{"href":"https:\/\/portalmf.com.br\/index.php\/wp-json\/wp\/v2\/types\/post"}],"author":[{"embeddable":true,"href":"https:\/\/portalmf.com.br\/index.php\/wp-json\/wp\/v2\/users\/3"}],"replies":[{"embeddable":true,"href":"https:\/\/portalmf.com.br\/index.php\/wp-json\/wp\/v2\/comments?post=7012"}],"version-history":[{"count":2,"href":"https:\/\/portalmf.com.br\/index.php\/wp-json\/wp\/v2\/posts\/7012\/revisions"}],"predecessor-version":[{"id":7016,"href":"https:\/\/portalmf.com.br\/index.php\/wp-json\/wp\/v2\/posts\/7012\/revisions\/7016"}],"wp:featuredmedia":[{"embeddable":true,"href":"https:\/\/portalmf.com.br\/index.php\/wp-json\/wp\/v2\/media\/7013"}],"wp:attachment":[{"href":"https:\/\/portalmf.com.br\/index.php\/wp-json\/wp\/v2\/media?parent=7012"}],"wp:term":[{"taxonomy":"category","embeddable":true,"href":"https:\/\/portalmf.com.br\/index.php\/wp-json\/wp\/v2\/categories?post=7012"},{"taxonomy":"post_tag","embeddable":true,"href":"https:\/\/portalmf.com.br\/index.php\/wp-json\/wp\/v2\/tags?post=7012"}],"curies":[{"name":"wp","href":"https:\/\/api.w.org\/{rel}","templated":true}]}}