{"id":6999,"date":"2022-12-20T16:52:21","date_gmt":"2022-12-20T19:52:21","guid":{"rendered":"https:\/\/portalmf.com.br\/?p=6999"},"modified":"2022-12-20T16:52:22","modified_gmt":"2022-12-20T19:52:22","slug":"maglore-faz-shows-na-casa-rosa-no-primeiro-final-de-semana-de-2023","status":"publish","type":"post","link":"https:\/\/portalmf.com.br\/index.php\/2022\/12\/20\/maglore-faz-shows-na-casa-rosa-no-primeiro-final-de-semana-de-2023\/","title":{"rendered":"Maglore faz shows na Casa Rosa no primeiro final de semana de 2023"},"content":{"rendered":"\n<p>Abrindo a agenda da Casa Rosa e da pr\u00f3pria banda em 2023, a Maglore retorna a Salvador para apresentar show do seu rec\u00e9m-lan\u00e7ado quinto disco de est\u00fadio, intitulado \u201cV\u201d, nos dias 7 e 8 de janeiro, s\u00e1bado \u00e0s 21h e domingo \u00e0s 17h. Ingressos est\u00e3o dispon\u00edveis para venda pela Sympla ou no local.<\/p>\n\n\n\n<p>Em cada uma das datas, o quarteto formado por Teago Oliveira (voz e guitarra), Leonardo Brand\u00e3o (guitarra e teclado), Lucas Gon\u00e7alves (baixo) e Felipe Dieder (bateria) promete noites distintas. \u201cTeremos apresenta\u00e7\u00f5es com repert\u00f3rios diferentes. Vamos tocar de tudo um pouco, contemplando todas as fases da banda, para celebrar esse come\u00e7o de 2023 em casa\u201d, conta Teago.<\/p>\n\n\n\n<p>Trazendo uma sonoridade mais diversa, o \u00e1lbum \u201cV\u201d foi gravado no est\u00fadio Ilha do Corvo, em Belo Horizonte, e tem tamb\u00e9m uma est\u00e9tica mais \u201ccl\u00e1ssica\u201d, deixando um pouco de lado os variados efeitos de guitarra do seu antecessor, \u201cTodas As Bandeiras\u201d (2017). Arranjos de cordas e metais s\u00e3o presentes, amplamente explorados na faixa de abertura, \u201cA Vida \u00c9 Uma Aventura\u201d. \u201cEste \u00e9 um disco com muita varia\u00e7\u00e3o de humor\u201d, descreve Teago Oliveira. \u201c\u00c9 tamb\u00e9m o mais plural da nossa carreira. Abra\u00e7amos uma sonoridade um pouco diferente e nos permitimos encontrar um caminho que passeia de forma mais clara entre o rock, a bossa, a motown e o reggae, como na faixa \u2018Rev\u00e9s De Tudo\u2019 \u2013 uma cr\u00f4nica da sociedade atual tendo que viver com o extremismo\u201d, completa o artista.<\/p>\n\n\n\n<p>Com a produ\u00e7\u00e3o musical assinada por Leonardo Marques e Maglore, \u201cV\u201d apresenta can\u00e7\u00f5es com forte discurso social, sem deixar de contemplar uma das principais caracter\u00edsticas do grupo, que \u00e9 falar sobre o amor e suas mais variadas formas. As composi\u00e7\u00f5es s\u00e3o de Teago Oliveira e Lucas Gon\u00e7alves.<\/p>\n\n\n\n<p>\u201cO disco passeia do \u2018Amor de Ver\u00e3o\u2019, que n\u00e3o fala de romance passageiro, mas do desejo por algo duradouro, ao \u2018Amor Antigo\u2019, que aborda um inevit\u00e1vel t\u00e9rmino de forma amistosa e nost\u00e1lgica. H\u00e1 tamb\u00e9m as can\u00e7\u00f5es que tratam de amor-pr\u00f3prio, transforma\u00e7\u00e3o, amor materno, da autossabotagem e da alegria de se apaixonar de novo. Por fim, o \u00e1lbum termina com a existencial \u2018Para Gil e Donato\u2019, homenagem a Gilberto Gil e Jo\u00e3o Donato, que fala sobre a passagem do tempo e as sensa\u00e7\u00f5es vividas a partir disso\u201d, detalha o&nbsp;<em>frontman<\/em>&nbsp;da Maglore.<\/p>\n\n\n\n<p><strong>Maglore<\/strong><\/p>\n\n\n\n<p><strong>Turn\u00ea do disco \u201cV\u201d<\/strong><\/p>\n\n\n\n<p><strong>Quando:<\/strong><\/p>\n\n\n\n<p>07 de janeiro de 2023 (s\u00e1bado), \u00e0s 21h<\/p>\n\n\n\n<p>08 de janeiro de 2023 (domingo), \u00e0s 17h<\/p>\n\n\n\n<p><strong>Onde:<\/strong>&nbsp;Casa Rosa (Pra\u00e7a Colombo, 106 \u2013 Rio Vermelho \u2013 Salvador, Bahia)<\/p>\n\n\n\n<p><strong>Quanto:<\/strong><\/p>\n\n\n\n<p>1\u00ba lote: R$ 60 (inteira) | R$ 30 (meia) | R$ 45 (inteira social)*<\/p>\n\n\n\n<p>2\u00ba lote: R$ 80 (inteira) | R$ 40 (meia) | R$ 65 (inteira social)*<\/p>\n\n\n\n<p>3\u00ba lote: R$ 100 (inteira) | R$ 50 (meia) | R$ 85 (inteira social)*<\/p>\n\n\n\n<p><em>*Inteira social v\u00e1lida mediante doa\u00e7\u00e3o de 1kg de alimento n\u00e3o perec\u00edvel ou produto de limpeza<\/em><\/p>\n\n\n\n<p>Vendas no local ou pela Sympla:&nbsp;<a href=\"https:\/\/linktr.ee\/casarosasalvador\" target=\"_blank\" rel=\"noreferrer noopener\">https:\/\/linktr.ee\/casarosasalvador<\/a><\/p>\n\n\n\n<p><strong>Classifica\u00e7\u00e3o indicativa:<\/strong>&nbsp;18 anos<\/p>\n","protected":false},"excerpt":{"rendered":"<p>Abrindo a agenda da Casa Rosa e da pr\u00f3pria banda em 2023, a Maglore retorna a Salvador para apresentar show do seu rec\u00e9m-lan\u00e7ado quinto disco de est\u00fadio, intitulado \u201cV\u201d, nos dias 7 e 8 de janeiro, s\u00e1bado \u00e0s 21h e domingo \u00e0s 17h. Ingressos est\u00e3o dispon\u00edveis para venda pela Sympla ou no local. Em cada [&hellip;]<\/p>\n","protected":false},"author":3,"featured_media":7000,"comment_status":"open","ping_status":"open","sticky":false,"template":"","format":"standard","meta":{"_monsterinsights_skip_tracking":false,"_monsterinsights_sitenote_active":false,"_monsterinsights_sitenote_note":"","_monsterinsights_sitenote_category":0,"footnotes":""},"categories":[40],"tags":[],"yoast_head":"<!-- This site is optimized with the Yoast SEO plugin v22.9 - https:\/\/yoast.com\/wordpress\/plugins\/seo\/ -->\n<title>Maglore faz shows na Casa Rosa no primeiro final de semana de 2023 - Portal MF<\/title>\n<meta name=\"robots\" content=\"index, follow, max-snippet:-1, max-image-preview:large, max-video-preview:-1\" \/>\n<link rel=\"canonical\" href=\"https:\/\/portalmf.com.br\/index.php\/2022\/12\/20\/maglore-faz-shows-na-casa-rosa-no-primeiro-final-de-semana-de-2023\/\" \/>\n<meta property=\"og:locale\" content=\"pt_BR\" \/>\n<meta property=\"og:type\" content=\"article\" \/>\n<meta property=\"og:title\" content=\"Maglore faz shows na Casa Rosa no primeiro final de semana de 2023 - Portal MF\" \/>\n<meta property=\"og:description\" content=\"Abrindo a agenda da Casa Rosa e da pr\u00f3pria banda em 2023, a Maglore retorna a Salvador para apresentar show do seu rec\u00e9m-lan\u00e7ado quinto disco de est\u00fadio, intitulado \u201cV\u201d, nos dias 7 e 8 de janeiro, s\u00e1bado \u00e0s 21h e domingo \u00e0s 17h. Ingressos est\u00e3o dispon\u00edveis para venda pela Sympla ou no local. Em cada [&hellip;]\" \/>\n<meta property=\"og:url\" content=\"https:\/\/portalmf.com.br\/index.php\/2022\/12\/20\/maglore-faz-shows-na-casa-rosa-no-primeiro-final-de-semana-de-2023\/\" \/>\n<meta property=\"og:site_name\" content=\"Portal MF\" \/>\n<meta property=\"article:author\" content=\"https:\/\/www.facebook.com\/portalmfoficial\" \/>\n<meta property=\"article:published_time\" content=\"2022-12-20T19:52:21+00:00\" \/>\n<meta property=\"article:modified_time\" content=\"2022-12-20T19:52:22+00:00\" \/>\n<meta property=\"og:image\" content=\"https:\/\/portalmf.com.br\/wp-content\/uploads\/2022\/12\/Maglore-Foto-por-Azevedo-Lobo.jpg\" \/>\n\t<meta property=\"og:image:width\" content=\"2088\" \/>\n\t<meta property=\"og:image:height\" content=\"1392\" \/>\n\t<meta property=\"og:image:type\" content=\"image\/jpeg\" \/>\n<meta name=\"author\" content=\"Reda\u00e7\u00e3o Portal MF\" \/>\n<meta name=\"twitter:card\" content=\"summary_large_image\" \/>\n<meta name=\"twitter:creator\" content=\"@https:\/\/x.com\/portalmfoficial\" \/>\n<meta name=\"twitter:label1\" content=\"Escrito por\" \/>\n\t<meta name=\"twitter:data1\" content=\"Reda\u00e7\u00e3o Portal MF\" \/>\n\t<meta name=\"twitter:label2\" content=\"Est. tempo de leitura\" \/>\n\t<meta name=\"twitter:data2\" content=\"3 minutos\" \/>\n<script type=\"application\/ld+json\" class=\"yoast-schema-graph\">{\"@context\":\"https:\/\/schema.org\",\"@graph\":[{\"@type\":\"WebPage\",\"@id\":\"https:\/\/portalmf.com.br\/index.php\/2022\/12\/20\/maglore-faz-shows-na-casa-rosa-no-primeiro-final-de-semana-de-2023\/\",\"url\":\"https:\/\/portalmf.com.br\/index.php\/2022\/12\/20\/maglore-faz-shows-na-casa-rosa-no-primeiro-final-de-semana-de-2023\/\",\"name\":\"Maglore faz shows na Casa Rosa no primeiro final de semana de 2023 - Portal MF\",\"isPartOf\":{\"@id\":\"https:\/\/portalmf.com.br\/#website\"},\"primaryImageOfPage\":{\"@id\":\"https:\/\/portalmf.com.br\/index.php\/2022\/12\/20\/maglore-faz-shows-na-casa-rosa-no-primeiro-final-de-semana-de-2023\/#primaryimage\"},\"image\":{\"@id\":\"https:\/\/portalmf.com.br\/index.php\/2022\/12\/20\/maglore-faz-shows-na-casa-rosa-no-primeiro-final-de-semana-de-2023\/#primaryimage\"},\"thumbnailUrl\":\"https:\/\/portalmf.com.br\/wp-content\/uploads\/2022\/12\/Maglore-Foto-por-Azevedo-Lobo.jpg\",\"datePublished\":\"2022-12-20T19:52:21+00:00\",\"dateModified\":\"2022-12-20T19:52:22+00:00\",\"author\":{\"@id\":\"https:\/\/portalmf.com.br\/#\/schema\/person\/9ec101baf56233e53520c26de5d6f6f0\"},\"breadcrumb\":{\"@id\":\"https:\/\/portalmf.com.br\/index.php\/2022\/12\/20\/maglore-faz-shows-na-casa-rosa-no-primeiro-final-de-semana-de-2023\/#breadcrumb\"},\"inLanguage\":\"pt-BR\",\"potentialAction\":[{\"@type\":\"ReadAction\",\"target\":[\"https:\/\/portalmf.com.br\/index.php\/2022\/12\/20\/maglore-faz-shows-na-casa-rosa-no-primeiro-final-de-semana-de-2023\/\"]}]},{\"@type\":\"ImageObject\",\"inLanguage\":\"pt-BR\",\"@id\":\"https:\/\/portalmf.com.br\/index.php\/2022\/12\/20\/maglore-faz-shows-na-casa-rosa-no-primeiro-final-de-semana-de-2023\/#primaryimage\",\"url\":\"https:\/\/portalmf.com.br\/wp-content\/uploads\/2022\/12\/Maglore-Foto-por-Azevedo-Lobo.jpg\",\"contentUrl\":\"https:\/\/portalmf.com.br\/wp-content\/uploads\/2022\/12\/Maglore-Foto-por-Azevedo-Lobo.jpg\",\"width\":2088,\"height\":1392,\"caption\":\"Foto: Azevedo Lobo\"},{\"@type\":\"BreadcrumbList\",\"@id\":\"https:\/\/portalmf.com.br\/index.php\/2022\/12\/20\/maglore-faz-shows-na-casa-rosa-no-primeiro-final-de-semana-de-2023\/#breadcrumb\",\"itemListElement\":[{\"@type\":\"ListItem\",\"position\":1,\"name\":\"In\u00edcio\",\"item\":\"https:\/\/portalmf.com.br\/\"},{\"@type\":\"ListItem\",\"position\":2,\"name\":\"Maglore faz shows na Casa Rosa no primeiro final de semana de 2023\"}]},{\"@type\":\"WebSite\",\"@id\":\"https:\/\/portalmf.com.br\/#website\",\"url\":\"https:\/\/portalmf.com.br\/\",\"name\":\"Portal MF\",\"description\":\"Voc\u00ea conectado com a informa\u00e7\u00e3o\",\"potentialAction\":[{\"@type\":\"SearchAction\",\"target\":{\"@type\":\"EntryPoint\",\"urlTemplate\":\"https:\/\/portalmf.com.br\/?s={search_term_string}\"},\"query-input\":\"required name=search_term_string\"}],\"inLanguage\":\"pt-BR\"},{\"@type\":\"Person\",\"@id\":\"https:\/\/portalmf.com.br\/#\/schema\/person\/9ec101baf56233e53520c26de5d6f6f0\",\"name\":\"Reda\u00e7\u00e3o Portal MF\",\"image\":{\"@type\":\"ImageObject\",\"inLanguage\":\"pt-BR\",\"@id\":\"https:\/\/portalmf.com.br\/#\/schema\/person\/image\/\",\"url\":\"https:\/\/secure.gravatar.com\/avatar\/41b9aaeb2100835f7c64362330f74c7f?s=96&d=mm&r=g\",\"contentUrl\":\"https:\/\/secure.gravatar.com\/avatar\/41b9aaeb2100835f7c64362330f74c7f?s=96&d=mm&r=g\",\"caption\":\"Reda\u00e7\u00e3o Portal MF\"},\"description\":\"Sejam bem-vindos o portal de informa\u00e7\u00f5es de entretenimento de Feira de Santana, desde 2006 realiza coberturas dos principais eventos com entrevistas exclusivas com as principais personalidades mundiais. Fique conectado tamb\u00e9m nas redes sociais.\",\"sameAs\":[\"http:\/\/www.portalmf.com.br\/\",\"https:\/\/www.facebook.com\/portalmfoficial\",\"https:\/\/www.instagram.com\/portalmf\/\",\"https:\/\/x.com\/https:\/\/x.com\/portalmfoficial\",\"https:\/\/www.youtube.com\/@portalmfoficial\"],\"url\":\"https:\/\/portalmf.com.br\/index.php\/author\/junior\/\"}]}<\/script>\n<!-- \/ Yoast SEO plugin. -->","yoast_head_json":{"title":"Maglore faz shows na Casa Rosa no primeiro final de semana de 2023 - Portal MF","robots":{"index":"index","follow":"follow","max-snippet":"max-snippet:-1","max-image-preview":"max-image-preview:large","max-video-preview":"max-video-preview:-1"},"canonical":"https:\/\/portalmf.com.br\/index.php\/2022\/12\/20\/maglore-faz-shows-na-casa-rosa-no-primeiro-final-de-semana-de-2023\/","og_locale":"pt_BR","og_type":"article","og_title":"Maglore faz shows na Casa Rosa no primeiro final de semana de 2023 - Portal MF","og_description":"Abrindo a agenda da Casa Rosa e da pr\u00f3pria banda em 2023, a Maglore retorna a Salvador para apresentar show do seu rec\u00e9m-lan\u00e7ado quinto disco de est\u00fadio, intitulado \u201cV\u201d, nos dias 7 e 8 de janeiro, s\u00e1bado \u00e0s 21h e domingo \u00e0s 17h. Ingressos est\u00e3o dispon\u00edveis para venda pela Sympla ou no local. Em cada [&hellip;]","og_url":"https:\/\/portalmf.com.br\/index.php\/2022\/12\/20\/maglore-faz-shows-na-casa-rosa-no-primeiro-final-de-semana-de-2023\/","og_site_name":"Portal MF","article_author":"https:\/\/www.facebook.com\/portalmfoficial","article_published_time":"2022-12-20T19:52:21+00:00","article_modified_time":"2022-12-20T19:52:22+00:00","og_image":[{"width":2088,"height":1392,"url":"https:\/\/portalmf.com.br\/wp-content\/uploads\/2022\/12\/Maglore-Foto-por-Azevedo-Lobo.jpg","type":"image\/jpeg"}],"author":"Reda\u00e7\u00e3o Portal MF","twitter_card":"summary_large_image","twitter_creator":"@https:\/\/x.com\/portalmfoficial","twitter_misc":{"Escrito por":"Reda\u00e7\u00e3o Portal MF","Est. tempo de leitura":"3 minutos"},"schema":{"@context":"https:\/\/schema.org","@graph":[{"@type":"WebPage","@id":"https:\/\/portalmf.com.br\/index.php\/2022\/12\/20\/maglore-faz-shows-na-casa-rosa-no-primeiro-final-de-semana-de-2023\/","url":"https:\/\/portalmf.com.br\/index.php\/2022\/12\/20\/maglore-faz-shows-na-casa-rosa-no-primeiro-final-de-semana-de-2023\/","name":"Maglore faz shows na Casa Rosa no primeiro final de semana de 2023 - Portal MF","isPartOf":{"@id":"https:\/\/portalmf.com.br\/#website"},"primaryImageOfPage":{"@id":"https:\/\/portalmf.com.br\/index.php\/2022\/12\/20\/maglore-faz-shows-na-casa-rosa-no-primeiro-final-de-semana-de-2023\/#primaryimage"},"image":{"@id":"https:\/\/portalmf.com.br\/index.php\/2022\/12\/20\/maglore-faz-shows-na-casa-rosa-no-primeiro-final-de-semana-de-2023\/#primaryimage"},"thumbnailUrl":"https:\/\/portalmf.com.br\/wp-content\/uploads\/2022\/12\/Maglore-Foto-por-Azevedo-Lobo.jpg","datePublished":"2022-12-20T19:52:21+00:00","dateModified":"2022-12-20T19:52:22+00:00","author":{"@id":"https:\/\/portalmf.com.br\/#\/schema\/person\/9ec101baf56233e53520c26de5d6f6f0"},"breadcrumb":{"@id":"https:\/\/portalmf.com.br\/index.php\/2022\/12\/20\/maglore-faz-shows-na-casa-rosa-no-primeiro-final-de-semana-de-2023\/#breadcrumb"},"inLanguage":"pt-BR","potentialAction":[{"@type":"ReadAction","target":["https:\/\/portalmf.com.br\/index.php\/2022\/12\/20\/maglore-faz-shows-na-casa-rosa-no-primeiro-final-de-semana-de-2023\/"]}]},{"@type":"ImageObject","inLanguage":"pt-BR","@id":"https:\/\/portalmf.com.br\/index.php\/2022\/12\/20\/maglore-faz-shows-na-casa-rosa-no-primeiro-final-de-semana-de-2023\/#primaryimage","url":"https:\/\/portalmf.com.br\/wp-content\/uploads\/2022\/12\/Maglore-Foto-por-Azevedo-Lobo.jpg","contentUrl":"https:\/\/portalmf.com.br\/wp-content\/uploads\/2022\/12\/Maglore-Foto-por-Azevedo-Lobo.jpg","width":2088,"height":1392,"caption":"Foto: Azevedo Lobo"},{"@type":"BreadcrumbList","@id":"https:\/\/portalmf.com.br\/index.php\/2022\/12\/20\/maglore-faz-shows-na-casa-rosa-no-primeiro-final-de-semana-de-2023\/#breadcrumb","itemListElement":[{"@type":"ListItem","position":1,"name":"In\u00edcio","item":"https:\/\/portalmf.com.br\/"},{"@type":"ListItem","position":2,"name":"Maglore faz shows na Casa Rosa no primeiro final de semana de 2023"}]},{"@type":"WebSite","@id":"https:\/\/portalmf.com.br\/#website","url":"https:\/\/portalmf.com.br\/","name":"Portal MF","description":"Voc\u00ea conectado com a informa\u00e7\u00e3o","potentialAction":[{"@type":"SearchAction","target":{"@type":"EntryPoint","urlTemplate":"https:\/\/portalmf.com.br\/?s={search_term_string}"},"query-input":"required name=search_term_string"}],"inLanguage":"pt-BR"},{"@type":"Person","@id":"https:\/\/portalmf.com.br\/#\/schema\/person\/9ec101baf56233e53520c26de5d6f6f0","name":"Reda\u00e7\u00e3o Portal MF","image":{"@type":"ImageObject","inLanguage":"pt-BR","@id":"https:\/\/portalmf.com.br\/#\/schema\/person\/image\/","url":"https:\/\/secure.gravatar.com\/avatar\/41b9aaeb2100835f7c64362330f74c7f?s=96&d=mm&r=g","contentUrl":"https:\/\/secure.gravatar.com\/avatar\/41b9aaeb2100835f7c64362330f74c7f?s=96&d=mm&r=g","caption":"Reda\u00e7\u00e3o Portal MF"},"description":"Sejam bem-vindos o portal de informa\u00e7\u00f5es de entretenimento de Feira de Santana, desde 2006 realiza coberturas dos principais eventos com entrevistas exclusivas com as principais personalidades mundiais. Fique conectado tamb\u00e9m nas redes sociais.","sameAs":["http:\/\/www.portalmf.com.br\/","https:\/\/www.facebook.com\/portalmfoficial","https:\/\/www.instagram.com\/portalmf\/","https:\/\/x.com\/https:\/\/x.com\/portalmfoficial","https:\/\/www.youtube.com\/@portalmfoficial"],"url":"https:\/\/portalmf.com.br\/index.php\/author\/junior\/"}]}},"_links":{"self":[{"href":"https:\/\/portalmf.com.br\/index.php\/wp-json\/wp\/v2\/posts\/6999"}],"collection":[{"href":"https:\/\/portalmf.com.br\/index.php\/wp-json\/wp\/v2\/posts"}],"about":[{"href":"https:\/\/portalmf.com.br\/index.php\/wp-json\/wp\/v2\/types\/post"}],"author":[{"embeddable":true,"href":"https:\/\/portalmf.com.br\/index.php\/wp-json\/wp\/v2\/users\/3"}],"replies":[{"embeddable":true,"href":"https:\/\/portalmf.com.br\/index.php\/wp-json\/wp\/v2\/comments?post=6999"}],"version-history":[{"count":1,"href":"https:\/\/portalmf.com.br\/index.php\/wp-json\/wp\/v2\/posts\/6999\/revisions"}],"predecessor-version":[{"id":7001,"href":"https:\/\/portalmf.com.br\/index.php\/wp-json\/wp\/v2\/posts\/6999\/revisions\/7001"}],"wp:featuredmedia":[{"embeddable":true,"href":"https:\/\/portalmf.com.br\/index.php\/wp-json\/wp\/v2\/media\/7000"}],"wp:attachment":[{"href":"https:\/\/portalmf.com.br\/index.php\/wp-json\/wp\/v2\/media?parent=6999"}],"wp:term":[{"taxonomy":"category","embeddable":true,"href":"https:\/\/portalmf.com.br\/index.php\/wp-json\/wp\/v2\/categories?post=6999"},{"taxonomy":"post_tag","embeddable":true,"href":"https:\/\/portalmf.com.br\/index.php\/wp-json\/wp\/v2\/tags?post=6999"}],"curies":[{"name":"wp","href":"https:\/\/api.w.org\/{rel}","templated":true}]}}