{"id":6996,"date":"2022-12-20T10:47:00","date_gmt":"2022-12-20T13:47:00","guid":{"rendered":"https:\/\/portalmf.com.br\/?p=6996"},"modified":"2022-12-20T16:48:23","modified_gmt":"2022-12-20T19:48:23","slug":"boulevard-shopping-promove-programacao-cultural-durante-horario-especial-de-final-de-ano","status":"publish","type":"post","link":"https:\/\/portalmf.com.br\/index.php\/2022\/12\/20\/boulevard-shopping-promove-programacao-cultural-durante-horario-especial-de-final-de-ano\/","title":{"rendered":"Boulevard Shopping promove programa\u00e7\u00e3o cultural durante hor\u00e1rio especial de final de ano\u00a0\u00a0"},"content":{"rendered":"\n<p>Enquanto procuram os presentes dos seus amigos e familiares, os clientes do Boulevard contar\u00e3o com uma programa\u00e7\u00e3o repleta de atra\u00e7\u00f5es, al\u00e9m de \u00f3timas oportunidades de compras neste final de ano.&nbsp;<\/p>\n\n\n\n<p>O Shopping preparou uma s\u00e9rie de atra\u00e7\u00f5es para os clientes durante o hor\u00e1rio especial de funcionamento na semana do Natal, come\u00e7ando no dia 19, seguindo at\u00e9 23 de dezembro. Entre paradas natalinas e shows animados na Pra\u00e7a de Alimenta\u00e7\u00e3o, os clientes poder\u00e3o se divertir e optar por mais tempo, conforto e comodidade para realizar suas compras e at\u00e9 confraternizar com seus amigos e parentes.&nbsp;<\/p>\n\n\n\n<p><strong>Confira a programa\u00e7\u00e3o:<\/strong>&nbsp;&nbsp;<\/p>\n\n\n\n<p><strong>Paradas Natalinas e Fanfarra + Distribui\u00e7\u00e3o de bal\u00f5es<\/strong>&nbsp;<\/p>\n\n\n\n<p>Todos os dias (19 a 23\/12)&nbsp;<\/p>\n\n\n\n<p>Hor\u00e1rios: 16h | 18h | 20h&nbsp;&nbsp;<\/p>\n\n\n\n<p><strong>Atra\u00e7\u00f5es musicais na Pra\u00e7a de Alimenta\u00e7\u00e3o:&nbsp;<\/strong>&nbsp;<\/p>\n\n\n\n<p>Dia 19 \u2013&nbsp;Sound&nbsp;Mar\u00e9 das 21h \u00e0s 23h&nbsp;&nbsp;<br>Dia 20 \u2013 Raquel Lobo das 21h \u00e0s 23h&nbsp;&nbsp;<br>Dia 21 \u2013&nbsp;Guymeo&nbsp;Jumonji&nbsp;das 21h \u00e0s 23h&nbsp;<br>&nbsp;&nbsp;Dia 22 \u2013&nbsp;Superterno&nbsp;das 21h \u00e0s 23h&nbsp;<br>&nbsp;&nbsp;Dia 23 \u2013&nbsp;L&#8217;age&nbsp;D&#8217;or&nbsp;das 21h \u00e0s 23h&nbsp;<\/p>\n\n\n\n<p><strong>Mais tempo e comodidade para as compras<\/strong>&nbsp;<\/p>\n\n\n\n<p>O Boulevard Shopping est\u00e1 funcionando em hor\u00e1rio especial, desde o dia 11 e segue at\u00e9 24 de dezembro. Com isso, os clientes ter\u00e3o mais tempo para utilizar os servi\u00e7os e fazer as compras de Natal com tranquilidade e seguran\u00e7a. O hor\u00e1rio especial conta com horas a mais de atendimento. O prazo fica ainda maior quando as lojas e Pra\u00e7a de Alimenta\u00e7\u00e3o funcionam das&nbsp;<strong>9h \u00e0s 23h30 entre 19 e 23 de dezembro<\/strong>.&nbsp;<\/p>\n\n\n\n<p>Na v\u00e9spera de Natal (24), lojas e Pra\u00e7a de Alimenta\u00e7\u00e3o funcionam das 9h \u00e0s 18h e o Big Bom Pre\u00e7o das 8h \u00e0s 18h. J\u00e1 na v\u00e9spera do Ano Novo (31), as lojas e Pra\u00e7a de Alimenta\u00e7\u00e3o funcionam das 9h \u00e0s 17h e o Big Bom Pre\u00e7o das 8h \u00e0s 17h.&nbsp;<\/p>\n\n\n\n<p>Nos dias 25 de dezembro (Natal) e 1\u00ba de janeiro, o shopping estar\u00e1 fechado. O cinema manter\u00e1 sua programa\u00e7\u00e3o normal de exibi\u00e7\u00e3o e suas se\u00e7\u00f5es podem ser consultadas no&nbsp;<a href=\"https:\/\/boulevardfeira.com.br\/lazer\/cinema\/\" rel=\"noreferrer noopener\" target=\"_blank\">https:\/\/boulevardfeira.com.br\/lazer\/cinema\/<\/a>.&nbsp;<\/p>\n","protected":false},"excerpt":{"rendered":"<p>Enquanto procuram os presentes dos seus amigos e familiares, os clientes do Boulevard contar\u00e3o com uma programa\u00e7\u00e3o repleta de atra\u00e7\u00f5es, al\u00e9m de \u00f3timas oportunidades de compras neste final de ano.&nbsp; O Shopping preparou uma s\u00e9rie de atra\u00e7\u00f5es para os clientes durante o hor\u00e1rio especial de funcionamento na semana do Natal, come\u00e7ando no dia 19, seguindo [&hellip;]<\/p>\n","protected":false},"author":3,"featured_media":6997,"comment_status":"open","ping_status":"open","sticky":false,"template":"","format":"standard","meta":{"_monsterinsights_skip_tracking":false,"_monsterinsights_sitenote_active":false,"_monsterinsights_sitenote_note":"","_monsterinsights_sitenote_category":0,"footnotes":""},"categories":[45],"tags":[],"yoast_head":"<!-- This site is optimized with the Yoast SEO plugin v22.9 - https:\/\/yoast.com\/wordpress\/plugins\/seo\/ -->\n<title>Boulevard Shopping promove programa\u00e7\u00e3o cultural durante hor\u00e1rio especial de final de ano\u00a0\u00a0 - Portal MF<\/title>\n<meta name=\"robots\" content=\"index, follow, max-snippet:-1, max-image-preview:large, max-video-preview:-1\" \/>\n<link rel=\"canonical\" href=\"https:\/\/portalmf.com.br\/index.php\/2022\/12\/20\/boulevard-shopping-promove-programacao-cultural-durante-horario-especial-de-final-de-ano\/\" \/>\n<meta property=\"og:locale\" content=\"pt_BR\" \/>\n<meta property=\"og:type\" content=\"article\" \/>\n<meta property=\"og:title\" content=\"Boulevard Shopping promove programa\u00e7\u00e3o cultural durante hor\u00e1rio especial de final de ano\u00a0\u00a0 - Portal MF\" \/>\n<meta property=\"og:description\" content=\"Enquanto procuram os presentes dos seus amigos e familiares, os clientes do Boulevard contar\u00e3o com uma programa\u00e7\u00e3o repleta de atra\u00e7\u00f5es, al\u00e9m de \u00f3timas oportunidades de compras neste final de ano.&nbsp; O Shopping preparou uma s\u00e9rie de atra\u00e7\u00f5es para os clientes durante o hor\u00e1rio especial de funcionamento na semana do Natal, come\u00e7ando no dia 19, seguindo [&hellip;]\" \/>\n<meta property=\"og:url\" content=\"https:\/\/portalmf.com.br\/index.php\/2022\/12\/20\/boulevard-shopping-promove-programacao-cultural-durante-horario-especial-de-final-de-ano\/\" \/>\n<meta property=\"og:site_name\" content=\"Portal MF\" \/>\n<meta property=\"article:author\" content=\"https:\/\/www.facebook.com\/portalmfoficial\" \/>\n<meta property=\"article:published_time\" content=\"2022-12-20T13:47:00+00:00\" \/>\n<meta property=\"article:modified_time\" content=\"2022-12-20T19:48:23+00:00\" \/>\n<meta property=\"og:image\" content=\"https:\/\/portalmf.com.br\/wp-content\/uploads\/2022\/12\/ParadaDeNatal-scaled.jpg\" \/>\n\t<meta property=\"og:image:width\" content=\"2560\" \/>\n\t<meta property=\"og:image:height\" content=\"1920\" \/>\n\t<meta property=\"og:image:type\" content=\"image\/jpeg\" \/>\n<meta name=\"author\" content=\"Reda\u00e7\u00e3o Portal MF\" \/>\n<meta name=\"twitter:card\" content=\"summary_large_image\" \/>\n<meta name=\"twitter:creator\" content=\"@https:\/\/x.com\/portalmfoficial\" \/>\n<meta name=\"twitter:label1\" content=\"Escrito por\" \/>\n\t<meta name=\"twitter:data1\" content=\"Reda\u00e7\u00e3o Portal MF\" \/>\n\t<meta name=\"twitter:label2\" content=\"Est. tempo de leitura\" \/>\n\t<meta name=\"twitter:data2\" content=\"2 minutos\" \/>\n<script type=\"application\/ld+json\" class=\"yoast-schema-graph\">{\"@context\":\"https:\/\/schema.org\",\"@graph\":[{\"@type\":\"WebPage\",\"@id\":\"https:\/\/portalmf.com.br\/index.php\/2022\/12\/20\/boulevard-shopping-promove-programacao-cultural-durante-horario-especial-de-final-de-ano\/\",\"url\":\"https:\/\/portalmf.com.br\/index.php\/2022\/12\/20\/boulevard-shopping-promove-programacao-cultural-durante-horario-especial-de-final-de-ano\/\",\"name\":\"Boulevard Shopping promove programa\u00e7\u00e3o cultural durante hor\u00e1rio especial de final de ano\u00a0\u00a0 - Portal MF\",\"isPartOf\":{\"@id\":\"https:\/\/portalmf.com.br\/#website\"},\"primaryImageOfPage\":{\"@id\":\"https:\/\/portalmf.com.br\/index.php\/2022\/12\/20\/boulevard-shopping-promove-programacao-cultural-durante-horario-especial-de-final-de-ano\/#primaryimage\"},\"image\":{\"@id\":\"https:\/\/portalmf.com.br\/index.php\/2022\/12\/20\/boulevard-shopping-promove-programacao-cultural-durante-horario-especial-de-final-de-ano\/#primaryimage\"},\"thumbnailUrl\":\"https:\/\/portalmf.com.br\/wp-content\/uploads\/2022\/12\/ParadaDeNatal-scaled.jpg\",\"datePublished\":\"2022-12-20T13:47:00+00:00\",\"dateModified\":\"2022-12-20T19:48:23+00:00\",\"author\":{\"@id\":\"https:\/\/portalmf.com.br\/#\/schema\/person\/9ec101baf56233e53520c26de5d6f6f0\"},\"breadcrumb\":{\"@id\":\"https:\/\/portalmf.com.br\/index.php\/2022\/12\/20\/boulevard-shopping-promove-programacao-cultural-durante-horario-especial-de-final-de-ano\/#breadcrumb\"},\"inLanguage\":\"pt-BR\",\"potentialAction\":[{\"@type\":\"ReadAction\",\"target\":[\"https:\/\/portalmf.com.br\/index.php\/2022\/12\/20\/boulevard-shopping-promove-programacao-cultural-durante-horario-especial-de-final-de-ano\/\"]}]},{\"@type\":\"ImageObject\",\"inLanguage\":\"pt-BR\",\"@id\":\"https:\/\/portalmf.com.br\/index.php\/2022\/12\/20\/boulevard-shopping-promove-programacao-cultural-durante-horario-especial-de-final-de-ano\/#primaryimage\",\"url\":\"https:\/\/portalmf.com.br\/wp-content\/uploads\/2022\/12\/ParadaDeNatal-scaled.jpg\",\"contentUrl\":\"https:\/\/portalmf.com.br\/wp-content\/uploads\/2022\/12\/ParadaDeNatal-scaled.jpg\",\"width\":2560,\"height\":1920},{\"@type\":\"BreadcrumbList\",\"@id\":\"https:\/\/portalmf.com.br\/index.php\/2022\/12\/20\/boulevard-shopping-promove-programacao-cultural-durante-horario-especial-de-final-de-ano\/#breadcrumb\",\"itemListElement\":[{\"@type\":\"ListItem\",\"position\":1,\"name\":\"In\u00edcio\",\"item\":\"https:\/\/portalmf.com.br\/\"},{\"@type\":\"ListItem\",\"position\":2,\"name\":\"Boulevard Shopping promove programa\u00e7\u00e3o cultural durante hor\u00e1rio especial de final de ano\u00a0\u00a0\"}]},{\"@type\":\"WebSite\",\"@id\":\"https:\/\/portalmf.com.br\/#website\",\"url\":\"https:\/\/portalmf.com.br\/\",\"name\":\"Portal MF\",\"description\":\"Voc\u00ea conectado com a informa\u00e7\u00e3o\",\"potentialAction\":[{\"@type\":\"SearchAction\",\"target\":{\"@type\":\"EntryPoint\",\"urlTemplate\":\"https:\/\/portalmf.com.br\/?s={search_term_string}\"},\"query-input\":\"required name=search_term_string\"}],\"inLanguage\":\"pt-BR\"},{\"@type\":\"Person\",\"@id\":\"https:\/\/portalmf.com.br\/#\/schema\/person\/9ec101baf56233e53520c26de5d6f6f0\",\"name\":\"Reda\u00e7\u00e3o Portal MF\",\"image\":{\"@type\":\"ImageObject\",\"inLanguage\":\"pt-BR\",\"@id\":\"https:\/\/portalmf.com.br\/#\/schema\/person\/image\/\",\"url\":\"https:\/\/secure.gravatar.com\/avatar\/41b9aaeb2100835f7c64362330f74c7f?s=96&d=mm&r=g\",\"contentUrl\":\"https:\/\/secure.gravatar.com\/avatar\/41b9aaeb2100835f7c64362330f74c7f?s=96&d=mm&r=g\",\"caption\":\"Reda\u00e7\u00e3o Portal MF\"},\"description\":\"Sejam bem-vindos o portal de informa\u00e7\u00f5es de entretenimento de Feira de Santana, desde 2006 realiza coberturas dos principais eventos com entrevistas exclusivas com as principais personalidades mundiais. Fique conectado tamb\u00e9m nas redes sociais.\",\"sameAs\":[\"http:\/\/www.portalmf.com.br\/\",\"https:\/\/www.facebook.com\/portalmfoficial\",\"https:\/\/www.instagram.com\/portalmf\/\",\"https:\/\/x.com\/https:\/\/x.com\/portalmfoficial\",\"https:\/\/www.youtube.com\/@portalmfoficial\"],\"url\":\"https:\/\/portalmf.com.br\/index.php\/author\/junior\/\"}]}<\/script>\n<!-- \/ Yoast SEO plugin. -->","yoast_head_json":{"title":"Boulevard Shopping promove programa\u00e7\u00e3o cultural durante hor\u00e1rio especial de final de ano\u00a0\u00a0 - Portal MF","robots":{"index":"index","follow":"follow","max-snippet":"max-snippet:-1","max-image-preview":"max-image-preview:large","max-video-preview":"max-video-preview:-1"},"canonical":"https:\/\/portalmf.com.br\/index.php\/2022\/12\/20\/boulevard-shopping-promove-programacao-cultural-durante-horario-especial-de-final-de-ano\/","og_locale":"pt_BR","og_type":"article","og_title":"Boulevard Shopping promove programa\u00e7\u00e3o cultural durante hor\u00e1rio especial de final de ano\u00a0\u00a0 - Portal MF","og_description":"Enquanto procuram os presentes dos seus amigos e familiares, os clientes do Boulevard contar\u00e3o com uma programa\u00e7\u00e3o repleta de atra\u00e7\u00f5es, al\u00e9m de \u00f3timas oportunidades de compras neste final de ano.&nbsp; O Shopping preparou uma s\u00e9rie de atra\u00e7\u00f5es para os clientes durante o hor\u00e1rio especial de funcionamento na semana do Natal, come\u00e7ando no dia 19, seguindo [&hellip;]","og_url":"https:\/\/portalmf.com.br\/index.php\/2022\/12\/20\/boulevard-shopping-promove-programacao-cultural-durante-horario-especial-de-final-de-ano\/","og_site_name":"Portal MF","article_author":"https:\/\/www.facebook.com\/portalmfoficial","article_published_time":"2022-12-20T13:47:00+00:00","article_modified_time":"2022-12-20T19:48:23+00:00","og_image":[{"width":2560,"height":1920,"url":"https:\/\/portalmf.com.br\/wp-content\/uploads\/2022\/12\/ParadaDeNatal-scaled.jpg","type":"image\/jpeg"}],"author":"Reda\u00e7\u00e3o Portal MF","twitter_card":"summary_large_image","twitter_creator":"@https:\/\/x.com\/portalmfoficial","twitter_misc":{"Escrito por":"Reda\u00e7\u00e3o Portal MF","Est. tempo de leitura":"2 minutos"},"schema":{"@context":"https:\/\/schema.org","@graph":[{"@type":"WebPage","@id":"https:\/\/portalmf.com.br\/index.php\/2022\/12\/20\/boulevard-shopping-promove-programacao-cultural-durante-horario-especial-de-final-de-ano\/","url":"https:\/\/portalmf.com.br\/index.php\/2022\/12\/20\/boulevard-shopping-promove-programacao-cultural-durante-horario-especial-de-final-de-ano\/","name":"Boulevard Shopping promove programa\u00e7\u00e3o cultural durante hor\u00e1rio especial de final de ano\u00a0\u00a0 - Portal MF","isPartOf":{"@id":"https:\/\/portalmf.com.br\/#website"},"primaryImageOfPage":{"@id":"https:\/\/portalmf.com.br\/index.php\/2022\/12\/20\/boulevard-shopping-promove-programacao-cultural-durante-horario-especial-de-final-de-ano\/#primaryimage"},"image":{"@id":"https:\/\/portalmf.com.br\/index.php\/2022\/12\/20\/boulevard-shopping-promove-programacao-cultural-durante-horario-especial-de-final-de-ano\/#primaryimage"},"thumbnailUrl":"https:\/\/portalmf.com.br\/wp-content\/uploads\/2022\/12\/ParadaDeNatal-scaled.jpg","datePublished":"2022-12-20T13:47:00+00:00","dateModified":"2022-12-20T19:48:23+00:00","author":{"@id":"https:\/\/portalmf.com.br\/#\/schema\/person\/9ec101baf56233e53520c26de5d6f6f0"},"breadcrumb":{"@id":"https:\/\/portalmf.com.br\/index.php\/2022\/12\/20\/boulevard-shopping-promove-programacao-cultural-durante-horario-especial-de-final-de-ano\/#breadcrumb"},"inLanguage":"pt-BR","potentialAction":[{"@type":"ReadAction","target":["https:\/\/portalmf.com.br\/index.php\/2022\/12\/20\/boulevard-shopping-promove-programacao-cultural-durante-horario-especial-de-final-de-ano\/"]}]},{"@type":"ImageObject","inLanguage":"pt-BR","@id":"https:\/\/portalmf.com.br\/index.php\/2022\/12\/20\/boulevard-shopping-promove-programacao-cultural-durante-horario-especial-de-final-de-ano\/#primaryimage","url":"https:\/\/portalmf.com.br\/wp-content\/uploads\/2022\/12\/ParadaDeNatal-scaled.jpg","contentUrl":"https:\/\/portalmf.com.br\/wp-content\/uploads\/2022\/12\/ParadaDeNatal-scaled.jpg","width":2560,"height":1920},{"@type":"BreadcrumbList","@id":"https:\/\/portalmf.com.br\/index.php\/2022\/12\/20\/boulevard-shopping-promove-programacao-cultural-durante-horario-especial-de-final-de-ano\/#breadcrumb","itemListElement":[{"@type":"ListItem","position":1,"name":"In\u00edcio","item":"https:\/\/portalmf.com.br\/"},{"@type":"ListItem","position":2,"name":"Boulevard Shopping promove programa\u00e7\u00e3o cultural durante hor\u00e1rio especial de final de ano\u00a0\u00a0"}]},{"@type":"WebSite","@id":"https:\/\/portalmf.com.br\/#website","url":"https:\/\/portalmf.com.br\/","name":"Portal MF","description":"Voc\u00ea conectado com a informa\u00e7\u00e3o","potentialAction":[{"@type":"SearchAction","target":{"@type":"EntryPoint","urlTemplate":"https:\/\/portalmf.com.br\/?s={search_term_string}"},"query-input":"required name=search_term_string"}],"inLanguage":"pt-BR"},{"@type":"Person","@id":"https:\/\/portalmf.com.br\/#\/schema\/person\/9ec101baf56233e53520c26de5d6f6f0","name":"Reda\u00e7\u00e3o Portal MF","image":{"@type":"ImageObject","inLanguage":"pt-BR","@id":"https:\/\/portalmf.com.br\/#\/schema\/person\/image\/","url":"https:\/\/secure.gravatar.com\/avatar\/41b9aaeb2100835f7c64362330f74c7f?s=96&d=mm&r=g","contentUrl":"https:\/\/secure.gravatar.com\/avatar\/41b9aaeb2100835f7c64362330f74c7f?s=96&d=mm&r=g","caption":"Reda\u00e7\u00e3o Portal MF"},"description":"Sejam bem-vindos o portal de informa\u00e7\u00f5es de entretenimento de Feira de Santana, desde 2006 realiza coberturas dos principais eventos com entrevistas exclusivas com as principais personalidades mundiais. Fique conectado tamb\u00e9m nas redes sociais.","sameAs":["http:\/\/www.portalmf.com.br\/","https:\/\/www.facebook.com\/portalmfoficial","https:\/\/www.instagram.com\/portalmf\/","https:\/\/x.com\/https:\/\/x.com\/portalmfoficial","https:\/\/www.youtube.com\/@portalmfoficial"],"url":"https:\/\/portalmf.com.br\/index.php\/author\/junior\/"}]}},"_links":{"self":[{"href":"https:\/\/portalmf.com.br\/index.php\/wp-json\/wp\/v2\/posts\/6996"}],"collection":[{"href":"https:\/\/portalmf.com.br\/index.php\/wp-json\/wp\/v2\/posts"}],"about":[{"href":"https:\/\/portalmf.com.br\/index.php\/wp-json\/wp\/v2\/types\/post"}],"author":[{"embeddable":true,"href":"https:\/\/portalmf.com.br\/index.php\/wp-json\/wp\/v2\/users\/3"}],"replies":[{"embeddable":true,"href":"https:\/\/portalmf.com.br\/index.php\/wp-json\/wp\/v2\/comments?post=6996"}],"version-history":[{"count":1,"href":"https:\/\/portalmf.com.br\/index.php\/wp-json\/wp\/v2\/posts\/6996\/revisions"}],"predecessor-version":[{"id":6998,"href":"https:\/\/portalmf.com.br\/index.php\/wp-json\/wp\/v2\/posts\/6996\/revisions\/6998"}],"wp:featuredmedia":[{"embeddable":true,"href":"https:\/\/portalmf.com.br\/index.php\/wp-json\/wp\/v2\/media\/6997"}],"wp:attachment":[{"href":"https:\/\/portalmf.com.br\/index.php\/wp-json\/wp\/v2\/media?parent=6996"}],"wp:term":[{"taxonomy":"category","embeddable":true,"href":"https:\/\/portalmf.com.br\/index.php\/wp-json\/wp\/v2\/categories?post=6996"},{"taxonomy":"post_tag","embeddable":true,"href":"https:\/\/portalmf.com.br\/index.php\/wp-json\/wp\/v2\/tags?post=6996"}],"curies":[{"name":"wp","href":"https:\/\/api.w.org\/{rel}","templated":true}]}}