{"id":6992,"date":"2022-12-20T16:46:44","date_gmt":"2022-12-20T19:46:44","guid":{"rendered":"https:\/\/portalmf.com.br\/?p=6992"},"modified":"2022-12-20T16:46:45","modified_gmt":"2022-12-20T19:46:45","slug":"ile-aiye-seleciona-as-14-finalistas-que-concorrerao-ao-titulo-de-deusa-do-ebano-2023","status":"publish","type":"post","link":"https:\/\/portalmf.com.br\/index.php\/2022\/12\/20\/ile-aiye-seleciona-as-14-finalistas-que-concorrerao-ao-titulo-de-deusa-do-ebano-2023\/","title":{"rendered":"Il\u00ea Aiy\u00ea seleciona as 14 finalistas que concorrer\u00e3o ao t\u00edtulo de Deusa do \u00c9bano 2023"},"content":{"rendered":"\n<p>Foi dada a largada. J\u00e1 \u00e9 poss\u00edvel conhecer as 14 candidatas ao t\u00edtulo de Deusa do \u00c9bano 2023. Ap\u00f3s dois anos sem realizar o concurso por conta da pandemia, agora o Il\u00ea Aiy\u00ea volta a realizar esta que \u00e9 uma das suas principais a\u00e7\u00f5es afirmativas, a&nbsp;<em>Noite da Beleza Negra<\/em>, que acontecer\u00e1 no dia 28 de janeiro na Senzala do Barro Preto. At\u00e9 l\u00e1, Deisiv\u00e2nia, Daiane, Ingrid, Tuane, T\u00e2mara, Jamile, Dalila, Lorena, La\u00eds, Carol, Larissa, Tailane, Mairine e M\u00e9rcia, finalistas selecionadas ontem (19) pelo bloco, preparam-se para subir no palco, dan\u00e7ar e emocionar o p\u00fablico em busca do posto de Rainha do Il\u00ea Aiy\u00ea. A vencedora far\u00e1 sua estreia oficial no Carnaval de Salvador 2023.<\/p>\n\n\n\n<p><em>\u201cNa sociedade em que vivemos, a mulher negra precisa ser representada, ter o bloco Il\u00ea Aiy\u00ea como refer\u00eancia \u00e9 muito importante para todas n\u00f3s. Estar aqui sendo candidata da Beleza Negra, estar no palco representando todas as mulheres que est\u00e3o comigo, minha m\u00e3e, minha av\u00f3, minha madrinha, que s\u00e3o mulheres pretas, e poder estar no palco dan\u00e7ando e representando todas n\u00f3s, tudo isso \u00e9 surreal\u201d,<\/em> comemora a finalista Dalila Santos, 20 anos.\u00a0<strong>Conhe\u00e7a o perfil das 14 finalistas abaixo.<\/strong><\/p>\n\n\n\n<p>S\u00e3o 14 mulheres com diferentes hist\u00f3rias de vida e que contaram, nesta edi\u00e7\u00e3o, com a novidade da amplia\u00e7\u00e3o da idade das candidatas do concurso, que agora podem ter entre 18 e 35 anos. Uma das novidades desta edi\u00e7\u00e3o \u00e9 que uma das finalistas \u00e9 uma mulher trans, marcando um ineditismo nos 41 anos de realiza\u00e7\u00e3o do concurso.&nbsp;Agora todas elas se cruzam na reta final da conquista de um t\u00edtulo que n\u00e3o apenas as reconhece como mulheres belas, mas que as elege como uma voz poderosa na luta por igualdade racial. A&nbsp;<em>Noite da Beleza Negra<\/em>&nbsp;\u00e9 o mais importante concurso de beleza de mulheres negras do Brasil.<\/p>\n\n\n\n<p>\u201cA&nbsp;<em>Noite da Beleza&nbsp;<\/em><em>Negra<\/em>&nbsp;\u00e9 uma das principais a\u00e7\u00f5es afirmativas do bloco Il\u00ea Aiy\u00ea. Desde j\u00e1 parabenizo cada uma das candidatas pelo esfor\u00e7o e dedica\u00e7\u00e3o. O concurso de Rainha do Il\u00ea Aiy\u00ea contribui para fortalecer a autoestima da mulher negra da Bahia, do Brasil e do mundo\u201d, comenta o presidente da entidade, Ant\u00f4nio Carlos Vov\u00f4.<\/p>\n\n\n\n<p><strong>CONHE\u00c7A AS FINALISTAS<\/strong><\/p>\n\n\n\n<p><strong>Deisiv\u00e2nia dos Santos Silva<\/strong><\/p>\n\n\n\n<p><strong>I<\/strong>dade: 23<\/p>\n\n\n\n<p>Bairro: Lobato &nbsp;\u2013 Salvador (BA)<\/p>\n\n\n\n<p>Ocupa\u00e7\u00e3o: Bailarina e vendedora<\/p>\n\n\n\n<p>Trajet\u00f3ria no concurso: Concorre pela primeira vez<\/p>\n\n\n\n<p>Instagram: @deise_guimaraes<\/p>\n\n\n\n<p><strong>Daiane de Souza Concei\u00e7\u00e3o<\/strong><\/p>\n\n\n\n<p>Idade: 30<\/p>\n\n\n\n<p>Bairro: Itapu\u00e3 \u2013 Salvador (BA)<\/p>\n\n\n\n<p>Ocupa\u00e7\u00e3o: Esteticista &nbsp;<\/p>\n\n\n\n<p>Trajet\u00f3ria no concurso: Concorre pela quinta vez<\/p>\n\n\n\n<p>Instagram: @pretaday<\/p>\n\n\n\n<p><strong>Ingrid Silva do Nascimento<\/strong><\/p>\n\n\n\n<p>Idade: 29<\/p>\n\n\n\n<p>Bairro: Cosme de Farias \u2013 Salvador (BA)<\/p>\n\n\n\n<p>Ocupa\u00e7\u00e3o: Dan\u00e7arina e promotora<\/p>\n\n\n\n<p>Trajet\u00f3ria no concurso: Concorre pela primeira vez<\/p>\n\n\n\n<p>Instagram: @perolaingrid2<\/p>\n\n\n\n<p><strong>Tuane Vit\u00f3ria Pereira<\/strong><\/p>\n\n\n\n<p>Idade: 25<\/p>\n\n\n\n<p>Bairro: Fazenda Grande do Retiro &#8211; Salvador (BA<\/p>\n\n\n\n<p>Ocupa\u00e7\u00e3o: Instrutora de dan\u00e7a e manicure<\/p>\n\n\n\n<p>Trajet\u00f3ria no concurso: Concorre pela segunda vez<\/p>\n\n\n\n<p>Instagram: @aniivitoriia<\/p>\n\n\n\n<p><strong>T\u00e2mara Paula dos Santos Fran\u00e7a<\/strong><\/p>\n\n\n\n<p>Idade: 20<\/p>\n\n\n\n<p>Bairro: Itabuna (BA)<\/p>\n\n\n\n<p>Ocupa\u00e7\u00e3o: Professora de dan\u00e7a, trancista e nail designer<\/p>\n\n\n\n<p>Trajet\u00f3ria no concurso: Concorre pela primeira vez<\/p>\n\n\n\n<p>Instagram: @tamyz_fr<\/p>\n\n\n\n<p><strong>Jamile F\u00e1tima de Oliveira Santos<\/strong><\/p>\n\n\n\n<p>Idade: 35<\/p>\n\n\n\n<p>Bairro:&nbsp;Boca do Rio \u2013 Salvador (BA)<\/p>\n\n\n\n<p>Ocupa\u00e7\u00e3o: Produtora de eventos e recepcionista de hospital&nbsp;<\/p>\n\n\n\n<p>Trajet\u00f3ria no concurso: Concorre pela segunda vez<\/p>\n\n\n\n<p>Instagram: @jamilefos<\/p>\n\n\n\n<p><strong>Dalila Santos de Oliveira<\/strong><\/p>\n\n\n\n<p>Idade: 20<\/p>\n\n\n\n<p>Bairro: Pernambu\u00e9s &#8211; Salvador BA&nbsp;<\/p>\n\n\n\n<p>Ocupa\u00e7\u00e3o: Dan\u00e7arina e core\u00f3grafa &nbsp;<\/p>\n\n\n\n<p>Trajet\u00f3ria no concurso: Concorre pela primeira vez<\/p>\n\n\n\n<p>Instagram: @daliila_01<\/p>\n\n\n\n<p><strong>Lorena Santos da Silva<\/strong><\/p>\n\n\n\n<p>Idade: 20<\/p>\n\n\n\n<p>Bairro: Ilh\u00e9us\/ Salvador- BA, Rio de Janeiro &#8211; RJ<\/p>\n\n\n\n<p>Ocupa\u00e7\u00e3o: Dan\u00e7arina e professora de dan\u00e7a afro&nbsp;<\/p>\n\n\n\n<p>Trajet\u00f3ria no concurso: Concorre pela primeira vez<\/p>\n\n\n\n<p>Instagram: @loreanacleto<\/p>\n\n\n\n<p><strong>La\u00eds de Ara\u00fajo Ferreira<\/strong><\/p>\n\n\n\n<p>Idade: 26<\/p>\n\n\n\n<p>Bairro: Canabrava \u2013 Salvador BA&nbsp;<\/p>\n\n\n\n<p>Ocupa\u00e7\u00e3o: Esteticista<\/p>\n\n\n\n<p>Trajet\u00f3ria no concurso: Concorre pela primeira vez<\/p>\n\n\n\n<p>Instagram: @laisfennell<\/p>\n\n\n\n<p><strong>Carol Xavier<\/strong><\/p>\n\n\n\n<p>Idade: 24<\/p>\n\n\n\n<p>Bairro: Mussurunga &#8211; Salvador&nbsp;BA<\/p>\n\n\n\n<p>Ocupa\u00e7\u00e3o: Estudante de jornalismo &nbsp;<\/p>\n\n\n\n<p>Trajet\u00f3ria no concurso: Concorre pela segunda vez<\/p>\n\n\n\n<p>Instagram: @rainhacarolxavier<\/p>\n\n\n\n<p><strong>Larissa Val\u00e9ria<\/strong><\/p>\n\n\n\n<p>Idade: 28<\/p>\n\n\n\n<p>Bairro: Liberdade\/ Curuzu \u2013 Salvador BA&nbsp;<\/p>\n\n\n\n<p>Ocupa\u00e7\u00e3o: Instrutora da \u00e1rea da beleza e empreendedora<\/p>\n\n\n\n<p>Trajet\u00f3ria no concurso: Concorre pela segunda vez<\/p>\n\n\n\n<p>Instagram: @preta.ousada<\/p>\n\n\n\n<p><strong>Tailane Brito<\/strong><\/p>\n\n\n\n<p>Idade: 21<\/p>\n\n\n\n<p>Bairro: Pero Vaz \u2013 Salvador BA<\/p>\n\n\n\n<p>Ocupa\u00e7\u00e3o: Estudante<\/p>\n\n\n\n<p>Trajet\u00f3ria no concurso: Concorre pela segunda vez<\/p>\n\n\n\n<p>Instagram: @_tailanebrito<\/p>\n\n\n\n<p><strong>Mairine Pereira Nonato<\/strong><\/p>\n\n\n\n<p>Idade: 27<\/p>\n\n\n\n<p>Bairro: Cajazeiras \u2013 Salvador &#8211; BA<\/p>\n\n\n\n<p>Ocupa\u00e7\u00e3o: Auxiliar de escrit\u00f3rio<\/p>\n\n\n\n<p>Trajet\u00f3ria no concurso: Concorre pela primeira vez<\/p>\n\n\n\n<p>Instagram: @maaynonato<\/p>\n\n\n\n<p><strong>Mercia Cristina Silva<\/strong><\/p>\n\n\n\n<p>Idade: 27<\/p>\n\n\n\n<p>Bairro: Jardim das Margaridas \u2013 Salvador BA<\/p>\n\n\n\n<p>Ocupa\u00e7\u00e3o: Auxiliar Administrativa<\/p>\n\n\n\n<p>Trajet\u00f3ria no concurso: Concorre pela primeira vez<\/p>\n\n\n\n<p>Instagram: @eicris<\/p>\n","protected":false},"excerpt":{"rendered":"<p>Foi dada a largada. J\u00e1 \u00e9 poss\u00edvel conhecer as 14 candidatas ao t\u00edtulo de Deusa do \u00c9bano 2023. Ap\u00f3s dois anos sem realizar o concurso por conta da pandemia, agora o Il\u00ea Aiy\u00ea volta a realizar esta que \u00e9 uma das suas principais a\u00e7\u00f5es afirmativas, a&nbsp;Noite da Beleza Negra, que acontecer\u00e1 no dia 28 de [&hellip;]<\/p>\n","protected":false},"author":3,"featured_media":6994,"comment_status":"open","ping_status":"open","sticky":false,"template":"","format":"standard","meta":{"_monsterinsights_skip_tracking":false,"_monsterinsights_sitenote_active":false,"_monsterinsights_sitenote_note":"","_monsterinsights_sitenote_category":0,"footnotes":""},"categories":[44,48],"tags":[],"yoast_head":"<!-- This site is optimized with the Yoast SEO plugin v22.9 - https:\/\/yoast.com\/wordpress\/plugins\/seo\/ -->\n<title>Il\u00ea Aiy\u00ea seleciona as 14 finalistas que concorrer\u00e3o ao t\u00edtulo de Deusa do \u00c9bano 2023 - Portal MF<\/title>\n<meta name=\"robots\" content=\"index, follow, max-snippet:-1, max-image-preview:large, max-video-preview:-1\" \/>\n<link rel=\"canonical\" href=\"https:\/\/portalmf.com.br\/index.php\/2022\/12\/20\/ile-aiye-seleciona-as-14-finalistas-que-concorrerao-ao-titulo-de-deusa-do-ebano-2023\/\" \/>\n<meta property=\"og:locale\" content=\"pt_BR\" \/>\n<meta property=\"og:type\" content=\"article\" \/>\n<meta property=\"og:title\" content=\"Il\u00ea Aiy\u00ea seleciona as 14 finalistas que concorrer\u00e3o ao t\u00edtulo de Deusa do \u00c9bano 2023 - Portal MF\" \/>\n<meta property=\"og:description\" content=\"Foi dada a largada. J\u00e1 \u00e9 poss\u00edvel conhecer as 14 candidatas ao t\u00edtulo de Deusa do \u00c9bano 2023. Ap\u00f3s dois anos sem realizar o concurso por conta da pandemia, agora o Il\u00ea Aiy\u00ea volta a realizar esta que \u00e9 uma das suas principais a\u00e7\u00f5es afirmativas, a&nbsp;Noite da Beleza Negra, que acontecer\u00e1 no dia 28 de [&hellip;]\" \/>\n<meta property=\"og:url\" content=\"https:\/\/portalmf.com.br\/index.php\/2022\/12\/20\/ile-aiye-seleciona-as-14-finalistas-que-concorrerao-ao-titulo-de-deusa-do-ebano-2023\/\" \/>\n<meta property=\"og:site_name\" content=\"Portal MF\" \/>\n<meta property=\"article:author\" content=\"https:\/\/www.facebook.com\/portalmfoficial\" \/>\n<meta property=\"article:published_time\" content=\"2022-12-20T19:46:44+00:00\" \/>\n<meta property=\"article:modified_time\" content=\"2022-12-20T19:46:45+00:00\" \/>\n<meta property=\"og:image\" content=\"https:\/\/portalmf.com.br\/wp-content\/uploads\/2022\/12\/Candidatas-Ile-Aiye.jpg\" \/>\n\t<meta property=\"og:image:width\" content=\"2000\" \/>\n\t<meta property=\"og:image:height\" content=\"1500\" \/>\n\t<meta property=\"og:image:type\" content=\"image\/jpeg\" \/>\n<meta name=\"author\" content=\"Reda\u00e7\u00e3o Portal MF\" \/>\n<meta name=\"twitter:card\" content=\"summary_large_image\" \/>\n<meta name=\"twitter:creator\" content=\"@https:\/\/x.com\/portalmfoficial\" \/>\n<meta name=\"twitter:label1\" content=\"Escrito por\" \/>\n\t<meta name=\"twitter:data1\" content=\"Reda\u00e7\u00e3o Portal MF\" \/>\n\t<meta name=\"twitter:label2\" content=\"Est. tempo de leitura\" \/>\n\t<meta name=\"twitter:data2\" content=\"4 minutos\" \/>\n<script type=\"application\/ld+json\" class=\"yoast-schema-graph\">{\"@context\":\"https:\/\/schema.org\",\"@graph\":[{\"@type\":\"WebPage\",\"@id\":\"https:\/\/portalmf.com.br\/index.php\/2022\/12\/20\/ile-aiye-seleciona-as-14-finalistas-que-concorrerao-ao-titulo-de-deusa-do-ebano-2023\/\",\"url\":\"https:\/\/portalmf.com.br\/index.php\/2022\/12\/20\/ile-aiye-seleciona-as-14-finalistas-que-concorrerao-ao-titulo-de-deusa-do-ebano-2023\/\",\"name\":\"Il\u00ea Aiy\u00ea seleciona as 14 finalistas que concorrer\u00e3o ao t\u00edtulo de Deusa do \u00c9bano 2023 - Portal MF\",\"isPartOf\":{\"@id\":\"https:\/\/portalmf.com.br\/#website\"},\"primaryImageOfPage\":{\"@id\":\"https:\/\/portalmf.com.br\/index.php\/2022\/12\/20\/ile-aiye-seleciona-as-14-finalistas-que-concorrerao-ao-titulo-de-deusa-do-ebano-2023\/#primaryimage\"},\"image\":{\"@id\":\"https:\/\/portalmf.com.br\/index.php\/2022\/12\/20\/ile-aiye-seleciona-as-14-finalistas-que-concorrerao-ao-titulo-de-deusa-do-ebano-2023\/#primaryimage\"},\"thumbnailUrl\":\"https:\/\/portalmf.com.br\/wp-content\/uploads\/2022\/12\/Candidatas-Ile-Aiye.jpg\",\"datePublished\":\"2022-12-20T19:46:44+00:00\",\"dateModified\":\"2022-12-20T19:46:45+00:00\",\"author\":{\"@id\":\"https:\/\/portalmf.com.br\/#\/schema\/person\/9ec101baf56233e53520c26de5d6f6f0\"},\"breadcrumb\":{\"@id\":\"https:\/\/portalmf.com.br\/index.php\/2022\/12\/20\/ile-aiye-seleciona-as-14-finalistas-que-concorrerao-ao-titulo-de-deusa-do-ebano-2023\/#breadcrumb\"},\"inLanguage\":\"pt-BR\",\"potentialAction\":[{\"@type\":\"ReadAction\",\"target\":[\"https:\/\/portalmf.com.br\/index.php\/2022\/12\/20\/ile-aiye-seleciona-as-14-finalistas-que-concorrerao-ao-titulo-de-deusa-do-ebano-2023\/\"]}]},{\"@type\":\"ImageObject\",\"inLanguage\":\"pt-BR\",\"@id\":\"https:\/\/portalmf.com.br\/index.php\/2022\/12\/20\/ile-aiye-seleciona-as-14-finalistas-que-concorrerao-ao-titulo-de-deusa-do-ebano-2023\/#primaryimage\",\"url\":\"https:\/\/portalmf.com.br\/wp-content\/uploads\/2022\/12\/Candidatas-Ile-Aiye.jpg\",\"contentUrl\":\"https:\/\/portalmf.com.br\/wp-content\/uploads\/2022\/12\/Candidatas-Ile-Aiye.jpg\",\"width\":2000,\"height\":1500,\"caption\":\"Foto: Edilene Alves\"},{\"@type\":\"BreadcrumbList\",\"@id\":\"https:\/\/portalmf.com.br\/index.php\/2022\/12\/20\/ile-aiye-seleciona-as-14-finalistas-que-concorrerao-ao-titulo-de-deusa-do-ebano-2023\/#breadcrumb\",\"itemListElement\":[{\"@type\":\"ListItem\",\"position\":1,\"name\":\"In\u00edcio\",\"item\":\"https:\/\/portalmf.com.br\/\"},{\"@type\":\"ListItem\",\"position\":2,\"name\":\"Il\u00ea Aiy\u00ea seleciona as 14 finalistas que concorrer\u00e3o ao t\u00edtulo de Deusa do \u00c9bano 2023\"}]},{\"@type\":\"WebSite\",\"@id\":\"https:\/\/portalmf.com.br\/#website\",\"url\":\"https:\/\/portalmf.com.br\/\",\"name\":\"Portal MF\",\"description\":\"Voc\u00ea conectado com a informa\u00e7\u00e3o\",\"potentialAction\":[{\"@type\":\"SearchAction\",\"target\":{\"@type\":\"EntryPoint\",\"urlTemplate\":\"https:\/\/portalmf.com.br\/?s={search_term_string}\"},\"query-input\":\"required name=search_term_string\"}],\"inLanguage\":\"pt-BR\"},{\"@type\":\"Person\",\"@id\":\"https:\/\/portalmf.com.br\/#\/schema\/person\/9ec101baf56233e53520c26de5d6f6f0\",\"name\":\"Reda\u00e7\u00e3o Portal MF\",\"image\":{\"@type\":\"ImageObject\",\"inLanguage\":\"pt-BR\",\"@id\":\"https:\/\/portalmf.com.br\/#\/schema\/person\/image\/\",\"url\":\"https:\/\/secure.gravatar.com\/avatar\/41b9aaeb2100835f7c64362330f74c7f?s=96&d=mm&r=g\",\"contentUrl\":\"https:\/\/secure.gravatar.com\/avatar\/41b9aaeb2100835f7c64362330f74c7f?s=96&d=mm&r=g\",\"caption\":\"Reda\u00e7\u00e3o Portal MF\"},\"description\":\"Sejam bem-vindos o portal de informa\u00e7\u00f5es de entretenimento de Feira de Santana, desde 2006 realiza coberturas dos principais eventos com entrevistas exclusivas com as principais personalidades mundiais. Fique conectado tamb\u00e9m nas redes sociais.\",\"sameAs\":[\"http:\/\/www.portalmf.com.br\/\",\"https:\/\/www.facebook.com\/portalmfoficial\",\"https:\/\/www.instagram.com\/portalmf\/\",\"https:\/\/x.com\/https:\/\/x.com\/portalmfoficial\",\"https:\/\/www.youtube.com\/@portalmfoficial\"],\"url\":\"https:\/\/portalmf.com.br\/index.php\/author\/junior\/\"}]}<\/script>\n<!-- \/ Yoast SEO plugin. -->","yoast_head_json":{"title":"Il\u00ea Aiy\u00ea seleciona as 14 finalistas que concorrer\u00e3o ao t\u00edtulo de Deusa do \u00c9bano 2023 - Portal MF","robots":{"index":"index","follow":"follow","max-snippet":"max-snippet:-1","max-image-preview":"max-image-preview:large","max-video-preview":"max-video-preview:-1"},"canonical":"https:\/\/portalmf.com.br\/index.php\/2022\/12\/20\/ile-aiye-seleciona-as-14-finalistas-que-concorrerao-ao-titulo-de-deusa-do-ebano-2023\/","og_locale":"pt_BR","og_type":"article","og_title":"Il\u00ea Aiy\u00ea seleciona as 14 finalistas que concorrer\u00e3o ao t\u00edtulo de Deusa do \u00c9bano 2023 - Portal MF","og_description":"Foi dada a largada. J\u00e1 \u00e9 poss\u00edvel conhecer as 14 candidatas ao t\u00edtulo de Deusa do \u00c9bano 2023. Ap\u00f3s dois anos sem realizar o concurso por conta da pandemia, agora o Il\u00ea Aiy\u00ea volta a realizar esta que \u00e9 uma das suas principais a\u00e7\u00f5es afirmativas, a&nbsp;Noite da Beleza Negra, que acontecer\u00e1 no dia 28 de [&hellip;]","og_url":"https:\/\/portalmf.com.br\/index.php\/2022\/12\/20\/ile-aiye-seleciona-as-14-finalistas-que-concorrerao-ao-titulo-de-deusa-do-ebano-2023\/","og_site_name":"Portal MF","article_author":"https:\/\/www.facebook.com\/portalmfoficial","article_published_time":"2022-12-20T19:46:44+00:00","article_modified_time":"2022-12-20T19:46:45+00:00","og_image":[{"width":2000,"height":1500,"url":"https:\/\/portalmf.com.br\/wp-content\/uploads\/2022\/12\/Candidatas-Ile-Aiye.jpg","type":"image\/jpeg"}],"author":"Reda\u00e7\u00e3o Portal MF","twitter_card":"summary_large_image","twitter_creator":"@https:\/\/x.com\/portalmfoficial","twitter_misc":{"Escrito por":"Reda\u00e7\u00e3o Portal MF","Est. tempo de leitura":"4 minutos"},"schema":{"@context":"https:\/\/schema.org","@graph":[{"@type":"WebPage","@id":"https:\/\/portalmf.com.br\/index.php\/2022\/12\/20\/ile-aiye-seleciona-as-14-finalistas-que-concorrerao-ao-titulo-de-deusa-do-ebano-2023\/","url":"https:\/\/portalmf.com.br\/index.php\/2022\/12\/20\/ile-aiye-seleciona-as-14-finalistas-que-concorrerao-ao-titulo-de-deusa-do-ebano-2023\/","name":"Il\u00ea Aiy\u00ea seleciona as 14 finalistas que concorrer\u00e3o ao t\u00edtulo de Deusa do \u00c9bano 2023 - Portal MF","isPartOf":{"@id":"https:\/\/portalmf.com.br\/#website"},"primaryImageOfPage":{"@id":"https:\/\/portalmf.com.br\/index.php\/2022\/12\/20\/ile-aiye-seleciona-as-14-finalistas-que-concorrerao-ao-titulo-de-deusa-do-ebano-2023\/#primaryimage"},"image":{"@id":"https:\/\/portalmf.com.br\/index.php\/2022\/12\/20\/ile-aiye-seleciona-as-14-finalistas-que-concorrerao-ao-titulo-de-deusa-do-ebano-2023\/#primaryimage"},"thumbnailUrl":"https:\/\/portalmf.com.br\/wp-content\/uploads\/2022\/12\/Candidatas-Ile-Aiye.jpg","datePublished":"2022-12-20T19:46:44+00:00","dateModified":"2022-12-20T19:46:45+00:00","author":{"@id":"https:\/\/portalmf.com.br\/#\/schema\/person\/9ec101baf56233e53520c26de5d6f6f0"},"breadcrumb":{"@id":"https:\/\/portalmf.com.br\/index.php\/2022\/12\/20\/ile-aiye-seleciona-as-14-finalistas-que-concorrerao-ao-titulo-de-deusa-do-ebano-2023\/#breadcrumb"},"inLanguage":"pt-BR","potentialAction":[{"@type":"ReadAction","target":["https:\/\/portalmf.com.br\/index.php\/2022\/12\/20\/ile-aiye-seleciona-as-14-finalistas-que-concorrerao-ao-titulo-de-deusa-do-ebano-2023\/"]}]},{"@type":"ImageObject","inLanguage":"pt-BR","@id":"https:\/\/portalmf.com.br\/index.php\/2022\/12\/20\/ile-aiye-seleciona-as-14-finalistas-que-concorrerao-ao-titulo-de-deusa-do-ebano-2023\/#primaryimage","url":"https:\/\/portalmf.com.br\/wp-content\/uploads\/2022\/12\/Candidatas-Ile-Aiye.jpg","contentUrl":"https:\/\/portalmf.com.br\/wp-content\/uploads\/2022\/12\/Candidatas-Ile-Aiye.jpg","width":2000,"height":1500,"caption":"Foto: Edilene Alves"},{"@type":"BreadcrumbList","@id":"https:\/\/portalmf.com.br\/index.php\/2022\/12\/20\/ile-aiye-seleciona-as-14-finalistas-que-concorrerao-ao-titulo-de-deusa-do-ebano-2023\/#breadcrumb","itemListElement":[{"@type":"ListItem","position":1,"name":"In\u00edcio","item":"https:\/\/portalmf.com.br\/"},{"@type":"ListItem","position":2,"name":"Il\u00ea Aiy\u00ea seleciona as 14 finalistas que concorrer\u00e3o ao t\u00edtulo de Deusa do \u00c9bano 2023"}]},{"@type":"WebSite","@id":"https:\/\/portalmf.com.br\/#website","url":"https:\/\/portalmf.com.br\/","name":"Portal MF","description":"Voc\u00ea conectado com a informa\u00e7\u00e3o","potentialAction":[{"@type":"SearchAction","target":{"@type":"EntryPoint","urlTemplate":"https:\/\/portalmf.com.br\/?s={search_term_string}"},"query-input":"required name=search_term_string"}],"inLanguage":"pt-BR"},{"@type":"Person","@id":"https:\/\/portalmf.com.br\/#\/schema\/person\/9ec101baf56233e53520c26de5d6f6f0","name":"Reda\u00e7\u00e3o Portal MF","image":{"@type":"ImageObject","inLanguage":"pt-BR","@id":"https:\/\/portalmf.com.br\/#\/schema\/person\/image\/","url":"https:\/\/secure.gravatar.com\/avatar\/41b9aaeb2100835f7c64362330f74c7f?s=96&d=mm&r=g","contentUrl":"https:\/\/secure.gravatar.com\/avatar\/41b9aaeb2100835f7c64362330f74c7f?s=96&d=mm&r=g","caption":"Reda\u00e7\u00e3o Portal MF"},"description":"Sejam bem-vindos o portal de informa\u00e7\u00f5es de entretenimento de Feira de Santana, desde 2006 realiza coberturas dos principais eventos com entrevistas exclusivas com as principais personalidades mundiais. Fique conectado tamb\u00e9m nas redes sociais.","sameAs":["http:\/\/www.portalmf.com.br\/","https:\/\/www.facebook.com\/portalmfoficial","https:\/\/www.instagram.com\/portalmf\/","https:\/\/x.com\/https:\/\/x.com\/portalmfoficial","https:\/\/www.youtube.com\/@portalmfoficial"],"url":"https:\/\/portalmf.com.br\/index.php\/author\/junior\/"}]}},"_links":{"self":[{"href":"https:\/\/portalmf.com.br\/index.php\/wp-json\/wp\/v2\/posts\/6992"}],"collection":[{"href":"https:\/\/portalmf.com.br\/index.php\/wp-json\/wp\/v2\/posts"}],"about":[{"href":"https:\/\/portalmf.com.br\/index.php\/wp-json\/wp\/v2\/types\/post"}],"author":[{"embeddable":true,"href":"https:\/\/portalmf.com.br\/index.php\/wp-json\/wp\/v2\/users\/3"}],"replies":[{"embeddable":true,"href":"https:\/\/portalmf.com.br\/index.php\/wp-json\/wp\/v2\/comments?post=6992"}],"version-history":[{"count":1,"href":"https:\/\/portalmf.com.br\/index.php\/wp-json\/wp\/v2\/posts\/6992\/revisions"}],"predecessor-version":[{"id":6995,"href":"https:\/\/portalmf.com.br\/index.php\/wp-json\/wp\/v2\/posts\/6992\/revisions\/6995"}],"wp:featuredmedia":[{"embeddable":true,"href":"https:\/\/portalmf.com.br\/index.php\/wp-json\/wp\/v2\/media\/6994"}],"wp:attachment":[{"href":"https:\/\/portalmf.com.br\/index.php\/wp-json\/wp\/v2\/media?parent=6992"}],"wp:term":[{"taxonomy":"category","embeddable":true,"href":"https:\/\/portalmf.com.br\/index.php\/wp-json\/wp\/v2\/categories?post=6992"},{"taxonomy":"post_tag","embeddable":true,"href":"https:\/\/portalmf.com.br\/index.php\/wp-json\/wp\/v2\/tags?post=6992"}],"curies":[{"name":"wp","href":"https:\/\/api.w.org\/{rel}","templated":true}]}}