{"id":6986,"date":"2022-12-20T16:36:29","date_gmt":"2022-12-20T19:36:29","guid":{"rendered":"https:\/\/portalmf.com.br\/?p=6986"},"modified":"2022-12-20T16:36:30","modified_gmt":"2022-12-20T19:36:30","slug":"prefeitura-de-valenca-promove-reveillon-almare-2023-com-tres-dias-de-festa-na-praia-de-guaibim","status":"publish","type":"post","link":"https:\/\/portalmf.com.br\/index.php\/2022\/12\/20\/prefeitura-de-valenca-promove-reveillon-almare-2023-com-tres-dias-de-festa-na-praia-de-guaibim\/","title":{"rendered":"Prefeitura de Valen\u00e7a promove \u201cR\u00e9veillon Almare 2023\u201d com tr\u00eas dias de festa na Praia de Guaibim"},"content":{"rendered":"\n<p>A popula\u00e7\u00e3o do munic\u00edpio de Valen\u00e7a e de toda a regi\u00e3o vai contar com muita festa e alegria na virada do ano. A prefeitura municipal acaba de anunciar um grande evento, com tr\u00eas dias de shows, mais de 15 atra\u00e7\u00f5es e muitas horas de boa m\u00fasica e divers\u00e3o para celebrar a chegada de 2023. Ser\u00e3o dois palcos, montados na Praia de Guaibim, com toda a infraestrutura e seguran\u00e7a que o p\u00fablico merece.<br><br>No dia 30 de dezembro (sexta), a anima\u00e7\u00e3o j\u00e1 come\u00e7a a partir das 10 horas da manh\u00e3, no Palco Pedra da Sereia, e quem comanda a festa \u00e9 Daniel Bonfim, que vai promover uma super aula de swing baiano. Depois, \u00e0s 14h, tem a apresenta\u00e7\u00e3o da banda Samba de Praia e em seguida, \u00e0s 16 horas, o cantor Deny Plys sobe ao palco. No in\u00edcio da noite, a partir das 18 horas, a Arena Almare abre os trabalhos com as apresenta\u00e7\u00f5es dos cantores Van Love (18 horas); Kart Love, \u00e0s 20h; e Escandurras \u00e0s 22 horas; al\u00e9m da banda Kebra Bahia (00h). Para agitar ainda mais, o DJ Renan promete n\u00e3o deixar ningu\u00e9m parado durante os intervalos das bandas.<br><br>No s\u00e1bado, dia 31 de dezembro, quem comanda o Palco Pedra da Sereia s\u00e3o: Tassio Ferreira, com mais um aul\u00e3o de swing baiano, \u00e0s 08 horas; depois tem uma apresenta\u00e7\u00e3o de dan\u00e7a afro, com C\u00e9lia Praesent, \u00e0s 10h; em seguida, \u00e0s 14h, tem show da banda Samba da Praia e, para finalizar, no Palco Pedra da Sereia, \u00e0s 16 horas, tem a dupla Anderson Mendiola e Ramonzito. A partir das 18 horas a Arena Almare come\u00e7a as atividades. \u00c0s 20 horas, quem se apresenta \u00e9 a banda Aipood. Em seguida tem Dan Valente, \u00e0s 21h; e Psirico (23h), que ser\u00e1 o respons\u00e1vel pela grande virada. A primeira atra\u00e7\u00e3o de 2023 na cidade \u00e9 F\u00e1bio M\u00e1rcio (01h); e tem mais DJ Renan durante os intervalos.<br><br>Quem pensa que acabou, se engana. A festa segue no dia 01 de janeiro, logo cedo. A partir das 10 horas, tem FitDance com Jeferson; Samba de Praia, \u00e0s 14 horas; e o cantor Lord John (14h), encerrando a programa\u00e7\u00e3o do R\u00e9veillon Almare 2023, no Palco Pedra da Sereia.<br><br>A\u00a0Prefeitura Municipal e a Secretaria de Turismo de Valen\u00e7a prepararam uma grande festa, com patroc\u00ednio da Itaipava 100% Malte. \u201cEstamos cuidando de todos os detalhes, planejando tudo com muito crit\u00e9rio, para atrair visitantes e turistas; e assim oportunidades de emprego e renda para o nosso munic\u00edpio. S\u00e3o esperadas em torno de 15 mil pessoas para cada dia do R\u00e9veillon, o que implicar\u00e1 em uma ocupa\u00e7\u00e3o hoteleira que alcance os 100%.\u201d, antecipa o prefeito Jairo Baptista.<\/p>\n","protected":false},"excerpt":{"rendered":"<p>A popula\u00e7\u00e3o do munic\u00edpio de Valen\u00e7a e de toda a regi\u00e3o vai contar com muita festa e alegria na virada do ano. A prefeitura municipal acaba de anunciar um grande evento, com tr\u00eas dias de shows, mais de 15 atra\u00e7\u00f5es e muitas horas de boa m\u00fasica e divers\u00e3o para celebrar a chegada de 2023. Ser\u00e3o [&hellip;]<\/p>\n","protected":false},"author":3,"featured_media":6987,"comment_status":"open","ping_status":"open","sticky":false,"template":"","format":"standard","meta":{"_monsterinsights_skip_tracking":false,"_monsterinsights_sitenote_active":false,"_monsterinsights_sitenote_note":"","_monsterinsights_sitenote_category":0,"footnotes":""},"categories":[45],"tags":[],"yoast_head":"<!-- This site is optimized with the Yoast SEO plugin v22.9 - https:\/\/yoast.com\/wordpress\/plugins\/seo\/ -->\n<title>Prefeitura de Valen\u00e7a promove \u201cR\u00e9veillon Almare 2023\u201d com tr\u00eas dias de festa na Praia de Guaibim - Portal MF<\/title>\n<meta name=\"robots\" content=\"index, follow, max-snippet:-1, max-image-preview:large, max-video-preview:-1\" \/>\n<link rel=\"canonical\" href=\"https:\/\/portalmf.com.br\/index.php\/2022\/12\/20\/prefeitura-de-valenca-promove-reveillon-almare-2023-com-tres-dias-de-festa-na-praia-de-guaibim\/\" \/>\n<meta property=\"og:locale\" content=\"pt_BR\" \/>\n<meta property=\"og:type\" content=\"article\" \/>\n<meta property=\"og:title\" content=\"Prefeitura de Valen\u00e7a promove \u201cR\u00e9veillon Almare 2023\u201d com tr\u00eas dias de festa na Praia de Guaibim - Portal MF\" \/>\n<meta property=\"og:description\" content=\"A popula\u00e7\u00e3o do munic\u00edpio de Valen\u00e7a e de toda a regi\u00e3o vai contar com muita festa e alegria na virada do ano. A prefeitura municipal acaba de anunciar um grande evento, com tr\u00eas dias de shows, mais de 15 atra\u00e7\u00f5es e muitas horas de boa m\u00fasica e divers\u00e3o para celebrar a chegada de 2023. Ser\u00e3o [&hellip;]\" \/>\n<meta property=\"og:url\" content=\"https:\/\/portalmf.com.br\/index.php\/2022\/12\/20\/prefeitura-de-valenca-promove-reveillon-almare-2023-com-tres-dias-de-festa-na-praia-de-guaibim\/\" \/>\n<meta property=\"og:site_name\" content=\"Portal MF\" \/>\n<meta property=\"article:author\" content=\"https:\/\/www.facebook.com\/portalmfoficial\" \/>\n<meta property=\"article:published_time\" content=\"2022-12-20T19:36:29+00:00\" \/>\n<meta property=\"article:modified_time\" content=\"2022-12-20T19:36:30+00:00\" \/>\n<meta property=\"og:image\" content=\"https:\/\/portalmf.com.br\/wp-content\/uploads\/2022\/12\/Praia-de-Guaibim-sera-o-palco-para-o-Reveillon-de-Valenca.-Credito-Agencia-Andrade.jpg\" \/>\n\t<meta property=\"og:image:width\" content=\"1280\" \/>\n\t<meta property=\"og:image:height\" content=\"720\" \/>\n\t<meta property=\"og:image:type\" content=\"image\/jpeg\" \/>\n<meta name=\"author\" content=\"Reda\u00e7\u00e3o Portal MF\" \/>\n<meta name=\"twitter:card\" content=\"summary_large_image\" \/>\n<meta name=\"twitter:creator\" content=\"@https:\/\/x.com\/portalmfoficial\" \/>\n<meta name=\"twitter:label1\" content=\"Escrito por\" \/>\n\t<meta name=\"twitter:data1\" content=\"Reda\u00e7\u00e3o Portal MF\" \/>\n\t<meta name=\"twitter:label2\" content=\"Est. tempo de leitura\" \/>\n\t<meta name=\"twitter:data2\" content=\"3 minutos\" \/>\n<script type=\"application\/ld+json\" class=\"yoast-schema-graph\">{\"@context\":\"https:\/\/schema.org\",\"@graph\":[{\"@type\":\"WebPage\",\"@id\":\"https:\/\/portalmf.com.br\/index.php\/2022\/12\/20\/prefeitura-de-valenca-promove-reveillon-almare-2023-com-tres-dias-de-festa-na-praia-de-guaibim\/\",\"url\":\"https:\/\/portalmf.com.br\/index.php\/2022\/12\/20\/prefeitura-de-valenca-promove-reveillon-almare-2023-com-tres-dias-de-festa-na-praia-de-guaibim\/\",\"name\":\"Prefeitura de Valen\u00e7a promove \u201cR\u00e9veillon Almare 2023\u201d com tr\u00eas dias de festa na Praia de Guaibim - Portal MF\",\"isPartOf\":{\"@id\":\"https:\/\/portalmf.com.br\/#website\"},\"primaryImageOfPage\":{\"@id\":\"https:\/\/portalmf.com.br\/index.php\/2022\/12\/20\/prefeitura-de-valenca-promove-reveillon-almare-2023-com-tres-dias-de-festa-na-praia-de-guaibim\/#primaryimage\"},\"image\":{\"@id\":\"https:\/\/portalmf.com.br\/index.php\/2022\/12\/20\/prefeitura-de-valenca-promove-reveillon-almare-2023-com-tres-dias-de-festa-na-praia-de-guaibim\/#primaryimage\"},\"thumbnailUrl\":\"https:\/\/portalmf.com.br\/wp-content\/uploads\/2022\/12\/Praia-de-Guaibim-sera-o-palco-para-o-Reveillon-de-Valenca.-Credito-Agencia-Andrade.jpg\",\"datePublished\":\"2022-12-20T19:36:29+00:00\",\"dateModified\":\"2022-12-20T19:36:30+00:00\",\"author\":{\"@id\":\"https:\/\/portalmf.com.br\/#\/schema\/person\/9ec101baf56233e53520c26de5d6f6f0\"},\"breadcrumb\":{\"@id\":\"https:\/\/portalmf.com.br\/index.php\/2022\/12\/20\/prefeitura-de-valenca-promove-reveillon-almare-2023-com-tres-dias-de-festa-na-praia-de-guaibim\/#breadcrumb\"},\"inLanguage\":\"pt-BR\",\"potentialAction\":[{\"@type\":\"ReadAction\",\"target\":[\"https:\/\/portalmf.com.br\/index.php\/2022\/12\/20\/prefeitura-de-valenca-promove-reveillon-almare-2023-com-tres-dias-de-festa-na-praia-de-guaibim\/\"]}]},{\"@type\":\"ImageObject\",\"inLanguage\":\"pt-BR\",\"@id\":\"https:\/\/portalmf.com.br\/index.php\/2022\/12\/20\/prefeitura-de-valenca-promove-reveillon-almare-2023-com-tres-dias-de-festa-na-praia-de-guaibim\/#primaryimage\",\"url\":\"https:\/\/portalmf.com.br\/wp-content\/uploads\/2022\/12\/Praia-de-Guaibim-sera-o-palco-para-o-Reveillon-de-Valenca.-Credito-Agencia-Andrade.jpg\",\"contentUrl\":\"https:\/\/portalmf.com.br\/wp-content\/uploads\/2022\/12\/Praia-de-Guaibim-sera-o-palco-para-o-Reveillon-de-Valenca.-Credito-Agencia-Andrade.jpg\",\"width\":1280,\"height\":720,\"caption\":\"Foto: Ag\u00eancia Andrade\"},{\"@type\":\"BreadcrumbList\",\"@id\":\"https:\/\/portalmf.com.br\/index.php\/2022\/12\/20\/prefeitura-de-valenca-promove-reveillon-almare-2023-com-tres-dias-de-festa-na-praia-de-guaibim\/#breadcrumb\",\"itemListElement\":[{\"@type\":\"ListItem\",\"position\":1,\"name\":\"In\u00edcio\",\"item\":\"https:\/\/portalmf.com.br\/\"},{\"@type\":\"ListItem\",\"position\":2,\"name\":\"Prefeitura de Valen\u00e7a promove \u201cR\u00e9veillon Almare 2023\u201d com tr\u00eas dias de festa na Praia de Guaibim\"}]},{\"@type\":\"WebSite\",\"@id\":\"https:\/\/portalmf.com.br\/#website\",\"url\":\"https:\/\/portalmf.com.br\/\",\"name\":\"Portal MF\",\"description\":\"Voc\u00ea conectado com a informa\u00e7\u00e3o\",\"potentialAction\":[{\"@type\":\"SearchAction\",\"target\":{\"@type\":\"EntryPoint\",\"urlTemplate\":\"https:\/\/portalmf.com.br\/?s={search_term_string}\"},\"query-input\":\"required name=search_term_string\"}],\"inLanguage\":\"pt-BR\"},{\"@type\":\"Person\",\"@id\":\"https:\/\/portalmf.com.br\/#\/schema\/person\/9ec101baf56233e53520c26de5d6f6f0\",\"name\":\"Reda\u00e7\u00e3o Portal MF\",\"image\":{\"@type\":\"ImageObject\",\"inLanguage\":\"pt-BR\",\"@id\":\"https:\/\/portalmf.com.br\/#\/schema\/person\/image\/\",\"url\":\"https:\/\/secure.gravatar.com\/avatar\/41b9aaeb2100835f7c64362330f74c7f?s=96&d=mm&r=g\",\"contentUrl\":\"https:\/\/secure.gravatar.com\/avatar\/41b9aaeb2100835f7c64362330f74c7f?s=96&d=mm&r=g\",\"caption\":\"Reda\u00e7\u00e3o Portal MF\"},\"description\":\"Sejam bem-vindos o portal de informa\u00e7\u00f5es de entretenimento de Feira de Santana, desde 2006 realiza coberturas dos principais eventos com entrevistas exclusivas com as principais personalidades mundiais. Fique conectado tamb\u00e9m nas redes sociais.\",\"sameAs\":[\"http:\/\/www.portalmf.com.br\/\",\"https:\/\/www.facebook.com\/portalmfoficial\",\"https:\/\/www.instagram.com\/portalmf\/\",\"https:\/\/x.com\/https:\/\/x.com\/portalmfoficial\",\"https:\/\/www.youtube.com\/@portalmfoficial\"],\"url\":\"https:\/\/portalmf.com.br\/index.php\/author\/junior\/\"}]}<\/script>\n<!-- \/ Yoast SEO plugin. -->","yoast_head_json":{"title":"Prefeitura de Valen\u00e7a promove \u201cR\u00e9veillon Almare 2023\u201d com tr\u00eas dias de festa na Praia de Guaibim - Portal MF","robots":{"index":"index","follow":"follow","max-snippet":"max-snippet:-1","max-image-preview":"max-image-preview:large","max-video-preview":"max-video-preview:-1"},"canonical":"https:\/\/portalmf.com.br\/index.php\/2022\/12\/20\/prefeitura-de-valenca-promove-reveillon-almare-2023-com-tres-dias-de-festa-na-praia-de-guaibim\/","og_locale":"pt_BR","og_type":"article","og_title":"Prefeitura de Valen\u00e7a promove \u201cR\u00e9veillon Almare 2023\u201d com tr\u00eas dias de festa na Praia de Guaibim - Portal MF","og_description":"A popula\u00e7\u00e3o do munic\u00edpio de Valen\u00e7a e de toda a regi\u00e3o vai contar com muita festa e alegria na virada do ano. A prefeitura municipal acaba de anunciar um grande evento, com tr\u00eas dias de shows, mais de 15 atra\u00e7\u00f5es e muitas horas de boa m\u00fasica e divers\u00e3o para celebrar a chegada de 2023. Ser\u00e3o [&hellip;]","og_url":"https:\/\/portalmf.com.br\/index.php\/2022\/12\/20\/prefeitura-de-valenca-promove-reveillon-almare-2023-com-tres-dias-de-festa-na-praia-de-guaibim\/","og_site_name":"Portal MF","article_author":"https:\/\/www.facebook.com\/portalmfoficial","article_published_time":"2022-12-20T19:36:29+00:00","article_modified_time":"2022-12-20T19:36:30+00:00","og_image":[{"width":1280,"height":720,"url":"https:\/\/portalmf.com.br\/wp-content\/uploads\/2022\/12\/Praia-de-Guaibim-sera-o-palco-para-o-Reveillon-de-Valenca.-Credito-Agencia-Andrade.jpg","type":"image\/jpeg"}],"author":"Reda\u00e7\u00e3o Portal MF","twitter_card":"summary_large_image","twitter_creator":"@https:\/\/x.com\/portalmfoficial","twitter_misc":{"Escrito por":"Reda\u00e7\u00e3o Portal MF","Est. tempo de leitura":"3 minutos"},"schema":{"@context":"https:\/\/schema.org","@graph":[{"@type":"WebPage","@id":"https:\/\/portalmf.com.br\/index.php\/2022\/12\/20\/prefeitura-de-valenca-promove-reveillon-almare-2023-com-tres-dias-de-festa-na-praia-de-guaibim\/","url":"https:\/\/portalmf.com.br\/index.php\/2022\/12\/20\/prefeitura-de-valenca-promove-reveillon-almare-2023-com-tres-dias-de-festa-na-praia-de-guaibim\/","name":"Prefeitura de Valen\u00e7a promove \u201cR\u00e9veillon Almare 2023\u201d com tr\u00eas dias de festa na Praia de Guaibim - Portal MF","isPartOf":{"@id":"https:\/\/portalmf.com.br\/#website"},"primaryImageOfPage":{"@id":"https:\/\/portalmf.com.br\/index.php\/2022\/12\/20\/prefeitura-de-valenca-promove-reveillon-almare-2023-com-tres-dias-de-festa-na-praia-de-guaibim\/#primaryimage"},"image":{"@id":"https:\/\/portalmf.com.br\/index.php\/2022\/12\/20\/prefeitura-de-valenca-promove-reveillon-almare-2023-com-tres-dias-de-festa-na-praia-de-guaibim\/#primaryimage"},"thumbnailUrl":"https:\/\/portalmf.com.br\/wp-content\/uploads\/2022\/12\/Praia-de-Guaibim-sera-o-palco-para-o-Reveillon-de-Valenca.-Credito-Agencia-Andrade.jpg","datePublished":"2022-12-20T19:36:29+00:00","dateModified":"2022-12-20T19:36:30+00:00","author":{"@id":"https:\/\/portalmf.com.br\/#\/schema\/person\/9ec101baf56233e53520c26de5d6f6f0"},"breadcrumb":{"@id":"https:\/\/portalmf.com.br\/index.php\/2022\/12\/20\/prefeitura-de-valenca-promove-reveillon-almare-2023-com-tres-dias-de-festa-na-praia-de-guaibim\/#breadcrumb"},"inLanguage":"pt-BR","potentialAction":[{"@type":"ReadAction","target":["https:\/\/portalmf.com.br\/index.php\/2022\/12\/20\/prefeitura-de-valenca-promove-reveillon-almare-2023-com-tres-dias-de-festa-na-praia-de-guaibim\/"]}]},{"@type":"ImageObject","inLanguage":"pt-BR","@id":"https:\/\/portalmf.com.br\/index.php\/2022\/12\/20\/prefeitura-de-valenca-promove-reveillon-almare-2023-com-tres-dias-de-festa-na-praia-de-guaibim\/#primaryimage","url":"https:\/\/portalmf.com.br\/wp-content\/uploads\/2022\/12\/Praia-de-Guaibim-sera-o-palco-para-o-Reveillon-de-Valenca.-Credito-Agencia-Andrade.jpg","contentUrl":"https:\/\/portalmf.com.br\/wp-content\/uploads\/2022\/12\/Praia-de-Guaibim-sera-o-palco-para-o-Reveillon-de-Valenca.-Credito-Agencia-Andrade.jpg","width":1280,"height":720,"caption":"Foto: Ag\u00eancia Andrade"},{"@type":"BreadcrumbList","@id":"https:\/\/portalmf.com.br\/index.php\/2022\/12\/20\/prefeitura-de-valenca-promove-reveillon-almare-2023-com-tres-dias-de-festa-na-praia-de-guaibim\/#breadcrumb","itemListElement":[{"@type":"ListItem","position":1,"name":"In\u00edcio","item":"https:\/\/portalmf.com.br\/"},{"@type":"ListItem","position":2,"name":"Prefeitura de Valen\u00e7a promove \u201cR\u00e9veillon Almare 2023\u201d com tr\u00eas dias de festa na Praia de Guaibim"}]},{"@type":"WebSite","@id":"https:\/\/portalmf.com.br\/#website","url":"https:\/\/portalmf.com.br\/","name":"Portal MF","description":"Voc\u00ea conectado com a informa\u00e7\u00e3o","potentialAction":[{"@type":"SearchAction","target":{"@type":"EntryPoint","urlTemplate":"https:\/\/portalmf.com.br\/?s={search_term_string}"},"query-input":"required name=search_term_string"}],"inLanguage":"pt-BR"},{"@type":"Person","@id":"https:\/\/portalmf.com.br\/#\/schema\/person\/9ec101baf56233e53520c26de5d6f6f0","name":"Reda\u00e7\u00e3o Portal MF","image":{"@type":"ImageObject","inLanguage":"pt-BR","@id":"https:\/\/portalmf.com.br\/#\/schema\/person\/image\/","url":"https:\/\/secure.gravatar.com\/avatar\/41b9aaeb2100835f7c64362330f74c7f?s=96&d=mm&r=g","contentUrl":"https:\/\/secure.gravatar.com\/avatar\/41b9aaeb2100835f7c64362330f74c7f?s=96&d=mm&r=g","caption":"Reda\u00e7\u00e3o Portal MF"},"description":"Sejam bem-vindos o portal de informa\u00e7\u00f5es de entretenimento de Feira de Santana, desde 2006 realiza coberturas dos principais eventos com entrevistas exclusivas com as principais personalidades mundiais. Fique conectado tamb\u00e9m nas redes sociais.","sameAs":["http:\/\/www.portalmf.com.br\/","https:\/\/www.facebook.com\/portalmfoficial","https:\/\/www.instagram.com\/portalmf\/","https:\/\/x.com\/https:\/\/x.com\/portalmfoficial","https:\/\/www.youtube.com\/@portalmfoficial"],"url":"https:\/\/portalmf.com.br\/index.php\/author\/junior\/"}]}},"_links":{"self":[{"href":"https:\/\/portalmf.com.br\/index.php\/wp-json\/wp\/v2\/posts\/6986"}],"collection":[{"href":"https:\/\/portalmf.com.br\/index.php\/wp-json\/wp\/v2\/posts"}],"about":[{"href":"https:\/\/portalmf.com.br\/index.php\/wp-json\/wp\/v2\/types\/post"}],"author":[{"embeddable":true,"href":"https:\/\/portalmf.com.br\/index.php\/wp-json\/wp\/v2\/users\/3"}],"replies":[{"embeddable":true,"href":"https:\/\/portalmf.com.br\/index.php\/wp-json\/wp\/v2\/comments?post=6986"}],"version-history":[{"count":1,"href":"https:\/\/portalmf.com.br\/index.php\/wp-json\/wp\/v2\/posts\/6986\/revisions"}],"predecessor-version":[{"id":6988,"href":"https:\/\/portalmf.com.br\/index.php\/wp-json\/wp\/v2\/posts\/6986\/revisions\/6988"}],"wp:featuredmedia":[{"embeddable":true,"href":"https:\/\/portalmf.com.br\/index.php\/wp-json\/wp\/v2\/media\/6987"}],"wp:attachment":[{"href":"https:\/\/portalmf.com.br\/index.php\/wp-json\/wp\/v2\/media?parent=6986"}],"wp:term":[{"taxonomy":"category","embeddable":true,"href":"https:\/\/portalmf.com.br\/index.php\/wp-json\/wp\/v2\/categories?post=6986"},{"taxonomy":"post_tag","embeddable":true,"href":"https:\/\/portalmf.com.br\/index.php\/wp-json\/wp\/v2\/tags?post=6986"}],"curies":[{"name":"wp","href":"https:\/\/api.w.org\/{rel}","templated":true}]}}