{"id":6982,"date":"2022-12-20T16:35:05","date_gmt":"2022-12-20T19:35:05","guid":{"rendered":"https:\/\/portalmf.com.br\/?p=6982"},"modified":"2022-12-20T16:35:06","modified_gmt":"2022-12-20T19:35:06","slug":"ile-aiye-recebe-nelson-rufino-no-seu-48o-festival-de-musica-negra","status":"publish","type":"post","link":"https:\/\/portalmf.com.br\/index.php\/2022\/12\/20\/ile-aiye-recebe-nelson-rufino-no-seu-48o-festival-de-musica-negra\/","title":{"rendered":"Il\u00ea Aiy\u00ea recebe Nelson Rufino no seu 48\u00ba\u00a0Festival\u00a0de\u00a0M\u00fasica\u00a0Negra\u00a0"},"content":{"rendered":"\n<p>Est\u00e1 confirmada a presen\u00e7a de Nelson Rufino e banda na etapa final da 48\u00aa edi\u00e7\u00e3o do\u00a0Festival\u00a0de\u00a0M\u00fasica\u00a0Negra\u00a0do Il\u00ea Aiy\u00ea, que acontece no pr\u00f3ximo dia 29 de dezembro, a partir das 19h, no\u00a0Largo Quincas Berro D\u2019\u00c1gua, Pelourinho.\u00a0Das 60 can\u00e7\u00f5es inscritas nesta edi\u00e7\u00e3o, 16 delas foram selecionadas como finalistas pelo j\u00fari e ser\u00e3o apresentadas durante a noite, que ter\u00e1 a Band\u2019Aiy\u00ea como anfitri\u00e3..<\/p>\n\n\n\n<p>As composi\u00e7\u00f5es que chegaram \u00e0 etapa final &#8211;&nbsp; oito da Categoria Tema e oito da Categoria Poesia &#8211; ser\u00e3o apresentadas ao vivo pelos seus autores ou int\u00e9rpretes.&nbsp;Apenas seis delas sair\u00e3o vencedoras, tr\u00eas de cada categoria, passando ent\u00e3o a integrar o repert\u00f3rio do bloco. O tema do Carnaval do Il\u00ea Aiy\u00ea em 2023 \u00e9 \u201cAgostinho Neto &#8211; Kilamba, Manguxi, 100 anos do her\u00f3i nacional de Angola\u201d.&nbsp;O j\u00fari \u00e9 formado por&nbsp;Mund\u00e3o, design e compositor; DJ Branco, produtor, radialista, m\u00fasico e ativista cultural; Gra\u00e7a&nbsp;Onashil\u00ea,&nbsp;cantora da Band&#8217;Aiy\u00ea; Juarez Mesquita, vocalista da&nbsp;Band&#8217;Aiy\u00ea&nbsp;e Dandha da Hora, cantora e dan\u00e7arina.<\/p>\n\n\n\n<p>Para esquentar os tambores, a Band\u2019Aiy\u00ea levanta o astral com cl\u00e1ssicos do bloco antes de come\u00e7ar a chamar os concorrentes. A cada quatro m\u00fasicas da disputa, a banda anfitri\u00e3 recebe um compositor convidado para mostrar seu canto. Entre as apresenta\u00e7\u00f5es dos candidatos, tamb\u00e9m acontece o show de Nelson Rufino e banda, prometendo ser um dos momentos mais aguardados da noite.&nbsp;Enquanto o j\u00fari contabiliza os votos, a Band&#8217;Aiy\u00ea solta a voz com grandes can\u00e7\u00f5es que contam a linda hist\u00f3ria de luta e resist\u00eancia do Il\u00ea Aiy\u00ea. Em seguida, \u00e9 chegada a hora de anunciar os vencedores e, depois, tem mais show e comemora\u00e7\u00e3o.<\/p>\n\n\n\n<p>O 48\u00ba&nbsp;Festival&nbsp;de&nbsp;M\u00fasica&nbsp;Negra&nbsp;do Il\u00ea Aiy\u00ea ir\u00e1 premiar com os valores de R$ 7 mil, R$ 6.000 e R$ 5 mil os tr\u00eas vencedores, respectivamente, da categoria Tema; e com R$ 6.000, R$ 5 mil e R$ 4.000 os tr\u00eas vencedores, respectivamente, da categoria Poesia. Os vencedores tamb\u00e9m receber\u00e3o o Trof\u00e9u&nbsp;P\u00e1ssaro&nbsp;Preto e duas fantasias do Il\u00ea Aiy\u00ea para desfilar no bloco no Carnaval 2023.<\/p>\n\n\n\n<p>&nbsp;\u201cFicamos felizes de ver participando do&nbsp;festival&nbsp;compositores como&nbsp;Julinho&nbsp;Magaiver, a compositora Rita Maia, que estava afastada dos nossos festivais, Shido, cantor do Cortejo Afro, Dico Rasta, cantor do Mal\u00ea Debal\u00ea e Sergio Baleiro, cantor do Muzenza. Tem a nova safra, como F\u00e1bio Esquivel&nbsp;e Vin\u00edcius Lima, assim como veteranos de muitos anos do concurso, que j\u00e1 sa\u00edram vencedores algumas vezes, como Tica Mahatma, Marco Poca Olho e Jesiel Teixeira\u201d, comenta o&nbsp;diretor musical da entidade e coordenador do&nbsp;festival, Sandro Teles.<\/p>\n\n\n\n<p>O 48\u00ba&nbsp;Festival&nbsp;de&nbsp;M\u00fasica&nbsp;Negra&nbsp;do Il\u00ea Aiy\u00ea tem apoio cultural do ITS, R\u00e1dio Educadora, TVE, Pel\u00f4 da Bahia, Secretaria de Cultura e Governo do Estado da Bahia.<\/p>\n\n\n\n<p><strong>AS 16 FINALISTAS<\/strong><\/p>\n\n\n\n<p><strong>CATEGORIA POESIA<\/strong><\/p>\n\n\n\n<p><strong><u>M\u00fasicas&nbsp;<\/u><\/strong><\/p>\n\n\n\n<p><strong>\u00c9 fant\u00e1stico Il\u00ea<\/strong>, de&nbsp;Jaelson Jack e Alessandro.&nbsp;<\/p>\n\n\n\n<p><strong>Il\u00ea Aiy\u00ea, bacharel da cultura afro,<\/strong>&nbsp;de&nbsp;Edson Prodigio e Sergio Baleiro.&nbsp;<\/p>\n\n\n\n<p><strong>Preta Odara do Il\u00ea Aiy\u00ea<\/strong>, de F\u00e1bio Esquivel e Bruno Le\u00e3o.&nbsp;<\/p>\n\n\n\n<p><strong>Il\u00ea Aiy\u00ea escola pra vida<\/strong>, de&nbsp;Josiel Teixeira Santos e Andr\u00e9 Lima.&nbsp;<\/p>\n\n\n\n<p><strong>\u00c9 Logico<\/strong>, de&nbsp;Marco Boa Morte.&nbsp;<\/p>\n\n\n\n<p><strong>Il\u00ea Aiy\u00ea, de novo, novamente, outra vez,<\/strong>&nbsp;de&nbsp;Shido.&nbsp;<\/p>\n\n\n\n<p><strong>Il\u00ea n\u00e3o deixa,<\/strong>&nbsp;de&nbsp;Rita Mota.&nbsp;<\/p>\n\n\n\n<p><strong>Negros Revolucion\u00e1rios,<\/strong>&nbsp;de&nbsp;Dinho Barbosa, Ianara Castro, Sid Mancini e Cosme Silva.&nbsp;<\/p>\n\n\n\n<p><strong>&nbsp;&nbsp; &nbsp;&nbsp;&nbsp; &nbsp;&nbsp;&nbsp; &nbsp;&nbsp;&nbsp; &nbsp;&nbsp;&nbsp; &nbsp;&nbsp;&nbsp; &nbsp;&nbsp;&nbsp; &nbsp;&nbsp;&nbsp; &nbsp;&nbsp;&nbsp; &nbsp;&nbsp;&nbsp; &nbsp;CATEGORIA TEMA<\/strong><\/p>\n\n\n\n<p><strong><u>M\u00fasicas<\/u><\/strong><\/p>\n\n\n\n<p><strong>Retrato de uma na\u00e7\u00e3o<\/strong>, de&nbsp;Tica Mahatma e Tinga.&nbsp;<\/p>\n\n\n\n<p><strong>100 anos do her\u00f3i<\/strong>, de&nbsp;Marcos Oliveira Bandolim.&nbsp;<\/p>\n\n\n\n<p><strong>Ao mestre com carinho,<\/strong>&nbsp;de&nbsp;Vin\u00edcius Lima e Juka Silva.&nbsp;<\/p>\n\n\n\n<p><strong>Her\u00f3i de Angola Il\u00ea Aiy\u00ea,<\/strong>&nbsp;de&nbsp;F\u00e1bio Esquivel e Bruno Le\u00e3o.&nbsp;<a href=\"https:\/\/drive.google.com\/file\/d\/1uAbTSGGOiNq5NHLSpLeiuljBrGaCBoSn\/view?usp=share_link\" target=\"_blank\" rel=\"noreferrer noopener\">i<\/a><\/p>\n\n\n\n<p><strong>Luar de Luanda,<\/strong>&nbsp;de&nbsp;Julinho Magaiver e Rosselini Leite.<\/p>\n\n\n\n<p><strong>Havemos de voltar II<\/strong>, de&nbsp;Dico e Ed Silva.&nbsp;<\/p>\n\n\n\n<p><strong>Il\u00ea Angola<\/strong>, de&nbsp;Andr\u00e9 Lima e Josiel Teixeira Santos.&nbsp;<\/p>\n\n\n\n<p><strong>O Libertador,<\/strong>&nbsp;de&nbsp;Joia Santos, Genivaldo Evangelista e Katia Show.<\/p>\n","protected":false},"excerpt":{"rendered":"<p>Est\u00e1 confirmada a presen\u00e7a de Nelson Rufino e banda na etapa final da 48\u00aa edi\u00e7\u00e3o do\u00a0Festival\u00a0de\u00a0M\u00fasica\u00a0Negra\u00a0do Il\u00ea Aiy\u00ea, que acontece no pr\u00f3ximo dia 29 de dezembro, a partir das 19h, no\u00a0Largo Quincas Berro D\u2019\u00c1gua, Pelourinho.\u00a0Das 60 can\u00e7\u00f5es inscritas nesta edi\u00e7\u00e3o, 16 delas foram selecionadas como finalistas pelo j\u00fari e ser\u00e3o apresentadas durante a noite, que [&hellip;]<\/p>\n","protected":false},"author":3,"featured_media":6984,"comment_status":"open","ping_status":"open","sticky":false,"template":"","format":"standard","meta":{"_monsterinsights_skip_tracking":false,"_monsterinsights_sitenote_active":false,"_monsterinsights_sitenote_note":"","_monsterinsights_sitenote_category":0,"footnotes":""},"categories":[45],"tags":[],"yoast_head":"<!-- This site is optimized with the Yoast SEO plugin v22.9 - https:\/\/yoast.com\/wordpress\/plugins\/seo\/ -->\n<title>Il\u00ea Aiy\u00ea recebe Nelson Rufino no seu 48\u00ba\u00a0Festival\u00a0de\u00a0M\u00fasica\u00a0Negra\u00a0 - Portal MF<\/title>\n<meta name=\"robots\" content=\"index, follow, max-snippet:-1, max-image-preview:large, max-video-preview:-1\" \/>\n<link rel=\"canonical\" href=\"https:\/\/portalmf.com.br\/index.php\/2022\/12\/20\/ile-aiye-recebe-nelson-rufino-no-seu-48o-festival-de-musica-negra\/\" \/>\n<meta property=\"og:locale\" content=\"pt_BR\" \/>\n<meta property=\"og:type\" content=\"article\" \/>\n<meta property=\"og:title\" content=\"Il\u00ea Aiy\u00ea recebe Nelson Rufino no seu 48\u00ba\u00a0Festival\u00a0de\u00a0M\u00fasica\u00a0Negra\u00a0 - Portal MF\" \/>\n<meta property=\"og:description\" content=\"Est\u00e1 confirmada a presen\u00e7a de Nelson Rufino e banda na etapa final da 48\u00aa edi\u00e7\u00e3o do\u00a0Festival\u00a0de\u00a0M\u00fasica\u00a0Negra\u00a0do Il\u00ea Aiy\u00ea, que acontece no pr\u00f3ximo dia 29 de dezembro, a partir das 19h, no\u00a0Largo Quincas Berro D\u2019\u00c1gua, Pelourinho.\u00a0Das 60 can\u00e7\u00f5es inscritas nesta edi\u00e7\u00e3o, 16 delas foram selecionadas como finalistas pelo j\u00fari e ser\u00e3o apresentadas durante a noite, que [&hellip;]\" \/>\n<meta property=\"og:url\" content=\"https:\/\/portalmf.com.br\/index.php\/2022\/12\/20\/ile-aiye-recebe-nelson-rufino-no-seu-48o-festival-de-musica-negra\/\" \/>\n<meta property=\"og:site_name\" content=\"Portal MF\" \/>\n<meta property=\"article:author\" content=\"https:\/\/www.facebook.com\/portalmfoficial\" \/>\n<meta property=\"article:published_time\" content=\"2022-12-20T19:35:05+00:00\" \/>\n<meta property=\"article:modified_time\" content=\"2022-12-20T19:35:06+00:00\" \/>\n<meta property=\"og:image\" content=\"https:\/\/portalmf.com.br\/wp-content\/uploads\/2022\/12\/WhatsApp-Image-2022-12-16-at-19.44.49.jpeg\" \/>\n\t<meta property=\"og:image:width\" content=\"960\" \/>\n\t<meta property=\"og:image:height\" content=\"640\" \/>\n\t<meta property=\"og:image:type\" content=\"image\/jpeg\" \/>\n<meta name=\"author\" content=\"Reda\u00e7\u00e3o Portal MF\" \/>\n<meta name=\"twitter:card\" content=\"summary_large_image\" \/>\n<meta name=\"twitter:creator\" content=\"@https:\/\/x.com\/portalmfoficial\" \/>\n<meta name=\"twitter:label1\" content=\"Escrito por\" \/>\n\t<meta name=\"twitter:data1\" content=\"Reda\u00e7\u00e3o Portal MF\" \/>\n\t<meta name=\"twitter:label2\" content=\"Est. tempo de leitura\" \/>\n\t<meta name=\"twitter:data2\" content=\"4 minutos\" \/>\n<script type=\"application\/ld+json\" class=\"yoast-schema-graph\">{\"@context\":\"https:\/\/schema.org\",\"@graph\":[{\"@type\":\"WebPage\",\"@id\":\"https:\/\/portalmf.com.br\/index.php\/2022\/12\/20\/ile-aiye-recebe-nelson-rufino-no-seu-48o-festival-de-musica-negra\/\",\"url\":\"https:\/\/portalmf.com.br\/index.php\/2022\/12\/20\/ile-aiye-recebe-nelson-rufino-no-seu-48o-festival-de-musica-negra\/\",\"name\":\"Il\u00ea Aiy\u00ea recebe Nelson Rufino no seu 48\u00ba\u00a0Festival\u00a0de\u00a0M\u00fasica\u00a0Negra\u00a0 - Portal MF\",\"isPartOf\":{\"@id\":\"https:\/\/portalmf.com.br\/#website\"},\"primaryImageOfPage\":{\"@id\":\"https:\/\/portalmf.com.br\/index.php\/2022\/12\/20\/ile-aiye-recebe-nelson-rufino-no-seu-48o-festival-de-musica-negra\/#primaryimage\"},\"image\":{\"@id\":\"https:\/\/portalmf.com.br\/index.php\/2022\/12\/20\/ile-aiye-recebe-nelson-rufino-no-seu-48o-festival-de-musica-negra\/#primaryimage\"},\"thumbnailUrl\":\"https:\/\/portalmf.com.br\/wp-content\/uploads\/2022\/12\/WhatsApp-Image-2022-12-16-at-19.44.49.jpeg\",\"datePublished\":\"2022-12-20T19:35:05+00:00\",\"dateModified\":\"2022-12-20T19:35:06+00:00\",\"author\":{\"@id\":\"https:\/\/portalmf.com.br\/#\/schema\/person\/9ec101baf56233e53520c26de5d6f6f0\"},\"breadcrumb\":{\"@id\":\"https:\/\/portalmf.com.br\/index.php\/2022\/12\/20\/ile-aiye-recebe-nelson-rufino-no-seu-48o-festival-de-musica-negra\/#breadcrumb\"},\"inLanguage\":\"pt-BR\",\"potentialAction\":[{\"@type\":\"ReadAction\",\"target\":[\"https:\/\/portalmf.com.br\/index.php\/2022\/12\/20\/ile-aiye-recebe-nelson-rufino-no-seu-48o-festival-de-musica-negra\/\"]}]},{\"@type\":\"ImageObject\",\"inLanguage\":\"pt-BR\",\"@id\":\"https:\/\/portalmf.com.br\/index.php\/2022\/12\/20\/ile-aiye-recebe-nelson-rufino-no-seu-48o-festival-de-musica-negra\/#primaryimage\",\"url\":\"https:\/\/portalmf.com.br\/wp-content\/uploads\/2022\/12\/WhatsApp-Image-2022-12-16-at-19.44.49.jpeg\",\"contentUrl\":\"https:\/\/portalmf.com.br\/wp-content\/uploads\/2022\/12\/WhatsApp-Image-2022-12-16-at-19.44.49.jpeg\",\"width\":960,\"height\":640},{\"@type\":\"BreadcrumbList\",\"@id\":\"https:\/\/portalmf.com.br\/index.php\/2022\/12\/20\/ile-aiye-recebe-nelson-rufino-no-seu-48o-festival-de-musica-negra\/#breadcrumb\",\"itemListElement\":[{\"@type\":\"ListItem\",\"position\":1,\"name\":\"In\u00edcio\",\"item\":\"https:\/\/portalmf.com.br\/\"},{\"@type\":\"ListItem\",\"position\":2,\"name\":\"Il\u00ea Aiy\u00ea recebe Nelson Rufino no seu 48\u00ba\u00a0Festival\u00a0de\u00a0M\u00fasica\u00a0Negra\u00a0\"}]},{\"@type\":\"WebSite\",\"@id\":\"https:\/\/portalmf.com.br\/#website\",\"url\":\"https:\/\/portalmf.com.br\/\",\"name\":\"Portal MF\",\"description\":\"Voc\u00ea conectado com a informa\u00e7\u00e3o\",\"potentialAction\":[{\"@type\":\"SearchAction\",\"target\":{\"@type\":\"EntryPoint\",\"urlTemplate\":\"https:\/\/portalmf.com.br\/?s={search_term_string}\"},\"query-input\":\"required name=search_term_string\"}],\"inLanguage\":\"pt-BR\"},{\"@type\":\"Person\",\"@id\":\"https:\/\/portalmf.com.br\/#\/schema\/person\/9ec101baf56233e53520c26de5d6f6f0\",\"name\":\"Reda\u00e7\u00e3o Portal MF\",\"image\":{\"@type\":\"ImageObject\",\"inLanguage\":\"pt-BR\",\"@id\":\"https:\/\/portalmf.com.br\/#\/schema\/person\/image\/\",\"url\":\"https:\/\/secure.gravatar.com\/avatar\/41b9aaeb2100835f7c64362330f74c7f?s=96&d=mm&r=g\",\"contentUrl\":\"https:\/\/secure.gravatar.com\/avatar\/41b9aaeb2100835f7c64362330f74c7f?s=96&d=mm&r=g\",\"caption\":\"Reda\u00e7\u00e3o Portal MF\"},\"description\":\"Sejam bem-vindos o portal de informa\u00e7\u00f5es de entretenimento de Feira de Santana, desde 2006 realiza coberturas dos principais eventos com entrevistas exclusivas com as principais personalidades mundiais. Fique conectado tamb\u00e9m nas redes sociais.\",\"sameAs\":[\"http:\/\/www.portalmf.com.br\/\",\"https:\/\/www.facebook.com\/portalmfoficial\",\"https:\/\/www.instagram.com\/portalmf\/\",\"https:\/\/x.com\/https:\/\/x.com\/portalmfoficial\",\"https:\/\/www.youtube.com\/@portalmfoficial\"],\"url\":\"https:\/\/portalmf.com.br\/index.php\/author\/junior\/\"}]}<\/script>\n<!-- \/ Yoast SEO plugin. -->","yoast_head_json":{"title":"Il\u00ea Aiy\u00ea recebe Nelson Rufino no seu 48\u00ba\u00a0Festival\u00a0de\u00a0M\u00fasica\u00a0Negra\u00a0 - Portal MF","robots":{"index":"index","follow":"follow","max-snippet":"max-snippet:-1","max-image-preview":"max-image-preview:large","max-video-preview":"max-video-preview:-1"},"canonical":"https:\/\/portalmf.com.br\/index.php\/2022\/12\/20\/ile-aiye-recebe-nelson-rufino-no-seu-48o-festival-de-musica-negra\/","og_locale":"pt_BR","og_type":"article","og_title":"Il\u00ea Aiy\u00ea recebe Nelson Rufino no seu 48\u00ba\u00a0Festival\u00a0de\u00a0M\u00fasica\u00a0Negra\u00a0 - Portal MF","og_description":"Est\u00e1 confirmada a presen\u00e7a de Nelson Rufino e banda na etapa final da 48\u00aa edi\u00e7\u00e3o do\u00a0Festival\u00a0de\u00a0M\u00fasica\u00a0Negra\u00a0do Il\u00ea Aiy\u00ea, que acontece no pr\u00f3ximo dia 29 de dezembro, a partir das 19h, no\u00a0Largo Quincas Berro D\u2019\u00c1gua, Pelourinho.\u00a0Das 60 can\u00e7\u00f5es inscritas nesta edi\u00e7\u00e3o, 16 delas foram selecionadas como finalistas pelo j\u00fari e ser\u00e3o apresentadas durante a noite, que [&hellip;]","og_url":"https:\/\/portalmf.com.br\/index.php\/2022\/12\/20\/ile-aiye-recebe-nelson-rufino-no-seu-48o-festival-de-musica-negra\/","og_site_name":"Portal MF","article_author":"https:\/\/www.facebook.com\/portalmfoficial","article_published_time":"2022-12-20T19:35:05+00:00","article_modified_time":"2022-12-20T19:35:06+00:00","og_image":[{"width":960,"height":640,"url":"https:\/\/portalmf.com.br\/wp-content\/uploads\/2022\/12\/WhatsApp-Image-2022-12-16-at-19.44.49.jpeg","type":"image\/jpeg"}],"author":"Reda\u00e7\u00e3o Portal MF","twitter_card":"summary_large_image","twitter_creator":"@https:\/\/x.com\/portalmfoficial","twitter_misc":{"Escrito por":"Reda\u00e7\u00e3o Portal MF","Est. tempo de leitura":"4 minutos"},"schema":{"@context":"https:\/\/schema.org","@graph":[{"@type":"WebPage","@id":"https:\/\/portalmf.com.br\/index.php\/2022\/12\/20\/ile-aiye-recebe-nelson-rufino-no-seu-48o-festival-de-musica-negra\/","url":"https:\/\/portalmf.com.br\/index.php\/2022\/12\/20\/ile-aiye-recebe-nelson-rufino-no-seu-48o-festival-de-musica-negra\/","name":"Il\u00ea Aiy\u00ea recebe Nelson Rufino no seu 48\u00ba\u00a0Festival\u00a0de\u00a0M\u00fasica\u00a0Negra\u00a0 - Portal MF","isPartOf":{"@id":"https:\/\/portalmf.com.br\/#website"},"primaryImageOfPage":{"@id":"https:\/\/portalmf.com.br\/index.php\/2022\/12\/20\/ile-aiye-recebe-nelson-rufino-no-seu-48o-festival-de-musica-negra\/#primaryimage"},"image":{"@id":"https:\/\/portalmf.com.br\/index.php\/2022\/12\/20\/ile-aiye-recebe-nelson-rufino-no-seu-48o-festival-de-musica-negra\/#primaryimage"},"thumbnailUrl":"https:\/\/portalmf.com.br\/wp-content\/uploads\/2022\/12\/WhatsApp-Image-2022-12-16-at-19.44.49.jpeg","datePublished":"2022-12-20T19:35:05+00:00","dateModified":"2022-12-20T19:35:06+00:00","author":{"@id":"https:\/\/portalmf.com.br\/#\/schema\/person\/9ec101baf56233e53520c26de5d6f6f0"},"breadcrumb":{"@id":"https:\/\/portalmf.com.br\/index.php\/2022\/12\/20\/ile-aiye-recebe-nelson-rufino-no-seu-48o-festival-de-musica-negra\/#breadcrumb"},"inLanguage":"pt-BR","potentialAction":[{"@type":"ReadAction","target":["https:\/\/portalmf.com.br\/index.php\/2022\/12\/20\/ile-aiye-recebe-nelson-rufino-no-seu-48o-festival-de-musica-negra\/"]}]},{"@type":"ImageObject","inLanguage":"pt-BR","@id":"https:\/\/portalmf.com.br\/index.php\/2022\/12\/20\/ile-aiye-recebe-nelson-rufino-no-seu-48o-festival-de-musica-negra\/#primaryimage","url":"https:\/\/portalmf.com.br\/wp-content\/uploads\/2022\/12\/WhatsApp-Image-2022-12-16-at-19.44.49.jpeg","contentUrl":"https:\/\/portalmf.com.br\/wp-content\/uploads\/2022\/12\/WhatsApp-Image-2022-12-16-at-19.44.49.jpeg","width":960,"height":640},{"@type":"BreadcrumbList","@id":"https:\/\/portalmf.com.br\/index.php\/2022\/12\/20\/ile-aiye-recebe-nelson-rufino-no-seu-48o-festival-de-musica-negra\/#breadcrumb","itemListElement":[{"@type":"ListItem","position":1,"name":"In\u00edcio","item":"https:\/\/portalmf.com.br\/"},{"@type":"ListItem","position":2,"name":"Il\u00ea Aiy\u00ea recebe Nelson Rufino no seu 48\u00ba\u00a0Festival\u00a0de\u00a0M\u00fasica\u00a0Negra\u00a0"}]},{"@type":"WebSite","@id":"https:\/\/portalmf.com.br\/#website","url":"https:\/\/portalmf.com.br\/","name":"Portal MF","description":"Voc\u00ea conectado com a informa\u00e7\u00e3o","potentialAction":[{"@type":"SearchAction","target":{"@type":"EntryPoint","urlTemplate":"https:\/\/portalmf.com.br\/?s={search_term_string}"},"query-input":"required name=search_term_string"}],"inLanguage":"pt-BR"},{"@type":"Person","@id":"https:\/\/portalmf.com.br\/#\/schema\/person\/9ec101baf56233e53520c26de5d6f6f0","name":"Reda\u00e7\u00e3o Portal MF","image":{"@type":"ImageObject","inLanguage":"pt-BR","@id":"https:\/\/portalmf.com.br\/#\/schema\/person\/image\/","url":"https:\/\/secure.gravatar.com\/avatar\/41b9aaeb2100835f7c64362330f74c7f?s=96&d=mm&r=g","contentUrl":"https:\/\/secure.gravatar.com\/avatar\/41b9aaeb2100835f7c64362330f74c7f?s=96&d=mm&r=g","caption":"Reda\u00e7\u00e3o Portal MF"},"description":"Sejam bem-vindos o portal de informa\u00e7\u00f5es de entretenimento de Feira de Santana, desde 2006 realiza coberturas dos principais eventos com entrevistas exclusivas com as principais personalidades mundiais. Fique conectado tamb\u00e9m nas redes sociais.","sameAs":["http:\/\/www.portalmf.com.br\/","https:\/\/www.facebook.com\/portalmfoficial","https:\/\/www.instagram.com\/portalmf\/","https:\/\/x.com\/https:\/\/x.com\/portalmfoficial","https:\/\/www.youtube.com\/@portalmfoficial"],"url":"https:\/\/portalmf.com.br\/index.php\/author\/junior\/"}]}},"_links":{"self":[{"href":"https:\/\/portalmf.com.br\/index.php\/wp-json\/wp\/v2\/posts\/6982"}],"collection":[{"href":"https:\/\/portalmf.com.br\/index.php\/wp-json\/wp\/v2\/posts"}],"about":[{"href":"https:\/\/portalmf.com.br\/index.php\/wp-json\/wp\/v2\/types\/post"}],"author":[{"embeddable":true,"href":"https:\/\/portalmf.com.br\/index.php\/wp-json\/wp\/v2\/users\/3"}],"replies":[{"embeddable":true,"href":"https:\/\/portalmf.com.br\/index.php\/wp-json\/wp\/v2\/comments?post=6982"}],"version-history":[{"count":1,"href":"https:\/\/portalmf.com.br\/index.php\/wp-json\/wp\/v2\/posts\/6982\/revisions"}],"predecessor-version":[{"id":6985,"href":"https:\/\/portalmf.com.br\/index.php\/wp-json\/wp\/v2\/posts\/6982\/revisions\/6985"}],"wp:featuredmedia":[{"embeddable":true,"href":"https:\/\/portalmf.com.br\/index.php\/wp-json\/wp\/v2\/media\/6984"}],"wp:attachment":[{"href":"https:\/\/portalmf.com.br\/index.php\/wp-json\/wp\/v2\/media?parent=6982"}],"wp:term":[{"taxonomy":"category","embeddable":true,"href":"https:\/\/portalmf.com.br\/index.php\/wp-json\/wp\/v2\/categories?post=6982"},{"taxonomy":"post_tag","embeddable":true,"href":"https:\/\/portalmf.com.br\/index.php\/wp-json\/wp\/v2\/tags?post=6982"}],"curies":[{"name":"wp","href":"https:\/\/api.w.org\/{rel}","templated":true}]}}