{"id":6979,"date":"2022-12-20T10:29:00","date_gmt":"2022-12-20T13:29:00","guid":{"rendered":"https:\/\/portalmf.com.br\/?p=6979"},"modified":"2022-12-20T16:32:02","modified_gmt":"2022-12-20T19:32:02","slug":"saude-intima-no-verao-quais-cuidados-ter-para-evitar-doencas-ginecologicas","status":"publish","type":"post","link":"https:\/\/portalmf.com.br\/index.php\/2022\/12\/20\/saude-intima-no-verao-quais-cuidados-ter-para-evitar-doencas-ginecologicas\/","title":{"rendered":"Sa\u00fade \u00edntima no ver\u00e3o: quais cuidados ter para evitar doen\u00e7as ginecol\u00f3gicas"},"content":{"rendered":"\n<p>A regi\u00e3o \u00edntima da mulher requer cuidados em todas as \u00e9pocas do ano, e durante o ver\u00e3o &#8211; que inicia dia 21 de dezembro e vai at\u00e9 20 de mar\u00e7o de 2023 &#8211; a aten\u00e7\u00e3o precisa ser ampliada devido \u00e0s temperaturas altas que destroem as bact\u00e9rias que protegem a flora vaginal e favorecem o aparecimento de microorganismos que podem gerar doen\u00e7as ginecol\u00f3gicas, \u00e9 o que explica o ginecologista e obstetra, Francisco Mota.<\/p>\n\n\n\n<p>\u201cVivemos num lugar quente. \u00c9 normal que as mulheres passem tempo na praia e piscina. Naturalmente, pelo banho vai aumentar a umidade na regi\u00e3o \u00edntima, sendo um ambiente oportunista para prolifera\u00e7\u00e3o de fungos. Essa exposi\u00e7\u00e3o a roupas \u00famidas por longos per\u00edodos pode aumentar o risco das infec\u00e7\u00f5es da vulva e vagina (vulvovaginite), isso porque as temperaturas mais elevadas acabam destruindo os lactobacilos que s\u00e3o as bact\u00e9rias que protegem a flora vaginal\u201d, informa.<\/p>\n\n\n\n<p>O especialista acrescenta que a principal patologia no ver\u00e3o nas mulheres \u00e9 a candid\u00edase, que \u00e9 uma infec\u00e7\u00e3o que provoca coceira intensa, vermelhid\u00e3o e corrimento. O p\u00fablico feminino precisa ficar atento aos h\u00e1bitos de higiene nesta \u00e9poca, acrescenta Francisco Mota, que tamb\u00e9m \u00e9 professor e coordenador adjunto do curso de Medicina da Unex, em Feira de Santana.&nbsp;<\/p>\n\n\n\n<p>A regi\u00e3o vaginal possui a pr\u00f3pria prote\u00e7\u00e3o, que \u00e9 constitu\u00edda de bact\u00e9rias que equilibram o pH, por isso a escolha do sabonete \u00edntimo \u00e9 importante. \u201cO pH \u00e1cido deve ser abaixo de 7, respeitando as propriedades naturais de defesa da regi\u00e3o. A ducha tamb\u00e9m n\u00e3o deve ser usada pois ela destr\u00f3i as bact\u00e9rias protetoras do local. O sabonete \u00edntimo deve ser utilizado para lavar a vulva, na regi\u00e3o externa da vagina. Optar tamb\u00e9m por um sabonete neutro\u201d, orienta.&nbsp;&nbsp;<\/p>\n\n\n\n<p>A mulher tamb\u00e9m precisa prestar aten\u00e7\u00e3o nas roupas,mai\u00f4s e biqu\u00ednis molhados durante o ver\u00e3o para n\u00e3o aumentar os \u00edndices de infec\u00e7\u00e3o. \u201cSe vai passar um dia inteiro na praia ou piscina, \u00e9 ideal levar dois trajes de banho para se trocar e n\u00e3o ficar com a roupa molhada o tempo inteiro. Se n\u00e3o vai mais entrar na \u00e1gua, coloque uma roupa seca. As cal\u00e7as jeans e roupas apertadas abafam a regi\u00e3o \u00edntima e faz com que a vulva n\u00e3o respire adequadamente, favorecendo o crescimento de fungos e bact\u00e9rias, por isso optar por roupas arejadas&#8221;, recomenda o especialista Francisco Mota.&nbsp;&nbsp;&nbsp;<\/p>\n\n\n\n<p>O professor do curso de Medicina da&nbsp; <a href=\"https:\/\/www.unex.edu.br\/\" target=\"_blank\" rel=\"noreferrer noopener\">faculdade em Feira de Santana<\/a> enfatiza que no per\u00edodo mestrual \u00e9 importante que a mulher troque o absorvente quando estiver cheio, pois o ambiente \u00e9 prop\u00edcio para o crescimento de bact\u00e9rias tamb\u00e9m. \u201cAten\u00e7\u00e3o ao uso de protetores di\u00e1rios, que podem deixar a vulva mais \u00famida que o normal. Fa\u00e7a consulta com seu ginecologista regularmente. \u00c9 essencial procurar orienta\u00e7\u00e3o m\u00e9dica para receber as instru\u00e7\u00f5es necess\u00e1rias para o tratamento de problemas ginecol\u00f3gicos\u201d, esclarece.&nbsp;<\/p>\n","protected":false},"excerpt":{"rendered":"<p>A regi\u00e3o \u00edntima da mulher requer cuidados em todas as \u00e9pocas do ano, e durante o ver\u00e3o &#8211; que inicia dia 21 de dezembro e vai at\u00e9 20 de mar\u00e7o de 2023 &#8211; a aten\u00e7\u00e3o precisa ser ampliada devido \u00e0s temperaturas altas que destroem as bact\u00e9rias que protegem a flora vaginal e favorecem o aparecimento [&hellip;]<\/p>\n","protected":false},"author":3,"featured_media":6980,"comment_status":"open","ping_status":"open","sticky":false,"template":"","format":"standard","meta":{"_monsterinsights_skip_tracking":false,"_monsterinsights_sitenote_active":false,"_monsterinsights_sitenote_note":"","_monsterinsights_sitenote_category":0,"footnotes":""},"categories":[41],"tags":[],"yoast_head":"<!-- This site is optimized with the Yoast SEO plugin v22.9 - https:\/\/yoast.com\/wordpress\/plugins\/seo\/ -->\n<title>Sa\u00fade \u00edntima no ver\u00e3o: quais cuidados ter para evitar doen\u00e7as ginecol\u00f3gicas - Portal MF<\/title>\n<meta name=\"robots\" content=\"index, follow, max-snippet:-1, max-image-preview:large, max-video-preview:-1\" \/>\n<link rel=\"canonical\" href=\"https:\/\/portalmf.com.br\/index.php\/2022\/12\/20\/saude-intima-no-verao-quais-cuidados-ter-para-evitar-doencas-ginecologicas\/\" \/>\n<meta property=\"og:locale\" content=\"pt_BR\" \/>\n<meta property=\"og:type\" content=\"article\" \/>\n<meta property=\"og:title\" content=\"Sa\u00fade \u00edntima no ver\u00e3o: quais cuidados ter para evitar doen\u00e7as ginecol\u00f3gicas - Portal MF\" \/>\n<meta property=\"og:description\" content=\"A regi\u00e3o \u00edntima da mulher requer cuidados em todas as \u00e9pocas do ano, e durante o ver\u00e3o &#8211; que inicia dia 21 de dezembro e vai at\u00e9 20 de mar\u00e7o de 2023 &#8211; a aten\u00e7\u00e3o precisa ser ampliada devido \u00e0s temperaturas altas que destroem as bact\u00e9rias que protegem a flora vaginal e favorecem o aparecimento [&hellip;]\" \/>\n<meta property=\"og:url\" content=\"https:\/\/portalmf.com.br\/index.php\/2022\/12\/20\/saude-intima-no-verao-quais-cuidados-ter-para-evitar-doencas-ginecologicas\/\" \/>\n<meta property=\"og:site_name\" content=\"Portal MF\" \/>\n<meta property=\"article:author\" content=\"https:\/\/www.facebook.com\/portalmfoficial\" \/>\n<meta property=\"article:published_time\" content=\"2022-12-20T13:29:00+00:00\" \/>\n<meta property=\"article:modified_time\" content=\"2022-12-20T19:32:02+00:00\" \/>\n<meta property=\"og:image\" content=\"https:\/\/portalmf.com.br\/wp-content\/uploads\/2022\/12\/Saude-intima-no-verao.jpeg\" \/>\n\t<meta property=\"og:image:width\" content=\"1280\" \/>\n\t<meta property=\"og:image:height\" content=\"853\" \/>\n\t<meta property=\"og:image:type\" content=\"image\/jpeg\" \/>\n<meta name=\"author\" content=\"Reda\u00e7\u00e3o Portal MF\" \/>\n<meta name=\"twitter:card\" content=\"summary_large_image\" \/>\n<meta name=\"twitter:creator\" content=\"@https:\/\/x.com\/portalmfoficial\" \/>\n<meta name=\"twitter:label1\" content=\"Escrito por\" \/>\n\t<meta name=\"twitter:data1\" content=\"Reda\u00e7\u00e3o Portal MF\" \/>\n\t<meta name=\"twitter:label2\" content=\"Est. tempo de leitura\" \/>\n\t<meta name=\"twitter:data2\" content=\"3 minutos\" \/>\n<script type=\"application\/ld+json\" class=\"yoast-schema-graph\">{\"@context\":\"https:\/\/schema.org\",\"@graph\":[{\"@type\":\"WebPage\",\"@id\":\"https:\/\/portalmf.com.br\/index.php\/2022\/12\/20\/saude-intima-no-verao-quais-cuidados-ter-para-evitar-doencas-ginecologicas\/\",\"url\":\"https:\/\/portalmf.com.br\/index.php\/2022\/12\/20\/saude-intima-no-verao-quais-cuidados-ter-para-evitar-doencas-ginecologicas\/\",\"name\":\"Sa\u00fade \u00edntima no ver\u00e3o: quais cuidados ter para evitar doen\u00e7as ginecol\u00f3gicas - Portal MF\",\"isPartOf\":{\"@id\":\"https:\/\/portalmf.com.br\/#website\"},\"primaryImageOfPage\":{\"@id\":\"https:\/\/portalmf.com.br\/index.php\/2022\/12\/20\/saude-intima-no-verao-quais-cuidados-ter-para-evitar-doencas-ginecologicas\/#primaryimage\"},\"image\":{\"@id\":\"https:\/\/portalmf.com.br\/index.php\/2022\/12\/20\/saude-intima-no-verao-quais-cuidados-ter-para-evitar-doencas-ginecologicas\/#primaryimage\"},\"thumbnailUrl\":\"https:\/\/portalmf.com.br\/wp-content\/uploads\/2022\/12\/Saude-intima-no-verao.jpeg\",\"datePublished\":\"2022-12-20T13:29:00+00:00\",\"dateModified\":\"2022-12-20T19:32:02+00:00\",\"author\":{\"@id\":\"https:\/\/portalmf.com.br\/#\/schema\/person\/9ec101baf56233e53520c26de5d6f6f0\"},\"breadcrumb\":{\"@id\":\"https:\/\/portalmf.com.br\/index.php\/2022\/12\/20\/saude-intima-no-verao-quais-cuidados-ter-para-evitar-doencas-ginecologicas\/#breadcrumb\"},\"inLanguage\":\"pt-BR\",\"potentialAction\":[{\"@type\":\"ReadAction\",\"target\":[\"https:\/\/portalmf.com.br\/index.php\/2022\/12\/20\/saude-intima-no-verao-quais-cuidados-ter-para-evitar-doencas-ginecologicas\/\"]}]},{\"@type\":\"ImageObject\",\"inLanguage\":\"pt-BR\",\"@id\":\"https:\/\/portalmf.com.br\/index.php\/2022\/12\/20\/saude-intima-no-verao-quais-cuidados-ter-para-evitar-doencas-ginecologicas\/#primaryimage\",\"url\":\"https:\/\/portalmf.com.br\/wp-content\/uploads\/2022\/12\/Saude-intima-no-verao.jpeg\",\"contentUrl\":\"https:\/\/portalmf.com.br\/wp-content\/uploads\/2022\/12\/Saude-intima-no-verao.jpeg\",\"width\":1280,\"height\":853},{\"@type\":\"BreadcrumbList\",\"@id\":\"https:\/\/portalmf.com.br\/index.php\/2022\/12\/20\/saude-intima-no-verao-quais-cuidados-ter-para-evitar-doencas-ginecologicas\/#breadcrumb\",\"itemListElement\":[{\"@type\":\"ListItem\",\"position\":1,\"name\":\"In\u00edcio\",\"item\":\"https:\/\/portalmf.com.br\/\"},{\"@type\":\"ListItem\",\"position\":2,\"name\":\"Sa\u00fade \u00edntima no ver\u00e3o: quais cuidados ter para evitar doen\u00e7as ginecol\u00f3gicas\"}]},{\"@type\":\"WebSite\",\"@id\":\"https:\/\/portalmf.com.br\/#website\",\"url\":\"https:\/\/portalmf.com.br\/\",\"name\":\"Portal MF\",\"description\":\"Voc\u00ea conectado com a informa\u00e7\u00e3o\",\"potentialAction\":[{\"@type\":\"SearchAction\",\"target\":{\"@type\":\"EntryPoint\",\"urlTemplate\":\"https:\/\/portalmf.com.br\/?s={search_term_string}\"},\"query-input\":\"required name=search_term_string\"}],\"inLanguage\":\"pt-BR\"},{\"@type\":\"Person\",\"@id\":\"https:\/\/portalmf.com.br\/#\/schema\/person\/9ec101baf56233e53520c26de5d6f6f0\",\"name\":\"Reda\u00e7\u00e3o Portal MF\",\"image\":{\"@type\":\"ImageObject\",\"inLanguage\":\"pt-BR\",\"@id\":\"https:\/\/portalmf.com.br\/#\/schema\/person\/image\/\",\"url\":\"https:\/\/secure.gravatar.com\/avatar\/41b9aaeb2100835f7c64362330f74c7f?s=96&d=mm&r=g\",\"contentUrl\":\"https:\/\/secure.gravatar.com\/avatar\/41b9aaeb2100835f7c64362330f74c7f?s=96&d=mm&r=g\",\"caption\":\"Reda\u00e7\u00e3o Portal MF\"},\"description\":\"Sejam bem-vindos o portal de informa\u00e7\u00f5es de entretenimento de Feira de Santana, desde 2006 realiza coberturas dos principais eventos com entrevistas exclusivas com as principais personalidades mundiais. Fique conectado tamb\u00e9m nas redes sociais.\",\"sameAs\":[\"http:\/\/www.portalmf.com.br\/\",\"https:\/\/www.facebook.com\/portalmfoficial\",\"https:\/\/www.instagram.com\/portalmf\/\",\"https:\/\/x.com\/https:\/\/x.com\/portalmfoficial\",\"https:\/\/www.youtube.com\/@portalmfoficial\"],\"url\":\"https:\/\/portalmf.com.br\/index.php\/author\/junior\/\"}]}<\/script>\n<!-- \/ Yoast SEO plugin. -->","yoast_head_json":{"title":"Sa\u00fade \u00edntima no ver\u00e3o: quais cuidados ter para evitar doen\u00e7as ginecol\u00f3gicas - Portal MF","robots":{"index":"index","follow":"follow","max-snippet":"max-snippet:-1","max-image-preview":"max-image-preview:large","max-video-preview":"max-video-preview:-1"},"canonical":"https:\/\/portalmf.com.br\/index.php\/2022\/12\/20\/saude-intima-no-verao-quais-cuidados-ter-para-evitar-doencas-ginecologicas\/","og_locale":"pt_BR","og_type":"article","og_title":"Sa\u00fade \u00edntima no ver\u00e3o: quais cuidados ter para evitar doen\u00e7as ginecol\u00f3gicas - Portal MF","og_description":"A regi\u00e3o \u00edntima da mulher requer cuidados em todas as \u00e9pocas do ano, e durante o ver\u00e3o &#8211; que inicia dia 21 de dezembro e vai at\u00e9 20 de mar\u00e7o de 2023 &#8211; a aten\u00e7\u00e3o precisa ser ampliada devido \u00e0s temperaturas altas que destroem as bact\u00e9rias que protegem a flora vaginal e favorecem o aparecimento [&hellip;]","og_url":"https:\/\/portalmf.com.br\/index.php\/2022\/12\/20\/saude-intima-no-verao-quais-cuidados-ter-para-evitar-doencas-ginecologicas\/","og_site_name":"Portal MF","article_author":"https:\/\/www.facebook.com\/portalmfoficial","article_published_time":"2022-12-20T13:29:00+00:00","article_modified_time":"2022-12-20T19:32:02+00:00","og_image":[{"width":1280,"height":853,"url":"https:\/\/portalmf.com.br\/wp-content\/uploads\/2022\/12\/Saude-intima-no-verao.jpeg","type":"image\/jpeg"}],"author":"Reda\u00e7\u00e3o Portal MF","twitter_card":"summary_large_image","twitter_creator":"@https:\/\/x.com\/portalmfoficial","twitter_misc":{"Escrito por":"Reda\u00e7\u00e3o Portal MF","Est. tempo de leitura":"3 minutos"},"schema":{"@context":"https:\/\/schema.org","@graph":[{"@type":"WebPage","@id":"https:\/\/portalmf.com.br\/index.php\/2022\/12\/20\/saude-intima-no-verao-quais-cuidados-ter-para-evitar-doencas-ginecologicas\/","url":"https:\/\/portalmf.com.br\/index.php\/2022\/12\/20\/saude-intima-no-verao-quais-cuidados-ter-para-evitar-doencas-ginecologicas\/","name":"Sa\u00fade \u00edntima no ver\u00e3o: quais cuidados ter para evitar doen\u00e7as ginecol\u00f3gicas - Portal MF","isPartOf":{"@id":"https:\/\/portalmf.com.br\/#website"},"primaryImageOfPage":{"@id":"https:\/\/portalmf.com.br\/index.php\/2022\/12\/20\/saude-intima-no-verao-quais-cuidados-ter-para-evitar-doencas-ginecologicas\/#primaryimage"},"image":{"@id":"https:\/\/portalmf.com.br\/index.php\/2022\/12\/20\/saude-intima-no-verao-quais-cuidados-ter-para-evitar-doencas-ginecologicas\/#primaryimage"},"thumbnailUrl":"https:\/\/portalmf.com.br\/wp-content\/uploads\/2022\/12\/Saude-intima-no-verao.jpeg","datePublished":"2022-12-20T13:29:00+00:00","dateModified":"2022-12-20T19:32:02+00:00","author":{"@id":"https:\/\/portalmf.com.br\/#\/schema\/person\/9ec101baf56233e53520c26de5d6f6f0"},"breadcrumb":{"@id":"https:\/\/portalmf.com.br\/index.php\/2022\/12\/20\/saude-intima-no-verao-quais-cuidados-ter-para-evitar-doencas-ginecologicas\/#breadcrumb"},"inLanguage":"pt-BR","potentialAction":[{"@type":"ReadAction","target":["https:\/\/portalmf.com.br\/index.php\/2022\/12\/20\/saude-intima-no-verao-quais-cuidados-ter-para-evitar-doencas-ginecologicas\/"]}]},{"@type":"ImageObject","inLanguage":"pt-BR","@id":"https:\/\/portalmf.com.br\/index.php\/2022\/12\/20\/saude-intima-no-verao-quais-cuidados-ter-para-evitar-doencas-ginecologicas\/#primaryimage","url":"https:\/\/portalmf.com.br\/wp-content\/uploads\/2022\/12\/Saude-intima-no-verao.jpeg","contentUrl":"https:\/\/portalmf.com.br\/wp-content\/uploads\/2022\/12\/Saude-intima-no-verao.jpeg","width":1280,"height":853},{"@type":"BreadcrumbList","@id":"https:\/\/portalmf.com.br\/index.php\/2022\/12\/20\/saude-intima-no-verao-quais-cuidados-ter-para-evitar-doencas-ginecologicas\/#breadcrumb","itemListElement":[{"@type":"ListItem","position":1,"name":"In\u00edcio","item":"https:\/\/portalmf.com.br\/"},{"@type":"ListItem","position":2,"name":"Sa\u00fade \u00edntima no ver\u00e3o: quais cuidados ter para evitar doen\u00e7as ginecol\u00f3gicas"}]},{"@type":"WebSite","@id":"https:\/\/portalmf.com.br\/#website","url":"https:\/\/portalmf.com.br\/","name":"Portal MF","description":"Voc\u00ea conectado com a informa\u00e7\u00e3o","potentialAction":[{"@type":"SearchAction","target":{"@type":"EntryPoint","urlTemplate":"https:\/\/portalmf.com.br\/?s={search_term_string}"},"query-input":"required name=search_term_string"}],"inLanguage":"pt-BR"},{"@type":"Person","@id":"https:\/\/portalmf.com.br\/#\/schema\/person\/9ec101baf56233e53520c26de5d6f6f0","name":"Reda\u00e7\u00e3o Portal MF","image":{"@type":"ImageObject","inLanguage":"pt-BR","@id":"https:\/\/portalmf.com.br\/#\/schema\/person\/image\/","url":"https:\/\/secure.gravatar.com\/avatar\/41b9aaeb2100835f7c64362330f74c7f?s=96&d=mm&r=g","contentUrl":"https:\/\/secure.gravatar.com\/avatar\/41b9aaeb2100835f7c64362330f74c7f?s=96&d=mm&r=g","caption":"Reda\u00e7\u00e3o Portal MF"},"description":"Sejam bem-vindos o portal de informa\u00e7\u00f5es de entretenimento de Feira de Santana, desde 2006 realiza coberturas dos principais eventos com entrevistas exclusivas com as principais personalidades mundiais. Fique conectado tamb\u00e9m nas redes sociais.","sameAs":["http:\/\/www.portalmf.com.br\/","https:\/\/www.facebook.com\/portalmfoficial","https:\/\/www.instagram.com\/portalmf\/","https:\/\/x.com\/https:\/\/x.com\/portalmfoficial","https:\/\/www.youtube.com\/@portalmfoficial"],"url":"https:\/\/portalmf.com.br\/index.php\/author\/junior\/"}]}},"_links":{"self":[{"href":"https:\/\/portalmf.com.br\/index.php\/wp-json\/wp\/v2\/posts\/6979"}],"collection":[{"href":"https:\/\/portalmf.com.br\/index.php\/wp-json\/wp\/v2\/posts"}],"about":[{"href":"https:\/\/portalmf.com.br\/index.php\/wp-json\/wp\/v2\/types\/post"}],"author":[{"embeddable":true,"href":"https:\/\/portalmf.com.br\/index.php\/wp-json\/wp\/v2\/users\/3"}],"replies":[{"embeddable":true,"href":"https:\/\/portalmf.com.br\/index.php\/wp-json\/wp\/v2\/comments?post=6979"}],"version-history":[{"count":1,"href":"https:\/\/portalmf.com.br\/index.php\/wp-json\/wp\/v2\/posts\/6979\/revisions"}],"predecessor-version":[{"id":6981,"href":"https:\/\/portalmf.com.br\/index.php\/wp-json\/wp\/v2\/posts\/6979\/revisions\/6981"}],"wp:featuredmedia":[{"embeddable":true,"href":"https:\/\/portalmf.com.br\/index.php\/wp-json\/wp\/v2\/media\/6980"}],"wp:attachment":[{"href":"https:\/\/portalmf.com.br\/index.php\/wp-json\/wp\/v2\/media?parent=6979"}],"wp:term":[{"taxonomy":"category","embeddable":true,"href":"https:\/\/portalmf.com.br\/index.php\/wp-json\/wp\/v2\/categories?post=6979"},{"taxonomy":"post_tag","embeddable":true,"href":"https:\/\/portalmf.com.br\/index.php\/wp-json\/wp\/v2\/tags?post=6979"}],"curies":[{"name":"wp","href":"https:\/\/api.w.org\/{rel}","templated":true}]}}