{"id":6973,"date":"2022-12-20T16:21:31","date_gmt":"2022-12-20T19:21:31","guid":{"rendered":"https:\/\/portalmf.com.br\/?p=6973"},"modified":"2022-12-20T16:21:32","modified_gmt":"2022-12-20T19:21:32","slug":"especialista-em-educacao-fisica-explica-como-preparar-o-corpo","status":"publish","type":"post","link":"https:\/\/portalmf.com.br\/index.php\/2022\/12\/20\/especialista-em-educacao-fisica-explica-como-preparar-o-corpo\/","title":{"rendered":"Especialista em educa\u00e7\u00e3o f\u00edsica explica como preparar o corpo"},"content":{"rendered":"\n<p>Manter h\u00e1bitos saud\u00e1veis e melhorar o corpo para o ver\u00e3o \u00e9 uma meta para algumas pessoas. Mas, muito al\u00e9m de um \u201ccorpo de ver\u00e3o\u201d, \u00e9 importante cuidar tamb\u00e9m da sa\u00fade para se manter saud\u00e1vel e se tornar autoconfiante para curtir a esta\u00e7\u00e3o mais aguardada do ano se sentindo bem consigo mesmo. Para o especialista em educa\u00e7\u00e3o f\u00edsica Leandro Dias, que \u00e9 Coordenador da Rede Alpha Fitness, mais importante do que um projeto ver\u00e3o, \u00e9 promover mudan\u00e7as na rotina para conseguir ter um corpo saud\u00e1vel e h\u00e1bitos equilibrados. <\/p>\n\n\n\n<p><em>\u201cAo cuidar do seu corpo, voc\u00ea tamb\u00e9m estar\u00e1 se prevenindo de doen\u00e7as como diabetes, hipertens\u00e3o, colesterol alto e doen\u00e7as do cora\u00e7\u00e3o. Al\u00e9m disso, h\u00e1bitos saud\u00e1veis garantem um envelhecimento mais tranquilo, com menos preocupa\u00e7\u00f5es e doen\u00e7as\u201d,<\/em> explica.<\/p>\n\n\n\n<p>O melhor \u00e9 manter um \u201cprojeto saud\u00e1vel\u201d, afinal de contas os cuidados com a sa\u00fade e o corpo devem durar o ano todo. Mas para aqueles que se perderam no caminho, ainda d\u00e1 tempo de adotar alguns h\u00e1bitos para garantir uma boa forma para o ver\u00e3o. \u201c<em>Primeiro de tudo: n\u00e3o seja radical! Dietas mirabolantes podem parecer a melhor sa\u00edda para emagrecer at\u00e9 o ver\u00e3o, mas perder peso dessa maneira n\u00e3o \u00e9 saud\u00e1vel, e nem sempre traz resultados\u201d,<\/em> comenta. A dica de Leandro \u00e9 que voc\u00ea procure um nutricionista o mais r\u00e1pido poss\u00edvel e juntos, conversem sobre uma alimenta\u00e7\u00e3o que te promova essa perda de peso.<\/p>\n\n\n\n<p>Outro ponto importante \u00e9 que praticar exerc\u00edcio f\u00edsico \u00e9 indispens\u00e1vel para manter o organismo funcionando corretamente e eliminar toxinas, facilitando a perda de gordura. Mas \u00e9 necess\u00e1rio ter um pouquinho de paci\u00eancia, afinal se exercitar n\u00e3o garante um corpo perfeito em poucos dias. \u201cO excesso de treino \u00e9 um cuidado que deve ser tomado, pois ele pode implicar em les\u00f5es musculares e causar doen\u00e7as. O exagero \u00e9 sempre perigoso. Sabemos que muita gente est\u00e1 querendo entrar em forma em poucas semanas, mas \u00e9 necess\u00e1rio respeitar os limites de seu corpo. Comece progressivamente, v\u00e1 ajustando a intensidade e a carga ao longo dessas primeiras semanas. Assim, voc\u00ea come\u00e7ar\u00e1 a perceber os primeiros resultados. Para come\u00e7ar a enxergar resultados no seu corpo atrav\u00e9s dos treinos e da alimenta\u00e7\u00e3o saud\u00e1vel, \u00e9 preciso ter disciplina e const\u00e2ncia\u201d, acrescenta. Outra dica do profissional \u00e9 ter boas noites de sono. Isso \u00e9 essencial para manter o metabolismo funcionando corretamente e promover o ganho muscular. Dormir bem ajuda a manter o t\u00f4nus, evita o ac\u00famulo de gordura e melhora o desempenho f\u00edsico. \u201cO que importa \u00e9 manter-se firme na rotina de treinos e de alimenta\u00e7\u00e3o saud\u00e1vel. Beba bastante \u00e1gua e n\u00e3o se esque\u00e7a: ter paci\u00eancia \u00e9 um dos segredos para um corpo e uma mente saud\u00e1vel!\u201d, finaliza Leandro.<\/p>\n","protected":false},"excerpt":{"rendered":"<p>Manter h\u00e1bitos saud\u00e1veis e melhorar o corpo para o ver\u00e3o \u00e9 uma meta para algumas pessoas. Mas, muito al\u00e9m de um \u201ccorpo de ver\u00e3o\u201d, \u00e9 importante cuidar tamb\u00e9m da sa\u00fade para se manter saud\u00e1vel e se tornar autoconfiante para curtir a esta\u00e7\u00e3o mais aguardada do ano se sentindo bem consigo mesmo. Para o especialista em [&hellip;]<\/p>\n","protected":false},"author":3,"featured_media":6974,"comment_status":"open","ping_status":"open","sticky":false,"template":"","format":"standard","meta":{"_monsterinsights_skip_tracking":false,"_monsterinsights_sitenote_active":false,"_monsterinsights_sitenote_note":"","_monsterinsights_sitenote_category":0,"footnotes":""},"categories":[41],"tags":[],"yoast_head":"<!-- This site is optimized with the Yoast SEO plugin v22.9 - https:\/\/yoast.com\/wordpress\/plugins\/seo\/ -->\n<title>Especialista em educa\u00e7\u00e3o f\u00edsica explica como preparar o corpo - Portal MF<\/title>\n<meta name=\"robots\" content=\"index, follow, max-snippet:-1, max-image-preview:large, max-video-preview:-1\" \/>\n<link rel=\"canonical\" href=\"https:\/\/portalmf.com.br\/index.php\/2022\/12\/20\/especialista-em-educacao-fisica-explica-como-preparar-o-corpo\/\" \/>\n<meta property=\"og:locale\" content=\"pt_BR\" \/>\n<meta property=\"og:type\" content=\"article\" \/>\n<meta property=\"og:title\" content=\"Especialista em educa\u00e7\u00e3o f\u00edsica explica como preparar o corpo - Portal MF\" \/>\n<meta property=\"og:description\" content=\"Manter h\u00e1bitos saud\u00e1veis e melhorar o corpo para o ver\u00e3o \u00e9 uma meta para algumas pessoas. Mas, muito al\u00e9m de um \u201ccorpo de ver\u00e3o\u201d, \u00e9 importante cuidar tamb\u00e9m da sa\u00fade para se manter saud\u00e1vel e se tornar autoconfiante para curtir a esta\u00e7\u00e3o mais aguardada do ano se sentindo bem consigo mesmo. Para o especialista em [&hellip;]\" \/>\n<meta property=\"og:url\" content=\"https:\/\/portalmf.com.br\/index.php\/2022\/12\/20\/especialista-em-educacao-fisica-explica-como-preparar-o-corpo\/\" \/>\n<meta property=\"og:site_name\" content=\"Portal MF\" \/>\n<meta property=\"article:author\" content=\"https:\/\/www.facebook.com\/portalmfoficial\" \/>\n<meta property=\"article:published_time\" content=\"2022-12-20T19:21:31+00:00\" \/>\n<meta property=\"article:modified_time\" content=\"2022-12-20T19:21:32+00:00\" \/>\n<meta property=\"og:image\" content=\"https:\/\/portalmf.com.br\/wp-content\/uploads\/2022\/12\/Especialista-em-educacao-fisica-explica-como-preparar-o-corpo-para-o-verao.jpg\" \/>\n\t<meta property=\"og:image:width\" content=\"850\" \/>\n\t<meta property=\"og:image:height\" content=\"514\" \/>\n\t<meta property=\"og:image:type\" content=\"image\/jpeg\" \/>\n<meta name=\"author\" content=\"Reda\u00e7\u00e3o Portal MF\" \/>\n<meta name=\"twitter:card\" content=\"summary_large_image\" \/>\n<meta name=\"twitter:creator\" content=\"@https:\/\/x.com\/portalmfoficial\" \/>\n<meta name=\"twitter:label1\" content=\"Escrito por\" \/>\n\t<meta name=\"twitter:data1\" content=\"Reda\u00e7\u00e3o Portal MF\" \/>\n\t<meta name=\"twitter:label2\" content=\"Est. tempo de leitura\" \/>\n\t<meta name=\"twitter:data2\" content=\"3 minutos\" \/>\n<script type=\"application\/ld+json\" class=\"yoast-schema-graph\">{\"@context\":\"https:\/\/schema.org\",\"@graph\":[{\"@type\":\"WebPage\",\"@id\":\"https:\/\/portalmf.com.br\/index.php\/2022\/12\/20\/especialista-em-educacao-fisica-explica-como-preparar-o-corpo\/\",\"url\":\"https:\/\/portalmf.com.br\/index.php\/2022\/12\/20\/especialista-em-educacao-fisica-explica-como-preparar-o-corpo\/\",\"name\":\"Especialista em educa\u00e7\u00e3o f\u00edsica explica como preparar o corpo - Portal MF\",\"isPartOf\":{\"@id\":\"https:\/\/portalmf.com.br\/#website\"},\"primaryImageOfPage\":{\"@id\":\"https:\/\/portalmf.com.br\/index.php\/2022\/12\/20\/especialista-em-educacao-fisica-explica-como-preparar-o-corpo\/#primaryimage\"},\"image\":{\"@id\":\"https:\/\/portalmf.com.br\/index.php\/2022\/12\/20\/especialista-em-educacao-fisica-explica-como-preparar-o-corpo\/#primaryimage\"},\"thumbnailUrl\":\"https:\/\/portalmf.com.br\/wp-content\/uploads\/2022\/12\/Especialista-em-educacao-fisica-explica-como-preparar-o-corpo-para-o-verao.jpg\",\"datePublished\":\"2022-12-20T19:21:31+00:00\",\"dateModified\":\"2022-12-20T19:21:32+00:00\",\"author\":{\"@id\":\"https:\/\/portalmf.com.br\/#\/schema\/person\/9ec101baf56233e53520c26de5d6f6f0\"},\"breadcrumb\":{\"@id\":\"https:\/\/portalmf.com.br\/index.php\/2022\/12\/20\/especialista-em-educacao-fisica-explica-como-preparar-o-corpo\/#breadcrumb\"},\"inLanguage\":\"pt-BR\",\"potentialAction\":[{\"@type\":\"ReadAction\",\"target\":[\"https:\/\/portalmf.com.br\/index.php\/2022\/12\/20\/especialista-em-educacao-fisica-explica-como-preparar-o-corpo\/\"]}]},{\"@type\":\"ImageObject\",\"inLanguage\":\"pt-BR\",\"@id\":\"https:\/\/portalmf.com.br\/index.php\/2022\/12\/20\/especialista-em-educacao-fisica-explica-como-preparar-o-corpo\/#primaryimage\",\"url\":\"https:\/\/portalmf.com.br\/wp-content\/uploads\/2022\/12\/Especialista-em-educacao-fisica-explica-como-preparar-o-corpo-para-o-verao.jpg\",\"contentUrl\":\"https:\/\/portalmf.com.br\/wp-content\/uploads\/2022\/12\/Especialista-em-educacao-fisica-explica-como-preparar-o-corpo-para-o-verao.jpg\",\"width\":850,\"height\":514},{\"@type\":\"BreadcrumbList\",\"@id\":\"https:\/\/portalmf.com.br\/index.php\/2022\/12\/20\/especialista-em-educacao-fisica-explica-como-preparar-o-corpo\/#breadcrumb\",\"itemListElement\":[{\"@type\":\"ListItem\",\"position\":1,\"name\":\"In\u00edcio\",\"item\":\"https:\/\/portalmf.com.br\/\"},{\"@type\":\"ListItem\",\"position\":2,\"name\":\"Especialista em educa\u00e7\u00e3o f\u00edsica explica como preparar o corpo\"}]},{\"@type\":\"WebSite\",\"@id\":\"https:\/\/portalmf.com.br\/#website\",\"url\":\"https:\/\/portalmf.com.br\/\",\"name\":\"Portal MF\",\"description\":\"Voc\u00ea conectado com a informa\u00e7\u00e3o\",\"potentialAction\":[{\"@type\":\"SearchAction\",\"target\":{\"@type\":\"EntryPoint\",\"urlTemplate\":\"https:\/\/portalmf.com.br\/?s={search_term_string}\"},\"query-input\":\"required name=search_term_string\"}],\"inLanguage\":\"pt-BR\"},{\"@type\":\"Person\",\"@id\":\"https:\/\/portalmf.com.br\/#\/schema\/person\/9ec101baf56233e53520c26de5d6f6f0\",\"name\":\"Reda\u00e7\u00e3o Portal MF\",\"image\":{\"@type\":\"ImageObject\",\"inLanguage\":\"pt-BR\",\"@id\":\"https:\/\/portalmf.com.br\/#\/schema\/person\/image\/\",\"url\":\"https:\/\/secure.gravatar.com\/avatar\/41b9aaeb2100835f7c64362330f74c7f?s=96&d=mm&r=g\",\"contentUrl\":\"https:\/\/secure.gravatar.com\/avatar\/41b9aaeb2100835f7c64362330f74c7f?s=96&d=mm&r=g\",\"caption\":\"Reda\u00e7\u00e3o Portal MF\"},\"description\":\"Sejam bem-vindos o portal de informa\u00e7\u00f5es de entretenimento de Feira de Santana, desde 2006 realiza coberturas dos principais eventos com entrevistas exclusivas com as principais personalidades mundiais. Fique conectado tamb\u00e9m nas redes sociais.\",\"sameAs\":[\"http:\/\/www.portalmf.com.br\/\",\"https:\/\/www.facebook.com\/portalmfoficial\",\"https:\/\/www.instagram.com\/portalmf\/\",\"https:\/\/x.com\/https:\/\/x.com\/portalmfoficial\",\"https:\/\/www.youtube.com\/@portalmfoficial\"],\"url\":\"https:\/\/portalmf.com.br\/index.php\/author\/junior\/\"}]}<\/script>\n<!-- \/ Yoast SEO plugin. -->","yoast_head_json":{"title":"Especialista em educa\u00e7\u00e3o f\u00edsica explica como preparar o corpo - Portal MF","robots":{"index":"index","follow":"follow","max-snippet":"max-snippet:-1","max-image-preview":"max-image-preview:large","max-video-preview":"max-video-preview:-1"},"canonical":"https:\/\/portalmf.com.br\/index.php\/2022\/12\/20\/especialista-em-educacao-fisica-explica-como-preparar-o-corpo\/","og_locale":"pt_BR","og_type":"article","og_title":"Especialista em educa\u00e7\u00e3o f\u00edsica explica como preparar o corpo - Portal MF","og_description":"Manter h\u00e1bitos saud\u00e1veis e melhorar o corpo para o ver\u00e3o \u00e9 uma meta para algumas pessoas. Mas, muito al\u00e9m de um \u201ccorpo de ver\u00e3o\u201d, \u00e9 importante cuidar tamb\u00e9m da sa\u00fade para se manter saud\u00e1vel e se tornar autoconfiante para curtir a esta\u00e7\u00e3o mais aguardada do ano se sentindo bem consigo mesmo. Para o especialista em [&hellip;]","og_url":"https:\/\/portalmf.com.br\/index.php\/2022\/12\/20\/especialista-em-educacao-fisica-explica-como-preparar-o-corpo\/","og_site_name":"Portal MF","article_author":"https:\/\/www.facebook.com\/portalmfoficial","article_published_time":"2022-12-20T19:21:31+00:00","article_modified_time":"2022-12-20T19:21:32+00:00","og_image":[{"width":850,"height":514,"url":"https:\/\/portalmf.com.br\/wp-content\/uploads\/2022\/12\/Especialista-em-educacao-fisica-explica-como-preparar-o-corpo-para-o-verao.jpg","type":"image\/jpeg"}],"author":"Reda\u00e7\u00e3o Portal MF","twitter_card":"summary_large_image","twitter_creator":"@https:\/\/x.com\/portalmfoficial","twitter_misc":{"Escrito por":"Reda\u00e7\u00e3o Portal MF","Est. tempo de leitura":"3 minutos"},"schema":{"@context":"https:\/\/schema.org","@graph":[{"@type":"WebPage","@id":"https:\/\/portalmf.com.br\/index.php\/2022\/12\/20\/especialista-em-educacao-fisica-explica-como-preparar-o-corpo\/","url":"https:\/\/portalmf.com.br\/index.php\/2022\/12\/20\/especialista-em-educacao-fisica-explica-como-preparar-o-corpo\/","name":"Especialista em educa\u00e7\u00e3o f\u00edsica explica como preparar o corpo - Portal MF","isPartOf":{"@id":"https:\/\/portalmf.com.br\/#website"},"primaryImageOfPage":{"@id":"https:\/\/portalmf.com.br\/index.php\/2022\/12\/20\/especialista-em-educacao-fisica-explica-como-preparar-o-corpo\/#primaryimage"},"image":{"@id":"https:\/\/portalmf.com.br\/index.php\/2022\/12\/20\/especialista-em-educacao-fisica-explica-como-preparar-o-corpo\/#primaryimage"},"thumbnailUrl":"https:\/\/portalmf.com.br\/wp-content\/uploads\/2022\/12\/Especialista-em-educacao-fisica-explica-como-preparar-o-corpo-para-o-verao.jpg","datePublished":"2022-12-20T19:21:31+00:00","dateModified":"2022-12-20T19:21:32+00:00","author":{"@id":"https:\/\/portalmf.com.br\/#\/schema\/person\/9ec101baf56233e53520c26de5d6f6f0"},"breadcrumb":{"@id":"https:\/\/portalmf.com.br\/index.php\/2022\/12\/20\/especialista-em-educacao-fisica-explica-como-preparar-o-corpo\/#breadcrumb"},"inLanguage":"pt-BR","potentialAction":[{"@type":"ReadAction","target":["https:\/\/portalmf.com.br\/index.php\/2022\/12\/20\/especialista-em-educacao-fisica-explica-como-preparar-o-corpo\/"]}]},{"@type":"ImageObject","inLanguage":"pt-BR","@id":"https:\/\/portalmf.com.br\/index.php\/2022\/12\/20\/especialista-em-educacao-fisica-explica-como-preparar-o-corpo\/#primaryimage","url":"https:\/\/portalmf.com.br\/wp-content\/uploads\/2022\/12\/Especialista-em-educacao-fisica-explica-como-preparar-o-corpo-para-o-verao.jpg","contentUrl":"https:\/\/portalmf.com.br\/wp-content\/uploads\/2022\/12\/Especialista-em-educacao-fisica-explica-como-preparar-o-corpo-para-o-verao.jpg","width":850,"height":514},{"@type":"BreadcrumbList","@id":"https:\/\/portalmf.com.br\/index.php\/2022\/12\/20\/especialista-em-educacao-fisica-explica-como-preparar-o-corpo\/#breadcrumb","itemListElement":[{"@type":"ListItem","position":1,"name":"In\u00edcio","item":"https:\/\/portalmf.com.br\/"},{"@type":"ListItem","position":2,"name":"Especialista em educa\u00e7\u00e3o f\u00edsica explica como preparar o corpo"}]},{"@type":"WebSite","@id":"https:\/\/portalmf.com.br\/#website","url":"https:\/\/portalmf.com.br\/","name":"Portal MF","description":"Voc\u00ea conectado com a informa\u00e7\u00e3o","potentialAction":[{"@type":"SearchAction","target":{"@type":"EntryPoint","urlTemplate":"https:\/\/portalmf.com.br\/?s={search_term_string}"},"query-input":"required name=search_term_string"}],"inLanguage":"pt-BR"},{"@type":"Person","@id":"https:\/\/portalmf.com.br\/#\/schema\/person\/9ec101baf56233e53520c26de5d6f6f0","name":"Reda\u00e7\u00e3o Portal MF","image":{"@type":"ImageObject","inLanguage":"pt-BR","@id":"https:\/\/portalmf.com.br\/#\/schema\/person\/image\/","url":"https:\/\/secure.gravatar.com\/avatar\/41b9aaeb2100835f7c64362330f74c7f?s=96&d=mm&r=g","contentUrl":"https:\/\/secure.gravatar.com\/avatar\/41b9aaeb2100835f7c64362330f74c7f?s=96&d=mm&r=g","caption":"Reda\u00e7\u00e3o Portal MF"},"description":"Sejam bem-vindos o portal de informa\u00e7\u00f5es de entretenimento de Feira de Santana, desde 2006 realiza coberturas dos principais eventos com entrevistas exclusivas com as principais personalidades mundiais. Fique conectado tamb\u00e9m nas redes sociais.","sameAs":["http:\/\/www.portalmf.com.br\/","https:\/\/www.facebook.com\/portalmfoficial","https:\/\/www.instagram.com\/portalmf\/","https:\/\/x.com\/https:\/\/x.com\/portalmfoficial","https:\/\/www.youtube.com\/@portalmfoficial"],"url":"https:\/\/portalmf.com.br\/index.php\/author\/junior\/"}]}},"_links":{"self":[{"href":"https:\/\/portalmf.com.br\/index.php\/wp-json\/wp\/v2\/posts\/6973"}],"collection":[{"href":"https:\/\/portalmf.com.br\/index.php\/wp-json\/wp\/v2\/posts"}],"about":[{"href":"https:\/\/portalmf.com.br\/index.php\/wp-json\/wp\/v2\/types\/post"}],"author":[{"embeddable":true,"href":"https:\/\/portalmf.com.br\/index.php\/wp-json\/wp\/v2\/users\/3"}],"replies":[{"embeddable":true,"href":"https:\/\/portalmf.com.br\/index.php\/wp-json\/wp\/v2\/comments?post=6973"}],"version-history":[{"count":1,"href":"https:\/\/portalmf.com.br\/index.php\/wp-json\/wp\/v2\/posts\/6973\/revisions"}],"predecessor-version":[{"id":6975,"href":"https:\/\/portalmf.com.br\/index.php\/wp-json\/wp\/v2\/posts\/6973\/revisions\/6975"}],"wp:featuredmedia":[{"embeddable":true,"href":"https:\/\/portalmf.com.br\/index.php\/wp-json\/wp\/v2\/media\/6974"}],"wp:attachment":[{"href":"https:\/\/portalmf.com.br\/index.php\/wp-json\/wp\/v2\/media?parent=6973"}],"wp:term":[{"taxonomy":"category","embeddable":true,"href":"https:\/\/portalmf.com.br\/index.php\/wp-json\/wp\/v2\/categories?post=6973"},{"taxonomy":"post_tag","embeddable":true,"href":"https:\/\/portalmf.com.br\/index.php\/wp-json\/wp\/v2\/tags?post=6973"}],"curies":[{"name":"wp","href":"https:\/\/api.w.org\/{rel}","templated":true}]}}