{"id":6970,"date":"2022-12-20T16:19:39","date_gmt":"2022-12-20T19:19:39","guid":{"rendered":"https:\/\/portalmf.com.br\/?p=6970"},"modified":"2022-12-20T16:19:40","modified_gmt":"2022-12-20T19:19:40","slug":"theuzinho-confirma-reveillon-na-ilha-de-itaparica","status":"publish","type":"post","link":"https:\/\/portalmf.com.br\/index.php\/2022\/12\/20\/theuzinho-confirma-reveillon-na-ilha-de-itaparica\/","title":{"rendered":"Theuzinho confirma R\u00e9veillon na Ilha de Itaparica"},"content":{"rendered":"\n<p>O cantor Theuzinho s\u00f3 tem motivos para agradecer pelo ano de 2022! Considerado revela\u00e7\u00e3o da nova safra da m\u00fasica da Bahia, o cantor conseguiu n\u00e3o s\u00f3 mostrar seu talento musical atrav\u00e9s da internet, como tamb\u00e9m, lan\u00e7ar m\u00fasica nova e montar uma agenda de shows que n\u00e3o para de crescer.<\/p>\n\n\n\n<p>E para comemorar tudo isso; nesta sexta-feira, dia 23 de dezembro, Theuzinho e sua banda comandam a noite no Blitz Music Bar, em Lauro de Freitas. No s\u00e1bado, dia 24, v\u00e9spera de Natal, o cantor vai animar o p\u00fablico do munic\u00edpio de Laje, no interior da Bahia. No dia 25 (domingo), j\u00e1 de volta \u00e0 Salvador, Theuzinho encara uma dobradinha de apresenta\u00e7\u00f5es. Primeiro ele se apresenta no Havanna Sport Bar, em Periperi; e depois pega a estrada sentido a Areias de Cama\u00e7ari, distrito de Abrantes.<\/p>\n\n\n\n<p>&nbsp;Para as apresenta\u00e7\u00f5es, o cantor promete um repert\u00f3rio para l\u00e1 de animado. E n\u00e3o para por a\u00ed&#8230; o artista j\u00e1 confirmou onde estar\u00e1 na virada do ano!<\/p>\n\n\n\n<p>No pr\u00f3ximo s\u00e1bado, dia 31 de dezembro, Theuzinho segue para Vera Cruz, na Ilha de Itaparica, onde celebra o R\u00e9veillon. No repert\u00f3rio, a nova m\u00fasica de trabalho, \u201cVou Come\u00e7ar a N\u00e3o Prestar\u201d, al\u00e9m de sucessos do momento, para levar muito romantismo e boas energias para receber 2023 de bra\u00e7os abertos!<\/p>\n","protected":false},"excerpt":{"rendered":"<p>O cantor Theuzinho s\u00f3 tem motivos para agradecer pelo ano de 2022! Considerado revela\u00e7\u00e3o da nova safra da m\u00fasica da Bahia, o cantor conseguiu n\u00e3o s\u00f3 mostrar seu talento musical atrav\u00e9s da internet, como tamb\u00e9m, lan\u00e7ar m\u00fasica nova e montar uma agenda de shows que n\u00e3o para de crescer. E para comemorar tudo isso; nesta [&hellip;]<\/p>\n","protected":false},"author":3,"featured_media":6971,"comment_status":"open","ping_status":"open","sticky":false,"template":"","format":"standard","meta":{"_monsterinsights_skip_tracking":false,"_monsterinsights_sitenote_active":false,"_monsterinsights_sitenote_note":"","_monsterinsights_sitenote_category":0,"footnotes":""},"categories":[48,45,36],"tags":[],"yoast_head":"<!-- This site is optimized with the Yoast SEO plugin v22.9 - https:\/\/yoast.com\/wordpress\/plugins\/seo\/ -->\n<title>Theuzinho confirma R\u00e9veillon na Ilha de Itaparica - Portal MF<\/title>\n<meta name=\"robots\" content=\"index, follow, max-snippet:-1, max-image-preview:large, max-video-preview:-1\" \/>\n<link rel=\"canonical\" href=\"https:\/\/portalmf.com.br\/index.php\/2022\/12\/20\/theuzinho-confirma-reveillon-na-ilha-de-itaparica\/\" \/>\n<meta property=\"og:locale\" content=\"pt_BR\" \/>\n<meta property=\"og:type\" content=\"article\" \/>\n<meta property=\"og:title\" content=\"Theuzinho confirma R\u00e9veillon na Ilha de Itaparica - Portal MF\" \/>\n<meta property=\"og:description\" content=\"O cantor Theuzinho s\u00f3 tem motivos para agradecer pelo ano de 2022! Considerado revela\u00e7\u00e3o da nova safra da m\u00fasica da Bahia, o cantor conseguiu n\u00e3o s\u00f3 mostrar seu talento musical atrav\u00e9s da internet, como tamb\u00e9m, lan\u00e7ar m\u00fasica nova e montar uma agenda de shows que n\u00e3o para de crescer. E para comemorar tudo isso; nesta [&hellip;]\" \/>\n<meta property=\"og:url\" content=\"https:\/\/portalmf.com.br\/index.php\/2022\/12\/20\/theuzinho-confirma-reveillon-na-ilha-de-itaparica\/\" \/>\n<meta property=\"og:site_name\" content=\"Portal MF\" \/>\n<meta property=\"article:author\" content=\"https:\/\/www.facebook.com\/portalmfoficial\" \/>\n<meta property=\"article:published_time\" content=\"2022-12-20T19:19:39+00:00\" \/>\n<meta property=\"article:modified_time\" content=\"2022-12-20T19:19:40+00:00\" \/>\n<meta property=\"og:image\" content=\"https:\/\/portalmf.com.br\/wp-content\/uploads\/2022\/12\/Theuzinho.jpg\" \/>\n\t<meta property=\"og:image:width\" content=\"1000\" \/>\n\t<meta property=\"og:image:height\" content=\"579\" \/>\n\t<meta property=\"og:image:type\" content=\"image\/jpeg\" \/>\n<meta name=\"author\" content=\"Reda\u00e7\u00e3o Portal MF\" \/>\n<meta name=\"twitter:card\" content=\"summary_large_image\" \/>\n<meta name=\"twitter:creator\" content=\"@https:\/\/x.com\/portalmfoficial\" \/>\n<meta name=\"twitter:label1\" content=\"Escrito por\" \/>\n\t<meta name=\"twitter:data1\" content=\"Reda\u00e7\u00e3o Portal MF\" \/>\n\t<meta name=\"twitter:label2\" content=\"Est. tempo de leitura\" \/>\n\t<meta name=\"twitter:data2\" content=\"2 minutos\" \/>\n<script type=\"application\/ld+json\" class=\"yoast-schema-graph\">{\"@context\":\"https:\/\/schema.org\",\"@graph\":[{\"@type\":\"WebPage\",\"@id\":\"https:\/\/portalmf.com.br\/index.php\/2022\/12\/20\/theuzinho-confirma-reveillon-na-ilha-de-itaparica\/\",\"url\":\"https:\/\/portalmf.com.br\/index.php\/2022\/12\/20\/theuzinho-confirma-reveillon-na-ilha-de-itaparica\/\",\"name\":\"Theuzinho confirma R\u00e9veillon na Ilha de Itaparica - Portal MF\",\"isPartOf\":{\"@id\":\"https:\/\/portalmf.com.br\/#website\"},\"primaryImageOfPage\":{\"@id\":\"https:\/\/portalmf.com.br\/index.php\/2022\/12\/20\/theuzinho-confirma-reveillon-na-ilha-de-itaparica\/#primaryimage\"},\"image\":{\"@id\":\"https:\/\/portalmf.com.br\/index.php\/2022\/12\/20\/theuzinho-confirma-reveillon-na-ilha-de-itaparica\/#primaryimage\"},\"thumbnailUrl\":\"https:\/\/portalmf.com.br\/wp-content\/uploads\/2022\/12\/Theuzinho.jpg\",\"datePublished\":\"2022-12-20T19:19:39+00:00\",\"dateModified\":\"2022-12-20T19:19:40+00:00\",\"author\":{\"@id\":\"https:\/\/portalmf.com.br\/#\/schema\/person\/9ec101baf56233e53520c26de5d6f6f0\"},\"breadcrumb\":{\"@id\":\"https:\/\/portalmf.com.br\/index.php\/2022\/12\/20\/theuzinho-confirma-reveillon-na-ilha-de-itaparica\/#breadcrumb\"},\"inLanguage\":\"pt-BR\",\"potentialAction\":[{\"@type\":\"ReadAction\",\"target\":[\"https:\/\/portalmf.com.br\/index.php\/2022\/12\/20\/theuzinho-confirma-reveillon-na-ilha-de-itaparica\/\"]}]},{\"@type\":\"ImageObject\",\"inLanguage\":\"pt-BR\",\"@id\":\"https:\/\/portalmf.com.br\/index.php\/2022\/12\/20\/theuzinho-confirma-reveillon-na-ilha-de-itaparica\/#primaryimage\",\"url\":\"https:\/\/portalmf.com.br\/wp-content\/uploads\/2022\/12\/Theuzinho.jpg\",\"contentUrl\":\"https:\/\/portalmf.com.br\/wp-content\/uploads\/2022\/12\/Theuzinho.jpg\",\"width\":1000,\"height\":579},{\"@type\":\"BreadcrumbList\",\"@id\":\"https:\/\/portalmf.com.br\/index.php\/2022\/12\/20\/theuzinho-confirma-reveillon-na-ilha-de-itaparica\/#breadcrumb\",\"itemListElement\":[{\"@type\":\"ListItem\",\"position\":1,\"name\":\"In\u00edcio\",\"item\":\"https:\/\/portalmf.com.br\/\"},{\"@type\":\"ListItem\",\"position\":2,\"name\":\"Theuzinho confirma R\u00e9veillon na Ilha de Itaparica\"}]},{\"@type\":\"WebSite\",\"@id\":\"https:\/\/portalmf.com.br\/#website\",\"url\":\"https:\/\/portalmf.com.br\/\",\"name\":\"Portal MF\",\"description\":\"Voc\u00ea conectado com a informa\u00e7\u00e3o\",\"potentialAction\":[{\"@type\":\"SearchAction\",\"target\":{\"@type\":\"EntryPoint\",\"urlTemplate\":\"https:\/\/portalmf.com.br\/?s={search_term_string}\"},\"query-input\":\"required name=search_term_string\"}],\"inLanguage\":\"pt-BR\"},{\"@type\":\"Person\",\"@id\":\"https:\/\/portalmf.com.br\/#\/schema\/person\/9ec101baf56233e53520c26de5d6f6f0\",\"name\":\"Reda\u00e7\u00e3o Portal MF\",\"image\":{\"@type\":\"ImageObject\",\"inLanguage\":\"pt-BR\",\"@id\":\"https:\/\/portalmf.com.br\/#\/schema\/person\/image\/\",\"url\":\"https:\/\/secure.gravatar.com\/avatar\/41b9aaeb2100835f7c64362330f74c7f?s=96&d=mm&r=g\",\"contentUrl\":\"https:\/\/secure.gravatar.com\/avatar\/41b9aaeb2100835f7c64362330f74c7f?s=96&d=mm&r=g\",\"caption\":\"Reda\u00e7\u00e3o Portal MF\"},\"description\":\"Sejam bem-vindos o portal de informa\u00e7\u00f5es de entretenimento de Feira de Santana, desde 2006 realiza coberturas dos principais eventos com entrevistas exclusivas com as principais personalidades mundiais. Fique conectado tamb\u00e9m nas redes sociais.\",\"sameAs\":[\"http:\/\/www.portalmf.com.br\/\",\"https:\/\/www.facebook.com\/portalmfoficial\",\"https:\/\/www.instagram.com\/portalmf\/\",\"https:\/\/x.com\/https:\/\/x.com\/portalmfoficial\",\"https:\/\/www.youtube.com\/@portalmfoficial\"],\"url\":\"https:\/\/portalmf.com.br\/index.php\/author\/junior\/\"}]}<\/script>\n<!-- \/ Yoast SEO plugin. -->","yoast_head_json":{"title":"Theuzinho confirma R\u00e9veillon na Ilha de Itaparica - Portal MF","robots":{"index":"index","follow":"follow","max-snippet":"max-snippet:-1","max-image-preview":"max-image-preview:large","max-video-preview":"max-video-preview:-1"},"canonical":"https:\/\/portalmf.com.br\/index.php\/2022\/12\/20\/theuzinho-confirma-reveillon-na-ilha-de-itaparica\/","og_locale":"pt_BR","og_type":"article","og_title":"Theuzinho confirma R\u00e9veillon na Ilha de Itaparica - Portal MF","og_description":"O cantor Theuzinho s\u00f3 tem motivos para agradecer pelo ano de 2022! Considerado revela\u00e7\u00e3o da nova safra da m\u00fasica da Bahia, o cantor conseguiu n\u00e3o s\u00f3 mostrar seu talento musical atrav\u00e9s da internet, como tamb\u00e9m, lan\u00e7ar m\u00fasica nova e montar uma agenda de shows que n\u00e3o para de crescer. E para comemorar tudo isso; nesta [&hellip;]","og_url":"https:\/\/portalmf.com.br\/index.php\/2022\/12\/20\/theuzinho-confirma-reveillon-na-ilha-de-itaparica\/","og_site_name":"Portal MF","article_author":"https:\/\/www.facebook.com\/portalmfoficial","article_published_time":"2022-12-20T19:19:39+00:00","article_modified_time":"2022-12-20T19:19:40+00:00","og_image":[{"width":1000,"height":579,"url":"https:\/\/portalmf.com.br\/wp-content\/uploads\/2022\/12\/Theuzinho.jpg","type":"image\/jpeg"}],"author":"Reda\u00e7\u00e3o Portal MF","twitter_card":"summary_large_image","twitter_creator":"@https:\/\/x.com\/portalmfoficial","twitter_misc":{"Escrito por":"Reda\u00e7\u00e3o Portal MF","Est. tempo de leitura":"2 minutos"},"schema":{"@context":"https:\/\/schema.org","@graph":[{"@type":"WebPage","@id":"https:\/\/portalmf.com.br\/index.php\/2022\/12\/20\/theuzinho-confirma-reveillon-na-ilha-de-itaparica\/","url":"https:\/\/portalmf.com.br\/index.php\/2022\/12\/20\/theuzinho-confirma-reveillon-na-ilha-de-itaparica\/","name":"Theuzinho confirma R\u00e9veillon na Ilha de Itaparica - Portal MF","isPartOf":{"@id":"https:\/\/portalmf.com.br\/#website"},"primaryImageOfPage":{"@id":"https:\/\/portalmf.com.br\/index.php\/2022\/12\/20\/theuzinho-confirma-reveillon-na-ilha-de-itaparica\/#primaryimage"},"image":{"@id":"https:\/\/portalmf.com.br\/index.php\/2022\/12\/20\/theuzinho-confirma-reveillon-na-ilha-de-itaparica\/#primaryimage"},"thumbnailUrl":"https:\/\/portalmf.com.br\/wp-content\/uploads\/2022\/12\/Theuzinho.jpg","datePublished":"2022-12-20T19:19:39+00:00","dateModified":"2022-12-20T19:19:40+00:00","author":{"@id":"https:\/\/portalmf.com.br\/#\/schema\/person\/9ec101baf56233e53520c26de5d6f6f0"},"breadcrumb":{"@id":"https:\/\/portalmf.com.br\/index.php\/2022\/12\/20\/theuzinho-confirma-reveillon-na-ilha-de-itaparica\/#breadcrumb"},"inLanguage":"pt-BR","potentialAction":[{"@type":"ReadAction","target":["https:\/\/portalmf.com.br\/index.php\/2022\/12\/20\/theuzinho-confirma-reveillon-na-ilha-de-itaparica\/"]}]},{"@type":"ImageObject","inLanguage":"pt-BR","@id":"https:\/\/portalmf.com.br\/index.php\/2022\/12\/20\/theuzinho-confirma-reveillon-na-ilha-de-itaparica\/#primaryimage","url":"https:\/\/portalmf.com.br\/wp-content\/uploads\/2022\/12\/Theuzinho.jpg","contentUrl":"https:\/\/portalmf.com.br\/wp-content\/uploads\/2022\/12\/Theuzinho.jpg","width":1000,"height":579},{"@type":"BreadcrumbList","@id":"https:\/\/portalmf.com.br\/index.php\/2022\/12\/20\/theuzinho-confirma-reveillon-na-ilha-de-itaparica\/#breadcrumb","itemListElement":[{"@type":"ListItem","position":1,"name":"In\u00edcio","item":"https:\/\/portalmf.com.br\/"},{"@type":"ListItem","position":2,"name":"Theuzinho confirma R\u00e9veillon na Ilha de Itaparica"}]},{"@type":"WebSite","@id":"https:\/\/portalmf.com.br\/#website","url":"https:\/\/portalmf.com.br\/","name":"Portal MF","description":"Voc\u00ea conectado com a informa\u00e7\u00e3o","potentialAction":[{"@type":"SearchAction","target":{"@type":"EntryPoint","urlTemplate":"https:\/\/portalmf.com.br\/?s={search_term_string}"},"query-input":"required name=search_term_string"}],"inLanguage":"pt-BR"},{"@type":"Person","@id":"https:\/\/portalmf.com.br\/#\/schema\/person\/9ec101baf56233e53520c26de5d6f6f0","name":"Reda\u00e7\u00e3o Portal MF","image":{"@type":"ImageObject","inLanguage":"pt-BR","@id":"https:\/\/portalmf.com.br\/#\/schema\/person\/image\/","url":"https:\/\/secure.gravatar.com\/avatar\/41b9aaeb2100835f7c64362330f74c7f?s=96&d=mm&r=g","contentUrl":"https:\/\/secure.gravatar.com\/avatar\/41b9aaeb2100835f7c64362330f74c7f?s=96&d=mm&r=g","caption":"Reda\u00e7\u00e3o Portal MF"},"description":"Sejam bem-vindos o portal de informa\u00e7\u00f5es de entretenimento de Feira de Santana, desde 2006 realiza coberturas dos principais eventos com entrevistas exclusivas com as principais personalidades mundiais. Fique conectado tamb\u00e9m nas redes sociais.","sameAs":["http:\/\/www.portalmf.com.br\/","https:\/\/www.facebook.com\/portalmfoficial","https:\/\/www.instagram.com\/portalmf\/","https:\/\/x.com\/https:\/\/x.com\/portalmfoficial","https:\/\/www.youtube.com\/@portalmfoficial"],"url":"https:\/\/portalmf.com.br\/index.php\/author\/junior\/"}]}},"_links":{"self":[{"href":"https:\/\/portalmf.com.br\/index.php\/wp-json\/wp\/v2\/posts\/6970"}],"collection":[{"href":"https:\/\/portalmf.com.br\/index.php\/wp-json\/wp\/v2\/posts"}],"about":[{"href":"https:\/\/portalmf.com.br\/index.php\/wp-json\/wp\/v2\/types\/post"}],"author":[{"embeddable":true,"href":"https:\/\/portalmf.com.br\/index.php\/wp-json\/wp\/v2\/users\/3"}],"replies":[{"embeddable":true,"href":"https:\/\/portalmf.com.br\/index.php\/wp-json\/wp\/v2\/comments?post=6970"}],"version-history":[{"count":1,"href":"https:\/\/portalmf.com.br\/index.php\/wp-json\/wp\/v2\/posts\/6970\/revisions"}],"predecessor-version":[{"id":6972,"href":"https:\/\/portalmf.com.br\/index.php\/wp-json\/wp\/v2\/posts\/6970\/revisions\/6972"}],"wp:featuredmedia":[{"embeddable":true,"href":"https:\/\/portalmf.com.br\/index.php\/wp-json\/wp\/v2\/media\/6971"}],"wp:attachment":[{"href":"https:\/\/portalmf.com.br\/index.php\/wp-json\/wp\/v2\/media?parent=6970"}],"wp:term":[{"taxonomy":"category","embeddable":true,"href":"https:\/\/portalmf.com.br\/index.php\/wp-json\/wp\/v2\/categories?post=6970"},{"taxonomy":"post_tag","embeddable":true,"href":"https:\/\/portalmf.com.br\/index.php\/wp-json\/wp\/v2\/tags?post=6970"}],"curies":[{"name":"wp","href":"https:\/\/api.w.org\/{rel}","templated":true}]}}