{"id":6959,"date":"2022-12-20T14:31:20","date_gmt":"2022-12-20T17:31:20","guid":{"rendered":"https:\/\/portalmf.com.br\/?p=6959"},"modified":"2022-12-20T14:46:38","modified_gmt":"2022-12-20T17:46:38","slug":"marcos-caruso-oficializa-uniao-com-parceiro-em-lisboa","status":"publish","type":"post","link":"https:\/\/portalmf.com.br\/index.php\/2022\/12\/20\/marcos-caruso-oficializa-uniao-com-parceiro-em-lisboa\/","title":{"rendered":"Marcos Caruso oficializa uni\u00e3o com parceiro em Lisboa"},"content":{"rendered":"\n<p>O ator Marcos Caruso, de 70 anos, se casou com o t\u00e9cnico de enfermagem Marcos Paiva, de 55, no \u00faltimo final de semana. O casal est\u00e1 junto desde 2018. Caruso e Paiva aproveitaram uma viagem a Lisboa, em Portugal, para oficializar a uni\u00e3o. Atualmente, o ator est\u00e1 no ar na novela &#8220;Travessia&#8221;, de Gloria Perez.<\/p>\n\n\n\n<p>Marcos Paiva postou alguns registros do casamento no Instagram e recebeu felicita\u00e7\u00f5es de v\u00e1rios amigos do casal. &#8220;Parab\u00e9ns! Que beleza&#8221;, escreveu a atriz Ana Beatriz Nogueira. &#8220;Que lindos, meus amores&#8221;, disse Helo\u00edsa Periss\u00e8. &#8220;Que lindos, parab\u00e9ns&#8221;, comentou a atriz Claudia Neto.&nbsp;<\/p>\n\n\n\n<figure class=\"wp-block-image size-full\"><img fetchpriority=\"high\" decoding=\"async\" width=\"1000\" height=\"754\" src=\"https:\/\/portalmf.com.br\/wp-content\/uploads\/2022\/12\/marcos-paiva-e-marcos-caruso-trocaram-aliancas-em-lisboa.jpg\" alt=\"\" class=\"wp-image-6960\" srcset=\"https:\/\/portalmf.com.br\/wp-content\/uploads\/2022\/12\/marcos-paiva-e-marcos-caruso-trocaram-aliancas-em-lisboa.jpg 1000w, https:\/\/portalmf.com.br\/wp-content\/uploads\/2022\/12\/marcos-paiva-e-marcos-caruso-trocaram-aliancas-em-lisboa-300x226.jpg 300w, https:\/\/portalmf.com.br\/wp-content\/uploads\/2022\/12\/marcos-paiva-e-marcos-caruso-trocaram-aliancas-em-lisboa-768x579.jpg 768w, https:\/\/portalmf.com.br\/wp-content\/uploads\/2022\/12\/marcos-paiva-e-marcos-caruso-trocaram-aliancas-em-lisboa-585x441.jpg 585w\" sizes=\"(max-width: 1000px) 100vw, 1000px\" \/><\/figure>\n\n\n\n<p>O relacionamento de Marcos Caruso e Marcos Paiva ainda n\u00e3o era p\u00fablico e era conhecido apenas por alguns amigos do casal, como a atriz Vera Holtz, Susana Vieira e Eliane Giardini, que j\u00e1 apareceram em fotos com os dois. O perfil de Paiva mostra v\u00e1rias imagens de viagens rom\u00e2nticas dele com Caruso.<\/p>\n\n\n\n<p>Este n\u00e3o \u00e9 o primeiro casamento de Marcos Caruso. O ator foi casado por 20 anos com a atriz Jussara Freire. Eles t\u00eam dois filhos, Caetano e Mari, e tr\u00eas netos. O artista afirmou em entrevistas que j\u00e1 foi casado outras tr\u00eas vezes. Um desses enlaces foi com a bailarina\u00a0Dabi Calichio, com quem ele se relacionou por seis anos.\u00a0<\/p>\n\n\n\n<p>Com informa\u00e7\u00f5es do Jornal O Dia<\/p>\n","protected":false},"excerpt":{"rendered":"<p>O ator Marcos Caruso, de 70 anos, se casou com o t\u00e9cnico de enfermagem Marcos Paiva, de 55, no \u00faltimo final de semana. O casal est\u00e1 junto desde 2018. Caruso e Paiva aproveitaram uma viagem a Lisboa, em Portugal, para oficializar a uni\u00e3o. Atualmente, o ator est\u00e1 no ar na novela &#8220;Travessia&#8221;, de Gloria Perez. [&hellip;]<\/p>\n","protected":false},"author":3,"featured_media":6961,"comment_status":"open","ping_status":"open","sticky":false,"template":"","format":"standard","meta":{"_monsterinsights_skip_tracking":false,"_monsterinsights_sitenote_active":false,"_monsterinsights_sitenote_note":"","_monsterinsights_sitenote_category":0,"footnotes":""},"categories":[47,35],"tags":[],"yoast_head":"<!-- This site is optimized with the Yoast SEO plugin v22.9 - https:\/\/yoast.com\/wordpress\/plugins\/seo\/ -->\n<title>Marcos Caruso oficializa uni\u00e3o com parceiro em Lisboa - Portal MF<\/title>\n<meta name=\"robots\" content=\"index, follow, max-snippet:-1, max-image-preview:large, max-video-preview:-1\" \/>\n<link rel=\"canonical\" href=\"https:\/\/portalmf.com.br\/index.php\/2022\/12\/20\/marcos-caruso-oficializa-uniao-com-parceiro-em-lisboa\/\" \/>\n<meta property=\"og:locale\" content=\"pt_BR\" \/>\n<meta property=\"og:type\" content=\"article\" \/>\n<meta property=\"og:title\" content=\"Marcos Caruso oficializa uni\u00e3o com parceiro em Lisboa - Portal MF\" \/>\n<meta property=\"og:description\" content=\"O ator Marcos Caruso, de 70 anos, se casou com o t\u00e9cnico de enfermagem Marcos Paiva, de 55, no \u00faltimo final de semana. O casal est\u00e1 junto desde 2018. Caruso e Paiva aproveitaram uma viagem a Lisboa, em Portugal, para oficializar a uni\u00e3o. Atualmente, o ator est\u00e1 no ar na novela &#8220;Travessia&#8221;, de Gloria Perez. [&hellip;]\" \/>\n<meta property=\"og:url\" content=\"https:\/\/portalmf.com.br\/index.php\/2022\/12\/20\/marcos-caruso-oficializa-uniao-com-parceiro-em-lisboa\/\" \/>\n<meta property=\"og:site_name\" content=\"Portal MF\" \/>\n<meta property=\"article:author\" content=\"https:\/\/www.facebook.com\/portalmfoficial\" \/>\n<meta property=\"article:published_time\" content=\"2022-12-20T17:31:20+00:00\" \/>\n<meta property=\"article:modified_time\" content=\"2022-12-20T17:46:38+00:00\" \/>\n<meta property=\"og:image\" content=\"https:\/\/portalmf.com.br\/wp-content\/uploads\/2022\/12\/marcos-caruso-se-casa-com-marcos-paiva-em-portugal.jpg\" \/>\n\t<meta property=\"og:image:width\" content=\"1000\" \/>\n\t<meta property=\"og:image:height\" content=\"562\" \/>\n\t<meta property=\"og:image:type\" content=\"image\/jpeg\" \/>\n<meta name=\"author\" content=\"Reda\u00e7\u00e3o Portal MF\" \/>\n<meta name=\"twitter:card\" content=\"summary_large_image\" \/>\n<meta name=\"twitter:creator\" content=\"@https:\/\/x.com\/portalmfoficial\" \/>\n<meta name=\"twitter:label1\" content=\"Escrito por\" \/>\n\t<meta name=\"twitter:data1\" content=\"Reda\u00e7\u00e3o Portal MF\" \/>\n\t<meta name=\"twitter:label2\" content=\"Est. tempo de leitura\" \/>\n\t<meta name=\"twitter:data2\" content=\"2 minutos\" \/>\n<script type=\"application\/ld+json\" class=\"yoast-schema-graph\">{\"@context\":\"https:\/\/schema.org\",\"@graph\":[{\"@type\":\"WebPage\",\"@id\":\"https:\/\/portalmf.com.br\/index.php\/2022\/12\/20\/marcos-caruso-oficializa-uniao-com-parceiro-em-lisboa\/\",\"url\":\"https:\/\/portalmf.com.br\/index.php\/2022\/12\/20\/marcos-caruso-oficializa-uniao-com-parceiro-em-lisboa\/\",\"name\":\"Marcos Caruso oficializa uni\u00e3o com parceiro em Lisboa - Portal MF\",\"isPartOf\":{\"@id\":\"https:\/\/portalmf.com.br\/#website\"},\"primaryImageOfPage\":{\"@id\":\"https:\/\/portalmf.com.br\/index.php\/2022\/12\/20\/marcos-caruso-oficializa-uniao-com-parceiro-em-lisboa\/#primaryimage\"},\"image\":{\"@id\":\"https:\/\/portalmf.com.br\/index.php\/2022\/12\/20\/marcos-caruso-oficializa-uniao-com-parceiro-em-lisboa\/#primaryimage\"},\"thumbnailUrl\":\"https:\/\/portalmf.com.br\/wp-content\/uploads\/2022\/12\/marcos-caruso-se-casa-com-marcos-paiva-em-portugal.jpg\",\"datePublished\":\"2022-12-20T17:31:20+00:00\",\"dateModified\":\"2022-12-20T17:46:38+00:00\",\"author\":{\"@id\":\"https:\/\/portalmf.com.br\/#\/schema\/person\/9ec101baf56233e53520c26de5d6f6f0\"},\"breadcrumb\":{\"@id\":\"https:\/\/portalmf.com.br\/index.php\/2022\/12\/20\/marcos-caruso-oficializa-uniao-com-parceiro-em-lisboa\/#breadcrumb\"},\"inLanguage\":\"pt-BR\",\"potentialAction\":[{\"@type\":\"ReadAction\",\"target\":[\"https:\/\/portalmf.com.br\/index.php\/2022\/12\/20\/marcos-caruso-oficializa-uniao-com-parceiro-em-lisboa\/\"]}]},{\"@type\":\"ImageObject\",\"inLanguage\":\"pt-BR\",\"@id\":\"https:\/\/portalmf.com.br\/index.php\/2022\/12\/20\/marcos-caruso-oficializa-uniao-com-parceiro-em-lisboa\/#primaryimage\",\"url\":\"https:\/\/portalmf.com.br\/wp-content\/uploads\/2022\/12\/marcos-caruso-se-casa-com-marcos-paiva-em-portugal.jpg\",\"contentUrl\":\"https:\/\/portalmf.com.br\/wp-content\/uploads\/2022\/12\/marcos-caruso-se-casa-com-marcos-paiva-em-portugal.jpg\",\"width\":1000,\"height\":562},{\"@type\":\"BreadcrumbList\",\"@id\":\"https:\/\/portalmf.com.br\/index.php\/2022\/12\/20\/marcos-caruso-oficializa-uniao-com-parceiro-em-lisboa\/#breadcrumb\",\"itemListElement\":[{\"@type\":\"ListItem\",\"position\":1,\"name\":\"In\u00edcio\",\"item\":\"https:\/\/portalmf.com.br\/\"},{\"@type\":\"ListItem\",\"position\":2,\"name\":\"Marcos Caruso oficializa uni\u00e3o com parceiro em Lisboa\"}]},{\"@type\":\"WebSite\",\"@id\":\"https:\/\/portalmf.com.br\/#website\",\"url\":\"https:\/\/portalmf.com.br\/\",\"name\":\"Portal MF\",\"description\":\"Voc\u00ea conectado com a informa\u00e7\u00e3o\",\"potentialAction\":[{\"@type\":\"SearchAction\",\"target\":{\"@type\":\"EntryPoint\",\"urlTemplate\":\"https:\/\/portalmf.com.br\/?s={search_term_string}\"},\"query-input\":\"required name=search_term_string\"}],\"inLanguage\":\"pt-BR\"},{\"@type\":\"Person\",\"@id\":\"https:\/\/portalmf.com.br\/#\/schema\/person\/9ec101baf56233e53520c26de5d6f6f0\",\"name\":\"Reda\u00e7\u00e3o Portal MF\",\"image\":{\"@type\":\"ImageObject\",\"inLanguage\":\"pt-BR\",\"@id\":\"https:\/\/portalmf.com.br\/#\/schema\/person\/image\/\",\"url\":\"https:\/\/secure.gravatar.com\/avatar\/41b9aaeb2100835f7c64362330f74c7f?s=96&d=mm&r=g\",\"contentUrl\":\"https:\/\/secure.gravatar.com\/avatar\/41b9aaeb2100835f7c64362330f74c7f?s=96&d=mm&r=g\",\"caption\":\"Reda\u00e7\u00e3o Portal MF\"},\"description\":\"Sejam bem-vindos o portal de informa\u00e7\u00f5es de entretenimento de Feira de Santana, desde 2006 realiza coberturas dos principais eventos com entrevistas exclusivas com as principais personalidades mundiais. Fique conectado tamb\u00e9m nas redes sociais.\",\"sameAs\":[\"http:\/\/www.portalmf.com.br\/\",\"https:\/\/www.facebook.com\/portalmfoficial\",\"https:\/\/www.instagram.com\/portalmf\/\",\"https:\/\/x.com\/https:\/\/x.com\/portalmfoficial\",\"https:\/\/www.youtube.com\/@portalmfoficial\"],\"url\":\"https:\/\/portalmf.com.br\/index.php\/author\/junior\/\"}]}<\/script>\n<!-- \/ Yoast SEO plugin. -->","yoast_head_json":{"title":"Marcos Caruso oficializa uni\u00e3o com parceiro em Lisboa - Portal MF","robots":{"index":"index","follow":"follow","max-snippet":"max-snippet:-1","max-image-preview":"max-image-preview:large","max-video-preview":"max-video-preview:-1"},"canonical":"https:\/\/portalmf.com.br\/index.php\/2022\/12\/20\/marcos-caruso-oficializa-uniao-com-parceiro-em-lisboa\/","og_locale":"pt_BR","og_type":"article","og_title":"Marcos Caruso oficializa uni\u00e3o com parceiro em Lisboa - Portal MF","og_description":"O ator Marcos Caruso, de 70 anos, se casou com o t\u00e9cnico de enfermagem Marcos Paiva, de 55, no \u00faltimo final de semana. O casal est\u00e1 junto desde 2018. Caruso e Paiva aproveitaram uma viagem a Lisboa, em Portugal, para oficializar a uni\u00e3o. Atualmente, o ator est\u00e1 no ar na novela &#8220;Travessia&#8221;, de Gloria Perez. [&hellip;]","og_url":"https:\/\/portalmf.com.br\/index.php\/2022\/12\/20\/marcos-caruso-oficializa-uniao-com-parceiro-em-lisboa\/","og_site_name":"Portal MF","article_author":"https:\/\/www.facebook.com\/portalmfoficial","article_published_time":"2022-12-20T17:31:20+00:00","article_modified_time":"2022-12-20T17:46:38+00:00","og_image":[{"width":1000,"height":562,"url":"https:\/\/portalmf.com.br\/wp-content\/uploads\/2022\/12\/marcos-caruso-se-casa-com-marcos-paiva-em-portugal.jpg","type":"image\/jpeg"}],"author":"Reda\u00e7\u00e3o Portal MF","twitter_card":"summary_large_image","twitter_creator":"@https:\/\/x.com\/portalmfoficial","twitter_misc":{"Escrito por":"Reda\u00e7\u00e3o Portal MF","Est. tempo de leitura":"2 minutos"},"schema":{"@context":"https:\/\/schema.org","@graph":[{"@type":"WebPage","@id":"https:\/\/portalmf.com.br\/index.php\/2022\/12\/20\/marcos-caruso-oficializa-uniao-com-parceiro-em-lisboa\/","url":"https:\/\/portalmf.com.br\/index.php\/2022\/12\/20\/marcos-caruso-oficializa-uniao-com-parceiro-em-lisboa\/","name":"Marcos Caruso oficializa uni\u00e3o com parceiro em Lisboa - Portal MF","isPartOf":{"@id":"https:\/\/portalmf.com.br\/#website"},"primaryImageOfPage":{"@id":"https:\/\/portalmf.com.br\/index.php\/2022\/12\/20\/marcos-caruso-oficializa-uniao-com-parceiro-em-lisboa\/#primaryimage"},"image":{"@id":"https:\/\/portalmf.com.br\/index.php\/2022\/12\/20\/marcos-caruso-oficializa-uniao-com-parceiro-em-lisboa\/#primaryimage"},"thumbnailUrl":"https:\/\/portalmf.com.br\/wp-content\/uploads\/2022\/12\/marcos-caruso-se-casa-com-marcos-paiva-em-portugal.jpg","datePublished":"2022-12-20T17:31:20+00:00","dateModified":"2022-12-20T17:46:38+00:00","author":{"@id":"https:\/\/portalmf.com.br\/#\/schema\/person\/9ec101baf56233e53520c26de5d6f6f0"},"breadcrumb":{"@id":"https:\/\/portalmf.com.br\/index.php\/2022\/12\/20\/marcos-caruso-oficializa-uniao-com-parceiro-em-lisboa\/#breadcrumb"},"inLanguage":"pt-BR","potentialAction":[{"@type":"ReadAction","target":["https:\/\/portalmf.com.br\/index.php\/2022\/12\/20\/marcos-caruso-oficializa-uniao-com-parceiro-em-lisboa\/"]}]},{"@type":"ImageObject","inLanguage":"pt-BR","@id":"https:\/\/portalmf.com.br\/index.php\/2022\/12\/20\/marcos-caruso-oficializa-uniao-com-parceiro-em-lisboa\/#primaryimage","url":"https:\/\/portalmf.com.br\/wp-content\/uploads\/2022\/12\/marcos-caruso-se-casa-com-marcos-paiva-em-portugal.jpg","contentUrl":"https:\/\/portalmf.com.br\/wp-content\/uploads\/2022\/12\/marcos-caruso-se-casa-com-marcos-paiva-em-portugal.jpg","width":1000,"height":562},{"@type":"BreadcrumbList","@id":"https:\/\/portalmf.com.br\/index.php\/2022\/12\/20\/marcos-caruso-oficializa-uniao-com-parceiro-em-lisboa\/#breadcrumb","itemListElement":[{"@type":"ListItem","position":1,"name":"In\u00edcio","item":"https:\/\/portalmf.com.br\/"},{"@type":"ListItem","position":2,"name":"Marcos Caruso oficializa uni\u00e3o com parceiro em Lisboa"}]},{"@type":"WebSite","@id":"https:\/\/portalmf.com.br\/#website","url":"https:\/\/portalmf.com.br\/","name":"Portal MF","description":"Voc\u00ea conectado com a informa\u00e7\u00e3o","potentialAction":[{"@type":"SearchAction","target":{"@type":"EntryPoint","urlTemplate":"https:\/\/portalmf.com.br\/?s={search_term_string}"},"query-input":"required name=search_term_string"}],"inLanguage":"pt-BR"},{"@type":"Person","@id":"https:\/\/portalmf.com.br\/#\/schema\/person\/9ec101baf56233e53520c26de5d6f6f0","name":"Reda\u00e7\u00e3o Portal MF","image":{"@type":"ImageObject","inLanguage":"pt-BR","@id":"https:\/\/portalmf.com.br\/#\/schema\/person\/image\/","url":"https:\/\/secure.gravatar.com\/avatar\/41b9aaeb2100835f7c64362330f74c7f?s=96&d=mm&r=g","contentUrl":"https:\/\/secure.gravatar.com\/avatar\/41b9aaeb2100835f7c64362330f74c7f?s=96&d=mm&r=g","caption":"Reda\u00e7\u00e3o Portal MF"},"description":"Sejam bem-vindos o portal de informa\u00e7\u00f5es de entretenimento de Feira de Santana, desde 2006 realiza coberturas dos principais eventos com entrevistas exclusivas com as principais personalidades mundiais. Fique conectado tamb\u00e9m nas redes sociais.","sameAs":["http:\/\/www.portalmf.com.br\/","https:\/\/www.facebook.com\/portalmfoficial","https:\/\/www.instagram.com\/portalmf\/","https:\/\/x.com\/https:\/\/x.com\/portalmfoficial","https:\/\/www.youtube.com\/@portalmfoficial"],"url":"https:\/\/portalmf.com.br\/index.php\/author\/junior\/"}]}},"_links":{"self":[{"href":"https:\/\/portalmf.com.br\/index.php\/wp-json\/wp\/v2\/posts\/6959"}],"collection":[{"href":"https:\/\/portalmf.com.br\/index.php\/wp-json\/wp\/v2\/posts"}],"about":[{"href":"https:\/\/portalmf.com.br\/index.php\/wp-json\/wp\/v2\/types\/post"}],"author":[{"embeddable":true,"href":"https:\/\/portalmf.com.br\/index.php\/wp-json\/wp\/v2\/users\/3"}],"replies":[{"embeddable":true,"href":"https:\/\/portalmf.com.br\/index.php\/wp-json\/wp\/v2\/comments?post=6959"}],"version-history":[{"count":3,"href":"https:\/\/portalmf.com.br\/index.php\/wp-json\/wp\/v2\/posts\/6959\/revisions"}],"predecessor-version":[{"id":6965,"href":"https:\/\/portalmf.com.br\/index.php\/wp-json\/wp\/v2\/posts\/6959\/revisions\/6965"}],"wp:featuredmedia":[{"embeddable":true,"href":"https:\/\/portalmf.com.br\/index.php\/wp-json\/wp\/v2\/media\/6961"}],"wp:attachment":[{"href":"https:\/\/portalmf.com.br\/index.php\/wp-json\/wp\/v2\/media?parent=6959"}],"wp:term":[{"taxonomy":"category","embeddable":true,"href":"https:\/\/portalmf.com.br\/index.php\/wp-json\/wp\/v2\/categories?post=6959"},{"taxonomy":"post_tag","embeddable":true,"href":"https:\/\/portalmf.com.br\/index.php\/wp-json\/wp\/v2\/tags?post=6959"}],"curies":[{"name":"wp","href":"https:\/\/api.w.org\/{rel}","templated":true}]}}