{"id":6953,"date":"2022-12-19T18:44:00","date_gmt":"2022-12-19T21:44:00","guid":{"rendered":"https:\/\/portalmf.com.br\/?p=6953"},"modified":"2022-12-19T18:44:01","modified_gmt":"2022-12-19T21:44:01","slug":"simone-mendes-lanca-dvd-solo-e-fala-sobre-fim-da-dupla-com-a-irma-simaria","status":"publish","type":"post","link":"https:\/\/portalmf.com.br\/index.php\/2022\/12\/19\/simone-mendes-lanca-dvd-solo-e-fala-sobre-fim-da-dupla-com-a-irma-simaria\/","title":{"rendered":"Simone Mendes lan\u00e7a DVD solo e fala sobre fim da dupla com a irm\u00e3 Simaria"},"content":{"rendered":"\n<p>A rep\u00f3rter Ana Carolina Raimundi encontrou com Simone esta semana, em Itu, no interior de S\u00e3o Paulo, no dia da grava\u00e7\u00e3o do primeiro DVD solo da cantora. Na conversa, ela falou sobre os novos projetos e o ano atribulado que foi 2022.<\/p>\n\n\n\n<p>A cantora n\u00e3o fugiu das perguntas dif\u00edceis e confessou que estava nervosa para falar sobre o novo momento da carreira, depois do fim da dupla com a irm\u00e3 Simaria.<\/p>\n\n\n\n<p><em>\u201c\u00c9 muito diferente, \u00e9 muito diferente. Voc\u00ea sabe que voc\u00ea conviver muitos anos ao lado de uma pessoa e de repente tudo muda porque o ciclo se encerrou. E a\u00ed voc\u00ea come\u00e7a a viver uma nova hist\u00f3ria. Ent\u00e3o tudo \u00e9 muito novo\u201d,<\/em> disse.<\/p>\n\n\n\n<p>Simone precisou se reinventar. Depois de 18 anos de muito sucesso ao lado da irm\u00e3, elas anunciaram o fim da dupla em agosto.<\/p>\n\n\n\n<p><em>\u201cVou falar para voc\u00ea que foi a fase mais dura da minha vida, a dor mais terr\u00edvel que vivi, fiquei muitos dias sem dormir. Crises de ansiedade. Foi muito dif\u00edcil. Nossa, muito dif\u00edcil. Ent\u00e3o eu acredito que eu precisei viver isso para que a vida me mostre do por que que eu tenho que estar aqui, fazendo o que eu estou fazendo hoje, vivendo o que eu tenho que viver hoje<\/em>\u201d, diz Simone.<\/p>\n\n\n\n<p>Ela confessa que j\u00e1 havia pensado em parar com a carreira e relembra a fase dif\u00edcil que a dupla passou com a doen\u00e7a da irm\u00e3. Em 2018, Simaria se afastou dos palcos para tratar uma tuberculose ganglionar.<\/p>\n\n\n\n<p>Sobre a irm\u00e3, Simone afirmou:<\/p>\n\n\n\n<p><em>\u201c\u00c9 um amor que n\u00e3o cabe na alma, no peito, \u00e9 uma das pe\u00e7as mais importantes da minha vida.\u201d<\/em><\/p>\n\n\n\n<p>A paix\u00e3o \u00e9 o motor do novo trabalho que foi batizado por ela de &#8220;Cintilante&#8221;. S\u00e3o 12 m\u00fasicas in\u00e9ditas e, nessa nova fase, tudo foi escolhido por Simone.<\/p>\n\n\n\n<p><em>\u201c\u00c9 o in\u00edcio de um novo tempo, \u00e9 o in\u00edcio do meu filho, do meu beb\u00ea que vai nascer, que \u00e9 o meu DVD, o meu trabalho, a minha m\u00fasica que vai sozinha para a rua, para estrada, para TV, para r\u00e1dio. Ent\u00e3o \u00e9 um ciclo novo, \u00e9 a virada de chave para a minha hist\u00f3ria continuar\u201d,<\/em> diz Simone.<\/p>\n\n\n\n<p>Com informa\u00e7\u00f5es do Fant\u00e1stico \/ G1<\/p>\n","protected":false},"excerpt":{"rendered":"<p>A rep\u00f3rter Ana Carolina Raimundi encontrou com Simone esta semana, em Itu, no interior de S\u00e3o Paulo, no dia da grava\u00e7\u00e3o do primeiro DVD solo da cantora. Na conversa, ela falou sobre os novos projetos e o ano atribulado que foi 2022. A cantora n\u00e3o fugiu das perguntas dif\u00edceis e confessou que estava nervosa para [&hellip;]<\/p>\n","protected":false},"author":3,"featured_media":6954,"comment_status":"open","ping_status":"open","sticky":false,"template":"","format":"standard","meta":{"_monsterinsights_skip_tracking":false,"_monsterinsights_sitenote_active":false,"_monsterinsights_sitenote_note":"","_monsterinsights_sitenote_category":0,"footnotes":""},"categories":[47,36],"tags":[],"yoast_head":"<!-- This site is optimized with the Yoast SEO plugin v22.9 - https:\/\/yoast.com\/wordpress\/plugins\/seo\/ -->\n<title>Simone Mendes lan\u00e7a DVD solo e fala sobre fim da dupla com a irm\u00e3 Simaria - Portal MF<\/title>\n<meta name=\"robots\" content=\"index, follow, max-snippet:-1, max-image-preview:large, max-video-preview:-1\" \/>\n<link rel=\"canonical\" href=\"https:\/\/portalmf.com.br\/index.php\/2022\/12\/19\/simone-mendes-lanca-dvd-solo-e-fala-sobre-fim-da-dupla-com-a-irma-simaria\/\" \/>\n<meta property=\"og:locale\" content=\"pt_BR\" \/>\n<meta property=\"og:type\" content=\"article\" \/>\n<meta property=\"og:title\" content=\"Simone Mendes lan\u00e7a DVD solo e fala sobre fim da dupla com a irm\u00e3 Simaria - Portal MF\" \/>\n<meta property=\"og:description\" content=\"A rep\u00f3rter Ana Carolina Raimundi encontrou com Simone esta semana, em Itu, no interior de S\u00e3o Paulo, no dia da grava\u00e7\u00e3o do primeiro DVD solo da cantora. Na conversa, ela falou sobre os novos projetos e o ano atribulado que foi 2022. A cantora n\u00e3o fugiu das perguntas dif\u00edceis e confessou que estava nervosa para [&hellip;]\" \/>\n<meta property=\"og:url\" content=\"https:\/\/portalmf.com.br\/index.php\/2022\/12\/19\/simone-mendes-lanca-dvd-solo-e-fala-sobre-fim-da-dupla-com-a-irma-simaria\/\" \/>\n<meta property=\"og:site_name\" content=\"Portal MF\" \/>\n<meta property=\"article:author\" content=\"https:\/\/www.facebook.com\/portalmfoficial\" \/>\n<meta property=\"article:published_time\" content=\"2022-12-19T21:44:00+00:00\" \/>\n<meta property=\"article:modified_time\" content=\"2022-12-19T21:44:01+00:00\" \/>\n<meta property=\"og:image\" content=\"https:\/\/portalmf.com.br\/wp-content\/uploads\/2022\/12\/fant-entrevista-simone-2-cmj00157-c0001-frame-41537.jpg\" \/>\n\t<meta property=\"og:image:width\" content=\"1008\" \/>\n\t<meta property=\"og:image:height\" content=\"567\" \/>\n\t<meta property=\"og:image:type\" content=\"image\/jpeg\" \/>\n<meta name=\"author\" content=\"Reda\u00e7\u00e3o Portal MF\" \/>\n<meta name=\"twitter:card\" content=\"summary_large_image\" \/>\n<meta name=\"twitter:creator\" content=\"@https:\/\/x.com\/portalmfoficial\" \/>\n<meta name=\"twitter:label1\" content=\"Escrito por\" \/>\n\t<meta name=\"twitter:data1\" content=\"Reda\u00e7\u00e3o Portal MF\" \/>\n\t<meta name=\"twitter:label2\" content=\"Est. tempo de leitura\" \/>\n\t<meta name=\"twitter:data2\" content=\"3 minutos\" \/>\n<script type=\"application\/ld+json\" class=\"yoast-schema-graph\">{\"@context\":\"https:\/\/schema.org\",\"@graph\":[{\"@type\":\"WebPage\",\"@id\":\"https:\/\/portalmf.com.br\/index.php\/2022\/12\/19\/simone-mendes-lanca-dvd-solo-e-fala-sobre-fim-da-dupla-com-a-irma-simaria\/\",\"url\":\"https:\/\/portalmf.com.br\/index.php\/2022\/12\/19\/simone-mendes-lanca-dvd-solo-e-fala-sobre-fim-da-dupla-com-a-irma-simaria\/\",\"name\":\"Simone Mendes lan\u00e7a DVD solo e fala sobre fim da dupla com a irm\u00e3 Simaria - Portal MF\",\"isPartOf\":{\"@id\":\"https:\/\/portalmf.com.br\/#website\"},\"primaryImageOfPage\":{\"@id\":\"https:\/\/portalmf.com.br\/index.php\/2022\/12\/19\/simone-mendes-lanca-dvd-solo-e-fala-sobre-fim-da-dupla-com-a-irma-simaria\/#primaryimage\"},\"image\":{\"@id\":\"https:\/\/portalmf.com.br\/index.php\/2022\/12\/19\/simone-mendes-lanca-dvd-solo-e-fala-sobre-fim-da-dupla-com-a-irma-simaria\/#primaryimage\"},\"thumbnailUrl\":\"https:\/\/portalmf.com.br\/wp-content\/uploads\/2022\/12\/fant-entrevista-simone-2-cmj00157-c0001-frame-41537.jpg\",\"datePublished\":\"2022-12-19T21:44:00+00:00\",\"dateModified\":\"2022-12-19T21:44:01+00:00\",\"author\":{\"@id\":\"https:\/\/portalmf.com.br\/#\/schema\/person\/9ec101baf56233e53520c26de5d6f6f0\"},\"breadcrumb\":{\"@id\":\"https:\/\/portalmf.com.br\/index.php\/2022\/12\/19\/simone-mendes-lanca-dvd-solo-e-fala-sobre-fim-da-dupla-com-a-irma-simaria\/#breadcrumb\"},\"inLanguage\":\"pt-BR\",\"potentialAction\":[{\"@type\":\"ReadAction\",\"target\":[\"https:\/\/portalmf.com.br\/index.php\/2022\/12\/19\/simone-mendes-lanca-dvd-solo-e-fala-sobre-fim-da-dupla-com-a-irma-simaria\/\"]}]},{\"@type\":\"ImageObject\",\"inLanguage\":\"pt-BR\",\"@id\":\"https:\/\/portalmf.com.br\/index.php\/2022\/12\/19\/simone-mendes-lanca-dvd-solo-e-fala-sobre-fim-da-dupla-com-a-irma-simaria\/#primaryimage\",\"url\":\"https:\/\/portalmf.com.br\/wp-content\/uploads\/2022\/12\/fant-entrevista-simone-2-cmj00157-c0001-frame-41537.jpg\",\"contentUrl\":\"https:\/\/portalmf.com.br\/wp-content\/uploads\/2022\/12\/fant-entrevista-simone-2-cmj00157-c0001-frame-41537.jpg\",\"width\":1008,\"height\":567},{\"@type\":\"BreadcrumbList\",\"@id\":\"https:\/\/portalmf.com.br\/index.php\/2022\/12\/19\/simone-mendes-lanca-dvd-solo-e-fala-sobre-fim-da-dupla-com-a-irma-simaria\/#breadcrumb\",\"itemListElement\":[{\"@type\":\"ListItem\",\"position\":1,\"name\":\"In\u00edcio\",\"item\":\"https:\/\/portalmf.com.br\/\"},{\"@type\":\"ListItem\",\"position\":2,\"name\":\"Simone Mendes lan\u00e7a DVD solo e fala sobre fim da dupla com a irm\u00e3 Simaria\"}]},{\"@type\":\"WebSite\",\"@id\":\"https:\/\/portalmf.com.br\/#website\",\"url\":\"https:\/\/portalmf.com.br\/\",\"name\":\"Portal MF\",\"description\":\"Voc\u00ea conectado com a informa\u00e7\u00e3o\",\"potentialAction\":[{\"@type\":\"SearchAction\",\"target\":{\"@type\":\"EntryPoint\",\"urlTemplate\":\"https:\/\/portalmf.com.br\/?s={search_term_string}\"},\"query-input\":\"required name=search_term_string\"}],\"inLanguage\":\"pt-BR\"},{\"@type\":\"Person\",\"@id\":\"https:\/\/portalmf.com.br\/#\/schema\/person\/9ec101baf56233e53520c26de5d6f6f0\",\"name\":\"Reda\u00e7\u00e3o Portal MF\",\"image\":{\"@type\":\"ImageObject\",\"inLanguage\":\"pt-BR\",\"@id\":\"https:\/\/portalmf.com.br\/#\/schema\/person\/image\/\",\"url\":\"https:\/\/secure.gravatar.com\/avatar\/41b9aaeb2100835f7c64362330f74c7f?s=96&d=mm&r=g\",\"contentUrl\":\"https:\/\/secure.gravatar.com\/avatar\/41b9aaeb2100835f7c64362330f74c7f?s=96&d=mm&r=g\",\"caption\":\"Reda\u00e7\u00e3o Portal MF\"},\"description\":\"Sejam bem-vindos o portal de informa\u00e7\u00f5es de entretenimento de Feira de Santana, desde 2006 realiza coberturas dos principais eventos com entrevistas exclusivas com as principais personalidades mundiais. Fique conectado tamb\u00e9m nas redes sociais.\",\"sameAs\":[\"http:\/\/www.portalmf.com.br\/\",\"https:\/\/www.facebook.com\/portalmfoficial\",\"https:\/\/www.instagram.com\/portalmf\/\",\"https:\/\/x.com\/https:\/\/x.com\/portalmfoficial\",\"https:\/\/www.youtube.com\/@portalmfoficial\"],\"url\":\"https:\/\/portalmf.com.br\/index.php\/author\/junior\/\"}]}<\/script>\n<!-- \/ Yoast SEO plugin. -->","yoast_head_json":{"title":"Simone Mendes lan\u00e7a DVD solo e fala sobre fim da dupla com a irm\u00e3 Simaria - Portal MF","robots":{"index":"index","follow":"follow","max-snippet":"max-snippet:-1","max-image-preview":"max-image-preview:large","max-video-preview":"max-video-preview:-1"},"canonical":"https:\/\/portalmf.com.br\/index.php\/2022\/12\/19\/simone-mendes-lanca-dvd-solo-e-fala-sobre-fim-da-dupla-com-a-irma-simaria\/","og_locale":"pt_BR","og_type":"article","og_title":"Simone Mendes lan\u00e7a DVD solo e fala sobre fim da dupla com a irm\u00e3 Simaria - Portal MF","og_description":"A rep\u00f3rter Ana Carolina Raimundi encontrou com Simone esta semana, em Itu, no interior de S\u00e3o Paulo, no dia da grava\u00e7\u00e3o do primeiro DVD solo da cantora. Na conversa, ela falou sobre os novos projetos e o ano atribulado que foi 2022. A cantora n\u00e3o fugiu das perguntas dif\u00edceis e confessou que estava nervosa para [&hellip;]","og_url":"https:\/\/portalmf.com.br\/index.php\/2022\/12\/19\/simone-mendes-lanca-dvd-solo-e-fala-sobre-fim-da-dupla-com-a-irma-simaria\/","og_site_name":"Portal MF","article_author":"https:\/\/www.facebook.com\/portalmfoficial","article_published_time":"2022-12-19T21:44:00+00:00","article_modified_time":"2022-12-19T21:44:01+00:00","og_image":[{"width":1008,"height":567,"url":"https:\/\/portalmf.com.br\/wp-content\/uploads\/2022\/12\/fant-entrevista-simone-2-cmj00157-c0001-frame-41537.jpg","type":"image\/jpeg"}],"author":"Reda\u00e7\u00e3o Portal MF","twitter_card":"summary_large_image","twitter_creator":"@https:\/\/x.com\/portalmfoficial","twitter_misc":{"Escrito por":"Reda\u00e7\u00e3o Portal MF","Est. tempo de leitura":"3 minutos"},"schema":{"@context":"https:\/\/schema.org","@graph":[{"@type":"WebPage","@id":"https:\/\/portalmf.com.br\/index.php\/2022\/12\/19\/simone-mendes-lanca-dvd-solo-e-fala-sobre-fim-da-dupla-com-a-irma-simaria\/","url":"https:\/\/portalmf.com.br\/index.php\/2022\/12\/19\/simone-mendes-lanca-dvd-solo-e-fala-sobre-fim-da-dupla-com-a-irma-simaria\/","name":"Simone Mendes lan\u00e7a DVD solo e fala sobre fim da dupla com a irm\u00e3 Simaria - Portal MF","isPartOf":{"@id":"https:\/\/portalmf.com.br\/#website"},"primaryImageOfPage":{"@id":"https:\/\/portalmf.com.br\/index.php\/2022\/12\/19\/simone-mendes-lanca-dvd-solo-e-fala-sobre-fim-da-dupla-com-a-irma-simaria\/#primaryimage"},"image":{"@id":"https:\/\/portalmf.com.br\/index.php\/2022\/12\/19\/simone-mendes-lanca-dvd-solo-e-fala-sobre-fim-da-dupla-com-a-irma-simaria\/#primaryimage"},"thumbnailUrl":"https:\/\/portalmf.com.br\/wp-content\/uploads\/2022\/12\/fant-entrevista-simone-2-cmj00157-c0001-frame-41537.jpg","datePublished":"2022-12-19T21:44:00+00:00","dateModified":"2022-12-19T21:44:01+00:00","author":{"@id":"https:\/\/portalmf.com.br\/#\/schema\/person\/9ec101baf56233e53520c26de5d6f6f0"},"breadcrumb":{"@id":"https:\/\/portalmf.com.br\/index.php\/2022\/12\/19\/simone-mendes-lanca-dvd-solo-e-fala-sobre-fim-da-dupla-com-a-irma-simaria\/#breadcrumb"},"inLanguage":"pt-BR","potentialAction":[{"@type":"ReadAction","target":["https:\/\/portalmf.com.br\/index.php\/2022\/12\/19\/simone-mendes-lanca-dvd-solo-e-fala-sobre-fim-da-dupla-com-a-irma-simaria\/"]}]},{"@type":"ImageObject","inLanguage":"pt-BR","@id":"https:\/\/portalmf.com.br\/index.php\/2022\/12\/19\/simone-mendes-lanca-dvd-solo-e-fala-sobre-fim-da-dupla-com-a-irma-simaria\/#primaryimage","url":"https:\/\/portalmf.com.br\/wp-content\/uploads\/2022\/12\/fant-entrevista-simone-2-cmj00157-c0001-frame-41537.jpg","contentUrl":"https:\/\/portalmf.com.br\/wp-content\/uploads\/2022\/12\/fant-entrevista-simone-2-cmj00157-c0001-frame-41537.jpg","width":1008,"height":567},{"@type":"BreadcrumbList","@id":"https:\/\/portalmf.com.br\/index.php\/2022\/12\/19\/simone-mendes-lanca-dvd-solo-e-fala-sobre-fim-da-dupla-com-a-irma-simaria\/#breadcrumb","itemListElement":[{"@type":"ListItem","position":1,"name":"In\u00edcio","item":"https:\/\/portalmf.com.br\/"},{"@type":"ListItem","position":2,"name":"Simone Mendes lan\u00e7a DVD solo e fala sobre fim da dupla com a irm\u00e3 Simaria"}]},{"@type":"WebSite","@id":"https:\/\/portalmf.com.br\/#website","url":"https:\/\/portalmf.com.br\/","name":"Portal MF","description":"Voc\u00ea conectado com a informa\u00e7\u00e3o","potentialAction":[{"@type":"SearchAction","target":{"@type":"EntryPoint","urlTemplate":"https:\/\/portalmf.com.br\/?s={search_term_string}"},"query-input":"required name=search_term_string"}],"inLanguage":"pt-BR"},{"@type":"Person","@id":"https:\/\/portalmf.com.br\/#\/schema\/person\/9ec101baf56233e53520c26de5d6f6f0","name":"Reda\u00e7\u00e3o Portal MF","image":{"@type":"ImageObject","inLanguage":"pt-BR","@id":"https:\/\/portalmf.com.br\/#\/schema\/person\/image\/","url":"https:\/\/secure.gravatar.com\/avatar\/41b9aaeb2100835f7c64362330f74c7f?s=96&d=mm&r=g","contentUrl":"https:\/\/secure.gravatar.com\/avatar\/41b9aaeb2100835f7c64362330f74c7f?s=96&d=mm&r=g","caption":"Reda\u00e7\u00e3o Portal MF"},"description":"Sejam bem-vindos o portal de informa\u00e7\u00f5es de entretenimento de Feira de Santana, desde 2006 realiza coberturas dos principais eventos com entrevistas exclusivas com as principais personalidades mundiais. Fique conectado tamb\u00e9m nas redes sociais.","sameAs":["http:\/\/www.portalmf.com.br\/","https:\/\/www.facebook.com\/portalmfoficial","https:\/\/www.instagram.com\/portalmf\/","https:\/\/x.com\/https:\/\/x.com\/portalmfoficial","https:\/\/www.youtube.com\/@portalmfoficial"],"url":"https:\/\/portalmf.com.br\/index.php\/author\/junior\/"}]}},"_links":{"self":[{"href":"https:\/\/portalmf.com.br\/index.php\/wp-json\/wp\/v2\/posts\/6953"}],"collection":[{"href":"https:\/\/portalmf.com.br\/index.php\/wp-json\/wp\/v2\/posts"}],"about":[{"href":"https:\/\/portalmf.com.br\/index.php\/wp-json\/wp\/v2\/types\/post"}],"author":[{"embeddable":true,"href":"https:\/\/portalmf.com.br\/index.php\/wp-json\/wp\/v2\/users\/3"}],"replies":[{"embeddable":true,"href":"https:\/\/portalmf.com.br\/index.php\/wp-json\/wp\/v2\/comments?post=6953"}],"version-history":[{"count":1,"href":"https:\/\/portalmf.com.br\/index.php\/wp-json\/wp\/v2\/posts\/6953\/revisions"}],"predecessor-version":[{"id":6955,"href":"https:\/\/portalmf.com.br\/index.php\/wp-json\/wp\/v2\/posts\/6953\/revisions\/6955"}],"wp:featuredmedia":[{"embeddable":true,"href":"https:\/\/portalmf.com.br\/index.php\/wp-json\/wp\/v2\/media\/6954"}],"wp:attachment":[{"href":"https:\/\/portalmf.com.br\/index.php\/wp-json\/wp\/v2\/media?parent=6953"}],"wp:term":[{"taxonomy":"category","embeddable":true,"href":"https:\/\/portalmf.com.br\/index.php\/wp-json\/wp\/v2\/categories?post=6953"},{"taxonomy":"post_tag","embeddable":true,"href":"https:\/\/portalmf.com.br\/index.php\/wp-json\/wp\/v2\/tags?post=6953"}],"curies":[{"name":"wp","href":"https:\/\/api.w.org\/{rel}","templated":true}]}}