{"id":6938,"date":"2022-12-19T17:41:49","date_gmt":"2022-12-19T20:41:49","guid":{"rendered":"https:\/\/portalmf.com.br\/?p=6938"},"modified":"2022-12-19T17:41:50","modified_gmt":"2022-12-19T20:41:50","slug":"credenciamento-de-ambulantes-para-virada-salvador-comeca-na-segunda-19","status":"publish","type":"post","link":"https:\/\/portalmf.com.br\/index.php\/2022\/12\/19\/credenciamento-de-ambulantes-para-virada-salvador-comeca-na-segunda-19\/","title":{"rendered":"Credenciamento de ambulantes para Virada Salvador come\u00e7a na segunda (19)"},"content":{"rendered":"\n<p>A Secretaria Municipal de Ordem P\u00fablica (Semop) realiza, a partir das 10h da pr\u00f3xima segunda-feira (19) at\u00e9 as 12h do dia 20 de dezembro, o cadastramento de ambulantes para o Festival da Virada Salvador 2023, que ocorre de 28 de dezembro a 1\u00b0 de janeiro, na Boca do Rio. Ser\u00e3o ofertadas 600 licen\u00e7as e os interessados devem acessar o Sistema de Cadastramento de Ambulantes, atrav\u00e9s do site <a href=\"http:\/\/www.sca.salvador.ba.gov.br\/\">www.sca.salvador.ba.gov.br<\/a> . O valor da licen\u00e7a ser\u00e1 de R$183,67.<\/p>\n\n\n\n<p>Ap\u00f3s o cadastro e pagamento do Documento de Arrecada\u00e7\u00e3o Municipal (DAM), que ser\u00e1 emitido pelo site, o ambulante dever\u00e1 comparecer entre os dias 26 e 27, no centro de distribui\u00e7\u00e3o da patrocinadora do evento, localizado no Parque dos Ventos, na Avenida Oct\u00e1vio Mangabeira, s\/n, Boca do Rio, das 10h \u00e0s 17h. Na ocasi\u00e3o, dever\u00e1 ser apresentado os originais do DAM, comprovante de pagamento e documento de identidade original. N\u00e3o ser\u00e3o aceitas c\u00f3pias.<\/p>\n\n\n\n<p>No local, os ambulantes poder\u00e3o para retirar os kits com isopores e participar de palestras sobre a legisla\u00e7\u00e3o municipal, licenciamento, t\u00e9cnicas de vendas, permiss\u00e3o de produtos, no\u00e7\u00f5es de higiene, proibi\u00e7\u00e3o de trabalho infantil e venda de bebida alco\u00f3lica para menores de 18 anos. O acesso ao local do evento s\u00f3 ser\u00e1 permitido mediante apresenta\u00e7\u00e3o de RG e CPF do licenciado.<\/p>\n\n\n\n<p><em>\u201cSabemos que conceder essas licen\u00e7as \u00e9 contribuir para a gera\u00e7\u00e3o de emprego e renda para os ambulantes que atuam na nossa cidade. Por isso, estamos atuando em esquema de for\u00e7a-tarefa para garantir que o processo seja feito com ordenamento e da melhor forma poss\u00edvel, para contemplar quem mais precisa\u201d, <\/em>destacou o titular da Semop e presidente da Empresa de Limpeza Urbana de Salvador (Limpurb), Omar Gordilho.<\/p>\n\n\n\n<p><strong>Proibi\u00e7\u00f5es \u2013 <\/strong>N\u00e3o ser\u00e1 permitida a comercializa\u00e7\u00e3o de produtos em carros de m\u00e3o, carros-prancha, fogareiros, caixotes, churrasqueiras, nem bebidas pr\u00e9-preparadas artesanalmente. Tamb\u00e9m \u00e9 proibido o uso de embalagens reaproveitadas de vidro, alum\u00ednio ou lou\u00e7as, que devem ser substitu\u00eddas por descart\u00e1veis.<\/p>\n\n\n\n<p>Todo material irregular ser\u00e1 apreendido pelas equipes de fiscaliza\u00e7\u00e3o e ser\u00e3o encaminhados para o Setor de Guarda de Bens Apreendidos (Segub), situado na Avenida San Martin, na sede da Guarda Civil Municipal. Para recuperar o material, o permission\u00e1rio dever\u00e1 comparecer \u00e0 Segub depois do encerramento da referida festa, munido de documento de identidade, auto ou lacre de apreens\u00e3o, mediante pagamento de multa no valor de R$151,33.<\/p>\n","protected":false},"excerpt":{"rendered":"<p>A Secretaria Municipal de Ordem P\u00fablica (Semop) realiza, a partir das 10h da pr\u00f3xima segunda-feira (19) at\u00e9 as 12h do dia 20 de dezembro, o cadastramento de ambulantes para o Festival da Virada Salvador 2023, que ocorre de 28 de dezembro a 1\u00b0 de janeiro, na Boca do Rio. Ser\u00e3o ofertadas 600 licen\u00e7as e os [&hellip;]<\/p>\n","protected":false},"author":3,"featured_media":6939,"comment_status":"open","ping_status":"open","sticky":false,"template":"","format":"standard","meta":{"_monsterinsights_skip_tracking":false,"_monsterinsights_sitenote_active":false,"_monsterinsights_sitenote_note":"","_monsterinsights_sitenote_category":0,"footnotes":""},"categories":[45],"tags":[],"yoast_head":"<!-- This site is optimized with the Yoast SEO plugin v22.9 - https:\/\/yoast.com\/wordpress\/plugins\/seo\/ -->\n<title>Credenciamento de ambulantes para Virada Salvador come\u00e7a na segunda (19) - Portal MF<\/title>\n<meta name=\"robots\" content=\"index, follow, max-snippet:-1, max-image-preview:large, max-video-preview:-1\" \/>\n<link rel=\"canonical\" href=\"https:\/\/portalmf.com.br\/index.php\/2022\/12\/19\/credenciamento-de-ambulantes-para-virada-salvador-comeca-na-segunda-19\/\" \/>\n<meta property=\"og:locale\" content=\"pt_BR\" \/>\n<meta property=\"og:type\" content=\"article\" \/>\n<meta property=\"og:title\" content=\"Credenciamento de ambulantes para Virada Salvador come\u00e7a na segunda (19) - Portal MF\" \/>\n<meta property=\"og:description\" content=\"A Secretaria Municipal de Ordem P\u00fablica (Semop) realiza, a partir das 10h da pr\u00f3xima segunda-feira (19) at\u00e9 as 12h do dia 20 de dezembro, o cadastramento de ambulantes para o Festival da Virada Salvador 2023, que ocorre de 28 de dezembro a 1\u00b0 de janeiro, na Boca do Rio. Ser\u00e3o ofertadas 600 licen\u00e7as e os [&hellip;]\" \/>\n<meta property=\"og:url\" content=\"https:\/\/portalmf.com.br\/index.php\/2022\/12\/19\/credenciamento-de-ambulantes-para-virada-salvador-comeca-na-segunda-19\/\" \/>\n<meta property=\"og:site_name\" content=\"Portal MF\" \/>\n<meta property=\"article:author\" content=\"https:\/\/www.facebook.com\/portalmfoficial\" \/>\n<meta property=\"article:published_time\" content=\"2022-12-19T20:41:49+00:00\" \/>\n<meta property=\"article:modified_time\" content=\"2022-12-19T20:41:50+00:00\" \/>\n<meta property=\"og:image\" content=\"https:\/\/portalmf.com.br\/wp-content\/uploads\/2022\/12\/FESTIVAL-DA-VIRADA.jpg\" \/>\n\t<meta property=\"og:image:width\" content=\"940\" \/>\n\t<meta property=\"og:image:height\" content=\"585\" \/>\n\t<meta property=\"og:image:type\" content=\"image\/jpeg\" \/>\n<meta name=\"author\" content=\"Reda\u00e7\u00e3o Portal MF\" \/>\n<meta name=\"twitter:card\" content=\"summary_large_image\" \/>\n<meta name=\"twitter:creator\" content=\"@https:\/\/x.com\/portalmfoficial\" \/>\n<meta name=\"twitter:label1\" content=\"Escrito por\" \/>\n\t<meta name=\"twitter:data1\" content=\"Reda\u00e7\u00e3o Portal MF\" \/>\n\t<meta name=\"twitter:label2\" content=\"Est. tempo de leitura\" \/>\n\t<meta name=\"twitter:data2\" content=\"3 minutos\" \/>\n<script type=\"application\/ld+json\" class=\"yoast-schema-graph\">{\"@context\":\"https:\/\/schema.org\",\"@graph\":[{\"@type\":\"WebPage\",\"@id\":\"https:\/\/portalmf.com.br\/index.php\/2022\/12\/19\/credenciamento-de-ambulantes-para-virada-salvador-comeca-na-segunda-19\/\",\"url\":\"https:\/\/portalmf.com.br\/index.php\/2022\/12\/19\/credenciamento-de-ambulantes-para-virada-salvador-comeca-na-segunda-19\/\",\"name\":\"Credenciamento de ambulantes para Virada Salvador come\u00e7a na segunda (19) - Portal MF\",\"isPartOf\":{\"@id\":\"https:\/\/portalmf.com.br\/#website\"},\"primaryImageOfPage\":{\"@id\":\"https:\/\/portalmf.com.br\/index.php\/2022\/12\/19\/credenciamento-de-ambulantes-para-virada-salvador-comeca-na-segunda-19\/#primaryimage\"},\"image\":{\"@id\":\"https:\/\/portalmf.com.br\/index.php\/2022\/12\/19\/credenciamento-de-ambulantes-para-virada-salvador-comeca-na-segunda-19\/#primaryimage\"},\"thumbnailUrl\":\"https:\/\/portalmf.com.br\/wp-content\/uploads\/2022\/12\/FESTIVAL-DA-VIRADA.jpg\",\"datePublished\":\"2022-12-19T20:41:49+00:00\",\"dateModified\":\"2022-12-19T20:41:50+00:00\",\"author\":{\"@id\":\"https:\/\/portalmf.com.br\/#\/schema\/person\/9ec101baf56233e53520c26de5d6f6f0\"},\"breadcrumb\":{\"@id\":\"https:\/\/portalmf.com.br\/index.php\/2022\/12\/19\/credenciamento-de-ambulantes-para-virada-salvador-comeca-na-segunda-19\/#breadcrumb\"},\"inLanguage\":\"pt-BR\",\"potentialAction\":[{\"@type\":\"ReadAction\",\"target\":[\"https:\/\/portalmf.com.br\/index.php\/2022\/12\/19\/credenciamento-de-ambulantes-para-virada-salvador-comeca-na-segunda-19\/\"]}]},{\"@type\":\"ImageObject\",\"inLanguage\":\"pt-BR\",\"@id\":\"https:\/\/portalmf.com.br\/index.php\/2022\/12\/19\/credenciamento-de-ambulantes-para-virada-salvador-comeca-na-segunda-19\/#primaryimage\",\"url\":\"https:\/\/portalmf.com.br\/wp-content\/uploads\/2022\/12\/FESTIVAL-DA-VIRADA.jpg\",\"contentUrl\":\"https:\/\/portalmf.com.br\/wp-content\/uploads\/2022\/12\/FESTIVAL-DA-VIRADA.jpg\",\"width\":940,\"height\":585},{\"@type\":\"BreadcrumbList\",\"@id\":\"https:\/\/portalmf.com.br\/index.php\/2022\/12\/19\/credenciamento-de-ambulantes-para-virada-salvador-comeca-na-segunda-19\/#breadcrumb\",\"itemListElement\":[{\"@type\":\"ListItem\",\"position\":1,\"name\":\"In\u00edcio\",\"item\":\"https:\/\/portalmf.com.br\/\"},{\"@type\":\"ListItem\",\"position\":2,\"name\":\"Credenciamento de ambulantes para Virada Salvador come\u00e7a na segunda (19)\"}]},{\"@type\":\"WebSite\",\"@id\":\"https:\/\/portalmf.com.br\/#website\",\"url\":\"https:\/\/portalmf.com.br\/\",\"name\":\"Portal MF\",\"description\":\"Voc\u00ea conectado com a informa\u00e7\u00e3o\",\"potentialAction\":[{\"@type\":\"SearchAction\",\"target\":{\"@type\":\"EntryPoint\",\"urlTemplate\":\"https:\/\/portalmf.com.br\/?s={search_term_string}\"},\"query-input\":\"required name=search_term_string\"}],\"inLanguage\":\"pt-BR\"},{\"@type\":\"Person\",\"@id\":\"https:\/\/portalmf.com.br\/#\/schema\/person\/9ec101baf56233e53520c26de5d6f6f0\",\"name\":\"Reda\u00e7\u00e3o Portal MF\",\"image\":{\"@type\":\"ImageObject\",\"inLanguage\":\"pt-BR\",\"@id\":\"https:\/\/portalmf.com.br\/#\/schema\/person\/image\/\",\"url\":\"https:\/\/secure.gravatar.com\/avatar\/41b9aaeb2100835f7c64362330f74c7f?s=96&d=mm&r=g\",\"contentUrl\":\"https:\/\/secure.gravatar.com\/avatar\/41b9aaeb2100835f7c64362330f74c7f?s=96&d=mm&r=g\",\"caption\":\"Reda\u00e7\u00e3o Portal MF\"},\"description\":\"Sejam bem-vindos o portal de informa\u00e7\u00f5es de entretenimento de Feira de Santana, desde 2006 realiza coberturas dos principais eventos com entrevistas exclusivas com as principais personalidades mundiais. Fique conectado tamb\u00e9m nas redes sociais.\",\"sameAs\":[\"http:\/\/www.portalmf.com.br\/\",\"https:\/\/www.facebook.com\/portalmfoficial\",\"https:\/\/www.instagram.com\/portalmf\/\",\"https:\/\/x.com\/https:\/\/x.com\/portalmfoficial\",\"https:\/\/www.youtube.com\/@portalmfoficial\"],\"url\":\"https:\/\/portalmf.com.br\/index.php\/author\/junior\/\"}]}<\/script>\n<!-- \/ Yoast SEO plugin. -->","yoast_head_json":{"title":"Credenciamento de ambulantes para Virada Salvador come\u00e7a na segunda (19) - Portal MF","robots":{"index":"index","follow":"follow","max-snippet":"max-snippet:-1","max-image-preview":"max-image-preview:large","max-video-preview":"max-video-preview:-1"},"canonical":"https:\/\/portalmf.com.br\/index.php\/2022\/12\/19\/credenciamento-de-ambulantes-para-virada-salvador-comeca-na-segunda-19\/","og_locale":"pt_BR","og_type":"article","og_title":"Credenciamento de ambulantes para Virada Salvador come\u00e7a na segunda (19) - Portal MF","og_description":"A Secretaria Municipal de Ordem P\u00fablica (Semop) realiza, a partir das 10h da pr\u00f3xima segunda-feira (19) at\u00e9 as 12h do dia 20 de dezembro, o cadastramento de ambulantes para o Festival da Virada Salvador 2023, que ocorre de 28 de dezembro a 1\u00b0 de janeiro, na Boca do Rio. Ser\u00e3o ofertadas 600 licen\u00e7as e os [&hellip;]","og_url":"https:\/\/portalmf.com.br\/index.php\/2022\/12\/19\/credenciamento-de-ambulantes-para-virada-salvador-comeca-na-segunda-19\/","og_site_name":"Portal MF","article_author":"https:\/\/www.facebook.com\/portalmfoficial","article_published_time":"2022-12-19T20:41:49+00:00","article_modified_time":"2022-12-19T20:41:50+00:00","og_image":[{"width":940,"height":585,"url":"https:\/\/portalmf.com.br\/wp-content\/uploads\/2022\/12\/FESTIVAL-DA-VIRADA.jpg","type":"image\/jpeg"}],"author":"Reda\u00e7\u00e3o Portal MF","twitter_card":"summary_large_image","twitter_creator":"@https:\/\/x.com\/portalmfoficial","twitter_misc":{"Escrito por":"Reda\u00e7\u00e3o Portal MF","Est. tempo de leitura":"3 minutos"},"schema":{"@context":"https:\/\/schema.org","@graph":[{"@type":"WebPage","@id":"https:\/\/portalmf.com.br\/index.php\/2022\/12\/19\/credenciamento-de-ambulantes-para-virada-salvador-comeca-na-segunda-19\/","url":"https:\/\/portalmf.com.br\/index.php\/2022\/12\/19\/credenciamento-de-ambulantes-para-virada-salvador-comeca-na-segunda-19\/","name":"Credenciamento de ambulantes para Virada Salvador come\u00e7a na segunda (19) - Portal MF","isPartOf":{"@id":"https:\/\/portalmf.com.br\/#website"},"primaryImageOfPage":{"@id":"https:\/\/portalmf.com.br\/index.php\/2022\/12\/19\/credenciamento-de-ambulantes-para-virada-salvador-comeca-na-segunda-19\/#primaryimage"},"image":{"@id":"https:\/\/portalmf.com.br\/index.php\/2022\/12\/19\/credenciamento-de-ambulantes-para-virada-salvador-comeca-na-segunda-19\/#primaryimage"},"thumbnailUrl":"https:\/\/portalmf.com.br\/wp-content\/uploads\/2022\/12\/FESTIVAL-DA-VIRADA.jpg","datePublished":"2022-12-19T20:41:49+00:00","dateModified":"2022-12-19T20:41:50+00:00","author":{"@id":"https:\/\/portalmf.com.br\/#\/schema\/person\/9ec101baf56233e53520c26de5d6f6f0"},"breadcrumb":{"@id":"https:\/\/portalmf.com.br\/index.php\/2022\/12\/19\/credenciamento-de-ambulantes-para-virada-salvador-comeca-na-segunda-19\/#breadcrumb"},"inLanguage":"pt-BR","potentialAction":[{"@type":"ReadAction","target":["https:\/\/portalmf.com.br\/index.php\/2022\/12\/19\/credenciamento-de-ambulantes-para-virada-salvador-comeca-na-segunda-19\/"]}]},{"@type":"ImageObject","inLanguage":"pt-BR","@id":"https:\/\/portalmf.com.br\/index.php\/2022\/12\/19\/credenciamento-de-ambulantes-para-virada-salvador-comeca-na-segunda-19\/#primaryimage","url":"https:\/\/portalmf.com.br\/wp-content\/uploads\/2022\/12\/FESTIVAL-DA-VIRADA.jpg","contentUrl":"https:\/\/portalmf.com.br\/wp-content\/uploads\/2022\/12\/FESTIVAL-DA-VIRADA.jpg","width":940,"height":585},{"@type":"BreadcrumbList","@id":"https:\/\/portalmf.com.br\/index.php\/2022\/12\/19\/credenciamento-de-ambulantes-para-virada-salvador-comeca-na-segunda-19\/#breadcrumb","itemListElement":[{"@type":"ListItem","position":1,"name":"In\u00edcio","item":"https:\/\/portalmf.com.br\/"},{"@type":"ListItem","position":2,"name":"Credenciamento de ambulantes para Virada Salvador come\u00e7a na segunda (19)"}]},{"@type":"WebSite","@id":"https:\/\/portalmf.com.br\/#website","url":"https:\/\/portalmf.com.br\/","name":"Portal MF","description":"Voc\u00ea conectado com a informa\u00e7\u00e3o","potentialAction":[{"@type":"SearchAction","target":{"@type":"EntryPoint","urlTemplate":"https:\/\/portalmf.com.br\/?s={search_term_string}"},"query-input":"required name=search_term_string"}],"inLanguage":"pt-BR"},{"@type":"Person","@id":"https:\/\/portalmf.com.br\/#\/schema\/person\/9ec101baf56233e53520c26de5d6f6f0","name":"Reda\u00e7\u00e3o Portal MF","image":{"@type":"ImageObject","inLanguage":"pt-BR","@id":"https:\/\/portalmf.com.br\/#\/schema\/person\/image\/","url":"https:\/\/secure.gravatar.com\/avatar\/41b9aaeb2100835f7c64362330f74c7f?s=96&d=mm&r=g","contentUrl":"https:\/\/secure.gravatar.com\/avatar\/41b9aaeb2100835f7c64362330f74c7f?s=96&d=mm&r=g","caption":"Reda\u00e7\u00e3o Portal MF"},"description":"Sejam bem-vindos o portal de informa\u00e7\u00f5es de entretenimento de Feira de Santana, desde 2006 realiza coberturas dos principais eventos com entrevistas exclusivas com as principais personalidades mundiais. Fique conectado tamb\u00e9m nas redes sociais.","sameAs":["http:\/\/www.portalmf.com.br\/","https:\/\/www.facebook.com\/portalmfoficial","https:\/\/www.instagram.com\/portalmf\/","https:\/\/x.com\/https:\/\/x.com\/portalmfoficial","https:\/\/www.youtube.com\/@portalmfoficial"],"url":"https:\/\/portalmf.com.br\/index.php\/author\/junior\/"}]}},"_links":{"self":[{"href":"https:\/\/portalmf.com.br\/index.php\/wp-json\/wp\/v2\/posts\/6938"}],"collection":[{"href":"https:\/\/portalmf.com.br\/index.php\/wp-json\/wp\/v2\/posts"}],"about":[{"href":"https:\/\/portalmf.com.br\/index.php\/wp-json\/wp\/v2\/types\/post"}],"author":[{"embeddable":true,"href":"https:\/\/portalmf.com.br\/index.php\/wp-json\/wp\/v2\/users\/3"}],"replies":[{"embeddable":true,"href":"https:\/\/portalmf.com.br\/index.php\/wp-json\/wp\/v2\/comments?post=6938"}],"version-history":[{"count":1,"href":"https:\/\/portalmf.com.br\/index.php\/wp-json\/wp\/v2\/posts\/6938\/revisions"}],"predecessor-version":[{"id":6940,"href":"https:\/\/portalmf.com.br\/index.php\/wp-json\/wp\/v2\/posts\/6938\/revisions\/6940"}],"wp:featuredmedia":[{"embeddable":true,"href":"https:\/\/portalmf.com.br\/index.php\/wp-json\/wp\/v2\/media\/6939"}],"wp:attachment":[{"href":"https:\/\/portalmf.com.br\/index.php\/wp-json\/wp\/v2\/media?parent=6938"}],"wp:term":[{"taxonomy":"category","embeddable":true,"href":"https:\/\/portalmf.com.br\/index.php\/wp-json\/wp\/v2\/categories?post=6938"},{"taxonomy":"post_tag","embeddable":true,"href":"https:\/\/portalmf.com.br\/index.php\/wp-json\/wp\/v2\/tags?post=6938"}],"curies":[{"name":"wp","href":"https:\/\/api.w.org\/{rel}","templated":true}]}}