{"id":6935,"date":"2022-12-19T17:35:14","date_gmt":"2022-12-19T20:35:14","guid":{"rendered":"https:\/\/portalmf.com.br\/?p=6935"},"modified":"2022-12-19T17:35:15","modified_gmt":"2022-12-19T20:35:15","slug":"em-carta-sobre-eliminacao-na-copa-pele-diz-que-hexa-foi-apenas-adiado","status":"publish","type":"post","link":"https:\/\/portalmf.com.br\/index.php\/2022\/12\/19\/em-carta-sobre-eliminacao-na-copa-pele-diz-que-hexa-foi-apenas-adiado\/","title":{"rendered":"Em carta sobre elimina\u00e7\u00e3o na Copa, Pel\u00e9 diz que Hexa foi apenas adiado"},"content":{"rendered":"\n<p>O o ex-jogador de futebol Edson Arantes do Nascimento, o Pel\u00e9, divulgou carta aberta na sua conta do Instagram sobre a elimina\u00e7\u00e3o do Brasil da Copa do Mundo do Catar. \u201cApesar da dor que estamos sentindo com a nossa elimina\u00e7\u00e3o na Copa do Mundo, eu pe\u00e7o aos brasileiros que se lembrem do que nos trouxe at\u00e9 as cinco primeiras estrelas que temos no peito. \u00c9 o amor que nos move\u201d,\u00a0diz na mensagem.<img decoding=\"async\" src=\"https:\/\/agenciabrasil.ebc.com.br\/ebc.png?id=1499062&amp;o=node\"><img decoding=\"async\" src=\"https:\/\/agenciabrasil.ebc.com.br\/ebc.gif?id=1499062&amp;o=node\"><\/p>\n\n\n\n<p>Apesar da derrota da sele\u00e7\u00e3o brasileira nas quartas de final, na semana passada, no jogo contra a Cro\u00e1cia, Pel\u00e9 diz ter confian\u00e7a de que o Brasil consiga o sexto t\u00edtulo mundial em breve. \u201cFalando em sonhos, n\u00e3o pensem que os sonhos dos nossos atletas acabaram. Eu sei que eles ainda sonham com a sexta estrela, assim como eu sonhava quando era um menino. A nossa conquista foi apenas adiada\u201d, enfatizou o rei do futebol.<\/p>\n\n\n\n<p>Pel\u00e9 tamb\u00e9m deixou uma mensagem de for\u00e7a \u00e0 sele\u00e7\u00e3o, \u00e0 comiss\u00e3o t\u00e9cnica e \u00e0 popula\u00e7\u00e3o brasileira. \u201cAos meus amigos atletas e comiss\u00e3o t\u00e9cnica da Sele\u00e7\u00e3o, eu deixo a minha admira\u00e7\u00e3o, solidariedade e amor. A todos os brasileiros, eu desejo que a uni\u00e3o e o amor que nos une no esporte transcenda para a vida inteira. O sonho \u00e9 de todos n\u00f3s. Amor, amor e amor\u201d, finaliza a carta.<\/p>\n\n\n\n<h2 class=\"wp-block-heading\">Interna\u00e7\u00e3o<\/h2>\n\n\n\n<p>Pel\u00e9 est\u00e1 internado no Hospital Israelita Albert Einstein, na capital paulista, desde o dia 29 de novembro para uma reavalia\u00e7\u00e3o da quimioterapia. O ex-jogador trata um tumor de c\u00f3lon, identificado em setembro de 2021.<\/p>\n\n\n\n<p>A retirada do tumor ocorreu em 4 de setembro de 2021. Desde ent\u00e3o, Pel\u00e9 \u00e9 submetido a um tratamento de quimioterapia, com idas regulares ao hospital.<\/p>\n\n\n\n<p>Segundo o boletim m\u00e9dico divulgado na \u00faltima segunda-feira (12), o ex-jogador de futebol, continuava apresentando melhora do estado cl\u00ednico, especialmente do quadro de infec\u00e7\u00e3o respirat\u00f3ria.<\/p>\n\n\n\n<p>Com informa\u00e7\u00f5es da Ag\u00eancia Brasil<\/p>\n","protected":false},"excerpt":{"rendered":"<p>O o ex-jogador de futebol Edson Arantes do Nascimento, o Pel\u00e9, divulgou carta aberta na sua conta do Instagram sobre a elimina\u00e7\u00e3o do Brasil da Copa do Mundo do Catar. \u201cApesar da dor que estamos sentindo com a nossa elimina\u00e7\u00e3o na Copa do Mundo, eu pe\u00e7o aos brasileiros que se lembrem do que nos trouxe [&hellip;]<\/p>\n","protected":false},"author":3,"featured_media":6936,"comment_status":"open","ping_status":"open","sticky":false,"template":"","format":"standard","meta":{"_monsterinsights_skip_tracking":false,"_monsterinsights_sitenote_active":false,"_monsterinsights_sitenote_note":"","_monsterinsights_sitenote_category":0,"footnotes":""},"categories":[42],"tags":[],"yoast_head":"<!-- This site is optimized with the Yoast SEO plugin v22.9 - https:\/\/yoast.com\/wordpress\/plugins\/seo\/ -->\n<title>Em carta sobre elimina\u00e7\u00e3o na Copa, Pel\u00e9 diz que Hexa foi apenas adiado - Portal MF<\/title>\n<meta name=\"robots\" content=\"index, follow, max-snippet:-1, max-image-preview:large, max-video-preview:-1\" \/>\n<link rel=\"canonical\" href=\"https:\/\/portalmf.com.br\/index.php\/2022\/12\/19\/em-carta-sobre-eliminacao-na-copa-pele-diz-que-hexa-foi-apenas-adiado\/\" \/>\n<meta property=\"og:locale\" content=\"pt_BR\" \/>\n<meta property=\"og:type\" content=\"article\" \/>\n<meta property=\"og:title\" content=\"Em carta sobre elimina\u00e7\u00e3o na Copa, Pel\u00e9 diz que Hexa foi apenas adiado - Portal MF\" \/>\n<meta property=\"og:description\" content=\"O o ex-jogador de futebol Edson Arantes do Nascimento, o Pel\u00e9, divulgou carta aberta na sua conta do Instagram sobre a elimina\u00e7\u00e3o do Brasil da Copa do Mundo do Catar. \u201cApesar da dor que estamos sentindo com a nossa elimina\u00e7\u00e3o na Copa do Mundo, eu pe\u00e7o aos brasileiros que se lembrem do que nos trouxe [&hellip;]\" \/>\n<meta property=\"og:url\" content=\"https:\/\/portalmf.com.br\/index.php\/2022\/12\/19\/em-carta-sobre-eliminacao-na-copa-pele-diz-que-hexa-foi-apenas-adiado\/\" \/>\n<meta property=\"og:site_name\" content=\"Portal MF\" \/>\n<meta property=\"article:author\" content=\"https:\/\/www.facebook.com\/portalmfoficial\" \/>\n<meta property=\"article:published_time\" content=\"2022-12-19T20:35:14+00:00\" \/>\n<meta property=\"article:modified_time\" content=\"2022-12-19T20:35:15+00:00\" \/>\n<meta property=\"og:image\" content=\"https:\/\/portalmf.com.br\/wp-content\/uploads\/2022\/12\/14050413225_919f4b5ac8_o.jpg\" \/>\n\t<meta property=\"og:image:width\" content=\"1170\" \/>\n\t<meta property=\"og:image:height\" content=\"700\" \/>\n\t<meta property=\"og:image:type\" content=\"image\/jpeg\" \/>\n<meta name=\"author\" content=\"Reda\u00e7\u00e3o Portal MF\" \/>\n<meta name=\"twitter:card\" content=\"summary_large_image\" \/>\n<meta name=\"twitter:creator\" content=\"@https:\/\/x.com\/portalmfoficial\" \/>\n<meta name=\"twitter:label1\" content=\"Escrito por\" \/>\n\t<meta name=\"twitter:data1\" content=\"Reda\u00e7\u00e3o Portal MF\" \/>\n\t<meta name=\"twitter:label2\" content=\"Est. tempo de leitura\" \/>\n\t<meta name=\"twitter:data2\" content=\"3 minutos\" \/>\n<script type=\"application\/ld+json\" class=\"yoast-schema-graph\">{\"@context\":\"https:\/\/schema.org\",\"@graph\":[{\"@type\":\"WebPage\",\"@id\":\"https:\/\/portalmf.com.br\/index.php\/2022\/12\/19\/em-carta-sobre-eliminacao-na-copa-pele-diz-que-hexa-foi-apenas-adiado\/\",\"url\":\"https:\/\/portalmf.com.br\/index.php\/2022\/12\/19\/em-carta-sobre-eliminacao-na-copa-pele-diz-que-hexa-foi-apenas-adiado\/\",\"name\":\"Em carta sobre elimina\u00e7\u00e3o na Copa, Pel\u00e9 diz que Hexa foi apenas adiado - Portal MF\",\"isPartOf\":{\"@id\":\"https:\/\/portalmf.com.br\/#website\"},\"primaryImageOfPage\":{\"@id\":\"https:\/\/portalmf.com.br\/index.php\/2022\/12\/19\/em-carta-sobre-eliminacao-na-copa-pele-diz-que-hexa-foi-apenas-adiado\/#primaryimage\"},\"image\":{\"@id\":\"https:\/\/portalmf.com.br\/index.php\/2022\/12\/19\/em-carta-sobre-eliminacao-na-copa-pele-diz-que-hexa-foi-apenas-adiado\/#primaryimage\"},\"thumbnailUrl\":\"https:\/\/portalmf.com.br\/wp-content\/uploads\/2022\/12\/14050413225_919f4b5ac8_o.jpg\",\"datePublished\":\"2022-12-19T20:35:14+00:00\",\"dateModified\":\"2022-12-19T20:35:15+00:00\",\"author\":{\"@id\":\"https:\/\/portalmf.com.br\/#\/schema\/person\/9ec101baf56233e53520c26de5d6f6f0\"},\"breadcrumb\":{\"@id\":\"https:\/\/portalmf.com.br\/index.php\/2022\/12\/19\/em-carta-sobre-eliminacao-na-copa-pele-diz-que-hexa-foi-apenas-adiado\/#breadcrumb\"},\"inLanguage\":\"pt-BR\",\"potentialAction\":[{\"@type\":\"ReadAction\",\"target\":[\"https:\/\/portalmf.com.br\/index.php\/2022\/12\/19\/em-carta-sobre-eliminacao-na-copa-pele-diz-que-hexa-foi-apenas-adiado\/\"]}]},{\"@type\":\"ImageObject\",\"inLanguage\":\"pt-BR\",\"@id\":\"https:\/\/portalmf.com.br\/index.php\/2022\/12\/19\/em-carta-sobre-eliminacao-na-copa-pele-diz-que-hexa-foi-apenas-adiado\/#primaryimage\",\"url\":\"https:\/\/portalmf.com.br\/wp-content\/uploads\/2022\/12\/14050413225_919f4b5ac8_o.jpg\",\"contentUrl\":\"https:\/\/portalmf.com.br\/wp-content\/uploads\/2022\/12\/14050413225_919f4b5ac8_o.jpg\",\"width\":1170,\"height\":700,\"caption\":\"Foto: \u00a9 Ricardo Saibun\/Santos FC\/Divulga\u00e7\u00e3o\"},{\"@type\":\"BreadcrumbList\",\"@id\":\"https:\/\/portalmf.com.br\/index.php\/2022\/12\/19\/em-carta-sobre-eliminacao-na-copa-pele-diz-que-hexa-foi-apenas-adiado\/#breadcrumb\",\"itemListElement\":[{\"@type\":\"ListItem\",\"position\":1,\"name\":\"In\u00edcio\",\"item\":\"https:\/\/portalmf.com.br\/\"},{\"@type\":\"ListItem\",\"position\":2,\"name\":\"Em carta sobre elimina\u00e7\u00e3o na Copa, Pel\u00e9 diz que Hexa foi apenas adiado\"}]},{\"@type\":\"WebSite\",\"@id\":\"https:\/\/portalmf.com.br\/#website\",\"url\":\"https:\/\/portalmf.com.br\/\",\"name\":\"Portal MF\",\"description\":\"Voc\u00ea conectado com a informa\u00e7\u00e3o\",\"potentialAction\":[{\"@type\":\"SearchAction\",\"target\":{\"@type\":\"EntryPoint\",\"urlTemplate\":\"https:\/\/portalmf.com.br\/?s={search_term_string}\"},\"query-input\":\"required name=search_term_string\"}],\"inLanguage\":\"pt-BR\"},{\"@type\":\"Person\",\"@id\":\"https:\/\/portalmf.com.br\/#\/schema\/person\/9ec101baf56233e53520c26de5d6f6f0\",\"name\":\"Reda\u00e7\u00e3o Portal MF\",\"image\":{\"@type\":\"ImageObject\",\"inLanguage\":\"pt-BR\",\"@id\":\"https:\/\/portalmf.com.br\/#\/schema\/person\/image\/\",\"url\":\"https:\/\/secure.gravatar.com\/avatar\/41b9aaeb2100835f7c64362330f74c7f?s=96&d=mm&r=g\",\"contentUrl\":\"https:\/\/secure.gravatar.com\/avatar\/41b9aaeb2100835f7c64362330f74c7f?s=96&d=mm&r=g\",\"caption\":\"Reda\u00e7\u00e3o Portal MF\"},\"description\":\"Sejam bem-vindos o portal de informa\u00e7\u00f5es de entretenimento de Feira de Santana, desde 2006 realiza coberturas dos principais eventos com entrevistas exclusivas com as principais personalidades mundiais. Fique conectado tamb\u00e9m nas redes sociais.\",\"sameAs\":[\"http:\/\/www.portalmf.com.br\/\",\"https:\/\/www.facebook.com\/portalmfoficial\",\"https:\/\/www.instagram.com\/portalmf\/\",\"https:\/\/x.com\/https:\/\/x.com\/portalmfoficial\",\"https:\/\/www.youtube.com\/@portalmfoficial\"],\"url\":\"https:\/\/portalmf.com.br\/index.php\/author\/junior\/\"}]}<\/script>\n<!-- \/ Yoast SEO plugin. -->","yoast_head_json":{"title":"Em carta sobre elimina\u00e7\u00e3o na Copa, Pel\u00e9 diz que Hexa foi apenas adiado - Portal MF","robots":{"index":"index","follow":"follow","max-snippet":"max-snippet:-1","max-image-preview":"max-image-preview:large","max-video-preview":"max-video-preview:-1"},"canonical":"https:\/\/portalmf.com.br\/index.php\/2022\/12\/19\/em-carta-sobre-eliminacao-na-copa-pele-diz-que-hexa-foi-apenas-adiado\/","og_locale":"pt_BR","og_type":"article","og_title":"Em carta sobre elimina\u00e7\u00e3o na Copa, Pel\u00e9 diz que Hexa foi apenas adiado - Portal MF","og_description":"O o ex-jogador de futebol Edson Arantes do Nascimento, o Pel\u00e9, divulgou carta aberta na sua conta do Instagram sobre a elimina\u00e7\u00e3o do Brasil da Copa do Mundo do Catar. \u201cApesar da dor que estamos sentindo com a nossa elimina\u00e7\u00e3o na Copa do Mundo, eu pe\u00e7o aos brasileiros que se lembrem do que nos trouxe [&hellip;]","og_url":"https:\/\/portalmf.com.br\/index.php\/2022\/12\/19\/em-carta-sobre-eliminacao-na-copa-pele-diz-que-hexa-foi-apenas-adiado\/","og_site_name":"Portal MF","article_author":"https:\/\/www.facebook.com\/portalmfoficial","article_published_time":"2022-12-19T20:35:14+00:00","article_modified_time":"2022-12-19T20:35:15+00:00","og_image":[{"width":1170,"height":700,"url":"https:\/\/portalmf.com.br\/wp-content\/uploads\/2022\/12\/14050413225_919f4b5ac8_o.jpg","type":"image\/jpeg"}],"author":"Reda\u00e7\u00e3o Portal MF","twitter_card":"summary_large_image","twitter_creator":"@https:\/\/x.com\/portalmfoficial","twitter_misc":{"Escrito por":"Reda\u00e7\u00e3o Portal MF","Est. tempo de leitura":"3 minutos"},"schema":{"@context":"https:\/\/schema.org","@graph":[{"@type":"WebPage","@id":"https:\/\/portalmf.com.br\/index.php\/2022\/12\/19\/em-carta-sobre-eliminacao-na-copa-pele-diz-que-hexa-foi-apenas-adiado\/","url":"https:\/\/portalmf.com.br\/index.php\/2022\/12\/19\/em-carta-sobre-eliminacao-na-copa-pele-diz-que-hexa-foi-apenas-adiado\/","name":"Em carta sobre elimina\u00e7\u00e3o na Copa, Pel\u00e9 diz que Hexa foi apenas adiado - Portal MF","isPartOf":{"@id":"https:\/\/portalmf.com.br\/#website"},"primaryImageOfPage":{"@id":"https:\/\/portalmf.com.br\/index.php\/2022\/12\/19\/em-carta-sobre-eliminacao-na-copa-pele-diz-que-hexa-foi-apenas-adiado\/#primaryimage"},"image":{"@id":"https:\/\/portalmf.com.br\/index.php\/2022\/12\/19\/em-carta-sobre-eliminacao-na-copa-pele-diz-que-hexa-foi-apenas-adiado\/#primaryimage"},"thumbnailUrl":"https:\/\/portalmf.com.br\/wp-content\/uploads\/2022\/12\/14050413225_919f4b5ac8_o.jpg","datePublished":"2022-12-19T20:35:14+00:00","dateModified":"2022-12-19T20:35:15+00:00","author":{"@id":"https:\/\/portalmf.com.br\/#\/schema\/person\/9ec101baf56233e53520c26de5d6f6f0"},"breadcrumb":{"@id":"https:\/\/portalmf.com.br\/index.php\/2022\/12\/19\/em-carta-sobre-eliminacao-na-copa-pele-diz-que-hexa-foi-apenas-adiado\/#breadcrumb"},"inLanguage":"pt-BR","potentialAction":[{"@type":"ReadAction","target":["https:\/\/portalmf.com.br\/index.php\/2022\/12\/19\/em-carta-sobre-eliminacao-na-copa-pele-diz-que-hexa-foi-apenas-adiado\/"]}]},{"@type":"ImageObject","inLanguage":"pt-BR","@id":"https:\/\/portalmf.com.br\/index.php\/2022\/12\/19\/em-carta-sobre-eliminacao-na-copa-pele-diz-que-hexa-foi-apenas-adiado\/#primaryimage","url":"https:\/\/portalmf.com.br\/wp-content\/uploads\/2022\/12\/14050413225_919f4b5ac8_o.jpg","contentUrl":"https:\/\/portalmf.com.br\/wp-content\/uploads\/2022\/12\/14050413225_919f4b5ac8_o.jpg","width":1170,"height":700,"caption":"Foto: \u00a9 Ricardo Saibun\/Santos FC\/Divulga\u00e7\u00e3o"},{"@type":"BreadcrumbList","@id":"https:\/\/portalmf.com.br\/index.php\/2022\/12\/19\/em-carta-sobre-eliminacao-na-copa-pele-diz-que-hexa-foi-apenas-adiado\/#breadcrumb","itemListElement":[{"@type":"ListItem","position":1,"name":"In\u00edcio","item":"https:\/\/portalmf.com.br\/"},{"@type":"ListItem","position":2,"name":"Em carta sobre elimina\u00e7\u00e3o na Copa, Pel\u00e9 diz que Hexa foi apenas adiado"}]},{"@type":"WebSite","@id":"https:\/\/portalmf.com.br\/#website","url":"https:\/\/portalmf.com.br\/","name":"Portal MF","description":"Voc\u00ea conectado com a informa\u00e7\u00e3o","potentialAction":[{"@type":"SearchAction","target":{"@type":"EntryPoint","urlTemplate":"https:\/\/portalmf.com.br\/?s={search_term_string}"},"query-input":"required name=search_term_string"}],"inLanguage":"pt-BR"},{"@type":"Person","@id":"https:\/\/portalmf.com.br\/#\/schema\/person\/9ec101baf56233e53520c26de5d6f6f0","name":"Reda\u00e7\u00e3o Portal MF","image":{"@type":"ImageObject","inLanguage":"pt-BR","@id":"https:\/\/portalmf.com.br\/#\/schema\/person\/image\/","url":"https:\/\/secure.gravatar.com\/avatar\/41b9aaeb2100835f7c64362330f74c7f?s=96&d=mm&r=g","contentUrl":"https:\/\/secure.gravatar.com\/avatar\/41b9aaeb2100835f7c64362330f74c7f?s=96&d=mm&r=g","caption":"Reda\u00e7\u00e3o Portal MF"},"description":"Sejam bem-vindos o portal de informa\u00e7\u00f5es de entretenimento de Feira de Santana, desde 2006 realiza coberturas dos principais eventos com entrevistas exclusivas com as principais personalidades mundiais. Fique conectado tamb\u00e9m nas redes sociais.","sameAs":["http:\/\/www.portalmf.com.br\/","https:\/\/www.facebook.com\/portalmfoficial","https:\/\/www.instagram.com\/portalmf\/","https:\/\/x.com\/https:\/\/x.com\/portalmfoficial","https:\/\/www.youtube.com\/@portalmfoficial"],"url":"https:\/\/portalmf.com.br\/index.php\/author\/junior\/"}]}},"_links":{"self":[{"href":"https:\/\/portalmf.com.br\/index.php\/wp-json\/wp\/v2\/posts\/6935"}],"collection":[{"href":"https:\/\/portalmf.com.br\/index.php\/wp-json\/wp\/v2\/posts"}],"about":[{"href":"https:\/\/portalmf.com.br\/index.php\/wp-json\/wp\/v2\/types\/post"}],"author":[{"embeddable":true,"href":"https:\/\/portalmf.com.br\/index.php\/wp-json\/wp\/v2\/users\/3"}],"replies":[{"embeddable":true,"href":"https:\/\/portalmf.com.br\/index.php\/wp-json\/wp\/v2\/comments?post=6935"}],"version-history":[{"count":1,"href":"https:\/\/portalmf.com.br\/index.php\/wp-json\/wp\/v2\/posts\/6935\/revisions"}],"predecessor-version":[{"id":6937,"href":"https:\/\/portalmf.com.br\/index.php\/wp-json\/wp\/v2\/posts\/6935\/revisions\/6937"}],"wp:featuredmedia":[{"embeddable":true,"href":"https:\/\/portalmf.com.br\/index.php\/wp-json\/wp\/v2\/media\/6936"}],"wp:attachment":[{"href":"https:\/\/portalmf.com.br\/index.php\/wp-json\/wp\/v2\/media?parent=6935"}],"wp:term":[{"taxonomy":"category","embeddable":true,"href":"https:\/\/portalmf.com.br\/index.php\/wp-json\/wp\/v2\/categories?post=6935"},{"taxonomy":"post_tag","embeddable":true,"href":"https:\/\/portalmf.com.br\/index.php\/wp-json\/wp\/v2\/tags?post=6935"}],"curies":[{"name":"wp","href":"https:\/\/api.w.org\/{rel}","templated":true}]}}