{"id":6929,"date":"2022-12-19T16:55:00","date_gmt":"2022-12-19T19:55:00","guid":{"rendered":"https:\/\/portalmf.com.br\/?p=6929"},"modified":"2022-12-19T17:26:13","modified_gmt":"2022-12-19T20:26:13","slug":"matricula-na-rede-estadual-de-ensino-sera-de-16-a-24-de-janeiro-de-2023","status":"publish","type":"post","link":"https:\/\/portalmf.com.br\/index.php\/2022\/12\/19\/matricula-na-rede-estadual-de-ensino-sera-de-16-a-24-de-janeiro-de-2023\/","title":{"rendered":"Matr\u00edcula na rede estadual de ensino ser\u00e1 de 16 a 24 de janeiro de 2023"},"content":{"rendered":"\n<p>A Secretaria da Educa\u00e7\u00e3o do Estado da Bahia (SEC) divulgou o cronograma de matr\u00edcula para o ano letivo 2023, por meio da Portaria N\u00ba 2209\/2022. O documento tamb\u00e9m estabelece as normas e os procedimentos de matr\u00edcula para Pessoas com Defici\u00eancia (PcD), transfer\u00eancia de estudantes entre unidades escolares da rede estadual, matr\u00edcula de estudantes oriundos das redes municipais e novos estudantes da Educa\u00e7\u00e3o B\u00e1sica nas unidades escolares da rede estadual de ensino.<\/p>\n\n\n\n<p>O processo de matr\u00edcula come\u00e7a para as Pessoas com Defici\u00eancia (PcD), no dia 16 de janeiro, via internet, atrav\u00e9s do endere\u00e7o <a href=\"https:\/\/sigeduc.educacao.ba.gov.br\">https:\/\/sigeduc.educacao.ba.gov.br<\/a>, ou em qualquer unidade escolar da rede estadual. J\u00e1 o estudante que pretende se transferir para outra unidade escolar da rede estadual, quando do seu pr\u00f3prio interesse ou em raz\u00e3o de aus\u00eancia da s\u00e9rie na unidade escolar a qual concluiu o ano letivo 2022, dever\u00e1 solicitar, no dia 17 de janeiro, a sua transfer\u00eancia diretamente na unidade escolar em que o mesmo est\u00e1 devidamente matriculado.<\/p>\n\n\n\n<p>O calend\u00e1rio da matr\u00edcula segue, nos dias 18 e 19 de janeiro, para os concluintes do 5\u00ba ano ou 9\u00ba ano do Ensino Fundamental, apenas oriundos da rede municipal de ensino. A matr\u00edcula poder\u00e1 ser realizada pelo pr\u00f3prio estudante, caso seja maior de 16 anos de idade, ou pelo respons\u00e1vel legal, preferencialmente, via internet (<a href=\"https:\/\/sigeduc.educacao.ba.gov.br\">https:\/\/sigeduc.educacao.ba.gov.br<\/a>), ou em qualquer unidade escolar da rede estadual.<\/p>\n\n\n\n<p>No dia 20 de janeiro, a matr\u00edcula ser\u00e1 destinada para o ingresso do candidato em unidade escolar da rede estadual, em qualquer ano ou s\u00e9rie do Ensino Fundamental, sem distin\u00e7\u00e3o da rede de ensino de origem. J\u00e1 nos dias 23 e 24 de janeiro, poder\u00e1 ser efetuada a matr\u00edcula do estudante que deseja ingressar em uma unidade escolar da rede estadual, em qualquer ano ou s\u00e9rie do Ensino M\u00e9dio. Nestes tr\u00eas dias, a matr\u00edcula tamb\u00e9m poder\u00e1 ser feita atrav\u00e9s da internet ou em qualquer unidade escolar da rede estadual.<\/p>\n\n\n\n<p><strong>Documentos &#8211;<\/strong> A confirma\u00e7\u00e3o da matr\u00edcula acontecer\u00e1 mediante a entrega da documenta\u00e7\u00e3o exigida: via original do hist\u00f3rico escolar; via original e c\u00f3pia leg\u00edvel da carteira de identidade (RG) ou Certid\u00e3o de Registro Civil; via original e c\u00f3pia leg\u00edvel do Cadastro de Pessoal F\u00edsica (CPF); via original e c\u00f3pia leg\u00edvel comprovante de resid\u00eancia (\u00e1gua, luz, telefone fixo ou m\u00f3vel, g\u00e1s encanado, Internet, contrato de aluguel, IPTU, cart\u00e3o de cr\u00e9dito ou TV por assinatura); via original e c\u00f3pia da carteira de vacina\u00e7\u00e3o devidamente atualizada; c\u00f3pia leg\u00edvel do RG da pr\u00f3pria m\u00e3e do estudante e ou do respons\u00e1vel legal; e c\u00f3pia leg\u00edvel do CPF da pr\u00f3pria m\u00e3e do estudante e ou do respons\u00e1vel legal.<\/p>\n","protected":false},"excerpt":{"rendered":"<p>A Secretaria da Educa\u00e7\u00e3o do Estado da Bahia (SEC) divulgou o cronograma de matr\u00edcula para o ano letivo 2023, por meio da Portaria N\u00ba 2209\/2022. O documento tamb\u00e9m estabelece as normas e os procedimentos de matr\u00edcula para Pessoas com Defici\u00eancia (PcD), transfer\u00eancia de estudantes entre unidades escolares da rede estadual, matr\u00edcula de estudantes oriundos das [&hellip;]<\/p>\n","protected":false},"author":3,"featured_media":6930,"comment_status":"open","ping_status":"open","sticky":false,"template":"","format":"standard","meta":{"_monsterinsights_skip_tracking":false,"_monsterinsights_sitenote_active":false,"_monsterinsights_sitenote_note":"","_monsterinsights_sitenote_category":0,"footnotes":""},"categories":[34],"tags":[],"yoast_head":"<!-- This site is optimized with the Yoast SEO plugin v22.9 - https:\/\/yoast.com\/wordpress\/plugins\/seo\/ -->\n<title>Matr\u00edcula na rede estadual de ensino ser\u00e1 de 16 a 24 de janeiro de 2023 - Portal MF<\/title>\n<meta name=\"robots\" content=\"index, follow, max-snippet:-1, max-image-preview:large, max-video-preview:-1\" \/>\n<link rel=\"canonical\" href=\"https:\/\/portalmf.com.br\/index.php\/2022\/12\/19\/matricula-na-rede-estadual-de-ensino-sera-de-16-a-24-de-janeiro-de-2023\/\" \/>\n<meta property=\"og:locale\" content=\"pt_BR\" \/>\n<meta property=\"og:type\" content=\"article\" \/>\n<meta property=\"og:title\" content=\"Matr\u00edcula na rede estadual de ensino ser\u00e1 de 16 a 24 de janeiro de 2023 - Portal MF\" \/>\n<meta property=\"og:description\" content=\"A Secretaria da Educa\u00e7\u00e3o do Estado da Bahia (SEC) divulgou o cronograma de matr\u00edcula para o ano letivo 2023, por meio da Portaria N\u00ba 2209\/2022. O documento tamb\u00e9m estabelece as normas e os procedimentos de matr\u00edcula para Pessoas com Defici\u00eancia (PcD), transfer\u00eancia de estudantes entre unidades escolares da rede estadual, matr\u00edcula de estudantes oriundos das [&hellip;]\" \/>\n<meta property=\"og:url\" content=\"https:\/\/portalmf.com.br\/index.php\/2022\/12\/19\/matricula-na-rede-estadual-de-ensino-sera-de-16-a-24-de-janeiro-de-2023\/\" \/>\n<meta property=\"og:site_name\" content=\"Portal MF\" \/>\n<meta property=\"article:author\" content=\"https:\/\/www.facebook.com\/portalmfoficial\" \/>\n<meta property=\"article:published_time\" content=\"2022-12-19T19:55:00+00:00\" \/>\n<meta property=\"article:modified_time\" content=\"2022-12-19T20:26:13+00:00\" \/>\n<meta property=\"og:image\" content=\"https:\/\/portalmf.com.br\/wp-content\/uploads\/2022\/12\/Matricula-na-rede-estadual-de-ensino-sera-de-16-a-24-de-janeiro-de-2023.jpeg\" \/>\n\t<meta property=\"og:image:width\" content=\"566\" \/>\n\t<meta property=\"og:image:height\" content=\"322\" \/>\n\t<meta property=\"og:image:type\" content=\"image\/jpeg\" \/>\n<meta name=\"author\" content=\"Reda\u00e7\u00e3o Portal MF\" \/>\n<meta name=\"twitter:card\" content=\"summary_large_image\" \/>\n<meta name=\"twitter:creator\" content=\"@https:\/\/x.com\/portalmfoficial\" \/>\n<meta name=\"twitter:label1\" content=\"Escrito por\" \/>\n\t<meta name=\"twitter:data1\" content=\"Reda\u00e7\u00e3o Portal MF\" \/>\n\t<meta name=\"twitter:label2\" content=\"Est. tempo de leitura\" \/>\n\t<meta name=\"twitter:data2\" content=\"3 minutos\" \/>\n<script type=\"application\/ld+json\" class=\"yoast-schema-graph\">{\"@context\":\"https:\/\/schema.org\",\"@graph\":[{\"@type\":\"WebPage\",\"@id\":\"https:\/\/portalmf.com.br\/index.php\/2022\/12\/19\/matricula-na-rede-estadual-de-ensino-sera-de-16-a-24-de-janeiro-de-2023\/\",\"url\":\"https:\/\/portalmf.com.br\/index.php\/2022\/12\/19\/matricula-na-rede-estadual-de-ensino-sera-de-16-a-24-de-janeiro-de-2023\/\",\"name\":\"Matr\u00edcula na rede estadual de ensino ser\u00e1 de 16 a 24 de janeiro de 2023 - Portal MF\",\"isPartOf\":{\"@id\":\"https:\/\/portalmf.com.br\/#website\"},\"primaryImageOfPage\":{\"@id\":\"https:\/\/portalmf.com.br\/index.php\/2022\/12\/19\/matricula-na-rede-estadual-de-ensino-sera-de-16-a-24-de-janeiro-de-2023\/#primaryimage\"},\"image\":{\"@id\":\"https:\/\/portalmf.com.br\/index.php\/2022\/12\/19\/matricula-na-rede-estadual-de-ensino-sera-de-16-a-24-de-janeiro-de-2023\/#primaryimage\"},\"thumbnailUrl\":\"https:\/\/portalmf.com.br\/wp-content\/uploads\/2022\/12\/Matricula-na-rede-estadual-de-ensino-sera-de-16-a-24-de-janeiro-de-2023.jpeg\",\"datePublished\":\"2022-12-19T19:55:00+00:00\",\"dateModified\":\"2022-12-19T20:26:13+00:00\",\"author\":{\"@id\":\"https:\/\/portalmf.com.br\/#\/schema\/person\/9ec101baf56233e53520c26de5d6f6f0\"},\"breadcrumb\":{\"@id\":\"https:\/\/portalmf.com.br\/index.php\/2022\/12\/19\/matricula-na-rede-estadual-de-ensino-sera-de-16-a-24-de-janeiro-de-2023\/#breadcrumb\"},\"inLanguage\":\"pt-BR\",\"potentialAction\":[{\"@type\":\"ReadAction\",\"target\":[\"https:\/\/portalmf.com.br\/index.php\/2022\/12\/19\/matricula-na-rede-estadual-de-ensino-sera-de-16-a-24-de-janeiro-de-2023\/\"]}]},{\"@type\":\"ImageObject\",\"inLanguage\":\"pt-BR\",\"@id\":\"https:\/\/portalmf.com.br\/index.php\/2022\/12\/19\/matricula-na-rede-estadual-de-ensino-sera-de-16-a-24-de-janeiro-de-2023\/#primaryimage\",\"url\":\"https:\/\/portalmf.com.br\/wp-content\/uploads\/2022\/12\/Matricula-na-rede-estadual-de-ensino-sera-de-16-a-24-de-janeiro-de-2023.jpeg\",\"contentUrl\":\"https:\/\/portalmf.com.br\/wp-content\/uploads\/2022\/12\/Matricula-na-rede-estadual-de-ensino-sera-de-16-a-24-de-janeiro-de-2023.jpeg\",\"width\":566,\"height\":322,\"caption\":\"Foto: Feij\u00e3o Almeida \/ SECBA\"},{\"@type\":\"BreadcrumbList\",\"@id\":\"https:\/\/portalmf.com.br\/index.php\/2022\/12\/19\/matricula-na-rede-estadual-de-ensino-sera-de-16-a-24-de-janeiro-de-2023\/#breadcrumb\",\"itemListElement\":[{\"@type\":\"ListItem\",\"position\":1,\"name\":\"In\u00edcio\",\"item\":\"https:\/\/portalmf.com.br\/\"},{\"@type\":\"ListItem\",\"position\":2,\"name\":\"Matr\u00edcula na rede estadual de ensino ser\u00e1 de 16 a 24 de janeiro de 2023\"}]},{\"@type\":\"WebSite\",\"@id\":\"https:\/\/portalmf.com.br\/#website\",\"url\":\"https:\/\/portalmf.com.br\/\",\"name\":\"Portal MF\",\"description\":\"Voc\u00ea conectado com a informa\u00e7\u00e3o\",\"potentialAction\":[{\"@type\":\"SearchAction\",\"target\":{\"@type\":\"EntryPoint\",\"urlTemplate\":\"https:\/\/portalmf.com.br\/?s={search_term_string}\"},\"query-input\":\"required name=search_term_string\"}],\"inLanguage\":\"pt-BR\"},{\"@type\":\"Person\",\"@id\":\"https:\/\/portalmf.com.br\/#\/schema\/person\/9ec101baf56233e53520c26de5d6f6f0\",\"name\":\"Reda\u00e7\u00e3o Portal MF\",\"image\":{\"@type\":\"ImageObject\",\"inLanguage\":\"pt-BR\",\"@id\":\"https:\/\/portalmf.com.br\/#\/schema\/person\/image\/\",\"url\":\"https:\/\/secure.gravatar.com\/avatar\/41b9aaeb2100835f7c64362330f74c7f?s=96&d=mm&r=g\",\"contentUrl\":\"https:\/\/secure.gravatar.com\/avatar\/41b9aaeb2100835f7c64362330f74c7f?s=96&d=mm&r=g\",\"caption\":\"Reda\u00e7\u00e3o Portal MF\"},\"description\":\"Sejam bem-vindos o portal de informa\u00e7\u00f5es de entretenimento de Feira de Santana, desde 2006 realiza coberturas dos principais eventos com entrevistas exclusivas com as principais personalidades mundiais. Fique conectado tamb\u00e9m nas redes sociais.\",\"sameAs\":[\"http:\/\/www.portalmf.com.br\/\",\"https:\/\/www.facebook.com\/portalmfoficial\",\"https:\/\/www.instagram.com\/portalmf\/\",\"https:\/\/x.com\/https:\/\/x.com\/portalmfoficial\",\"https:\/\/www.youtube.com\/@portalmfoficial\"],\"url\":\"https:\/\/portalmf.com.br\/index.php\/author\/junior\/\"}]}<\/script>\n<!-- \/ Yoast SEO plugin. -->","yoast_head_json":{"title":"Matr\u00edcula na rede estadual de ensino ser\u00e1 de 16 a 24 de janeiro de 2023 - Portal MF","robots":{"index":"index","follow":"follow","max-snippet":"max-snippet:-1","max-image-preview":"max-image-preview:large","max-video-preview":"max-video-preview:-1"},"canonical":"https:\/\/portalmf.com.br\/index.php\/2022\/12\/19\/matricula-na-rede-estadual-de-ensino-sera-de-16-a-24-de-janeiro-de-2023\/","og_locale":"pt_BR","og_type":"article","og_title":"Matr\u00edcula na rede estadual de ensino ser\u00e1 de 16 a 24 de janeiro de 2023 - Portal MF","og_description":"A Secretaria da Educa\u00e7\u00e3o do Estado da Bahia (SEC) divulgou o cronograma de matr\u00edcula para o ano letivo 2023, por meio da Portaria N\u00ba 2209\/2022. O documento tamb\u00e9m estabelece as normas e os procedimentos de matr\u00edcula para Pessoas com Defici\u00eancia (PcD), transfer\u00eancia de estudantes entre unidades escolares da rede estadual, matr\u00edcula de estudantes oriundos das [&hellip;]","og_url":"https:\/\/portalmf.com.br\/index.php\/2022\/12\/19\/matricula-na-rede-estadual-de-ensino-sera-de-16-a-24-de-janeiro-de-2023\/","og_site_name":"Portal MF","article_author":"https:\/\/www.facebook.com\/portalmfoficial","article_published_time":"2022-12-19T19:55:00+00:00","article_modified_time":"2022-12-19T20:26:13+00:00","og_image":[{"width":566,"height":322,"url":"https:\/\/portalmf.com.br\/wp-content\/uploads\/2022\/12\/Matricula-na-rede-estadual-de-ensino-sera-de-16-a-24-de-janeiro-de-2023.jpeg","type":"image\/jpeg"}],"author":"Reda\u00e7\u00e3o Portal MF","twitter_card":"summary_large_image","twitter_creator":"@https:\/\/x.com\/portalmfoficial","twitter_misc":{"Escrito por":"Reda\u00e7\u00e3o Portal MF","Est. tempo de leitura":"3 minutos"},"schema":{"@context":"https:\/\/schema.org","@graph":[{"@type":"WebPage","@id":"https:\/\/portalmf.com.br\/index.php\/2022\/12\/19\/matricula-na-rede-estadual-de-ensino-sera-de-16-a-24-de-janeiro-de-2023\/","url":"https:\/\/portalmf.com.br\/index.php\/2022\/12\/19\/matricula-na-rede-estadual-de-ensino-sera-de-16-a-24-de-janeiro-de-2023\/","name":"Matr\u00edcula na rede estadual de ensino ser\u00e1 de 16 a 24 de janeiro de 2023 - Portal MF","isPartOf":{"@id":"https:\/\/portalmf.com.br\/#website"},"primaryImageOfPage":{"@id":"https:\/\/portalmf.com.br\/index.php\/2022\/12\/19\/matricula-na-rede-estadual-de-ensino-sera-de-16-a-24-de-janeiro-de-2023\/#primaryimage"},"image":{"@id":"https:\/\/portalmf.com.br\/index.php\/2022\/12\/19\/matricula-na-rede-estadual-de-ensino-sera-de-16-a-24-de-janeiro-de-2023\/#primaryimage"},"thumbnailUrl":"https:\/\/portalmf.com.br\/wp-content\/uploads\/2022\/12\/Matricula-na-rede-estadual-de-ensino-sera-de-16-a-24-de-janeiro-de-2023.jpeg","datePublished":"2022-12-19T19:55:00+00:00","dateModified":"2022-12-19T20:26:13+00:00","author":{"@id":"https:\/\/portalmf.com.br\/#\/schema\/person\/9ec101baf56233e53520c26de5d6f6f0"},"breadcrumb":{"@id":"https:\/\/portalmf.com.br\/index.php\/2022\/12\/19\/matricula-na-rede-estadual-de-ensino-sera-de-16-a-24-de-janeiro-de-2023\/#breadcrumb"},"inLanguage":"pt-BR","potentialAction":[{"@type":"ReadAction","target":["https:\/\/portalmf.com.br\/index.php\/2022\/12\/19\/matricula-na-rede-estadual-de-ensino-sera-de-16-a-24-de-janeiro-de-2023\/"]}]},{"@type":"ImageObject","inLanguage":"pt-BR","@id":"https:\/\/portalmf.com.br\/index.php\/2022\/12\/19\/matricula-na-rede-estadual-de-ensino-sera-de-16-a-24-de-janeiro-de-2023\/#primaryimage","url":"https:\/\/portalmf.com.br\/wp-content\/uploads\/2022\/12\/Matricula-na-rede-estadual-de-ensino-sera-de-16-a-24-de-janeiro-de-2023.jpeg","contentUrl":"https:\/\/portalmf.com.br\/wp-content\/uploads\/2022\/12\/Matricula-na-rede-estadual-de-ensino-sera-de-16-a-24-de-janeiro-de-2023.jpeg","width":566,"height":322,"caption":"Foto: Feij\u00e3o Almeida \/ SECBA"},{"@type":"BreadcrumbList","@id":"https:\/\/portalmf.com.br\/index.php\/2022\/12\/19\/matricula-na-rede-estadual-de-ensino-sera-de-16-a-24-de-janeiro-de-2023\/#breadcrumb","itemListElement":[{"@type":"ListItem","position":1,"name":"In\u00edcio","item":"https:\/\/portalmf.com.br\/"},{"@type":"ListItem","position":2,"name":"Matr\u00edcula na rede estadual de ensino ser\u00e1 de 16 a 24 de janeiro de 2023"}]},{"@type":"WebSite","@id":"https:\/\/portalmf.com.br\/#website","url":"https:\/\/portalmf.com.br\/","name":"Portal MF","description":"Voc\u00ea conectado com a informa\u00e7\u00e3o","potentialAction":[{"@type":"SearchAction","target":{"@type":"EntryPoint","urlTemplate":"https:\/\/portalmf.com.br\/?s={search_term_string}"},"query-input":"required name=search_term_string"}],"inLanguage":"pt-BR"},{"@type":"Person","@id":"https:\/\/portalmf.com.br\/#\/schema\/person\/9ec101baf56233e53520c26de5d6f6f0","name":"Reda\u00e7\u00e3o Portal MF","image":{"@type":"ImageObject","inLanguage":"pt-BR","@id":"https:\/\/portalmf.com.br\/#\/schema\/person\/image\/","url":"https:\/\/secure.gravatar.com\/avatar\/41b9aaeb2100835f7c64362330f74c7f?s=96&d=mm&r=g","contentUrl":"https:\/\/secure.gravatar.com\/avatar\/41b9aaeb2100835f7c64362330f74c7f?s=96&d=mm&r=g","caption":"Reda\u00e7\u00e3o Portal MF"},"description":"Sejam bem-vindos o portal de informa\u00e7\u00f5es de entretenimento de Feira de Santana, desde 2006 realiza coberturas dos principais eventos com entrevistas exclusivas com as principais personalidades mundiais. Fique conectado tamb\u00e9m nas redes sociais.","sameAs":["http:\/\/www.portalmf.com.br\/","https:\/\/www.facebook.com\/portalmfoficial","https:\/\/www.instagram.com\/portalmf\/","https:\/\/x.com\/https:\/\/x.com\/portalmfoficial","https:\/\/www.youtube.com\/@portalmfoficial"],"url":"https:\/\/portalmf.com.br\/index.php\/author\/junior\/"}]}},"_links":{"self":[{"href":"https:\/\/portalmf.com.br\/index.php\/wp-json\/wp\/v2\/posts\/6929"}],"collection":[{"href":"https:\/\/portalmf.com.br\/index.php\/wp-json\/wp\/v2\/posts"}],"about":[{"href":"https:\/\/portalmf.com.br\/index.php\/wp-json\/wp\/v2\/types\/post"}],"author":[{"embeddable":true,"href":"https:\/\/portalmf.com.br\/index.php\/wp-json\/wp\/v2\/users\/3"}],"replies":[{"embeddable":true,"href":"https:\/\/portalmf.com.br\/index.php\/wp-json\/wp\/v2\/comments?post=6929"}],"version-history":[{"count":1,"href":"https:\/\/portalmf.com.br\/index.php\/wp-json\/wp\/v2\/posts\/6929\/revisions"}],"predecessor-version":[{"id":6931,"href":"https:\/\/portalmf.com.br\/index.php\/wp-json\/wp\/v2\/posts\/6929\/revisions\/6931"}],"wp:featuredmedia":[{"embeddable":true,"href":"https:\/\/portalmf.com.br\/index.php\/wp-json\/wp\/v2\/media\/6930"}],"wp:attachment":[{"href":"https:\/\/portalmf.com.br\/index.php\/wp-json\/wp\/v2\/media?parent=6929"}],"wp:term":[{"taxonomy":"category","embeddable":true,"href":"https:\/\/portalmf.com.br\/index.php\/wp-json\/wp\/v2\/categories?post=6929"},{"taxonomy":"post_tag","embeddable":true,"href":"https:\/\/portalmf.com.br\/index.php\/wp-json\/wp\/v2\/tags?post=6929"}],"curies":[{"name":"wp","href":"https:\/\/api.w.org\/{rel}","templated":true}]}}