{"id":6923,"date":"2022-12-19T17:10:29","date_gmt":"2022-12-19T20:10:29","guid":{"rendered":"https:\/\/portalmf.com.br\/?p=6923"},"modified":"2022-12-19T17:21:59","modified_gmt":"2022-12-19T20:21:59","slug":"onze-nomes-do-novo-governo-sao-anunciados-por-jeronimo-rodrigues","status":"publish","type":"post","link":"https:\/\/portalmf.com.br\/index.php\/2022\/12\/19\/onze-nomes-do-novo-governo-sao-anunciados-por-jeronimo-rodrigues\/","title":{"rendered":"Onze nomes do novo Governo s\u00e3o anunciados por Jer\u00f4nimo Rodrigues"},"content":{"rendered":"\n<p>A titularidade de dez secretarias de Estado e da Chefia de Gabinete do Governador est\u00e1 definida. Na tarde desta segunda-feira (19), o governador diplomado da Bahia, Jer\u00f4nimo Rodrigues, anunciou os nomes que v\u00e3o assumir as secretarias da Educa\u00e7\u00e3o (SEC), Sa\u00fade (Sesab), Fazenda (Sefaz), Rela\u00e7\u00f5es Institucionais (Serin), Justi\u00e7a e Diretos Humanos (SJDH), Turismo (Setur), Infraestrutura (Seinfra), Assist\u00eancia e Desenvolvimento Social (Seades) e Agricultura (Seagri), al\u00e9m da Casa Civil e da Chefia de Gabinete.<\/p>\n\n\n\n<p>Permanecem nos seus respectivos cargos os secret\u00e1rios da Fazenda, Manoel Vit\u00f3rio, das Rela\u00e7\u00f5es Institucionais, Luiz Caetano, e do Turismo, Maur\u00edcio Bacelar. Os oito nomes novos s\u00e3o: Adolpho Loyola, na Chefia de Gabinete; Afonso Florence, na Casa Civil; Roberta Santana, na Sa\u00fade; Felipe Freitas, na Justi\u00e7a e Diretos Humanos; S\u00e9rgio Brito, na Infraestrutura; Tum, na Agricultura; Fabya Reis, na Assist\u00eancia e Desenvolvimento Social; e Ad\u00e9lia Pinheiro, na Educa\u00e7\u00e3o.<\/p>\n\n\n\n<p>Ao lado de Geraldo J\u00fanior, vice-governador diplomado, Jer\u00f4nimo agradeceu a parceria dos partidos da base aliada e afirmou que<em> &#8220;hoje estamos fazendo uma entrega importante \u00e0 sociedade baiana com o an\u00fancio destes nomes. N\u00f3s tratamos isso com muito cuidado e n\u00e3o tem decis\u00e3o individual que n\u00e3o tenha sido compartilhada. Agrade\u00e7o tamb\u00e9m \u00e0 Comiss\u00e3o de Transi\u00e7\u00e3o por todo trabalho. O desenho feito at\u00e9 aqui nos ajudou nessa defini\u00e7\u00e3o&#8221;, <\/em>completou. O an\u00fancio dos 15 cargos ainda pendentes ser\u00e1 feito brevemente pelo governador diplomado.<\/p>\n\n\n\n<figure class=\"wp-block-image size-full\"><img fetchpriority=\"high\" decoding=\"async\" width=\"1024\" height=\"599\" src=\"https:\/\/portalmf.com.br\/wp-content\/uploads\/2022\/12\/Conheca-o-perfil-dos-novos-secretarios-e-secretarias-de-Estado-a-partir-de-2023.jpeg\" alt=\"\" class=\"wp-image-6917\" srcset=\"https:\/\/portalmf.com.br\/wp-content\/uploads\/2022\/12\/Conheca-o-perfil-dos-novos-secretarios-e-secretarias-de-Estado-a-partir-de-2023.jpeg 1024w, https:\/\/portalmf.com.br\/wp-content\/uploads\/2022\/12\/Conheca-o-perfil-dos-novos-secretarios-e-secretarias-de-Estado-a-partir-de-2023-300x175.jpeg 300w, https:\/\/portalmf.com.br\/wp-content\/uploads\/2022\/12\/Conheca-o-perfil-dos-novos-secretarios-e-secretarias-de-Estado-a-partir-de-2023-768x449.jpeg 768w, https:\/\/portalmf.com.br\/wp-content\/uploads\/2022\/12\/Conheca-o-perfil-dos-novos-secretarios-e-secretarias-de-Estado-a-partir-de-2023-585x342.jpeg 585w\" sizes=\"(max-width: 1024px) 100vw, 1024px\" \/><figcaption>Foto: Adriel Francisco<\/figcaption><\/figure>\n\n\n\n<p>Ap\u00f3s a reforma administrativa, j\u00e1 aprovada pela Assembleia Legislativa, o Governo do Estado passou a contar com 25 secretarias. Jer\u00f4nimo aproveitou tamb\u00e9m a oportunidade para agradecer ao legislativo estadual pela aceita\u00e7\u00e3o do texto na ALBA. <\/p>\n\n\n\n<p><em>&#8220;Agrade\u00e7o aos deputados estaduais e partidos pela aprova\u00e7\u00e3o da reforma administrativa, que foi adequada junto com o governador Rui Costa. Agrade\u00e7o, inclusive, \u00e0 oposi\u00e7\u00e3o na Assembleia Legislativa, que ajudou bastante tamb\u00e9m nessa aprova\u00e7\u00e3o&#8221;.<\/em><\/p>\n\n\n\n<p><strong>Conhe\u00e7a o perfil dos novos secret\u00e1rios: <\/strong><\/p>\n\n\n\n<figure class=\"wp-block-embed is-type-wp-embed is-provider-portal-mf wp-block-embed-portal-mf\"><div class=\"wp-block-embed__wrapper\">\n<blockquote class=\"wp-embedded-content\" data-secret=\"5afgCUpaDr\"><a href=\"https:\/\/portalmf.com.br\/index.php\/2022\/12\/19\/conheca-o-perfil-dos-novos-secretarios-e-secretarias-de-estado-anunciados-por-jeronimo-rodrigues\/\">Conhe\u00e7a o perfil dos novos secret\u00e1rios e secret\u00e1rias de Estado anunciados por Jer\u00f4nimo Rodrigues<\/a><\/blockquote><iframe class=\"wp-embedded-content\" sandbox=\"allow-scripts\" security=\"restricted\" style=\"position: absolute; clip: rect(1px, 1px, 1px, 1px);\" title=\"&#8220;Conhe\u00e7a o perfil dos novos secret\u00e1rios e secret\u00e1rias de Estado anunciados por Jer\u00f4nimo Rodrigues&#8221; &#8212; Portal MF\" src=\"https:\/\/portalmf.com.br\/index.php\/2022\/12\/19\/conheca-o-perfil-dos-novos-secretarios-e-secretarias-de-estado-anunciados-por-jeronimo-rodrigues\/embed\/#?secret=ISU4Qvgmmb#?secret=5afgCUpaDr\" data-secret=\"5afgCUpaDr\" width=\"600\" height=\"338\" frameborder=\"0\" marginwidth=\"0\" marginheight=\"0\" scrolling=\"no\"><\/iframe>\n<\/div><\/figure>\n","protected":false},"excerpt":{"rendered":"<p>A titularidade de dez secretarias de Estado e da Chefia de Gabinete do Governador est\u00e1 definida. Na tarde desta segunda-feira (19), o governador diplomado da Bahia, Jer\u00f4nimo Rodrigues, anunciou os nomes que v\u00e3o assumir as secretarias da Educa\u00e7\u00e3o (SEC), Sa\u00fade (Sesab), Fazenda (Sefaz), Rela\u00e7\u00f5es Institucionais (Serin), Justi\u00e7a e Diretos Humanos (SJDH), Turismo (Setur), Infraestrutura (Seinfra), [&hellip;]<\/p>\n","protected":false},"author":3,"featured_media":6924,"comment_status":"open","ping_status":"open","sticky":false,"template":"","format":"standard","meta":{"_monsterinsights_skip_tracking":false,"_monsterinsights_sitenote_active":false,"_monsterinsights_sitenote_note":"","_monsterinsights_sitenote_category":0,"footnotes":""},"categories":[34],"tags":[],"yoast_head":"<!-- This site is optimized with the Yoast SEO plugin v22.9 - https:\/\/yoast.com\/wordpress\/plugins\/seo\/ -->\n<title>Onze nomes do novo Governo s\u00e3o anunciados por Jer\u00f4nimo Rodrigues - Portal MF<\/title>\n<meta name=\"robots\" content=\"index, follow, max-snippet:-1, max-image-preview:large, max-video-preview:-1\" \/>\n<link rel=\"canonical\" href=\"https:\/\/portalmf.com.br\/index.php\/2022\/12\/19\/onze-nomes-do-novo-governo-sao-anunciados-por-jeronimo-rodrigues\/\" \/>\n<meta property=\"og:locale\" content=\"pt_BR\" \/>\n<meta property=\"og:type\" content=\"article\" \/>\n<meta property=\"og:title\" content=\"Onze nomes do novo Governo s\u00e3o anunciados por Jer\u00f4nimo Rodrigues - Portal MF\" \/>\n<meta property=\"og:description\" content=\"A titularidade de dez secretarias de Estado e da Chefia de Gabinete do Governador est\u00e1 definida. Na tarde desta segunda-feira (19), o governador diplomado da Bahia, Jer\u00f4nimo Rodrigues, anunciou os nomes que v\u00e3o assumir as secretarias da Educa\u00e7\u00e3o (SEC), Sa\u00fade (Sesab), Fazenda (Sefaz), Rela\u00e7\u00f5es Institucionais (Serin), Justi\u00e7a e Diretos Humanos (SJDH), Turismo (Setur), Infraestrutura (Seinfra), [&hellip;]\" \/>\n<meta property=\"og:url\" content=\"https:\/\/portalmf.com.br\/index.php\/2022\/12\/19\/onze-nomes-do-novo-governo-sao-anunciados-por-jeronimo-rodrigues\/\" \/>\n<meta property=\"og:site_name\" content=\"Portal MF\" \/>\n<meta property=\"article:author\" content=\"https:\/\/www.facebook.com\/portalmfoficial\" \/>\n<meta property=\"article:published_time\" content=\"2022-12-19T20:10:29+00:00\" \/>\n<meta property=\"article:modified_time\" content=\"2022-12-19T20:21:59+00:00\" \/>\n<meta property=\"og:image\" content=\"https:\/\/portalmf.com.br\/wp-content\/uploads\/2022\/12\/Onze-nomes-do-novo-Governo-sao-anunciados-por-Jeronimo-Rodrigues.jpeg\" \/>\n\t<meta property=\"og:image:width\" content=\"1280\" \/>\n\t<meta property=\"og:image:height\" content=\"720\" \/>\n\t<meta property=\"og:image:type\" content=\"image\/jpeg\" \/>\n<meta name=\"author\" content=\"Reda\u00e7\u00e3o Portal MF\" \/>\n<meta name=\"twitter:card\" content=\"summary_large_image\" \/>\n<meta name=\"twitter:creator\" content=\"@https:\/\/x.com\/portalmfoficial\" \/>\n<meta name=\"twitter:label1\" content=\"Escrito por\" \/>\n\t<meta name=\"twitter:data1\" content=\"Reda\u00e7\u00e3o Portal MF\" \/>\n\t<meta name=\"twitter:label2\" content=\"Est. tempo de leitura\" \/>\n\t<meta name=\"twitter:data2\" content=\"2 minutos\" \/>\n<script type=\"application\/ld+json\" class=\"yoast-schema-graph\">{\"@context\":\"https:\/\/schema.org\",\"@graph\":[{\"@type\":\"WebPage\",\"@id\":\"https:\/\/portalmf.com.br\/index.php\/2022\/12\/19\/onze-nomes-do-novo-governo-sao-anunciados-por-jeronimo-rodrigues\/\",\"url\":\"https:\/\/portalmf.com.br\/index.php\/2022\/12\/19\/onze-nomes-do-novo-governo-sao-anunciados-por-jeronimo-rodrigues\/\",\"name\":\"Onze nomes do novo Governo s\u00e3o anunciados por Jer\u00f4nimo Rodrigues - Portal MF\",\"isPartOf\":{\"@id\":\"https:\/\/portalmf.com.br\/#website\"},\"primaryImageOfPage\":{\"@id\":\"https:\/\/portalmf.com.br\/index.php\/2022\/12\/19\/onze-nomes-do-novo-governo-sao-anunciados-por-jeronimo-rodrigues\/#primaryimage\"},\"image\":{\"@id\":\"https:\/\/portalmf.com.br\/index.php\/2022\/12\/19\/onze-nomes-do-novo-governo-sao-anunciados-por-jeronimo-rodrigues\/#primaryimage\"},\"thumbnailUrl\":\"https:\/\/portalmf.com.br\/wp-content\/uploads\/2022\/12\/Onze-nomes-do-novo-Governo-sao-anunciados-por-Jeronimo-Rodrigues.jpeg\",\"datePublished\":\"2022-12-19T20:10:29+00:00\",\"dateModified\":\"2022-12-19T20:21:59+00:00\",\"author\":{\"@id\":\"https:\/\/portalmf.com.br\/#\/schema\/person\/9ec101baf56233e53520c26de5d6f6f0\"},\"breadcrumb\":{\"@id\":\"https:\/\/portalmf.com.br\/index.php\/2022\/12\/19\/onze-nomes-do-novo-governo-sao-anunciados-por-jeronimo-rodrigues\/#breadcrumb\"},\"inLanguage\":\"pt-BR\",\"potentialAction\":[{\"@type\":\"ReadAction\",\"target\":[\"https:\/\/portalmf.com.br\/index.php\/2022\/12\/19\/onze-nomes-do-novo-governo-sao-anunciados-por-jeronimo-rodrigues\/\"]}]},{\"@type\":\"ImageObject\",\"inLanguage\":\"pt-BR\",\"@id\":\"https:\/\/portalmf.com.br\/index.php\/2022\/12\/19\/onze-nomes-do-novo-governo-sao-anunciados-por-jeronimo-rodrigues\/#primaryimage\",\"url\":\"https:\/\/portalmf.com.br\/wp-content\/uploads\/2022\/12\/Onze-nomes-do-novo-Governo-sao-anunciados-por-Jeronimo-Rodrigues.jpeg\",\"contentUrl\":\"https:\/\/portalmf.com.br\/wp-content\/uploads\/2022\/12\/Onze-nomes-do-novo-Governo-sao-anunciados-por-Jeronimo-Rodrigues.jpeg\",\"width\":1280,\"height\":720,\"caption\":\"Fotos: Manu Dias\"},{\"@type\":\"BreadcrumbList\",\"@id\":\"https:\/\/portalmf.com.br\/index.php\/2022\/12\/19\/onze-nomes-do-novo-governo-sao-anunciados-por-jeronimo-rodrigues\/#breadcrumb\",\"itemListElement\":[{\"@type\":\"ListItem\",\"position\":1,\"name\":\"In\u00edcio\",\"item\":\"https:\/\/portalmf.com.br\/\"},{\"@type\":\"ListItem\",\"position\":2,\"name\":\"Onze nomes do novo Governo s\u00e3o anunciados por Jer\u00f4nimo Rodrigues\"}]},{\"@type\":\"WebSite\",\"@id\":\"https:\/\/portalmf.com.br\/#website\",\"url\":\"https:\/\/portalmf.com.br\/\",\"name\":\"Portal MF\",\"description\":\"Voc\u00ea conectado com a informa\u00e7\u00e3o\",\"potentialAction\":[{\"@type\":\"SearchAction\",\"target\":{\"@type\":\"EntryPoint\",\"urlTemplate\":\"https:\/\/portalmf.com.br\/?s={search_term_string}\"},\"query-input\":\"required name=search_term_string\"}],\"inLanguage\":\"pt-BR\"},{\"@type\":\"Person\",\"@id\":\"https:\/\/portalmf.com.br\/#\/schema\/person\/9ec101baf56233e53520c26de5d6f6f0\",\"name\":\"Reda\u00e7\u00e3o Portal MF\",\"image\":{\"@type\":\"ImageObject\",\"inLanguage\":\"pt-BR\",\"@id\":\"https:\/\/portalmf.com.br\/#\/schema\/person\/image\/\",\"url\":\"https:\/\/secure.gravatar.com\/avatar\/41b9aaeb2100835f7c64362330f74c7f?s=96&d=mm&r=g\",\"contentUrl\":\"https:\/\/secure.gravatar.com\/avatar\/41b9aaeb2100835f7c64362330f74c7f?s=96&d=mm&r=g\",\"caption\":\"Reda\u00e7\u00e3o Portal MF\"},\"description\":\"Sejam bem-vindos o portal de informa\u00e7\u00f5es de entretenimento de Feira de Santana, desde 2006 realiza coberturas dos principais eventos com entrevistas exclusivas com as principais personalidades mundiais. Fique conectado tamb\u00e9m nas redes sociais.\",\"sameAs\":[\"http:\/\/www.portalmf.com.br\/\",\"https:\/\/www.facebook.com\/portalmfoficial\",\"https:\/\/www.instagram.com\/portalmf\/\",\"https:\/\/x.com\/https:\/\/x.com\/portalmfoficial\",\"https:\/\/www.youtube.com\/@portalmfoficial\"],\"url\":\"https:\/\/portalmf.com.br\/index.php\/author\/junior\/\"}]}<\/script>\n<!-- \/ Yoast SEO plugin. -->","yoast_head_json":{"title":"Onze nomes do novo Governo s\u00e3o anunciados por Jer\u00f4nimo Rodrigues - Portal MF","robots":{"index":"index","follow":"follow","max-snippet":"max-snippet:-1","max-image-preview":"max-image-preview:large","max-video-preview":"max-video-preview:-1"},"canonical":"https:\/\/portalmf.com.br\/index.php\/2022\/12\/19\/onze-nomes-do-novo-governo-sao-anunciados-por-jeronimo-rodrigues\/","og_locale":"pt_BR","og_type":"article","og_title":"Onze nomes do novo Governo s\u00e3o anunciados por Jer\u00f4nimo Rodrigues - Portal MF","og_description":"A titularidade de dez secretarias de Estado e da Chefia de Gabinete do Governador est\u00e1 definida. Na tarde desta segunda-feira (19), o governador diplomado da Bahia, Jer\u00f4nimo Rodrigues, anunciou os nomes que v\u00e3o assumir as secretarias da Educa\u00e7\u00e3o (SEC), Sa\u00fade (Sesab), Fazenda (Sefaz), Rela\u00e7\u00f5es Institucionais (Serin), Justi\u00e7a e Diretos Humanos (SJDH), Turismo (Setur), Infraestrutura (Seinfra), [&hellip;]","og_url":"https:\/\/portalmf.com.br\/index.php\/2022\/12\/19\/onze-nomes-do-novo-governo-sao-anunciados-por-jeronimo-rodrigues\/","og_site_name":"Portal MF","article_author":"https:\/\/www.facebook.com\/portalmfoficial","article_published_time":"2022-12-19T20:10:29+00:00","article_modified_time":"2022-12-19T20:21:59+00:00","og_image":[{"width":1280,"height":720,"url":"https:\/\/portalmf.com.br\/wp-content\/uploads\/2022\/12\/Onze-nomes-do-novo-Governo-sao-anunciados-por-Jeronimo-Rodrigues.jpeg","type":"image\/jpeg"}],"author":"Reda\u00e7\u00e3o Portal MF","twitter_card":"summary_large_image","twitter_creator":"@https:\/\/x.com\/portalmfoficial","twitter_misc":{"Escrito por":"Reda\u00e7\u00e3o Portal MF","Est. tempo de leitura":"2 minutos"},"schema":{"@context":"https:\/\/schema.org","@graph":[{"@type":"WebPage","@id":"https:\/\/portalmf.com.br\/index.php\/2022\/12\/19\/onze-nomes-do-novo-governo-sao-anunciados-por-jeronimo-rodrigues\/","url":"https:\/\/portalmf.com.br\/index.php\/2022\/12\/19\/onze-nomes-do-novo-governo-sao-anunciados-por-jeronimo-rodrigues\/","name":"Onze nomes do novo Governo s\u00e3o anunciados por Jer\u00f4nimo Rodrigues - Portal MF","isPartOf":{"@id":"https:\/\/portalmf.com.br\/#website"},"primaryImageOfPage":{"@id":"https:\/\/portalmf.com.br\/index.php\/2022\/12\/19\/onze-nomes-do-novo-governo-sao-anunciados-por-jeronimo-rodrigues\/#primaryimage"},"image":{"@id":"https:\/\/portalmf.com.br\/index.php\/2022\/12\/19\/onze-nomes-do-novo-governo-sao-anunciados-por-jeronimo-rodrigues\/#primaryimage"},"thumbnailUrl":"https:\/\/portalmf.com.br\/wp-content\/uploads\/2022\/12\/Onze-nomes-do-novo-Governo-sao-anunciados-por-Jeronimo-Rodrigues.jpeg","datePublished":"2022-12-19T20:10:29+00:00","dateModified":"2022-12-19T20:21:59+00:00","author":{"@id":"https:\/\/portalmf.com.br\/#\/schema\/person\/9ec101baf56233e53520c26de5d6f6f0"},"breadcrumb":{"@id":"https:\/\/portalmf.com.br\/index.php\/2022\/12\/19\/onze-nomes-do-novo-governo-sao-anunciados-por-jeronimo-rodrigues\/#breadcrumb"},"inLanguage":"pt-BR","potentialAction":[{"@type":"ReadAction","target":["https:\/\/portalmf.com.br\/index.php\/2022\/12\/19\/onze-nomes-do-novo-governo-sao-anunciados-por-jeronimo-rodrigues\/"]}]},{"@type":"ImageObject","inLanguage":"pt-BR","@id":"https:\/\/portalmf.com.br\/index.php\/2022\/12\/19\/onze-nomes-do-novo-governo-sao-anunciados-por-jeronimo-rodrigues\/#primaryimage","url":"https:\/\/portalmf.com.br\/wp-content\/uploads\/2022\/12\/Onze-nomes-do-novo-Governo-sao-anunciados-por-Jeronimo-Rodrigues.jpeg","contentUrl":"https:\/\/portalmf.com.br\/wp-content\/uploads\/2022\/12\/Onze-nomes-do-novo-Governo-sao-anunciados-por-Jeronimo-Rodrigues.jpeg","width":1280,"height":720,"caption":"Fotos: Manu Dias"},{"@type":"BreadcrumbList","@id":"https:\/\/portalmf.com.br\/index.php\/2022\/12\/19\/onze-nomes-do-novo-governo-sao-anunciados-por-jeronimo-rodrigues\/#breadcrumb","itemListElement":[{"@type":"ListItem","position":1,"name":"In\u00edcio","item":"https:\/\/portalmf.com.br\/"},{"@type":"ListItem","position":2,"name":"Onze nomes do novo Governo s\u00e3o anunciados por Jer\u00f4nimo Rodrigues"}]},{"@type":"WebSite","@id":"https:\/\/portalmf.com.br\/#website","url":"https:\/\/portalmf.com.br\/","name":"Portal MF","description":"Voc\u00ea conectado com a informa\u00e7\u00e3o","potentialAction":[{"@type":"SearchAction","target":{"@type":"EntryPoint","urlTemplate":"https:\/\/portalmf.com.br\/?s={search_term_string}"},"query-input":"required name=search_term_string"}],"inLanguage":"pt-BR"},{"@type":"Person","@id":"https:\/\/portalmf.com.br\/#\/schema\/person\/9ec101baf56233e53520c26de5d6f6f0","name":"Reda\u00e7\u00e3o Portal MF","image":{"@type":"ImageObject","inLanguage":"pt-BR","@id":"https:\/\/portalmf.com.br\/#\/schema\/person\/image\/","url":"https:\/\/secure.gravatar.com\/avatar\/41b9aaeb2100835f7c64362330f74c7f?s=96&d=mm&r=g","contentUrl":"https:\/\/secure.gravatar.com\/avatar\/41b9aaeb2100835f7c64362330f74c7f?s=96&d=mm&r=g","caption":"Reda\u00e7\u00e3o Portal MF"},"description":"Sejam bem-vindos o portal de informa\u00e7\u00f5es de entretenimento de Feira de Santana, desde 2006 realiza coberturas dos principais eventos com entrevistas exclusivas com as principais personalidades mundiais. Fique conectado tamb\u00e9m nas redes sociais.","sameAs":["http:\/\/www.portalmf.com.br\/","https:\/\/www.facebook.com\/portalmfoficial","https:\/\/www.instagram.com\/portalmf\/","https:\/\/x.com\/https:\/\/x.com\/portalmfoficial","https:\/\/www.youtube.com\/@portalmfoficial"],"url":"https:\/\/portalmf.com.br\/index.php\/author\/junior\/"}]}},"_links":{"self":[{"href":"https:\/\/portalmf.com.br\/index.php\/wp-json\/wp\/v2\/posts\/6923"}],"collection":[{"href":"https:\/\/portalmf.com.br\/index.php\/wp-json\/wp\/v2\/posts"}],"about":[{"href":"https:\/\/portalmf.com.br\/index.php\/wp-json\/wp\/v2\/types\/post"}],"author":[{"embeddable":true,"href":"https:\/\/portalmf.com.br\/index.php\/wp-json\/wp\/v2\/users\/3"}],"replies":[{"embeddable":true,"href":"https:\/\/portalmf.com.br\/index.php\/wp-json\/wp\/v2\/comments?post=6923"}],"version-history":[{"count":1,"href":"https:\/\/portalmf.com.br\/index.php\/wp-json\/wp\/v2\/posts\/6923\/revisions"}],"predecessor-version":[{"id":6925,"href":"https:\/\/portalmf.com.br\/index.php\/wp-json\/wp\/v2\/posts\/6923\/revisions\/6925"}],"wp:featuredmedia":[{"embeddable":true,"href":"https:\/\/portalmf.com.br\/index.php\/wp-json\/wp\/v2\/media\/6924"}],"wp:attachment":[{"href":"https:\/\/portalmf.com.br\/index.php\/wp-json\/wp\/v2\/media?parent=6923"}],"wp:term":[{"taxonomy":"category","embeddable":true,"href":"https:\/\/portalmf.com.br\/index.php\/wp-json\/wp\/v2\/categories?post=6923"},{"taxonomy":"post_tag","embeddable":true,"href":"https:\/\/portalmf.com.br\/index.php\/wp-json\/wp\/v2\/tags?post=6923"}],"curies":[{"name":"wp","href":"https:\/\/api.w.org\/{rel}","templated":true}]}}