{"id":6905,"date":"2022-12-19T17:00:15","date_gmt":"2022-12-19T20:00:15","guid":{"rendered":"https:\/\/portalmf.com.br\/?p=6905"},"modified":"2022-12-19T17:04:02","modified_gmt":"2022-12-19T20:04:02","slug":"conheca-o-perfil-dos-novos-secretarios-e-secretarias-de-estado-anunciados-por-jeronimo-rodrigues","status":"publish","type":"post","link":"https:\/\/portalmf.com.br\/index.php\/2022\/12\/19\/conheca-o-perfil-dos-novos-secretarios-e-secretarias-de-estado-anunciados-por-jeronimo-rodrigues\/","title":{"rendered":"Conhe\u00e7a o perfil dos novos secret\u00e1rios e secret\u00e1rias de Estado anunciados por Jer\u00f4nimo Rodrigues"},"content":{"rendered":"<div class=\"wp-block-image\">\n<figure class=\"alignleft size-thumbnail is-resized\"><img decoding=\"async\" src=\"https:\/\/portalmf.com.br\/wp-content\/uploads\/2022\/12\/SECRETAIOS-2022-7-150x150.jpg\" alt=\"\" class=\"wp-image-6911\" width=\"176\" height=\"176\" srcset=\"https:\/\/portalmf.com.br\/wp-content\/uploads\/2022\/12\/SECRETAIOS-2022-7-150x150.jpg 150w, https:\/\/portalmf.com.br\/wp-content\/uploads\/2022\/12\/SECRETAIOS-2022-7-585x585.jpg 585w\" sizes=\"(max-width: 176px) 100vw, 176px\" \/><\/figure><\/div>\n\n\n<p><strong>Justi\u00e7a e Diretos Humanos (SJDH)<br>Felipe Freitas, natural de Feira de Santana (BA)<\/strong><\/p>\n\n\n\n<p>Doutor e mestre em Direito pela Universidade de Bras\u00edlia e pesquisador na \u00e1rea de direito, viol\u00eancia e pol\u00edtica, Felipe Freitas \u00e9 professor colaborador do mestrado profissional em seguran\u00e7a p\u00fablica da Universidade Federal da Bahia (PROGESP UFBA) e professor do corpo permanente do Programa de P\u00f3s-Gradua\u00e7\u00e3o em Direito Constitucional do Instituto Brasileiro de Ensino, Desenvolvimento e Pesquisa (IDP).<\/p>\n\n\n\n<p>No Governo do Estado, entre 2010 e 2011, Felipe Freitas atuou como assessor t\u00e9cnico na \u00e1rea de igualdade racial e pol\u00edticas p\u00fablicas de juventude. Formado em direito pela Universidade Estadual de Feira de Santana (UEFS), ele tamb\u00e9m acumula experi\u00eancias na esfera federal, onde foi coordenador nacional do Plano de Preven\u00e7\u00e3o \u00e0 Viol\u00eancia contra Juventude Negra do Governo Federal (2012 &#8211; 2014), Secret\u00e1rio Executivo do Conselho Nacional de Promo\u00e7\u00e3o da Igualdade Racial da Presid\u00eancia da Rep\u00fablica (2015 &#8211; 2016), e assessor parlamentar na C\u00e2mara dos Deputados no mandato do deputado federal Luiz Alberto (PT\/BA).<\/p>\n\n\n\n<p>Como consultor, atuou na Organiza\u00e7\u00e3o das Na\u00e7\u00f5es Unidas para Educa\u00e7\u00e3o e Cultura (2010), Fundo de Popula\u00e7\u00f5es das Na\u00e7\u00f5es Unidas (2015), Rede Justi\u00e7a Criminal (2016) e junto ao Programa das Na\u00e7\u00f5es Unidas para o Desenvolvimento (2016). Em parceria com a Escola Nacional de Servi\u00e7os Penais foi o respons\u00e1vel pela elabora\u00e7\u00e3o da Matriz Nacional de Forma\u00e7\u00e3o dos Servidores(as) Penais (2017).&nbsp; Entre 2019 e 2020 trabalhou junto ao Centro de Forma\u00e7\u00e3o Jur\u00eddica e Judici\u00e1ria do Governo de Mo\u00e7ambique elaborando diretrizes para o ensino de magistrados nas \u00e1reas de penas alternativas \u00e0 pena de pris\u00e3o. Desde 2020 atua na \u00e1rea de pesquisa do Observat\u00f3rio Direitos Humanos, Crise e Covid-19 que re\u00fane dezenas de organiza\u00e7\u00f5es da sociedade civil brasileira.<\/p>\n\n\n<div class=\"wp-block-image\">\n<figure class=\"alignleft size-large is-resized\"><img decoding=\"async\" src=\"https:\/\/portalmf.com.br\/wp-content\/uploads\/2022\/12\/SECRETAIOS-2022-2-986x1024.jpg\" alt=\"\" class=\"wp-image-6906\" width=\"165\" height=\"170\" srcset=\"https:\/\/portalmf.com.br\/wp-content\/uploads\/2022\/12\/SECRETAIOS-2022-2-986x1024.jpg 986w, https:\/\/portalmf.com.br\/wp-content\/uploads\/2022\/12\/SECRETAIOS-2022-2-289x300.jpg 289w, https:\/\/portalmf.com.br\/wp-content\/uploads\/2022\/12\/SECRETAIOS-2022-2-768x798.jpg 768w, https:\/\/portalmf.com.br\/wp-content\/uploads\/2022\/12\/SECRETAIOS-2022-2-1478x1536.jpg 1478w, https:\/\/portalmf.com.br\/wp-content\/uploads\/2022\/12\/SECRETAIOS-2022-2-1971x2048.jpg 1971w, https:\/\/portalmf.com.br\/wp-content\/uploads\/2022\/12\/SECRETAIOS-2022-2-1920x1995.jpg 1920w, https:\/\/portalmf.com.br\/wp-content\/uploads\/2022\/12\/SECRETAIOS-2022-2-1170x1216.jpg 1170w, https:\/\/portalmf.com.br\/wp-content\/uploads\/2022\/12\/SECRETAIOS-2022-2-585x608.jpg 585w\" sizes=\"(max-width: 165px) 100vw, 165px\" \/><\/figure><\/div>\n\n\n<p><strong>Secretaria de Rela\u00e7\u00f5es Institucionais (Serin)<br>Luiz Caetano, natural de Central (BA)<\/strong><br>Atual secret\u00e1rio de Rela\u00e7\u00f5es Institucionais, cargo que assumiu em maio de 2021, Luiz Caetano se licenciou do Governo do Estado em julho deste ano para coordenar a campanha vitoriosa de Jer\u00f4nimo Rodrigues. Formado em Farm\u00e1cia Bioqu\u00edmica pela UFBA, foi vereador e tr\u00eas vezes prefeito da cidade de Cama\u00e7ari, na Regi\u00e3o Metropolitana de Salvador (RMS). Tamb\u00e9m foi presidente da Uni\u00e3o dos Prefeitos da Bahia (UPB), deputado estadual e deputado federal. Luiz Caetano integra, atualmente, o Diret\u00f3rio Nacional e a Executiva Nacional do PT, partido onde atua desde a d\u00e9cada de 90.<\/p>\n\n\n<div class=\"wp-block-image\">\n<figure class=\"alignleft size-large is-resized\"><img decoding=\"async\" src=\"https:\/\/portalmf.com.br\/wp-content\/uploads\/2022\/12\/SECRETAIOS-2022-3-989x1024.jpg\" alt=\"\" class=\"wp-image-6907\" width=\"179\" height=\"185\" srcset=\"https:\/\/portalmf.com.br\/wp-content\/uploads\/2022\/12\/SECRETAIOS-2022-3-989x1024.jpg 989w, https:\/\/portalmf.com.br\/wp-content\/uploads\/2022\/12\/SECRETAIOS-2022-3-290x300.jpg 290w, https:\/\/portalmf.com.br\/wp-content\/uploads\/2022\/12\/SECRETAIOS-2022-3-768x796.jpg 768w, https:\/\/portalmf.com.br\/wp-content\/uploads\/2022\/12\/SECRETAIOS-2022-3-1483x1536.jpg 1483w, https:\/\/portalmf.com.br\/wp-content\/uploads\/2022\/12\/SECRETAIOS-2022-3-1977x2048.jpg 1977w, https:\/\/portalmf.com.br\/wp-content\/uploads\/2022\/12\/SECRETAIOS-2022-3-1920x1989.jpg 1920w, https:\/\/portalmf.com.br\/wp-content\/uploads\/2022\/12\/SECRETAIOS-2022-3-1170x1212.jpg 1170w, https:\/\/portalmf.com.br\/wp-content\/uploads\/2022\/12\/SECRETAIOS-2022-3-585x606.jpg 585w\" sizes=\"(max-width: 179px) 100vw, 179px\" \/><\/figure><\/div>\n\n\n<p><strong>Chefia de Gabinete<br>Adolpho Loyola, natural de Itanh\u00e9m (BA)<\/strong><br>Membro do Grupo de Transi\u00e7\u00e3o Governamental, Adolpho Loyola foi um dos coordenadores da campanha do governador Jer\u00f4nimo Rodrigues e \u00e9 dirigente do Partido dos Trabalhadores (PT), onde atualmente exerce o cargo de secret\u00e1rio de Comunica\u00e7\u00e3o. Adolpho foi Assessor Especial da Casa Civil da Presid\u00eancia da Rep\u00fablica; Diretor de Fiscaliza\u00e7\u00e3o e Outorga do Minist\u00e9rio das Comunica\u00e7\u00f5es; Coordenador Executivo da Secretaria de Justi\u00e7a, Direitos Humanos e Desenvolvimento Social do Estado da Bahia (SJDHDS); e Assessor Parlamentar na C\u00e2mara dos Deputados e na Assembleia Legislativa da Bahia.<\/p>\n\n\n<div class=\"wp-block-image\">\n<figure class=\"alignleft size-thumbnail\"><img loading=\"lazy\" decoding=\"async\" width=\"150\" height=\"150\" src=\"https:\/\/portalmf.com.br\/wp-content\/uploads\/2022\/12\/SECRETAIOS-2022-4-150x150.jpg\" alt=\"\" class=\"wp-image-6908\" srcset=\"https:\/\/portalmf.com.br\/wp-content\/uploads\/2022\/12\/SECRETAIOS-2022-4-150x150.jpg 150w, https:\/\/portalmf.com.br\/wp-content\/uploads\/2022\/12\/SECRETAIOS-2022-4-585x585.jpg 585w\" sizes=\"(max-width: 150px) 100vw, 150px\" \/><\/figure><\/div>\n\n\n<p><strong>Casa Civil<br>Afonso Florence, natural de Salvador (BA)<\/strong><br>Deputado federal pelo Partido dos Trabalhadores e ex-ministro de Desenvolvimento Agr\u00e1rio na gest\u00e3o da ex-presidenta Dilma Rousseff, Afonso Florence \u00e9 historiador, formado pela Universidade Federal da Bahia (UFBA) e pela Universidade Cat\u00f3lica do Salvador (Ucsal). Coordenador do Programa de Governo na campanha de Jaques Wagner ao Governo do Estado, em 2006, Florence assumiu a Secretaria Estadual de Desenvolvimento Urbano (Sedur) no primeiro mandato do ex-governador. Reeleito este ano com mais de 118 mil votos, atualmente \u00e9 l\u00edder da bancada de oposi\u00e7\u00e3o ao atual presidente da Rep\u00fablica no Congresso Nacional.<\/p>\n\n\n<div class=\"wp-block-image\">\n<figure class=\"alignleft size-large is-resized\"><img loading=\"lazy\" decoding=\"async\" src=\"https:\/\/portalmf.com.br\/wp-content\/uploads\/2022\/12\/SECRETAIOS-2022-5-981x1024.jpg\" alt=\"\" class=\"wp-image-6910\" width=\"174\" height=\"182\" srcset=\"https:\/\/portalmf.com.br\/wp-content\/uploads\/2022\/12\/SECRETAIOS-2022-5-981x1024.jpg 981w, https:\/\/portalmf.com.br\/wp-content\/uploads\/2022\/12\/SECRETAIOS-2022-5-287x300.jpg 287w, https:\/\/portalmf.com.br\/wp-content\/uploads\/2022\/12\/SECRETAIOS-2022-5-768x802.jpg 768w, https:\/\/portalmf.com.br\/wp-content\/uploads\/2022\/12\/SECRETAIOS-2022-5-1472x1536.jpg 1472w, https:\/\/portalmf.com.br\/wp-content\/uploads\/2022\/12\/SECRETAIOS-2022-5-1962x2048.jpg 1962w, https:\/\/portalmf.com.br\/wp-content\/uploads\/2022\/12\/SECRETAIOS-2022-5-1920x2004.jpg 1920w, https:\/\/portalmf.com.br\/wp-content\/uploads\/2022\/12\/SECRETAIOS-2022-5-1170x1221.jpg 1170w, https:\/\/portalmf.com.br\/wp-content\/uploads\/2022\/12\/SECRETAIOS-2022-5-585x611.jpg 585w\" sizes=\"(max-width: 174px) 100vw, 174px\" \/><\/figure><\/div>\n\n\n<p><strong>Sa\u00fade (Sesab)<br>Roberta Santana, 45 anos, natural de Feira de Santana (BA)<\/strong><br>Chefe de Gabinete da Secretaria de Sa\u00fade (Sesab) desde 2019, Roberta Santana ocupa fun\u00e7\u00f5es estrat\u00e9gicas de gest\u00e3o no Governo do Estado desde 2007. Nos \u00faltimos 16 anos, foi assessora de planejamento e gest\u00e3o da Embasa e da Companhia de Engenharia Ambiental da Bahia (CERB); diretora-geral da Secretaria Estadual de Desenvolvimento Urbano (Sedur); coordenadora da presid\u00eancia da Companhia de Desenvolvimento Urbano do Estado da Bahia (Conder); diretora-geral da Secretaria Estadual da Educa\u00e7\u00e3o (SEC) na gest\u00e3o do ent\u00e3o secret\u00e1rio Jer\u00f4nimo Rodrigues; e, por fim, diretora-geral da Sesab, cargo que exerceu antes de assumir a Chefia de Gabinete da pasta.<\/p>\n\n\n\n<p>Graduada em Administra\u00e7\u00e3o pela Universidade Estadual de Feira de Santana (UEFS) e mestre em Administra\u00e7\u00e3o Estrat\u00e9gica (UNIFACS-2009), Roberta Santana \u00e9 especializada na \u00e1rea de Administra\u00e7\u00e3o P\u00fablica, com \u00eanfase em Planejamento e Gest\u00e3o Estrat\u00e9gica. Membro do Grupo de Trabalho de Transi\u00e7\u00e3o Governamental, Roberta Santana exerceu papel importante na elabora\u00e7\u00e3o da proposta de reforma administrativa do Governo do Estado, j\u00e1 aprovada pela Assembleia Legislativa.<\/p>\n\n\n<div class=\"wp-block-image\">\n<figure class=\"alignleft size-large is-resized\"><img loading=\"lazy\" decoding=\"async\" src=\"https:\/\/portalmf.com.br\/wp-content\/uploads\/2022\/12\/SECRETAIOS-2022-6-1000x1024.jpg\" alt=\"\" class=\"wp-image-6909\" width=\"153\" height=\"157\" srcset=\"https:\/\/portalmf.com.br\/wp-content\/uploads\/2022\/12\/SECRETAIOS-2022-6-1000x1024.jpg 1000w, https:\/\/portalmf.com.br\/wp-content\/uploads\/2022\/12\/SECRETAIOS-2022-6-293x300.jpg 293w, https:\/\/portalmf.com.br\/wp-content\/uploads\/2022\/12\/SECRETAIOS-2022-6-768x786.jpg 768w, https:\/\/portalmf.com.br\/wp-content\/uploads\/2022\/12\/SECRETAIOS-2022-6-1500x1536.jpg 1500w, https:\/\/portalmf.com.br\/wp-content\/uploads\/2022\/12\/SECRETAIOS-2022-6-2000x2048.jpg 2000w, https:\/\/portalmf.com.br\/wp-content\/uploads\/2022\/12\/SECRETAIOS-2022-6-1920x1966.jpg 1920w, https:\/\/portalmf.com.br\/wp-content\/uploads\/2022\/12\/SECRETAIOS-2022-6-1170x1198.jpg 1170w, https:\/\/portalmf.com.br\/wp-content\/uploads\/2022\/12\/SECRETAIOS-2022-6-585x599.jpg 585w\" sizes=\"(max-width: 153px) 100vw, 153px\" \/><\/figure><\/div>\n\n\n<p><strong>Educa\u00e7\u00e3o (SEC)<br>Ad\u00e9lia Pinheiro, natural de Itabuna (BA)<\/strong><br>Reitora por duas gest\u00f5es consecutivas na Universidade Estadual de Santa Cruz (UESC), Ad\u00e9lia Pinheiro \u00e9 professora concursada da institui\u00e7\u00e3o, localizada em Ilh\u00e9us, desde 1990. Secret\u00e1ria estadual da Sa\u00fade (Sesab) do Governo do Estado desde fevereiro de 2022, ela tamb\u00e9m foi titular da Secretaria Estadual de Ci\u00eancia, Tecnologia e Inova\u00e7\u00e3o do Estado (Secti), entre maio de 2019 e fevereiro deste ano. Graduada em Medicina pela Universidade Federal da Bahia (Ufba), Ad\u00e9lia \u00e9 mestre em Sa\u00fade Coletiva pela mesma institui\u00e7\u00e3o e doutora em Sa\u00fade P\u00fablica pela Faculdade de Sa\u00fade P\u00fablica da Universidade de S\u00e3o Paulo (USP).<\/p>\n\n\n<div class=\"wp-block-image\">\n<figure class=\"alignleft size-thumbnail is-resized\"><img loading=\"lazy\" decoding=\"async\" src=\"https:\/\/portalmf.com.br\/wp-content\/uploads\/2022\/12\/SECRETAIOS-2022-8-150x150.jpg\" alt=\"\" class=\"wp-image-6912\" width=\"180\" height=\"180\" srcset=\"https:\/\/portalmf.com.br\/wp-content\/uploads\/2022\/12\/SECRETAIOS-2022-8-150x150.jpg 150w, https:\/\/portalmf.com.br\/wp-content\/uploads\/2022\/12\/SECRETAIOS-2022-8-585x585.jpg 585w\" sizes=\"(max-width: 180px) 100vw, 180px\" \/><\/figure><\/div>\n\n\n<p><strong>Infraestrutura (Seinfra)<\/strong><br><strong>S\u00e9rgio Brito, natural de Vit\u00f3ria da Conquista (BA)<br><\/strong>Deputado federal reeleito pelo PSD com mais de 118 mil votos, S\u00e9rgio Brito \u00e9 administrador e bacharel em Direito. Atualmente no sexto mandado na C\u00e2mara dos Deputados, ele j\u00e1 ocupou cargos de gest\u00e3o na administra\u00e7\u00e3o p\u00fablica estadual e municipal. <\/p>\n\n\n\n<p>Em 2019, ele licenciou-se do Congresso para assumir a Secretaria de Desenvolvimento Urbano (Sedur) a convite do governador Rui Costa. Nos anos de 2009 e 2010, Brito foi Secret\u00e1rio Municipal de Planejamento, Tecnologia e Gest\u00e3o da Prefeitura de Salvador.<\/p>\n\n\n<div class=\"wp-block-image\">\n<figure class=\"alignleft size-large is-resized\"><img loading=\"lazy\" decoding=\"async\" src=\"https:\/\/portalmf.com.br\/wp-content\/uploads\/2022\/12\/SECRETAIOS-2022-9-988x1024.jpg\" alt=\"\" class=\"wp-image-6913\" width=\"186\" height=\"192\" srcset=\"https:\/\/portalmf.com.br\/wp-content\/uploads\/2022\/12\/SECRETAIOS-2022-9-988x1024.jpg 988w, https:\/\/portalmf.com.br\/wp-content\/uploads\/2022\/12\/SECRETAIOS-2022-9-290x300.jpg 290w, https:\/\/portalmf.com.br\/wp-content\/uploads\/2022\/12\/SECRETAIOS-2022-9-768x796.jpg 768w, https:\/\/portalmf.com.br\/wp-content\/uploads\/2022\/12\/SECRETAIOS-2022-9-1483x1536.jpg 1483w, https:\/\/portalmf.com.br\/wp-content\/uploads\/2022\/12\/SECRETAIOS-2022-9-1977x2048.jpg 1977w, https:\/\/portalmf.com.br\/wp-content\/uploads\/2022\/12\/SECRETAIOS-2022-9-1920x1989.jpg 1920w, https:\/\/portalmf.com.br\/wp-content\/uploads\/2022\/12\/SECRETAIOS-2022-9-1170x1212.jpg 1170w, https:\/\/portalmf.com.br\/wp-content\/uploads\/2022\/12\/SECRETAIOS-2022-9-585x606.jpg 585w\" sizes=\"(max-width: 186px) 100vw, 186px\" \/><\/figure><\/div>\n\n\n<p><strong><br>Fazenda (Sefaz)<br>Manoel Vit\u00f3rio, natural de Salvador (BA)<\/strong><br>Atual titular da pasta, o economista Manoel Vit\u00f3rio \u00e9 servidor p\u00fablico federal de carreira e esteve \u00e0 frente da Secretaria de Administra\u00e7\u00e3o (Saeb) entre os anos de 2007 e 2013, na gest\u00e3o do ex-governador Jaques Wagner. Em agosto de 2013, ele assumiu a Secretaria Estadual da Fazenda (Sefaz) e permaneceu no cargo com o governador Rui Costa, que confirmou sua perman\u00eancia ao assumir o Executivo em 2015.<\/p>\n\n\n\n<p>Agregando \u00e0 forma\u00e7\u00e3o em Economia e ao mestrado acad\u00eamico a experi\u00eancia como especialista em Organiza\u00e7\u00e3o de Sistemas e M\u00e9todos, Manoel Vit\u00f3rio iniciou sua trajet\u00f3ria profissional no Executivo Federal, onde ingressou via concurso em 1994 e exerceu diversas fun\u00e7\u00f5es de chefia, coordena\u00e7\u00e3o e dire\u00e7\u00e3o superior. No Judici\u00e1rio Estadual, exerceu as fun\u00e7\u00f5es de Diretor-Superintendente do Instituto Pedro Ribeiro de Administra\u00e7\u00e3o Judici\u00e1ria (Ipraj).<\/p>\n\n\n\n<p>Atuou tamb\u00e9m como vice-presidente do Conselho de Administra\u00e7\u00e3o do Ipraj e foi assessor chefe de Planejamento do Tribunal de Justi\u00e7a da Bahia (TJBA). No Judici\u00e1rio Federal, exerceu a fun\u00e7\u00e3o de Secret\u00e1rio de Administra\u00e7\u00e3o do Tribunal Regional Eleitoral da Bahia (TRE). Exerceu, ainda, a presid\u00eancia dos Conselhos de Administra\u00e7\u00e3o Ag\u00eancia de Fomento do Estado da Bahia (Desenbahia), da Funda\u00e7\u00e3o Luiz Eduardo Magalh\u00e3es (FLEM), do Comit\u00ea Interinstitucional de Recupera\u00e7\u00e3o de Ativos (Cira) e da Companhia de Processamento de Dados da Bahia (Prodeb).<\/p>\n\n\n<div class=\"wp-block-image\">\n<figure class=\"alignleft size-thumbnail is-resized\"><img loading=\"lazy\" decoding=\"async\" src=\"https:\/\/portalmf.com.br\/wp-content\/uploads\/2022\/12\/SECRETAIOS-2022-10-150x150.jpg\" alt=\"\" class=\"wp-image-6914\" width=\"176\" height=\"176\" srcset=\"https:\/\/portalmf.com.br\/wp-content\/uploads\/2022\/12\/SECRETAIOS-2022-10-150x150.jpg 150w, https:\/\/portalmf.com.br\/wp-content\/uploads\/2022\/12\/SECRETAIOS-2022-10-585x585.jpg 585w\" sizes=\"(max-width: 176px) 100vw, 176px\" \/><\/figure><\/div>\n\n\n<p><strong>Agricultura (Seagri)<br>Walison Torres \u2013 TUM, Petrolina (PE)<\/strong><br>Deputado estadual pelo Avante da Bahia, empres\u00e1rio e incentivador do empreendedorismo, Tum \u00e9 presidente da Comiss\u00e3o Parlamentar Especial de Assuntos Territoriais e Emancipa\u00e7\u00e3o e membro titular da Comiss\u00e3o Especial do Complexo Intermodal da Ferrovia de Integra\u00e7\u00e3o Oeste-Leste (FIOL), Porto Sul e Complexo Vi\u00e1rio do Oeste (Ponte Salvador-Itaparica) na Assembleia Legislativa da Bahia (Alba).<\/p>\n\n\n\n<p>Como parlamentar, atuou no desenvolvimento e capta\u00e7\u00e3o de projetos nas culturas de soja, milho e cana de a\u00e7\u00facar junto \u00e0 Secretaria de Desenvolvimento Econ\u00f4mico da Bahia (SDE). Trabalhou pela implanta\u00e7\u00e3o e amplia\u00e7\u00e3o das a\u00e7\u00f5es da Secretaria de Desenvolvimento Rural (SDR) na regi\u00e3o norte do Estado e foi respons\u00e1vel pela implanta\u00e7\u00e3o de cursos de capacita\u00e7\u00e3o para o povo do campo em diferentes regi\u00f5es da Bahia, assim como pelo fortalecimento do Projeto Pr\u00f3-Semi\u00e1rido, entre outras iniciativas voltadas \u00e0 agricultura, fruticultura, caprinocultura e gera\u00e7\u00e3o de emprego e renda.<\/p>\n\n\n<div class=\"wp-block-image\">\n<figure class=\"alignleft size-thumbnail is-resized\"><img loading=\"lazy\" decoding=\"async\" src=\"https:\/\/portalmf.com.br\/wp-content\/uploads\/2022\/12\/SECRETAIOS-2022-11-150x150.jpg\" alt=\"\" class=\"wp-image-6915\" width=\"179\" height=\"179\" srcset=\"https:\/\/portalmf.com.br\/wp-content\/uploads\/2022\/12\/SECRETAIOS-2022-11-150x150.jpg 150w, https:\/\/portalmf.com.br\/wp-content\/uploads\/2022\/12\/SECRETAIOS-2022-11-585x585.jpg 585w\" sizes=\"(max-width: 179px) 100vw, 179px\" \/><\/figure><\/div>\n\n\n<p><strong>Turismo (Setur)<\/strong><br><strong>Maur\u00edcio Bacellar, natural de Esplanada (BA)<\/strong><br>Atual secret\u00e1rio do Turismo da Bahia, Maur\u00edcio Bacellar \u00e9 engenheiro civil de forma\u00e7\u00e3o e iniciou a experi\u00eancia com gest\u00e3o p\u00fablica nos anos 1980. <\/p>\n\n\n\n<p>Foi diretor t\u00e9cnico do Complexo Petroqu\u00edmico de Cama\u00e7ari (Copec); secret\u00e1rio de Obras no munic\u00edpio de Dias d\u2019\u00c1vila; secret\u00e1rio de Habita\u00e7\u00e3o e Infraestrutura de Cama\u00e7ari e diretor-geral do Detran-BA.<\/p>\n\n\n\n<p>Antes de assumir a Secretaria de Turismo do Estado da Bahia, em maio de 2021, Bacellar estava na dire\u00e7\u00e3o geral da Ag\u00eancia Estadual de Defesa Agropecu\u00e1ria da Bahia (Adab).<\/p>\n\n\n<div class=\"wp-block-image\">\n<figure class=\"alignleft size-large is-resized\"><img loading=\"lazy\" decoding=\"async\" src=\"https:\/\/portalmf.com.br\/wp-content\/uploads\/2022\/12\/SECRETAIOS-2022-1-985x1024.jpg\" alt=\"\" class=\"wp-image-6916\" width=\"186\" height=\"193\" srcset=\"https:\/\/portalmf.com.br\/wp-content\/uploads\/2022\/12\/SECRETAIOS-2022-1-985x1024.jpg 985w, https:\/\/portalmf.com.br\/wp-content\/uploads\/2022\/12\/SECRETAIOS-2022-1-289x300.jpg 289w, https:\/\/portalmf.com.br\/wp-content\/uploads\/2022\/12\/SECRETAIOS-2022-1-768x799.jpg 768w, https:\/\/portalmf.com.br\/wp-content\/uploads\/2022\/12\/SECRETAIOS-2022-1-1477x1536.jpg 1477w, https:\/\/portalmf.com.br\/wp-content\/uploads\/2022\/12\/SECRETAIOS-2022-1-1970x2048.jpg 1970w, https:\/\/portalmf.com.br\/wp-content\/uploads\/2022\/12\/SECRETAIOS-2022-1-1920x1997.jpg 1920w, https:\/\/portalmf.com.br\/wp-content\/uploads\/2022\/12\/SECRETAIOS-2022-1-1170x1217.jpg 1170w, https:\/\/portalmf.com.br\/wp-content\/uploads\/2022\/12\/SECRETAIOS-2022-1-585x608.jpg 585w\" sizes=\"(max-width: 186px) 100vw, 186px\" \/><\/figure><\/div>\n\n\n<p><strong>Assist\u00eancia e Desenvolvimento Social (Seades)<br>Fabya Reis, natural de Itamaraju (BA)<\/strong><br>Graduada em Administra\u00e7\u00e3o, com foco nas din\u00e2micas do terceiro setor, Fabya Reis iniciou sua vida p\u00fablica aos 17 anos no Movimento dos Trabalhadores Rurais Sem Terra (MST) e atuou durante 13 anos na organiza\u00e7\u00e3o de projetos de forma\u00e7\u00e3o de lideran\u00e7as, desenvolvimento social, organiza\u00e7\u00e3o de cooperativas e associa\u00e7\u00f5es rurais. Possui mestrado em Sociologia e Doutorado e P\u00f3s-doutorado em Ci\u00eancias Sociais pela Universidade Federal de Campina Grande (UFCG). Ap\u00f3s atuar em cargos de gest\u00e3o na Secretaria Estadual de Desenvolvimento Social e Combate \u00e0 Pobreza (Sedes), na gest\u00e3o do ex-governador Jaques Wagner, e na Secretaria de Pol\u00edticas para Mulheres (SPM), Fabya assumiu, em 2016, a titularidade da Secretaria de Promo\u00e7\u00e3o da Igualdade Racial (Sepromi) e tem trabalhado para consolidar direitos da popula\u00e7\u00e3o negra, dos povos e comunidades tradicionais, al\u00e9m de fortalecer as pol\u00edticas de enfrentamento ao racismo e \u00e0 intoler\u00e2ncia religiosa. Fabya tamb\u00e9m \u00e9 membro do Grupo de Trabalho de Transi\u00e7\u00e3o Governamental e participou da elabora\u00e7\u00e3o da proposta de reforma administrativa do Governo do Estado, j\u00e1 aprovada pela Assembleia Legislativa<\/p>\n","protected":false},"excerpt":{"rendered":"<p>Justi\u00e7a e Diretos Humanos (SJDH)Felipe Freitas, natural de Feira de Santana (BA) Doutor e mestre em Direito pela Universidade de Bras\u00edlia e pesquisador na \u00e1rea de direito, viol\u00eancia e pol\u00edtica, Felipe Freitas \u00e9 professor colaborador do mestrado profissional em seguran\u00e7a p\u00fablica da Universidade Federal da Bahia (PROGESP UFBA) e professor do corpo permanente do Programa [&hellip;]<\/p>\n","protected":false},"author":3,"featured_media":6917,"comment_status":"open","ping_status":"open","sticky":false,"template":"","format":"standard","meta":{"_monsterinsights_skip_tracking":false,"_monsterinsights_sitenote_active":false,"_monsterinsights_sitenote_note":"","_monsterinsights_sitenote_category":0,"footnotes":""},"categories":[34],"tags":[],"yoast_head":"<!-- This site is optimized with the Yoast SEO plugin v22.9 - https:\/\/yoast.com\/wordpress\/plugins\/seo\/ -->\n<title>Conhe\u00e7a o perfil dos novos secret\u00e1rios e secret\u00e1rias de Estado anunciados por Jer\u00f4nimo Rodrigues - Portal MF<\/title>\n<meta name=\"robots\" content=\"index, follow, max-snippet:-1, max-image-preview:large, max-video-preview:-1\" \/>\n<link rel=\"canonical\" href=\"https:\/\/portalmf.com.br\/index.php\/2022\/12\/19\/conheca-o-perfil-dos-novos-secretarios-e-secretarias-de-estado-anunciados-por-jeronimo-rodrigues\/\" \/>\n<meta property=\"og:locale\" content=\"pt_BR\" \/>\n<meta property=\"og:type\" content=\"article\" \/>\n<meta property=\"og:title\" content=\"Conhe\u00e7a o perfil dos novos secret\u00e1rios e secret\u00e1rias de Estado anunciados por Jer\u00f4nimo Rodrigues - Portal MF\" \/>\n<meta property=\"og:description\" content=\"Justi\u00e7a e Diretos Humanos (SJDH)Felipe Freitas, natural de Feira de Santana (BA) Doutor e mestre em Direito pela Universidade de Bras\u00edlia e pesquisador na \u00e1rea de direito, viol\u00eancia e pol\u00edtica, Felipe Freitas \u00e9 professor colaborador do mestrado profissional em seguran\u00e7a p\u00fablica da Universidade Federal da Bahia (PROGESP UFBA) e professor do corpo permanente do Programa [&hellip;]\" \/>\n<meta property=\"og:url\" content=\"https:\/\/portalmf.com.br\/index.php\/2022\/12\/19\/conheca-o-perfil-dos-novos-secretarios-e-secretarias-de-estado-anunciados-por-jeronimo-rodrigues\/\" \/>\n<meta property=\"og:site_name\" content=\"Portal MF\" \/>\n<meta property=\"article:author\" content=\"https:\/\/www.facebook.com\/portalmfoficial\" \/>\n<meta property=\"article:published_time\" content=\"2022-12-19T20:00:15+00:00\" \/>\n<meta property=\"article:modified_time\" content=\"2022-12-19T20:04:02+00:00\" \/>\n<meta property=\"og:image\" content=\"https:\/\/portalmf.com.br\/wp-content\/uploads\/2022\/12\/Conheca-o-perfil-dos-novos-secretarios-e-secretarias-de-Estado-a-partir-de-2023.jpeg\" \/>\n\t<meta property=\"og:image:width\" content=\"1024\" \/>\n\t<meta property=\"og:image:height\" content=\"599\" \/>\n\t<meta property=\"og:image:type\" content=\"image\/jpeg\" \/>\n<meta name=\"author\" content=\"Reda\u00e7\u00e3o Portal MF\" \/>\n<meta name=\"twitter:card\" content=\"summary_large_image\" \/>\n<meta name=\"twitter:creator\" content=\"@https:\/\/x.com\/portalmfoficial\" \/>\n<meta name=\"twitter:label1\" content=\"Escrito por\" \/>\n\t<meta name=\"twitter:data1\" content=\"Reda\u00e7\u00e3o Portal MF\" \/>\n\t<meta name=\"twitter:label2\" content=\"Est. tempo de leitura\" \/>\n\t<meta name=\"twitter:data2\" content=\"11 minutos\" \/>\n<script type=\"application\/ld+json\" class=\"yoast-schema-graph\">{\"@context\":\"https:\/\/schema.org\",\"@graph\":[{\"@type\":\"WebPage\",\"@id\":\"https:\/\/portalmf.com.br\/index.php\/2022\/12\/19\/conheca-o-perfil-dos-novos-secretarios-e-secretarias-de-estado-anunciados-por-jeronimo-rodrigues\/\",\"url\":\"https:\/\/portalmf.com.br\/index.php\/2022\/12\/19\/conheca-o-perfil-dos-novos-secretarios-e-secretarias-de-estado-anunciados-por-jeronimo-rodrigues\/\",\"name\":\"Conhe\u00e7a o perfil dos novos secret\u00e1rios e secret\u00e1rias de Estado anunciados por Jer\u00f4nimo Rodrigues - Portal MF\",\"isPartOf\":{\"@id\":\"https:\/\/portalmf.com.br\/#website\"},\"primaryImageOfPage\":{\"@id\":\"https:\/\/portalmf.com.br\/index.php\/2022\/12\/19\/conheca-o-perfil-dos-novos-secretarios-e-secretarias-de-estado-anunciados-por-jeronimo-rodrigues\/#primaryimage\"},\"image\":{\"@id\":\"https:\/\/portalmf.com.br\/index.php\/2022\/12\/19\/conheca-o-perfil-dos-novos-secretarios-e-secretarias-de-estado-anunciados-por-jeronimo-rodrigues\/#primaryimage\"},\"thumbnailUrl\":\"https:\/\/portalmf.com.br\/wp-content\/uploads\/2022\/12\/Conheca-o-perfil-dos-novos-secretarios-e-secretarias-de-Estado-a-partir-de-2023.jpeg\",\"datePublished\":\"2022-12-19T20:00:15+00:00\",\"dateModified\":\"2022-12-19T20:04:02+00:00\",\"author\":{\"@id\":\"https:\/\/portalmf.com.br\/#\/schema\/person\/9ec101baf56233e53520c26de5d6f6f0\"},\"breadcrumb\":{\"@id\":\"https:\/\/portalmf.com.br\/index.php\/2022\/12\/19\/conheca-o-perfil-dos-novos-secretarios-e-secretarias-de-estado-anunciados-por-jeronimo-rodrigues\/#breadcrumb\"},\"inLanguage\":\"pt-BR\",\"potentialAction\":[{\"@type\":\"ReadAction\",\"target\":[\"https:\/\/portalmf.com.br\/index.php\/2022\/12\/19\/conheca-o-perfil-dos-novos-secretarios-e-secretarias-de-estado-anunciados-por-jeronimo-rodrigues\/\"]}]},{\"@type\":\"ImageObject\",\"inLanguage\":\"pt-BR\",\"@id\":\"https:\/\/portalmf.com.br\/index.php\/2022\/12\/19\/conheca-o-perfil-dos-novos-secretarios-e-secretarias-de-estado-anunciados-por-jeronimo-rodrigues\/#primaryimage\",\"url\":\"https:\/\/portalmf.com.br\/wp-content\/uploads\/2022\/12\/Conheca-o-perfil-dos-novos-secretarios-e-secretarias-de-Estado-a-partir-de-2023.jpeg\",\"contentUrl\":\"https:\/\/portalmf.com.br\/wp-content\/uploads\/2022\/12\/Conheca-o-perfil-dos-novos-secretarios-e-secretarias-de-Estado-a-partir-de-2023.jpeg\",\"width\":1024,\"height\":599,\"caption\":\"Foto: Adriel Francisco\"},{\"@type\":\"BreadcrumbList\",\"@id\":\"https:\/\/portalmf.com.br\/index.php\/2022\/12\/19\/conheca-o-perfil-dos-novos-secretarios-e-secretarias-de-estado-anunciados-por-jeronimo-rodrigues\/#breadcrumb\",\"itemListElement\":[{\"@type\":\"ListItem\",\"position\":1,\"name\":\"In\u00edcio\",\"item\":\"https:\/\/portalmf.com.br\/\"},{\"@type\":\"ListItem\",\"position\":2,\"name\":\"Conhe\u00e7a o perfil dos novos secret\u00e1rios e secret\u00e1rias de Estado anunciados por Jer\u00f4nimo Rodrigues\"}]},{\"@type\":\"WebSite\",\"@id\":\"https:\/\/portalmf.com.br\/#website\",\"url\":\"https:\/\/portalmf.com.br\/\",\"name\":\"Portal MF\",\"description\":\"Voc\u00ea conectado com a informa\u00e7\u00e3o\",\"potentialAction\":[{\"@type\":\"SearchAction\",\"target\":{\"@type\":\"EntryPoint\",\"urlTemplate\":\"https:\/\/portalmf.com.br\/?s={search_term_string}\"},\"query-input\":\"required name=search_term_string\"}],\"inLanguage\":\"pt-BR\"},{\"@type\":\"Person\",\"@id\":\"https:\/\/portalmf.com.br\/#\/schema\/person\/9ec101baf56233e53520c26de5d6f6f0\",\"name\":\"Reda\u00e7\u00e3o Portal MF\",\"image\":{\"@type\":\"ImageObject\",\"inLanguage\":\"pt-BR\",\"@id\":\"https:\/\/portalmf.com.br\/#\/schema\/person\/image\/\",\"url\":\"https:\/\/secure.gravatar.com\/avatar\/41b9aaeb2100835f7c64362330f74c7f?s=96&d=mm&r=g\",\"contentUrl\":\"https:\/\/secure.gravatar.com\/avatar\/41b9aaeb2100835f7c64362330f74c7f?s=96&d=mm&r=g\",\"caption\":\"Reda\u00e7\u00e3o Portal MF\"},\"description\":\"Sejam bem-vindos o portal de informa\u00e7\u00f5es de entretenimento de Feira de Santana, desde 2006 realiza coberturas dos principais eventos com entrevistas exclusivas com as principais personalidades mundiais. Fique conectado tamb\u00e9m nas redes sociais.\",\"sameAs\":[\"http:\/\/www.portalmf.com.br\/\",\"https:\/\/www.facebook.com\/portalmfoficial\",\"https:\/\/www.instagram.com\/portalmf\/\",\"https:\/\/x.com\/https:\/\/x.com\/portalmfoficial\",\"https:\/\/www.youtube.com\/@portalmfoficial\"],\"url\":\"https:\/\/portalmf.com.br\/index.php\/author\/junior\/\"}]}<\/script>\n<!-- \/ Yoast SEO plugin. -->","yoast_head_json":{"title":"Conhe\u00e7a o perfil dos novos secret\u00e1rios e secret\u00e1rias de Estado anunciados por Jer\u00f4nimo Rodrigues - Portal MF","robots":{"index":"index","follow":"follow","max-snippet":"max-snippet:-1","max-image-preview":"max-image-preview:large","max-video-preview":"max-video-preview:-1"},"canonical":"https:\/\/portalmf.com.br\/index.php\/2022\/12\/19\/conheca-o-perfil-dos-novos-secretarios-e-secretarias-de-estado-anunciados-por-jeronimo-rodrigues\/","og_locale":"pt_BR","og_type":"article","og_title":"Conhe\u00e7a o perfil dos novos secret\u00e1rios e secret\u00e1rias de Estado anunciados por Jer\u00f4nimo Rodrigues - Portal MF","og_description":"Justi\u00e7a e Diretos Humanos (SJDH)Felipe Freitas, natural de Feira de Santana (BA) Doutor e mestre em Direito pela Universidade de Bras\u00edlia e pesquisador na \u00e1rea de direito, viol\u00eancia e pol\u00edtica, Felipe Freitas \u00e9 professor colaborador do mestrado profissional em seguran\u00e7a p\u00fablica da Universidade Federal da Bahia (PROGESP UFBA) e professor do corpo permanente do Programa [&hellip;]","og_url":"https:\/\/portalmf.com.br\/index.php\/2022\/12\/19\/conheca-o-perfil-dos-novos-secretarios-e-secretarias-de-estado-anunciados-por-jeronimo-rodrigues\/","og_site_name":"Portal MF","article_author":"https:\/\/www.facebook.com\/portalmfoficial","article_published_time":"2022-12-19T20:00:15+00:00","article_modified_time":"2022-12-19T20:04:02+00:00","og_image":[{"width":1024,"height":599,"url":"https:\/\/portalmf.com.br\/wp-content\/uploads\/2022\/12\/Conheca-o-perfil-dos-novos-secretarios-e-secretarias-de-Estado-a-partir-de-2023.jpeg","type":"image\/jpeg"}],"author":"Reda\u00e7\u00e3o Portal MF","twitter_card":"summary_large_image","twitter_creator":"@https:\/\/x.com\/portalmfoficial","twitter_misc":{"Escrito por":"Reda\u00e7\u00e3o Portal MF","Est. tempo de leitura":"11 minutos"},"schema":{"@context":"https:\/\/schema.org","@graph":[{"@type":"WebPage","@id":"https:\/\/portalmf.com.br\/index.php\/2022\/12\/19\/conheca-o-perfil-dos-novos-secretarios-e-secretarias-de-estado-anunciados-por-jeronimo-rodrigues\/","url":"https:\/\/portalmf.com.br\/index.php\/2022\/12\/19\/conheca-o-perfil-dos-novos-secretarios-e-secretarias-de-estado-anunciados-por-jeronimo-rodrigues\/","name":"Conhe\u00e7a o perfil dos novos secret\u00e1rios e secret\u00e1rias de Estado anunciados por Jer\u00f4nimo Rodrigues - Portal MF","isPartOf":{"@id":"https:\/\/portalmf.com.br\/#website"},"primaryImageOfPage":{"@id":"https:\/\/portalmf.com.br\/index.php\/2022\/12\/19\/conheca-o-perfil-dos-novos-secretarios-e-secretarias-de-estado-anunciados-por-jeronimo-rodrigues\/#primaryimage"},"image":{"@id":"https:\/\/portalmf.com.br\/index.php\/2022\/12\/19\/conheca-o-perfil-dos-novos-secretarios-e-secretarias-de-estado-anunciados-por-jeronimo-rodrigues\/#primaryimage"},"thumbnailUrl":"https:\/\/portalmf.com.br\/wp-content\/uploads\/2022\/12\/Conheca-o-perfil-dos-novos-secretarios-e-secretarias-de-Estado-a-partir-de-2023.jpeg","datePublished":"2022-12-19T20:00:15+00:00","dateModified":"2022-12-19T20:04:02+00:00","author":{"@id":"https:\/\/portalmf.com.br\/#\/schema\/person\/9ec101baf56233e53520c26de5d6f6f0"},"breadcrumb":{"@id":"https:\/\/portalmf.com.br\/index.php\/2022\/12\/19\/conheca-o-perfil-dos-novos-secretarios-e-secretarias-de-estado-anunciados-por-jeronimo-rodrigues\/#breadcrumb"},"inLanguage":"pt-BR","potentialAction":[{"@type":"ReadAction","target":["https:\/\/portalmf.com.br\/index.php\/2022\/12\/19\/conheca-o-perfil-dos-novos-secretarios-e-secretarias-de-estado-anunciados-por-jeronimo-rodrigues\/"]}]},{"@type":"ImageObject","inLanguage":"pt-BR","@id":"https:\/\/portalmf.com.br\/index.php\/2022\/12\/19\/conheca-o-perfil-dos-novos-secretarios-e-secretarias-de-estado-anunciados-por-jeronimo-rodrigues\/#primaryimage","url":"https:\/\/portalmf.com.br\/wp-content\/uploads\/2022\/12\/Conheca-o-perfil-dos-novos-secretarios-e-secretarias-de-Estado-a-partir-de-2023.jpeg","contentUrl":"https:\/\/portalmf.com.br\/wp-content\/uploads\/2022\/12\/Conheca-o-perfil-dos-novos-secretarios-e-secretarias-de-Estado-a-partir-de-2023.jpeg","width":1024,"height":599,"caption":"Foto: Adriel Francisco"},{"@type":"BreadcrumbList","@id":"https:\/\/portalmf.com.br\/index.php\/2022\/12\/19\/conheca-o-perfil-dos-novos-secretarios-e-secretarias-de-estado-anunciados-por-jeronimo-rodrigues\/#breadcrumb","itemListElement":[{"@type":"ListItem","position":1,"name":"In\u00edcio","item":"https:\/\/portalmf.com.br\/"},{"@type":"ListItem","position":2,"name":"Conhe\u00e7a o perfil dos novos secret\u00e1rios e secret\u00e1rias de Estado anunciados por Jer\u00f4nimo Rodrigues"}]},{"@type":"WebSite","@id":"https:\/\/portalmf.com.br\/#website","url":"https:\/\/portalmf.com.br\/","name":"Portal MF","description":"Voc\u00ea conectado com a informa\u00e7\u00e3o","potentialAction":[{"@type":"SearchAction","target":{"@type":"EntryPoint","urlTemplate":"https:\/\/portalmf.com.br\/?s={search_term_string}"},"query-input":"required name=search_term_string"}],"inLanguage":"pt-BR"},{"@type":"Person","@id":"https:\/\/portalmf.com.br\/#\/schema\/person\/9ec101baf56233e53520c26de5d6f6f0","name":"Reda\u00e7\u00e3o Portal MF","image":{"@type":"ImageObject","inLanguage":"pt-BR","@id":"https:\/\/portalmf.com.br\/#\/schema\/person\/image\/","url":"https:\/\/secure.gravatar.com\/avatar\/41b9aaeb2100835f7c64362330f74c7f?s=96&d=mm&r=g","contentUrl":"https:\/\/secure.gravatar.com\/avatar\/41b9aaeb2100835f7c64362330f74c7f?s=96&d=mm&r=g","caption":"Reda\u00e7\u00e3o Portal MF"},"description":"Sejam bem-vindos o portal de informa\u00e7\u00f5es de entretenimento de Feira de Santana, desde 2006 realiza coberturas dos principais eventos com entrevistas exclusivas com as principais personalidades mundiais. Fique conectado tamb\u00e9m nas redes sociais.","sameAs":["http:\/\/www.portalmf.com.br\/","https:\/\/www.facebook.com\/portalmfoficial","https:\/\/www.instagram.com\/portalmf\/","https:\/\/x.com\/https:\/\/x.com\/portalmfoficial","https:\/\/www.youtube.com\/@portalmfoficial"],"url":"https:\/\/portalmf.com.br\/index.php\/author\/junior\/"}]}},"_links":{"self":[{"href":"https:\/\/portalmf.com.br\/index.php\/wp-json\/wp\/v2\/posts\/6905"}],"collection":[{"href":"https:\/\/portalmf.com.br\/index.php\/wp-json\/wp\/v2\/posts"}],"about":[{"href":"https:\/\/portalmf.com.br\/index.php\/wp-json\/wp\/v2\/types\/post"}],"author":[{"embeddable":true,"href":"https:\/\/portalmf.com.br\/index.php\/wp-json\/wp\/v2\/users\/3"}],"replies":[{"embeddable":true,"href":"https:\/\/portalmf.com.br\/index.php\/wp-json\/wp\/v2\/comments?post=6905"}],"version-history":[{"count":4,"href":"https:\/\/portalmf.com.br\/index.php\/wp-json\/wp\/v2\/posts\/6905\/revisions"}],"predecessor-version":[{"id":6922,"href":"https:\/\/portalmf.com.br\/index.php\/wp-json\/wp\/v2\/posts\/6905\/revisions\/6922"}],"wp:featuredmedia":[{"embeddable":true,"href":"https:\/\/portalmf.com.br\/index.php\/wp-json\/wp\/v2\/media\/6917"}],"wp:attachment":[{"href":"https:\/\/portalmf.com.br\/index.php\/wp-json\/wp\/v2\/media?parent=6905"}],"wp:term":[{"taxonomy":"category","embeddable":true,"href":"https:\/\/portalmf.com.br\/index.php\/wp-json\/wp\/v2\/categories?post=6905"},{"taxonomy":"post_tag","embeddable":true,"href":"https:\/\/portalmf.com.br\/index.php\/wp-json\/wp\/v2\/tags?post=6905"}],"curies":[{"name":"wp","href":"https:\/\/api.w.org\/{rel}","templated":true}]}}