{"id":6892,"date":"2022-12-10T15:49:00","date_gmt":"2022-12-10T18:49:00","guid":{"rendered":"https:\/\/portalmf.com.br\/?p=6892"},"modified":"2022-12-19T15:54:31","modified_gmt":"2022-12-19T18:54:31","slug":"durante-formatura-crianca-de-6-anos-homenageia-irmao-morto-pela-pm-durante-blitz-em-feira-de-santana","status":"publish","type":"post","link":"https:\/\/portalmf.com.br\/index.php\/2022\/12\/10\/durante-formatura-crianca-de-6-anos-homenageia-irmao-morto-pela-pm-durante-blitz-em-feira-de-santana\/","title":{"rendered":"Durante formatura, crian\u00e7a de 6 anos homenageia irm\u00e3o morto pela PM durante blitz em Feira de Santana:"},"content":{"rendered":"\n<p>Tudo transcorria dentro da normalidade de uma cerim\u00f4nia comum de formatura infantil, at\u00e9 que, uma das formandas, quando chamada, entrou pela passarela principal com um bal\u00e3o em formato estela.<\/p>\n\n\n\n<p>Na cor cinza, o bal\u00e3o trazia escrito o nome Marcelinho, apelido do seu irm\u00e3o mais velho, morto por policiais militares na noite de 1\u00ba de abril deste ano, durante uma opera\u00e7\u00e3o do Pelot\u00e3o Asa Branca, em Feira de Santana.<\/p>\n\n\n\n<p>A homenagem se configurou tamb\u00e9m em um clamor por justi\u00e7a j\u00e1 que a fam\u00edlia luta para que o caso n\u00e3o caia no mar do esquecimento e a morte do garoto seja apenas mais um n\u00famero na escalada da viol\u00eancia policial.<\/p>\n\n\n\n<p>\u201cMarcelinho era meu irm\u00e3o, ele foi morar com Deus e, agora, virou uma estrelinha que brilha l\u00e1 no c\u00e9u\u201d, disse a formanda de apenas 6 anos de idade. \u201cQueria muito que ele tivesse aqui comigo hoje\u201d, completou.<\/p>\n\n\n\n<p>Vestida de preto, simbolizando o luto que ainda vive, a m\u00e3e da formanda e do jovem morto pela pol\u00edcia reafirmou o discurso da filha: \u201cEra pra Marcelinho est\u00e1 aqui vivenciando essa realiza\u00e7\u00e3o com a gente, mas infelizmente a PM destruiu nossas vidas! Tive que encontrar muita for\u00e7a pra realizar o sonho da minha filha que fez essa homenagem pra seu irm\u00e3o\u201d, disse a m\u00e3e.<\/p>\n\n\n\n<p>\u201cQuero justi\u00e7a, Marcelinho foi assassinado de forma cruel, perversa e covarde por aqueles que deveriam proteg\u00ea-lo. Sei que nada vai trazer meu filho de volta, mas n\u00e3o posso permitir que a imagem dele seja suja, justamente, por quem deveria proteg\u00ea-lo\u201d, disse com os olhos cheios de l\u00e1grimas<\/p>\n\n\n\n<p>A investiga\u00e7\u00e3o, que apura a conduta dos policiais na a\u00e7\u00e3o que terminou com a morte de Marcelo Felipe Guerra dos Santos (nome de Marcelinho), segue em segredo de justi\u00e7a.<\/p>\n\n\n\n<figure class=\"wp-block-image size-large\"><img fetchpriority=\"high\" decoding=\"async\" width=\"819\" height=\"1024\" src=\"https:\/\/portalmf.com.br\/wp-content\/uploads\/2022\/12\/Durante-formatura-crianca-de-6-anos-homenageia-irmao-morto-pela-PM-durante-blitz-em-Feira-de-Santana-2-819x1024.jpeg\" alt=\"\" class=\"wp-image-6893\" srcset=\"https:\/\/portalmf.com.br\/wp-content\/uploads\/2022\/12\/Durante-formatura-crianca-de-6-anos-homenageia-irmao-morto-pela-PM-durante-blitz-em-Feira-de-Santana-2-819x1024.jpeg 819w, https:\/\/portalmf.com.br\/wp-content\/uploads\/2022\/12\/Durante-formatura-crianca-de-6-anos-homenageia-irmao-morto-pela-PM-durante-blitz-em-Feira-de-Santana-2-240x300.jpeg 240w, https:\/\/portalmf.com.br\/wp-content\/uploads\/2022\/12\/Durante-formatura-crianca-de-6-anos-homenageia-irmao-morto-pela-PM-durante-blitz-em-Feira-de-Santana-2-768x960.jpeg 768w, https:\/\/portalmf.com.br\/wp-content\/uploads\/2022\/12\/Durante-formatura-crianca-de-6-anos-homenageia-irmao-morto-pela-PM-durante-blitz-em-Feira-de-Santana-2-585x731.jpeg 585w, https:\/\/portalmf.com.br\/wp-content\/uploads\/2022\/12\/Durante-formatura-crianca-de-6-anos-homenageia-irmao-morto-pela-PM-durante-blitz-em-Feira-de-Santana-2.jpeg 1080w\" sizes=\"(max-width: 819px) 100vw, 819px\" \/><\/figure>\n","protected":false},"excerpt":{"rendered":"<p>Tudo transcorria dentro da normalidade de uma cerim\u00f4nia comum de formatura infantil, at\u00e9 que, uma das formandas, quando chamada, entrou pela passarela principal com um bal\u00e3o em formato estela. Na cor cinza, o bal\u00e3o trazia escrito o nome Marcelinho, apelido do seu irm\u00e3o mais velho, morto por policiais militares na noite de 1\u00ba de abril [&hellip;]<\/p>\n","protected":false},"author":3,"featured_media":6894,"comment_status":"open","ping_status":"open","sticky":false,"template":"","format":"standard","meta":{"_monsterinsights_skip_tracking":false,"_monsterinsights_sitenote_active":false,"_monsterinsights_sitenote_note":"","_monsterinsights_sitenote_category":0,"footnotes":""},"categories":[34],"tags":[],"yoast_head":"<!-- This site is optimized with the Yoast SEO plugin v22.9 - https:\/\/yoast.com\/wordpress\/plugins\/seo\/ -->\n<title>Durante formatura, crian\u00e7a de 6 anos homenageia irm\u00e3o morto pela PM durante blitz em Feira de Santana: - Portal MF<\/title>\n<meta name=\"robots\" content=\"index, follow, max-snippet:-1, max-image-preview:large, max-video-preview:-1\" \/>\n<link rel=\"canonical\" href=\"https:\/\/portalmf.com.br\/index.php\/2022\/12\/10\/durante-formatura-crianca-de-6-anos-homenageia-irmao-morto-pela-pm-durante-blitz-em-feira-de-santana\/\" \/>\n<meta property=\"og:locale\" content=\"pt_BR\" \/>\n<meta property=\"og:type\" content=\"article\" \/>\n<meta property=\"og:title\" content=\"Durante formatura, crian\u00e7a de 6 anos homenageia irm\u00e3o morto pela PM durante blitz em Feira de Santana: - Portal MF\" \/>\n<meta property=\"og:description\" content=\"Tudo transcorria dentro da normalidade de uma cerim\u00f4nia comum de formatura infantil, at\u00e9 que, uma das formandas, quando chamada, entrou pela passarela principal com um bal\u00e3o em formato estela. Na cor cinza, o bal\u00e3o trazia escrito o nome Marcelinho, apelido do seu irm\u00e3o mais velho, morto por policiais militares na noite de 1\u00ba de abril [&hellip;]\" \/>\n<meta property=\"og:url\" content=\"https:\/\/portalmf.com.br\/index.php\/2022\/12\/10\/durante-formatura-crianca-de-6-anos-homenageia-irmao-morto-pela-pm-durante-blitz-em-feira-de-santana\/\" \/>\n<meta property=\"og:site_name\" content=\"Portal MF\" \/>\n<meta property=\"article:author\" content=\"https:\/\/www.facebook.com\/portalmfoficial\" \/>\n<meta property=\"article:published_time\" content=\"2022-12-10T18:49:00+00:00\" \/>\n<meta property=\"article:modified_time\" content=\"2022-12-19T18:54:31+00:00\" \/>\n<meta property=\"og:image\" content=\"https:\/\/portalmf.com.br\/wp-content\/uploads\/2022\/12\/Durante-formatura-crianca-de-6-anos-homenageia-irmao-morto-pela-PM-durante-blitz-em-Feira-de-Santana-1.jpeg\" \/>\n\t<meta property=\"og:image:width\" content=\"785\" \/>\n\t<meta property=\"og:image:height\" content=\"805\" \/>\n\t<meta property=\"og:image:type\" content=\"image\/jpeg\" \/>\n<meta name=\"author\" content=\"Reda\u00e7\u00e3o Portal MF\" \/>\n<meta name=\"twitter:card\" content=\"summary_large_image\" \/>\n<meta name=\"twitter:creator\" content=\"@https:\/\/x.com\/portalmfoficial\" \/>\n<meta name=\"twitter:label1\" content=\"Escrito por\" \/>\n\t<meta name=\"twitter:data1\" content=\"Reda\u00e7\u00e3o Portal MF\" \/>\n\t<meta name=\"twitter:label2\" content=\"Est. tempo de leitura\" \/>\n\t<meta name=\"twitter:data2\" content=\"2 minutos\" \/>\n<script type=\"application\/ld+json\" class=\"yoast-schema-graph\">{\"@context\":\"https:\/\/schema.org\",\"@graph\":[{\"@type\":\"WebPage\",\"@id\":\"https:\/\/portalmf.com.br\/index.php\/2022\/12\/10\/durante-formatura-crianca-de-6-anos-homenageia-irmao-morto-pela-pm-durante-blitz-em-feira-de-santana\/\",\"url\":\"https:\/\/portalmf.com.br\/index.php\/2022\/12\/10\/durante-formatura-crianca-de-6-anos-homenageia-irmao-morto-pela-pm-durante-blitz-em-feira-de-santana\/\",\"name\":\"Durante formatura, crian\u00e7a de 6 anos homenageia irm\u00e3o morto pela PM durante blitz em Feira de Santana: - Portal MF\",\"isPartOf\":{\"@id\":\"https:\/\/portalmf.com.br\/#website\"},\"primaryImageOfPage\":{\"@id\":\"https:\/\/portalmf.com.br\/index.php\/2022\/12\/10\/durante-formatura-crianca-de-6-anos-homenageia-irmao-morto-pela-pm-durante-blitz-em-feira-de-santana\/#primaryimage\"},\"image\":{\"@id\":\"https:\/\/portalmf.com.br\/index.php\/2022\/12\/10\/durante-formatura-crianca-de-6-anos-homenageia-irmao-morto-pela-pm-durante-blitz-em-feira-de-santana\/#primaryimage\"},\"thumbnailUrl\":\"https:\/\/portalmf.com.br\/wp-content\/uploads\/2022\/12\/Durante-formatura-crianca-de-6-anos-homenageia-irmao-morto-pela-PM-durante-blitz-em-Feira-de-Santana-1.jpeg\",\"datePublished\":\"2022-12-10T18:49:00+00:00\",\"dateModified\":\"2022-12-19T18:54:31+00:00\",\"author\":{\"@id\":\"https:\/\/portalmf.com.br\/#\/schema\/person\/9ec101baf56233e53520c26de5d6f6f0\"},\"breadcrumb\":{\"@id\":\"https:\/\/portalmf.com.br\/index.php\/2022\/12\/10\/durante-formatura-crianca-de-6-anos-homenageia-irmao-morto-pela-pm-durante-blitz-em-feira-de-santana\/#breadcrumb\"},\"inLanguage\":\"pt-BR\",\"potentialAction\":[{\"@type\":\"ReadAction\",\"target\":[\"https:\/\/portalmf.com.br\/index.php\/2022\/12\/10\/durante-formatura-crianca-de-6-anos-homenageia-irmao-morto-pela-pm-durante-blitz-em-feira-de-santana\/\"]}]},{\"@type\":\"ImageObject\",\"inLanguage\":\"pt-BR\",\"@id\":\"https:\/\/portalmf.com.br\/index.php\/2022\/12\/10\/durante-formatura-crianca-de-6-anos-homenageia-irmao-morto-pela-pm-durante-blitz-em-feira-de-santana\/#primaryimage\",\"url\":\"https:\/\/portalmf.com.br\/wp-content\/uploads\/2022\/12\/Durante-formatura-crianca-de-6-anos-homenageia-irmao-morto-pela-PM-durante-blitz-em-Feira-de-Santana-1.jpeg\",\"contentUrl\":\"https:\/\/portalmf.com.br\/wp-content\/uploads\/2022\/12\/Durante-formatura-crianca-de-6-anos-homenageia-irmao-morto-pela-PM-durante-blitz-em-Feira-de-Santana-1.jpeg\",\"width\":785,\"height\":805},{\"@type\":\"BreadcrumbList\",\"@id\":\"https:\/\/portalmf.com.br\/index.php\/2022\/12\/10\/durante-formatura-crianca-de-6-anos-homenageia-irmao-morto-pela-pm-durante-blitz-em-feira-de-santana\/#breadcrumb\",\"itemListElement\":[{\"@type\":\"ListItem\",\"position\":1,\"name\":\"In\u00edcio\",\"item\":\"https:\/\/portalmf.com.br\/\"},{\"@type\":\"ListItem\",\"position\":2,\"name\":\"Durante formatura, crian\u00e7a de 6 anos homenageia irm\u00e3o morto pela PM durante blitz em Feira de Santana:\"}]},{\"@type\":\"WebSite\",\"@id\":\"https:\/\/portalmf.com.br\/#website\",\"url\":\"https:\/\/portalmf.com.br\/\",\"name\":\"Portal MF\",\"description\":\"Voc\u00ea conectado com a informa\u00e7\u00e3o\",\"potentialAction\":[{\"@type\":\"SearchAction\",\"target\":{\"@type\":\"EntryPoint\",\"urlTemplate\":\"https:\/\/portalmf.com.br\/?s={search_term_string}\"},\"query-input\":\"required name=search_term_string\"}],\"inLanguage\":\"pt-BR\"},{\"@type\":\"Person\",\"@id\":\"https:\/\/portalmf.com.br\/#\/schema\/person\/9ec101baf56233e53520c26de5d6f6f0\",\"name\":\"Reda\u00e7\u00e3o Portal MF\",\"image\":{\"@type\":\"ImageObject\",\"inLanguage\":\"pt-BR\",\"@id\":\"https:\/\/portalmf.com.br\/#\/schema\/person\/image\/\",\"url\":\"https:\/\/secure.gravatar.com\/avatar\/41b9aaeb2100835f7c64362330f74c7f?s=96&d=mm&r=g\",\"contentUrl\":\"https:\/\/secure.gravatar.com\/avatar\/41b9aaeb2100835f7c64362330f74c7f?s=96&d=mm&r=g\",\"caption\":\"Reda\u00e7\u00e3o Portal MF\"},\"description\":\"Sejam bem-vindos o portal de informa\u00e7\u00f5es de entretenimento de Feira de Santana, desde 2006 realiza coberturas dos principais eventos com entrevistas exclusivas com as principais personalidades mundiais. Fique conectado tamb\u00e9m nas redes sociais.\",\"sameAs\":[\"http:\/\/www.portalmf.com.br\/\",\"https:\/\/www.facebook.com\/portalmfoficial\",\"https:\/\/www.instagram.com\/portalmf\/\",\"https:\/\/x.com\/https:\/\/x.com\/portalmfoficial\",\"https:\/\/www.youtube.com\/@portalmfoficial\"],\"url\":\"https:\/\/portalmf.com.br\/index.php\/author\/junior\/\"}]}<\/script>\n<!-- \/ Yoast SEO plugin. -->","yoast_head_json":{"title":"Durante formatura, crian\u00e7a de 6 anos homenageia irm\u00e3o morto pela PM durante blitz em Feira de Santana: - Portal MF","robots":{"index":"index","follow":"follow","max-snippet":"max-snippet:-1","max-image-preview":"max-image-preview:large","max-video-preview":"max-video-preview:-1"},"canonical":"https:\/\/portalmf.com.br\/index.php\/2022\/12\/10\/durante-formatura-crianca-de-6-anos-homenageia-irmao-morto-pela-pm-durante-blitz-em-feira-de-santana\/","og_locale":"pt_BR","og_type":"article","og_title":"Durante formatura, crian\u00e7a de 6 anos homenageia irm\u00e3o morto pela PM durante blitz em Feira de Santana: - Portal MF","og_description":"Tudo transcorria dentro da normalidade de uma cerim\u00f4nia comum de formatura infantil, at\u00e9 que, uma das formandas, quando chamada, entrou pela passarela principal com um bal\u00e3o em formato estela. Na cor cinza, o bal\u00e3o trazia escrito o nome Marcelinho, apelido do seu irm\u00e3o mais velho, morto por policiais militares na noite de 1\u00ba de abril [&hellip;]","og_url":"https:\/\/portalmf.com.br\/index.php\/2022\/12\/10\/durante-formatura-crianca-de-6-anos-homenageia-irmao-morto-pela-pm-durante-blitz-em-feira-de-santana\/","og_site_name":"Portal MF","article_author":"https:\/\/www.facebook.com\/portalmfoficial","article_published_time":"2022-12-10T18:49:00+00:00","article_modified_time":"2022-12-19T18:54:31+00:00","og_image":[{"width":785,"height":805,"url":"https:\/\/portalmf.com.br\/wp-content\/uploads\/2022\/12\/Durante-formatura-crianca-de-6-anos-homenageia-irmao-morto-pela-PM-durante-blitz-em-Feira-de-Santana-1.jpeg","type":"image\/jpeg"}],"author":"Reda\u00e7\u00e3o Portal MF","twitter_card":"summary_large_image","twitter_creator":"@https:\/\/x.com\/portalmfoficial","twitter_misc":{"Escrito por":"Reda\u00e7\u00e3o Portal MF","Est. tempo de leitura":"2 minutos"},"schema":{"@context":"https:\/\/schema.org","@graph":[{"@type":"WebPage","@id":"https:\/\/portalmf.com.br\/index.php\/2022\/12\/10\/durante-formatura-crianca-de-6-anos-homenageia-irmao-morto-pela-pm-durante-blitz-em-feira-de-santana\/","url":"https:\/\/portalmf.com.br\/index.php\/2022\/12\/10\/durante-formatura-crianca-de-6-anos-homenageia-irmao-morto-pela-pm-durante-blitz-em-feira-de-santana\/","name":"Durante formatura, crian\u00e7a de 6 anos homenageia irm\u00e3o morto pela PM durante blitz em Feira de Santana: - Portal MF","isPartOf":{"@id":"https:\/\/portalmf.com.br\/#website"},"primaryImageOfPage":{"@id":"https:\/\/portalmf.com.br\/index.php\/2022\/12\/10\/durante-formatura-crianca-de-6-anos-homenageia-irmao-morto-pela-pm-durante-blitz-em-feira-de-santana\/#primaryimage"},"image":{"@id":"https:\/\/portalmf.com.br\/index.php\/2022\/12\/10\/durante-formatura-crianca-de-6-anos-homenageia-irmao-morto-pela-pm-durante-blitz-em-feira-de-santana\/#primaryimage"},"thumbnailUrl":"https:\/\/portalmf.com.br\/wp-content\/uploads\/2022\/12\/Durante-formatura-crianca-de-6-anos-homenageia-irmao-morto-pela-PM-durante-blitz-em-Feira-de-Santana-1.jpeg","datePublished":"2022-12-10T18:49:00+00:00","dateModified":"2022-12-19T18:54:31+00:00","author":{"@id":"https:\/\/portalmf.com.br\/#\/schema\/person\/9ec101baf56233e53520c26de5d6f6f0"},"breadcrumb":{"@id":"https:\/\/portalmf.com.br\/index.php\/2022\/12\/10\/durante-formatura-crianca-de-6-anos-homenageia-irmao-morto-pela-pm-durante-blitz-em-feira-de-santana\/#breadcrumb"},"inLanguage":"pt-BR","potentialAction":[{"@type":"ReadAction","target":["https:\/\/portalmf.com.br\/index.php\/2022\/12\/10\/durante-formatura-crianca-de-6-anos-homenageia-irmao-morto-pela-pm-durante-blitz-em-feira-de-santana\/"]}]},{"@type":"ImageObject","inLanguage":"pt-BR","@id":"https:\/\/portalmf.com.br\/index.php\/2022\/12\/10\/durante-formatura-crianca-de-6-anos-homenageia-irmao-morto-pela-pm-durante-blitz-em-feira-de-santana\/#primaryimage","url":"https:\/\/portalmf.com.br\/wp-content\/uploads\/2022\/12\/Durante-formatura-crianca-de-6-anos-homenageia-irmao-morto-pela-PM-durante-blitz-em-Feira-de-Santana-1.jpeg","contentUrl":"https:\/\/portalmf.com.br\/wp-content\/uploads\/2022\/12\/Durante-formatura-crianca-de-6-anos-homenageia-irmao-morto-pela-PM-durante-blitz-em-Feira-de-Santana-1.jpeg","width":785,"height":805},{"@type":"BreadcrumbList","@id":"https:\/\/portalmf.com.br\/index.php\/2022\/12\/10\/durante-formatura-crianca-de-6-anos-homenageia-irmao-morto-pela-pm-durante-blitz-em-feira-de-santana\/#breadcrumb","itemListElement":[{"@type":"ListItem","position":1,"name":"In\u00edcio","item":"https:\/\/portalmf.com.br\/"},{"@type":"ListItem","position":2,"name":"Durante formatura, crian\u00e7a de 6 anos homenageia irm\u00e3o morto pela PM durante blitz em Feira de Santana:"}]},{"@type":"WebSite","@id":"https:\/\/portalmf.com.br\/#website","url":"https:\/\/portalmf.com.br\/","name":"Portal MF","description":"Voc\u00ea conectado com a informa\u00e7\u00e3o","potentialAction":[{"@type":"SearchAction","target":{"@type":"EntryPoint","urlTemplate":"https:\/\/portalmf.com.br\/?s={search_term_string}"},"query-input":"required name=search_term_string"}],"inLanguage":"pt-BR"},{"@type":"Person","@id":"https:\/\/portalmf.com.br\/#\/schema\/person\/9ec101baf56233e53520c26de5d6f6f0","name":"Reda\u00e7\u00e3o Portal MF","image":{"@type":"ImageObject","inLanguage":"pt-BR","@id":"https:\/\/portalmf.com.br\/#\/schema\/person\/image\/","url":"https:\/\/secure.gravatar.com\/avatar\/41b9aaeb2100835f7c64362330f74c7f?s=96&d=mm&r=g","contentUrl":"https:\/\/secure.gravatar.com\/avatar\/41b9aaeb2100835f7c64362330f74c7f?s=96&d=mm&r=g","caption":"Reda\u00e7\u00e3o Portal MF"},"description":"Sejam bem-vindos o portal de informa\u00e7\u00f5es de entretenimento de Feira de Santana, desde 2006 realiza coberturas dos principais eventos com entrevistas exclusivas com as principais personalidades mundiais. Fique conectado tamb\u00e9m nas redes sociais.","sameAs":["http:\/\/www.portalmf.com.br\/","https:\/\/www.facebook.com\/portalmfoficial","https:\/\/www.instagram.com\/portalmf\/","https:\/\/x.com\/https:\/\/x.com\/portalmfoficial","https:\/\/www.youtube.com\/@portalmfoficial"],"url":"https:\/\/portalmf.com.br\/index.php\/author\/junior\/"}]}},"_links":{"self":[{"href":"https:\/\/portalmf.com.br\/index.php\/wp-json\/wp\/v2\/posts\/6892"}],"collection":[{"href":"https:\/\/portalmf.com.br\/index.php\/wp-json\/wp\/v2\/posts"}],"about":[{"href":"https:\/\/portalmf.com.br\/index.php\/wp-json\/wp\/v2\/types\/post"}],"author":[{"embeddable":true,"href":"https:\/\/portalmf.com.br\/index.php\/wp-json\/wp\/v2\/users\/3"}],"replies":[{"embeddable":true,"href":"https:\/\/portalmf.com.br\/index.php\/wp-json\/wp\/v2\/comments?post=6892"}],"version-history":[{"count":1,"href":"https:\/\/portalmf.com.br\/index.php\/wp-json\/wp\/v2\/posts\/6892\/revisions"}],"predecessor-version":[{"id":6895,"href":"https:\/\/portalmf.com.br\/index.php\/wp-json\/wp\/v2\/posts\/6892\/revisions\/6895"}],"wp:featuredmedia":[{"embeddable":true,"href":"https:\/\/portalmf.com.br\/index.php\/wp-json\/wp\/v2\/media\/6894"}],"wp:attachment":[{"href":"https:\/\/portalmf.com.br\/index.php\/wp-json\/wp\/v2\/media?parent=6892"}],"wp:term":[{"taxonomy":"category","embeddable":true,"href":"https:\/\/portalmf.com.br\/index.php\/wp-json\/wp\/v2\/categories?post=6892"},{"taxonomy":"post_tag","embeddable":true,"href":"https:\/\/portalmf.com.br\/index.php\/wp-json\/wp\/v2\/tags?post=6892"}],"curies":[{"name":"wp","href":"https:\/\/api.w.org\/{rel}","templated":true}]}}