{"id":6886,"date":"2022-12-19T15:45:51","date_gmt":"2022-12-19T18:45:51","guid":{"rendered":"https:\/\/portalmf.com.br\/?p=6886"},"modified":"2022-12-19T17:27:31","modified_gmt":"2022-12-19T20:27:31","slug":"celebrando-os-30-anos-do-grupo-e-o-tchan-eta-festival-tera-espaco-exclusivo-com-open-bar-premium","status":"publish","type":"post","link":"https:\/\/portalmf.com.br\/index.php\/2022\/12\/19\/celebrando-os-30-anos-do-grupo-e-o-tchan-eta-festival-tera-espaco-exclusivo-com-open-bar-premium\/","title":{"rendered":"Celebrando os 30 anos do grupo \u00c9 o Tchan, \u00cata Festival ter\u00e1 espa\u00e7o exclusivo com open bar premium"},"content":{"rendered":"\n<p>O Festival \u00cata acontecer\u00e1 nos dias 11, 18 e 25 de janeiro na Arena Fonte Nova, em Salvador (BA) e ir\u00e1 celebrar os 30 anos de carreira do grupo \u00c9 o Tchan, com convidados especiais. O evento contar\u00e1 com o Lounge All Type, um espa\u00e7o exclusivo para quem deseja curtir com mais conforto e vista privilegiada para o palco, al\u00e9m de um open bar premium de cerveja, \u00e1gua, refrigerante, vodka, whisky 8 anos e gin.<\/p>\n\n\n\n<p>Uma lista de convidados muito especiais ir\u00e1 passar pelo palco do evento. Na data de estreia, dia 11 de janeiro, j\u00e1 est\u00e3o confirmadas a dupla Jorge &amp; Mateus, a cantora Mari Fernandez e Kevi Jonny. O cantor de piseiro Jo\u00e3o Gomes, o baiano Tierry e a banda Pixote estar\u00e3o no evento do dia 18 de janeiro. O \u00faltimo evento, 25\/11, ter\u00e1 as apresenta\u00e7\u00f5es do fen\u00f4meno Thiago Aquino e outras atra\u00e7\u00f5es que ser\u00e3o divulgadas em breve.<\/p>\n\n\n\n<p>O \u00cata ter\u00e1 como anfitri\u00e3 a banda veterana liderada por Beto Jamaica e Compadre Washigton, que promete deixar as quartas-feiras de janeiro mais divertidas, com toda a irrever\u00eancia e o repert\u00f3rio cheio de cl\u00e1ssicos como \u201cPau que Nasce Torto\u201d, \u201cA Dan\u00e7a do Bumbum\u201d e \u201cBota a Cara no Sol\u201d, atraindo a galera mais animada da cidade e influenciadores de v\u00e1rias partes do pa\u00eds.<\/p>\n\n\n\n<p>Os ingressos dos setores Arena, \u00c1rea VIP e Lounge All Type j\u00e1 podem ser adquiridos individualmente atrav\u00e9s do site ou aplicativo Balada App. A realiza\u00e7\u00e3o \u00e9 da On Line Entretenimento e da Arena Fonte Nova.<\/p>\n","protected":false},"excerpt":{"rendered":"<p>O Festival \u00cata acontecer\u00e1 nos dias 11, 18 e 25 de janeiro na Arena Fonte Nova, em Salvador (BA) e ir\u00e1 celebrar os 30 anos de carreira do grupo \u00c9 o Tchan, com convidados especiais. O evento contar\u00e1 com o Lounge All Type, um espa\u00e7o exclusivo para quem deseja curtir com mais conforto e vista [&hellip;]<\/p>\n","protected":false},"author":3,"featured_media":6887,"comment_status":"open","ping_status":"open","sticky":false,"template":"","format":"standard","meta":{"_monsterinsights_skip_tracking":false,"_monsterinsights_sitenote_active":false,"_monsterinsights_sitenote_note":"","_monsterinsights_sitenote_category":0,"footnotes":""},"categories":[48,45],"tags":[],"yoast_head":"<!-- This site is optimized with the Yoast SEO plugin v22.9 - https:\/\/yoast.com\/wordpress\/plugins\/seo\/ -->\n<title>Celebrando os 30 anos do grupo \u00c9 o Tchan, \u00cata Festival ter\u00e1 espa\u00e7o exclusivo com open bar premium - Portal MF<\/title>\n<meta name=\"robots\" content=\"index, follow, max-snippet:-1, max-image-preview:large, max-video-preview:-1\" \/>\n<link rel=\"canonical\" href=\"https:\/\/portalmf.com.br\/index.php\/2022\/12\/19\/celebrando-os-30-anos-do-grupo-e-o-tchan-eta-festival-tera-espaco-exclusivo-com-open-bar-premium\/\" \/>\n<meta property=\"og:locale\" content=\"pt_BR\" \/>\n<meta property=\"og:type\" content=\"article\" \/>\n<meta property=\"og:title\" content=\"Celebrando os 30 anos do grupo \u00c9 o Tchan, \u00cata Festival ter\u00e1 espa\u00e7o exclusivo com open bar premium - Portal MF\" \/>\n<meta property=\"og:description\" content=\"O Festival \u00cata acontecer\u00e1 nos dias 11, 18 e 25 de janeiro na Arena Fonte Nova, em Salvador (BA) e ir\u00e1 celebrar os 30 anos de carreira do grupo \u00c9 o Tchan, com convidados especiais. O evento contar\u00e1 com o Lounge All Type, um espa\u00e7o exclusivo para quem deseja curtir com mais conforto e vista [&hellip;]\" \/>\n<meta property=\"og:url\" content=\"https:\/\/portalmf.com.br\/index.php\/2022\/12\/19\/celebrando-os-30-anos-do-grupo-e-o-tchan-eta-festival-tera-espaco-exclusivo-com-open-bar-premium\/\" \/>\n<meta property=\"og:site_name\" content=\"Portal MF\" \/>\n<meta property=\"article:author\" content=\"https:\/\/www.facebook.com\/portalmfoficial\" \/>\n<meta property=\"article:published_time\" content=\"2022-12-19T18:45:51+00:00\" \/>\n<meta property=\"article:modified_time\" content=\"2022-12-19T20:27:31+00:00\" \/>\n<meta property=\"og:image\" content=\"https:\/\/portalmf.com.br\/wp-content\/uploads\/2022\/12\/Celebrando-os-30-anos-do-grupo-E-o-Tchan-Eta-Festival-tera-espaco-exclusivo-com-open-bar-premium.jpeg\" \/>\n\t<meta property=\"og:image:width\" content=\"1280\" \/>\n\t<meta property=\"og:image:height\" content=\"853\" \/>\n\t<meta property=\"og:image:type\" content=\"image\/jpeg\" \/>\n<meta name=\"author\" content=\"Reda\u00e7\u00e3o Portal MF\" \/>\n<meta name=\"twitter:card\" content=\"summary_large_image\" \/>\n<meta name=\"twitter:creator\" content=\"@https:\/\/x.com\/portalmfoficial\" \/>\n<meta name=\"twitter:label1\" content=\"Escrito por\" \/>\n\t<meta name=\"twitter:data1\" content=\"Reda\u00e7\u00e3o Portal MF\" \/>\n\t<meta name=\"twitter:label2\" content=\"Est. tempo de leitura\" \/>\n\t<meta name=\"twitter:data2\" content=\"2 minutos\" \/>\n<script type=\"application\/ld+json\" class=\"yoast-schema-graph\">{\"@context\":\"https:\/\/schema.org\",\"@graph\":[{\"@type\":\"WebPage\",\"@id\":\"https:\/\/portalmf.com.br\/index.php\/2022\/12\/19\/celebrando-os-30-anos-do-grupo-e-o-tchan-eta-festival-tera-espaco-exclusivo-com-open-bar-premium\/\",\"url\":\"https:\/\/portalmf.com.br\/index.php\/2022\/12\/19\/celebrando-os-30-anos-do-grupo-e-o-tchan-eta-festival-tera-espaco-exclusivo-com-open-bar-premium\/\",\"name\":\"Celebrando os 30 anos do grupo \u00c9 o Tchan, \u00cata Festival ter\u00e1 espa\u00e7o exclusivo com open bar premium - Portal MF\",\"isPartOf\":{\"@id\":\"https:\/\/portalmf.com.br\/#website\"},\"primaryImageOfPage\":{\"@id\":\"https:\/\/portalmf.com.br\/index.php\/2022\/12\/19\/celebrando-os-30-anos-do-grupo-e-o-tchan-eta-festival-tera-espaco-exclusivo-com-open-bar-premium\/#primaryimage\"},\"image\":{\"@id\":\"https:\/\/portalmf.com.br\/index.php\/2022\/12\/19\/celebrando-os-30-anos-do-grupo-e-o-tchan-eta-festival-tera-espaco-exclusivo-com-open-bar-premium\/#primaryimage\"},\"thumbnailUrl\":\"https:\/\/portalmf.com.br\/wp-content\/uploads\/2022\/12\/Celebrando-os-30-anos-do-grupo-E-o-Tchan-Eta-Festival-tera-espaco-exclusivo-com-open-bar-premium.jpeg\",\"datePublished\":\"2022-12-19T18:45:51+00:00\",\"dateModified\":\"2022-12-19T20:27:31+00:00\",\"author\":{\"@id\":\"https:\/\/portalmf.com.br\/#\/schema\/person\/9ec101baf56233e53520c26de5d6f6f0\"},\"breadcrumb\":{\"@id\":\"https:\/\/portalmf.com.br\/index.php\/2022\/12\/19\/celebrando-os-30-anos-do-grupo-e-o-tchan-eta-festival-tera-espaco-exclusivo-com-open-bar-premium\/#breadcrumb\"},\"inLanguage\":\"pt-BR\",\"potentialAction\":[{\"@type\":\"ReadAction\",\"target\":[\"https:\/\/portalmf.com.br\/index.php\/2022\/12\/19\/celebrando-os-30-anos-do-grupo-e-o-tchan-eta-festival-tera-espaco-exclusivo-com-open-bar-premium\/\"]}]},{\"@type\":\"ImageObject\",\"inLanguage\":\"pt-BR\",\"@id\":\"https:\/\/portalmf.com.br\/index.php\/2022\/12\/19\/celebrando-os-30-anos-do-grupo-e-o-tchan-eta-festival-tera-espaco-exclusivo-com-open-bar-premium\/#primaryimage\",\"url\":\"https:\/\/portalmf.com.br\/wp-content\/uploads\/2022\/12\/Celebrando-os-30-anos-do-grupo-E-o-Tchan-Eta-Festival-tera-espaco-exclusivo-com-open-bar-premium.jpeg\",\"contentUrl\":\"https:\/\/portalmf.com.br\/wp-content\/uploads\/2022\/12\/Celebrando-os-30-anos-do-grupo-E-o-Tchan-Eta-Festival-tera-espaco-exclusivo-com-open-bar-premium.jpeg\",\"width\":1280,\"height\":853},{\"@type\":\"BreadcrumbList\",\"@id\":\"https:\/\/portalmf.com.br\/index.php\/2022\/12\/19\/celebrando-os-30-anos-do-grupo-e-o-tchan-eta-festival-tera-espaco-exclusivo-com-open-bar-premium\/#breadcrumb\",\"itemListElement\":[{\"@type\":\"ListItem\",\"position\":1,\"name\":\"In\u00edcio\",\"item\":\"https:\/\/portalmf.com.br\/\"},{\"@type\":\"ListItem\",\"position\":2,\"name\":\"Celebrando os 30 anos do grupo \u00c9 o Tchan, \u00cata Festival ter\u00e1 espa\u00e7o exclusivo com open bar premium\"}]},{\"@type\":\"WebSite\",\"@id\":\"https:\/\/portalmf.com.br\/#website\",\"url\":\"https:\/\/portalmf.com.br\/\",\"name\":\"Portal MF\",\"description\":\"Voc\u00ea conectado com a informa\u00e7\u00e3o\",\"potentialAction\":[{\"@type\":\"SearchAction\",\"target\":{\"@type\":\"EntryPoint\",\"urlTemplate\":\"https:\/\/portalmf.com.br\/?s={search_term_string}\"},\"query-input\":\"required name=search_term_string\"}],\"inLanguage\":\"pt-BR\"},{\"@type\":\"Person\",\"@id\":\"https:\/\/portalmf.com.br\/#\/schema\/person\/9ec101baf56233e53520c26de5d6f6f0\",\"name\":\"Reda\u00e7\u00e3o Portal MF\",\"image\":{\"@type\":\"ImageObject\",\"inLanguage\":\"pt-BR\",\"@id\":\"https:\/\/portalmf.com.br\/#\/schema\/person\/image\/\",\"url\":\"https:\/\/secure.gravatar.com\/avatar\/41b9aaeb2100835f7c64362330f74c7f?s=96&d=mm&r=g\",\"contentUrl\":\"https:\/\/secure.gravatar.com\/avatar\/41b9aaeb2100835f7c64362330f74c7f?s=96&d=mm&r=g\",\"caption\":\"Reda\u00e7\u00e3o Portal MF\"},\"description\":\"Sejam bem-vindos o portal de informa\u00e7\u00f5es de entretenimento de Feira de Santana, desde 2006 realiza coberturas dos principais eventos com entrevistas exclusivas com as principais personalidades mundiais. Fique conectado tamb\u00e9m nas redes sociais.\",\"sameAs\":[\"http:\/\/www.portalmf.com.br\/\",\"https:\/\/www.facebook.com\/portalmfoficial\",\"https:\/\/www.instagram.com\/portalmf\/\",\"https:\/\/x.com\/https:\/\/x.com\/portalmfoficial\",\"https:\/\/www.youtube.com\/@portalmfoficial\"],\"url\":\"https:\/\/portalmf.com.br\/index.php\/author\/junior\/\"}]}<\/script>\n<!-- \/ Yoast SEO plugin. -->","yoast_head_json":{"title":"Celebrando os 30 anos do grupo \u00c9 o Tchan, \u00cata Festival ter\u00e1 espa\u00e7o exclusivo com open bar premium - Portal MF","robots":{"index":"index","follow":"follow","max-snippet":"max-snippet:-1","max-image-preview":"max-image-preview:large","max-video-preview":"max-video-preview:-1"},"canonical":"https:\/\/portalmf.com.br\/index.php\/2022\/12\/19\/celebrando-os-30-anos-do-grupo-e-o-tchan-eta-festival-tera-espaco-exclusivo-com-open-bar-premium\/","og_locale":"pt_BR","og_type":"article","og_title":"Celebrando os 30 anos do grupo \u00c9 o Tchan, \u00cata Festival ter\u00e1 espa\u00e7o exclusivo com open bar premium - Portal MF","og_description":"O Festival \u00cata acontecer\u00e1 nos dias 11, 18 e 25 de janeiro na Arena Fonte Nova, em Salvador (BA) e ir\u00e1 celebrar os 30 anos de carreira do grupo \u00c9 o Tchan, com convidados especiais. O evento contar\u00e1 com o Lounge All Type, um espa\u00e7o exclusivo para quem deseja curtir com mais conforto e vista [&hellip;]","og_url":"https:\/\/portalmf.com.br\/index.php\/2022\/12\/19\/celebrando-os-30-anos-do-grupo-e-o-tchan-eta-festival-tera-espaco-exclusivo-com-open-bar-premium\/","og_site_name":"Portal MF","article_author":"https:\/\/www.facebook.com\/portalmfoficial","article_published_time":"2022-12-19T18:45:51+00:00","article_modified_time":"2022-12-19T20:27:31+00:00","og_image":[{"width":1280,"height":853,"url":"https:\/\/portalmf.com.br\/wp-content\/uploads\/2022\/12\/Celebrando-os-30-anos-do-grupo-E-o-Tchan-Eta-Festival-tera-espaco-exclusivo-com-open-bar-premium.jpeg","type":"image\/jpeg"}],"author":"Reda\u00e7\u00e3o Portal MF","twitter_card":"summary_large_image","twitter_creator":"@https:\/\/x.com\/portalmfoficial","twitter_misc":{"Escrito por":"Reda\u00e7\u00e3o Portal MF","Est. tempo de leitura":"2 minutos"},"schema":{"@context":"https:\/\/schema.org","@graph":[{"@type":"WebPage","@id":"https:\/\/portalmf.com.br\/index.php\/2022\/12\/19\/celebrando-os-30-anos-do-grupo-e-o-tchan-eta-festival-tera-espaco-exclusivo-com-open-bar-premium\/","url":"https:\/\/portalmf.com.br\/index.php\/2022\/12\/19\/celebrando-os-30-anos-do-grupo-e-o-tchan-eta-festival-tera-espaco-exclusivo-com-open-bar-premium\/","name":"Celebrando os 30 anos do grupo \u00c9 o Tchan, \u00cata Festival ter\u00e1 espa\u00e7o exclusivo com open bar premium - Portal MF","isPartOf":{"@id":"https:\/\/portalmf.com.br\/#website"},"primaryImageOfPage":{"@id":"https:\/\/portalmf.com.br\/index.php\/2022\/12\/19\/celebrando-os-30-anos-do-grupo-e-o-tchan-eta-festival-tera-espaco-exclusivo-com-open-bar-premium\/#primaryimage"},"image":{"@id":"https:\/\/portalmf.com.br\/index.php\/2022\/12\/19\/celebrando-os-30-anos-do-grupo-e-o-tchan-eta-festival-tera-espaco-exclusivo-com-open-bar-premium\/#primaryimage"},"thumbnailUrl":"https:\/\/portalmf.com.br\/wp-content\/uploads\/2022\/12\/Celebrando-os-30-anos-do-grupo-E-o-Tchan-Eta-Festival-tera-espaco-exclusivo-com-open-bar-premium.jpeg","datePublished":"2022-12-19T18:45:51+00:00","dateModified":"2022-12-19T20:27:31+00:00","author":{"@id":"https:\/\/portalmf.com.br\/#\/schema\/person\/9ec101baf56233e53520c26de5d6f6f0"},"breadcrumb":{"@id":"https:\/\/portalmf.com.br\/index.php\/2022\/12\/19\/celebrando-os-30-anos-do-grupo-e-o-tchan-eta-festival-tera-espaco-exclusivo-com-open-bar-premium\/#breadcrumb"},"inLanguage":"pt-BR","potentialAction":[{"@type":"ReadAction","target":["https:\/\/portalmf.com.br\/index.php\/2022\/12\/19\/celebrando-os-30-anos-do-grupo-e-o-tchan-eta-festival-tera-espaco-exclusivo-com-open-bar-premium\/"]}]},{"@type":"ImageObject","inLanguage":"pt-BR","@id":"https:\/\/portalmf.com.br\/index.php\/2022\/12\/19\/celebrando-os-30-anos-do-grupo-e-o-tchan-eta-festival-tera-espaco-exclusivo-com-open-bar-premium\/#primaryimage","url":"https:\/\/portalmf.com.br\/wp-content\/uploads\/2022\/12\/Celebrando-os-30-anos-do-grupo-E-o-Tchan-Eta-Festival-tera-espaco-exclusivo-com-open-bar-premium.jpeg","contentUrl":"https:\/\/portalmf.com.br\/wp-content\/uploads\/2022\/12\/Celebrando-os-30-anos-do-grupo-E-o-Tchan-Eta-Festival-tera-espaco-exclusivo-com-open-bar-premium.jpeg","width":1280,"height":853},{"@type":"BreadcrumbList","@id":"https:\/\/portalmf.com.br\/index.php\/2022\/12\/19\/celebrando-os-30-anos-do-grupo-e-o-tchan-eta-festival-tera-espaco-exclusivo-com-open-bar-premium\/#breadcrumb","itemListElement":[{"@type":"ListItem","position":1,"name":"In\u00edcio","item":"https:\/\/portalmf.com.br\/"},{"@type":"ListItem","position":2,"name":"Celebrando os 30 anos do grupo \u00c9 o Tchan, \u00cata Festival ter\u00e1 espa\u00e7o exclusivo com open bar premium"}]},{"@type":"WebSite","@id":"https:\/\/portalmf.com.br\/#website","url":"https:\/\/portalmf.com.br\/","name":"Portal MF","description":"Voc\u00ea conectado com a informa\u00e7\u00e3o","potentialAction":[{"@type":"SearchAction","target":{"@type":"EntryPoint","urlTemplate":"https:\/\/portalmf.com.br\/?s={search_term_string}"},"query-input":"required name=search_term_string"}],"inLanguage":"pt-BR"},{"@type":"Person","@id":"https:\/\/portalmf.com.br\/#\/schema\/person\/9ec101baf56233e53520c26de5d6f6f0","name":"Reda\u00e7\u00e3o Portal MF","image":{"@type":"ImageObject","inLanguage":"pt-BR","@id":"https:\/\/portalmf.com.br\/#\/schema\/person\/image\/","url":"https:\/\/secure.gravatar.com\/avatar\/41b9aaeb2100835f7c64362330f74c7f?s=96&d=mm&r=g","contentUrl":"https:\/\/secure.gravatar.com\/avatar\/41b9aaeb2100835f7c64362330f74c7f?s=96&d=mm&r=g","caption":"Reda\u00e7\u00e3o Portal MF"},"description":"Sejam bem-vindos o portal de informa\u00e7\u00f5es de entretenimento de Feira de Santana, desde 2006 realiza coberturas dos principais eventos com entrevistas exclusivas com as principais personalidades mundiais. Fique conectado tamb\u00e9m nas redes sociais.","sameAs":["http:\/\/www.portalmf.com.br\/","https:\/\/www.facebook.com\/portalmfoficial","https:\/\/www.instagram.com\/portalmf\/","https:\/\/x.com\/https:\/\/x.com\/portalmfoficial","https:\/\/www.youtube.com\/@portalmfoficial"],"url":"https:\/\/portalmf.com.br\/index.php\/author\/junior\/"}]}},"_links":{"self":[{"href":"https:\/\/portalmf.com.br\/index.php\/wp-json\/wp\/v2\/posts\/6886"}],"collection":[{"href":"https:\/\/portalmf.com.br\/index.php\/wp-json\/wp\/v2\/posts"}],"about":[{"href":"https:\/\/portalmf.com.br\/index.php\/wp-json\/wp\/v2\/types\/post"}],"author":[{"embeddable":true,"href":"https:\/\/portalmf.com.br\/index.php\/wp-json\/wp\/v2\/users\/3"}],"replies":[{"embeddable":true,"href":"https:\/\/portalmf.com.br\/index.php\/wp-json\/wp\/v2\/comments?post=6886"}],"version-history":[{"count":1,"href":"https:\/\/portalmf.com.br\/index.php\/wp-json\/wp\/v2\/posts\/6886\/revisions"}],"predecessor-version":[{"id":6888,"href":"https:\/\/portalmf.com.br\/index.php\/wp-json\/wp\/v2\/posts\/6886\/revisions\/6888"}],"wp:featuredmedia":[{"embeddable":true,"href":"https:\/\/portalmf.com.br\/index.php\/wp-json\/wp\/v2\/media\/6887"}],"wp:attachment":[{"href":"https:\/\/portalmf.com.br\/index.php\/wp-json\/wp\/v2\/media?parent=6886"}],"wp:term":[{"taxonomy":"category","embeddable":true,"href":"https:\/\/portalmf.com.br\/index.php\/wp-json\/wp\/v2\/categories?post=6886"},{"taxonomy":"post_tag","embeddable":true,"href":"https:\/\/portalmf.com.br\/index.php\/wp-json\/wp\/v2\/tags?post=6886"}],"curies":[{"name":"wp","href":"https:\/\/api.w.org\/{rel}","templated":true}]}}