{"id":6849,"date":"2022-12-16T17:17:08","date_gmt":"2022-12-16T20:17:08","guid":{"rendered":"https:\/\/portalmf.com.br\/?p=6849"},"modified":"2022-12-16T17:19:45","modified_gmt":"2022-12-16T20:19:45","slug":"leo-santana-e-pedro-sampaio-lancam-o-feat-do-ano-nao-se-va","status":"publish","type":"post","link":"https:\/\/portalmf.com.br\/index.php\/2022\/12\/16\/leo-santana-e-pedro-sampaio-lancam-o-feat-do-ano-nao-se-va\/","title":{"rendered":"L\u00e9o Santana e Pedro Sampaio lan\u00e7am o feat do ano"},"content":{"rendered":"\n<p>Uma parceria in\u00e9dita e mais do que esperada e desejada pelos f\u00e3s e admiradores de dois dos maiores artistas do pa\u00eds na atualidade e por todos aqueles que curtem m\u00fasica de qualidade; L\u00e9o Santana e Pedro Sampaio se juntam em um feat especial que vai parar a internet e sacudir as festas e eventos por todo Brasil. \u201cN\u00e3o se v\u00e1\u201d \u00e9 uma composi\u00e7\u00e3o de Ed Nobre, Diggo, Balove, Vitor Pimentel e Patrick Ferreira produzida por Rafinha RSQ e Pedro Sampaio. A m\u00fasica \u00e9 um mix de PopFunk, Piseiro e Pagod\u00e3o com uma batida marcante, gostosa, envolvente e totalmente dan\u00e7ante, misturando um pouco do estilo musical de cada um dos 2 cantores. <\/p>\n\n\n\n<p>O resultado? Se prepare, pois \u201cN\u00e3o se v\u00e1\u201d \u201cvai F@d&amp;r o seu cora\u00e7\u00e3o\u201d e com certeza virar o hit favorito da sua playlist.<\/p>\n\n\n\n<p>O single vem ainda acompanhado de um videoclipe idealizado pelos dois artistas e dirigido por Fernando Moraes, que traz identidade visual e cen\u00e1rios que s\u00e3o releituras de ambiente da Mitologia Grega misturando o cl\u00e1ssico com o pop, repleto de efeitos especiais em 3D onde a est\u00e1tua petrificada e fria de L\u00e9o Santana d\u00e1 lugar a vida e ao amor, misturando prazer, sensualidade e curti\u00e7\u00e3o.<\/p>\n\n\n\n<p><em>\u201cH\u00e1 algum tempo que venho conversando com o Pedro sobre gravarmos uma can\u00e7\u00e3o juntos, mas tinha que ser algo especial, diferenciado, algo que tivesse a cara de n\u00f3s 2, algo que fosse marcante e que juntos a gente pudesse mexer e deixar com a nossa pegada. Da\u00ed surgiu \u201cN\u00e3o se v\u00e1\u201d! Curti e mandei pra ele na hora. Ele se amarrou e disse: \u201c\u00c9 essa gigante! Vamos com tudo!\u201d, e na mesma hora j\u00e1 come\u00e7amos a \u201cviajar\u201d no clipe e nos detalhes da can\u00e7\u00e3o. Pedro veio pra Salvador, gravamos a m\u00fasica junto com Rafinha RSQ, fomos ajustando e depois fui para o Rio de Janeiro, onde gravamos o videoclipe que fiz quest\u00e3o de participar de cada detalhe, desde a escolha do elenco, coreografia, aos efeitos. Fiz tudo com muito carinho e cuidado, pois tenho certeza que essa can\u00e7\u00e3o vai virar hit e que o p\u00fablico vai se amarrar nesse feat que eu e Pedro Sampaio preparamos\u201d<\/em> disse L\u00e9o Santana.<\/p>\n\n\n\n<p>&#8220;Colaborar com o L\u00e9o Santana foi muito especial! Ele \u00e9 um cara super gente boa, do bem, combina bastante com a minha vibe\u2026 Um artista incr\u00edvel. Fiquei muito feliz com o convite. O L\u00e9o tem um som com o qual eu me identifico muito, ele coloca a energia l\u00e1 em cima, sempre brincando com os ritmos brasileiros. \u00c9 por isso que deu t\u00e3o certo a nossa din\u00e2mica no est\u00fadio. E o resultado t\u00e1 a\u00ed: \u201cN\u00c3O SE V\u00c1\u201d t\u00e1 chegando e t\u00f4 animado pra ver todo mundo curtindo essa nossa parceria\u201d<\/p>\n\n\n\n<figure class=\"wp-block-embed is-type-video is-provider-youtube wp-block-embed-youtube wp-embed-aspect-16-9 wp-has-aspect-ratio\"><div class=\"wp-block-embed__wrapper\">\n<iframe title=\"L\u00e9o Santana, PEDRO SAMPAIO - N\u00e3o Se V\u00e1\" width=\"696\" height=\"392\" src=\"https:\/\/www.youtube.com\/embed\/fnpggnVzoX8?feature=oembed\" frameborder=\"0\" allow=\"accelerometer; autoplay; clipboard-write; encrypted-media; gyroscope; picture-in-picture; web-share\" allowfullscreen><\/iframe>\n<\/div><\/figure>\n","protected":false},"excerpt":{"rendered":"<p>Uma parceria in\u00e9dita e mais do que esperada e desejada pelos f\u00e3s e admiradores de dois dos maiores artistas do pa\u00eds na atualidade e por todos aqueles que curtem m\u00fasica de qualidade; L\u00e9o Santana e Pedro Sampaio se juntam em um feat especial que vai parar a internet e sacudir as festas e eventos por [&hellip;]<\/p>\n","protected":false},"author":3,"featured_media":6850,"comment_status":"open","ping_status":"open","sticky":false,"template":"","format":"standard","meta":{"_monsterinsights_skip_tracking":false,"_monsterinsights_sitenote_active":false,"_monsterinsights_sitenote_note":"","_monsterinsights_sitenote_category":0,"footnotes":""},"categories":[47],"tags":[],"yoast_head":"<!-- This site is optimized with the Yoast SEO plugin v22.9 - https:\/\/yoast.com\/wordpress\/plugins\/seo\/ -->\n<title>L\u00e9o Santana e Pedro Sampaio lan\u00e7am o feat do ano - Portal MF<\/title>\n<meta name=\"robots\" content=\"index, follow, max-snippet:-1, max-image-preview:large, max-video-preview:-1\" \/>\n<link rel=\"canonical\" href=\"https:\/\/portalmf.com.br\/index.php\/2022\/12\/16\/leo-santana-e-pedro-sampaio-lancam-o-feat-do-ano-nao-se-va\/\" \/>\n<meta property=\"og:locale\" content=\"pt_BR\" \/>\n<meta property=\"og:type\" content=\"article\" \/>\n<meta property=\"og:title\" content=\"L\u00e9o Santana e Pedro Sampaio lan\u00e7am o feat do ano - Portal MF\" \/>\n<meta property=\"og:description\" content=\"Uma parceria in\u00e9dita e mais do que esperada e desejada pelos f\u00e3s e admiradores de dois dos maiores artistas do pa\u00eds na atualidade e por todos aqueles que curtem m\u00fasica de qualidade; L\u00e9o Santana e Pedro Sampaio se juntam em um feat especial que vai parar a internet e sacudir as festas e eventos por [&hellip;]\" \/>\n<meta property=\"og:url\" content=\"https:\/\/portalmf.com.br\/index.php\/2022\/12\/16\/leo-santana-e-pedro-sampaio-lancam-o-feat-do-ano-nao-se-va\/\" \/>\n<meta property=\"og:site_name\" content=\"Portal MF\" \/>\n<meta property=\"article:author\" content=\"https:\/\/www.facebook.com\/portalmfoficial\" \/>\n<meta property=\"article:published_time\" content=\"2022-12-16T20:17:08+00:00\" \/>\n<meta property=\"article:modified_time\" content=\"2022-12-16T20:19:45+00:00\" \/>\n<meta property=\"og:image\" content=\"https:\/\/portalmf.com.br\/wp-content\/uploads\/2022\/12\/Leo-Santana-e-Pedro-Sampaio.jpg\" \/>\n\t<meta property=\"og:image:width\" content=\"900\" \/>\n\t<meta property=\"og:image:height\" content=\"463\" \/>\n\t<meta property=\"og:image:type\" content=\"image\/jpeg\" \/>\n<meta name=\"author\" content=\"Reda\u00e7\u00e3o Portal MF\" \/>\n<meta name=\"twitter:card\" content=\"summary_large_image\" \/>\n<meta name=\"twitter:creator\" content=\"@https:\/\/x.com\/portalmfoficial\" \/>\n<meta name=\"twitter:label1\" content=\"Escrito por\" \/>\n\t<meta name=\"twitter:data1\" content=\"Reda\u00e7\u00e3o Portal MF\" \/>\n\t<meta name=\"twitter:label2\" content=\"Est. tempo de leitura\" \/>\n\t<meta name=\"twitter:data2\" content=\"3 minutos\" \/>\n<script type=\"application\/ld+json\" class=\"yoast-schema-graph\">{\"@context\":\"https:\/\/schema.org\",\"@graph\":[{\"@type\":\"WebPage\",\"@id\":\"https:\/\/portalmf.com.br\/index.php\/2022\/12\/16\/leo-santana-e-pedro-sampaio-lancam-o-feat-do-ano-nao-se-va\/\",\"url\":\"https:\/\/portalmf.com.br\/index.php\/2022\/12\/16\/leo-santana-e-pedro-sampaio-lancam-o-feat-do-ano-nao-se-va\/\",\"name\":\"L\u00e9o Santana e Pedro Sampaio lan\u00e7am o feat do ano - Portal MF\",\"isPartOf\":{\"@id\":\"https:\/\/portalmf.com.br\/#website\"},\"primaryImageOfPage\":{\"@id\":\"https:\/\/portalmf.com.br\/index.php\/2022\/12\/16\/leo-santana-e-pedro-sampaio-lancam-o-feat-do-ano-nao-se-va\/#primaryimage\"},\"image\":{\"@id\":\"https:\/\/portalmf.com.br\/index.php\/2022\/12\/16\/leo-santana-e-pedro-sampaio-lancam-o-feat-do-ano-nao-se-va\/#primaryimage\"},\"thumbnailUrl\":\"https:\/\/portalmf.com.br\/wp-content\/uploads\/2022\/12\/Leo-Santana-e-Pedro-Sampaio.jpg\",\"datePublished\":\"2022-12-16T20:17:08+00:00\",\"dateModified\":\"2022-12-16T20:19:45+00:00\",\"author\":{\"@id\":\"https:\/\/portalmf.com.br\/#\/schema\/person\/9ec101baf56233e53520c26de5d6f6f0\"},\"breadcrumb\":{\"@id\":\"https:\/\/portalmf.com.br\/index.php\/2022\/12\/16\/leo-santana-e-pedro-sampaio-lancam-o-feat-do-ano-nao-se-va\/#breadcrumb\"},\"inLanguage\":\"pt-BR\",\"potentialAction\":[{\"@type\":\"ReadAction\",\"target\":[\"https:\/\/portalmf.com.br\/index.php\/2022\/12\/16\/leo-santana-e-pedro-sampaio-lancam-o-feat-do-ano-nao-se-va\/\"]}]},{\"@type\":\"ImageObject\",\"inLanguage\":\"pt-BR\",\"@id\":\"https:\/\/portalmf.com.br\/index.php\/2022\/12\/16\/leo-santana-e-pedro-sampaio-lancam-o-feat-do-ano-nao-se-va\/#primaryimage\",\"url\":\"https:\/\/portalmf.com.br\/wp-content\/uploads\/2022\/12\/Leo-Santana-e-Pedro-Sampaio.jpg\",\"contentUrl\":\"https:\/\/portalmf.com.br\/wp-content\/uploads\/2022\/12\/Leo-Santana-e-Pedro-Sampaio.jpg\",\"width\":900,\"height\":463},{\"@type\":\"BreadcrumbList\",\"@id\":\"https:\/\/portalmf.com.br\/index.php\/2022\/12\/16\/leo-santana-e-pedro-sampaio-lancam-o-feat-do-ano-nao-se-va\/#breadcrumb\",\"itemListElement\":[{\"@type\":\"ListItem\",\"position\":1,\"name\":\"In\u00edcio\",\"item\":\"https:\/\/portalmf.com.br\/\"},{\"@type\":\"ListItem\",\"position\":2,\"name\":\"L\u00e9o Santana e Pedro Sampaio lan\u00e7am o feat do ano\"}]},{\"@type\":\"WebSite\",\"@id\":\"https:\/\/portalmf.com.br\/#website\",\"url\":\"https:\/\/portalmf.com.br\/\",\"name\":\"Portal MF\",\"description\":\"Voc\u00ea conectado com a informa\u00e7\u00e3o\",\"potentialAction\":[{\"@type\":\"SearchAction\",\"target\":{\"@type\":\"EntryPoint\",\"urlTemplate\":\"https:\/\/portalmf.com.br\/?s={search_term_string}\"},\"query-input\":\"required name=search_term_string\"}],\"inLanguage\":\"pt-BR\"},{\"@type\":\"Person\",\"@id\":\"https:\/\/portalmf.com.br\/#\/schema\/person\/9ec101baf56233e53520c26de5d6f6f0\",\"name\":\"Reda\u00e7\u00e3o Portal MF\",\"image\":{\"@type\":\"ImageObject\",\"inLanguage\":\"pt-BR\",\"@id\":\"https:\/\/portalmf.com.br\/#\/schema\/person\/image\/\",\"url\":\"https:\/\/secure.gravatar.com\/avatar\/41b9aaeb2100835f7c64362330f74c7f?s=96&d=mm&r=g\",\"contentUrl\":\"https:\/\/secure.gravatar.com\/avatar\/41b9aaeb2100835f7c64362330f74c7f?s=96&d=mm&r=g\",\"caption\":\"Reda\u00e7\u00e3o Portal MF\"},\"description\":\"Sejam bem-vindos o portal de informa\u00e7\u00f5es de entretenimento de Feira de Santana, desde 2006 realiza coberturas dos principais eventos com entrevistas exclusivas com as principais personalidades mundiais. Fique conectado tamb\u00e9m nas redes sociais.\",\"sameAs\":[\"http:\/\/www.portalmf.com.br\/\",\"https:\/\/www.facebook.com\/portalmfoficial\",\"https:\/\/www.instagram.com\/portalmf\/\",\"https:\/\/x.com\/https:\/\/x.com\/portalmfoficial\",\"https:\/\/www.youtube.com\/@portalmfoficial\"],\"url\":\"https:\/\/portalmf.com.br\/index.php\/author\/junior\/\"}]}<\/script>\n<!-- \/ Yoast SEO plugin. -->","yoast_head_json":{"title":"L\u00e9o Santana e Pedro Sampaio lan\u00e7am o feat do ano - Portal MF","robots":{"index":"index","follow":"follow","max-snippet":"max-snippet:-1","max-image-preview":"max-image-preview:large","max-video-preview":"max-video-preview:-1"},"canonical":"https:\/\/portalmf.com.br\/index.php\/2022\/12\/16\/leo-santana-e-pedro-sampaio-lancam-o-feat-do-ano-nao-se-va\/","og_locale":"pt_BR","og_type":"article","og_title":"L\u00e9o Santana e Pedro Sampaio lan\u00e7am o feat do ano - Portal MF","og_description":"Uma parceria in\u00e9dita e mais do que esperada e desejada pelos f\u00e3s e admiradores de dois dos maiores artistas do pa\u00eds na atualidade e por todos aqueles que curtem m\u00fasica de qualidade; L\u00e9o Santana e Pedro Sampaio se juntam em um feat especial que vai parar a internet e sacudir as festas e eventos por [&hellip;]","og_url":"https:\/\/portalmf.com.br\/index.php\/2022\/12\/16\/leo-santana-e-pedro-sampaio-lancam-o-feat-do-ano-nao-se-va\/","og_site_name":"Portal MF","article_author":"https:\/\/www.facebook.com\/portalmfoficial","article_published_time":"2022-12-16T20:17:08+00:00","article_modified_time":"2022-12-16T20:19:45+00:00","og_image":[{"width":900,"height":463,"url":"https:\/\/portalmf.com.br\/wp-content\/uploads\/2022\/12\/Leo-Santana-e-Pedro-Sampaio.jpg","type":"image\/jpeg"}],"author":"Reda\u00e7\u00e3o Portal MF","twitter_card":"summary_large_image","twitter_creator":"@https:\/\/x.com\/portalmfoficial","twitter_misc":{"Escrito por":"Reda\u00e7\u00e3o Portal MF","Est. tempo de leitura":"3 minutos"},"schema":{"@context":"https:\/\/schema.org","@graph":[{"@type":"WebPage","@id":"https:\/\/portalmf.com.br\/index.php\/2022\/12\/16\/leo-santana-e-pedro-sampaio-lancam-o-feat-do-ano-nao-se-va\/","url":"https:\/\/portalmf.com.br\/index.php\/2022\/12\/16\/leo-santana-e-pedro-sampaio-lancam-o-feat-do-ano-nao-se-va\/","name":"L\u00e9o Santana e Pedro Sampaio lan\u00e7am o feat do ano - Portal MF","isPartOf":{"@id":"https:\/\/portalmf.com.br\/#website"},"primaryImageOfPage":{"@id":"https:\/\/portalmf.com.br\/index.php\/2022\/12\/16\/leo-santana-e-pedro-sampaio-lancam-o-feat-do-ano-nao-se-va\/#primaryimage"},"image":{"@id":"https:\/\/portalmf.com.br\/index.php\/2022\/12\/16\/leo-santana-e-pedro-sampaio-lancam-o-feat-do-ano-nao-se-va\/#primaryimage"},"thumbnailUrl":"https:\/\/portalmf.com.br\/wp-content\/uploads\/2022\/12\/Leo-Santana-e-Pedro-Sampaio.jpg","datePublished":"2022-12-16T20:17:08+00:00","dateModified":"2022-12-16T20:19:45+00:00","author":{"@id":"https:\/\/portalmf.com.br\/#\/schema\/person\/9ec101baf56233e53520c26de5d6f6f0"},"breadcrumb":{"@id":"https:\/\/portalmf.com.br\/index.php\/2022\/12\/16\/leo-santana-e-pedro-sampaio-lancam-o-feat-do-ano-nao-se-va\/#breadcrumb"},"inLanguage":"pt-BR","potentialAction":[{"@type":"ReadAction","target":["https:\/\/portalmf.com.br\/index.php\/2022\/12\/16\/leo-santana-e-pedro-sampaio-lancam-o-feat-do-ano-nao-se-va\/"]}]},{"@type":"ImageObject","inLanguage":"pt-BR","@id":"https:\/\/portalmf.com.br\/index.php\/2022\/12\/16\/leo-santana-e-pedro-sampaio-lancam-o-feat-do-ano-nao-se-va\/#primaryimage","url":"https:\/\/portalmf.com.br\/wp-content\/uploads\/2022\/12\/Leo-Santana-e-Pedro-Sampaio.jpg","contentUrl":"https:\/\/portalmf.com.br\/wp-content\/uploads\/2022\/12\/Leo-Santana-e-Pedro-Sampaio.jpg","width":900,"height":463},{"@type":"BreadcrumbList","@id":"https:\/\/portalmf.com.br\/index.php\/2022\/12\/16\/leo-santana-e-pedro-sampaio-lancam-o-feat-do-ano-nao-se-va\/#breadcrumb","itemListElement":[{"@type":"ListItem","position":1,"name":"In\u00edcio","item":"https:\/\/portalmf.com.br\/"},{"@type":"ListItem","position":2,"name":"L\u00e9o Santana e Pedro Sampaio lan\u00e7am o feat do ano"}]},{"@type":"WebSite","@id":"https:\/\/portalmf.com.br\/#website","url":"https:\/\/portalmf.com.br\/","name":"Portal MF","description":"Voc\u00ea conectado com a informa\u00e7\u00e3o","potentialAction":[{"@type":"SearchAction","target":{"@type":"EntryPoint","urlTemplate":"https:\/\/portalmf.com.br\/?s={search_term_string}"},"query-input":"required name=search_term_string"}],"inLanguage":"pt-BR"},{"@type":"Person","@id":"https:\/\/portalmf.com.br\/#\/schema\/person\/9ec101baf56233e53520c26de5d6f6f0","name":"Reda\u00e7\u00e3o Portal MF","image":{"@type":"ImageObject","inLanguage":"pt-BR","@id":"https:\/\/portalmf.com.br\/#\/schema\/person\/image\/","url":"https:\/\/secure.gravatar.com\/avatar\/41b9aaeb2100835f7c64362330f74c7f?s=96&d=mm&r=g","contentUrl":"https:\/\/secure.gravatar.com\/avatar\/41b9aaeb2100835f7c64362330f74c7f?s=96&d=mm&r=g","caption":"Reda\u00e7\u00e3o Portal MF"},"description":"Sejam bem-vindos o portal de informa\u00e7\u00f5es de entretenimento de Feira de Santana, desde 2006 realiza coberturas dos principais eventos com entrevistas exclusivas com as principais personalidades mundiais. Fique conectado tamb\u00e9m nas redes sociais.","sameAs":["http:\/\/www.portalmf.com.br\/","https:\/\/www.facebook.com\/portalmfoficial","https:\/\/www.instagram.com\/portalmf\/","https:\/\/x.com\/https:\/\/x.com\/portalmfoficial","https:\/\/www.youtube.com\/@portalmfoficial"],"url":"https:\/\/portalmf.com.br\/index.php\/author\/junior\/"}]}},"_links":{"self":[{"href":"https:\/\/portalmf.com.br\/index.php\/wp-json\/wp\/v2\/posts\/6849"}],"collection":[{"href":"https:\/\/portalmf.com.br\/index.php\/wp-json\/wp\/v2\/posts"}],"about":[{"href":"https:\/\/portalmf.com.br\/index.php\/wp-json\/wp\/v2\/types\/post"}],"author":[{"embeddable":true,"href":"https:\/\/portalmf.com.br\/index.php\/wp-json\/wp\/v2\/users\/3"}],"replies":[{"embeddable":true,"href":"https:\/\/portalmf.com.br\/index.php\/wp-json\/wp\/v2\/comments?post=6849"}],"version-history":[{"count":2,"href":"https:\/\/portalmf.com.br\/index.php\/wp-json\/wp\/v2\/posts\/6849\/revisions"}],"predecessor-version":[{"id":6852,"href":"https:\/\/portalmf.com.br\/index.php\/wp-json\/wp\/v2\/posts\/6849\/revisions\/6852"}],"wp:featuredmedia":[{"embeddable":true,"href":"https:\/\/portalmf.com.br\/index.php\/wp-json\/wp\/v2\/media\/6850"}],"wp:attachment":[{"href":"https:\/\/portalmf.com.br\/index.php\/wp-json\/wp\/v2\/media?parent=6849"}],"wp:term":[{"taxonomy":"category","embeddable":true,"href":"https:\/\/portalmf.com.br\/index.php\/wp-json\/wp\/v2\/categories?post=6849"},{"taxonomy":"post_tag","embeddable":true,"href":"https:\/\/portalmf.com.br\/index.php\/wp-json\/wp\/v2\/tags?post=6849"}],"curies":[{"name":"wp","href":"https:\/\/api.w.org\/{rel}","templated":true}]}}