{"id":6846,"date":"2022-12-16T17:11:59","date_gmt":"2022-12-16T20:11:59","guid":{"rendered":"https:\/\/portalmf.com.br\/?p=6846"},"modified":"2022-12-16T17:12:35","modified_gmt":"2022-12-16T20:12:35","slug":"pokemon-encerra-historia-de-ash-e-introduz-novos-protagonistas-veja-teaser","status":"publish","type":"post","link":"https:\/\/portalmf.com.br\/index.php\/2022\/12\/16\/pokemon-encerra-historia-de-ash-e-introduz-novos-protagonistas-veja-teaser\/","title":{"rendered":"\u2018Pok\u00e9mon\u2019 encerra hist\u00f3ria de Ash e introduz novos protagonistas; veja teaser"},"content":{"rendered":"\n<p>\u00c9 o fim de uma era para os f\u00e3s de&nbsp;<em>Pok\u00e9mon<\/em>. O perfil oficial do anime no Twitter anunciou, nesta sexta-feira, 16, queAsh Ketchum&nbsp;e&nbsp;Pikachu&nbsp;n\u00e3o ser\u00e3o mais os protagonistas da anima\u00e7\u00e3o.<\/p>\n\n\n\n<p>Atrav\u00e9s de um teaser que destaca as aventuras da dupla, a s\u00e9rie divulgou que ser\u00e3o exibidos 11 epis\u00f3dios especiais que v\u00e3o encerrar a trajet\u00f3ria dos personagens.<\/p>\n\n\n\n<p>A nova temporada come\u00e7ar\u00e1 a ser exibida no dia&nbsp;13 de janeiro de 2023, no Jap\u00e3o, e depois disso, um novo seriado de&nbsp;<em>Pok\u00e9mon<\/em>, com novos protagonistas, ser\u00e1 iniciado.<\/p>\n\n\n\n<p><em>\u201cJunte-se a 2 novos personagens e 3 Pok\u00e9mon iniciais de Paldea enquanto eles se aventuram pelo mundo Pok\u00e9mon! Al\u00e9m disso, comemore a jornada de Ash com epis\u00f3dios especiais concluindo\u00a0Pok\u00e9mon Ultimate Journeys: The Series. Em breve em 2023 e al\u00e9m\u201d,<\/em> diz o an\u00fancio do anime.<\/p>\n\n\n\n<figure class=\"wp-block-embed is-type-rich is-provider-twitter wp-block-embed-twitter\"><div class=\"wp-block-embed__wrapper\">\n<blockquote class=\"twitter-tweet\" data-width=\"550\" data-dnt=\"true\"><p lang=\"en\" dir=\"ltr\">An all-new Pok\u00e9mon series has been announced!<br><br>Join 2 new characters and 3 Paldea starter Pok\u00e9mon as they adventure through the Pok\u00e9mon world! Plus, commemorate Ash\u2019s journey with special episodes concluding Pok\u00e9mon Ultimate Journeys: The Series.<br><br>Coming soon in 2023 and beyond! <a href=\"https:\/\/t.co\/2lrM6W1dgW\">pic.twitter.com\/2lrM6W1dgW<\/a><\/p>&mdash; Pok\u00e9mon (@Pokemon) <a href=\"https:\/\/twitter.com\/Pokemon\/status\/1603699094689652736?ref_src=twsrc%5Etfw\">December 16, 2022<\/a><\/blockquote><script async src=\"https:\/\/platform.twitter.com\/widgets.js\" charset=\"utf-8\"><\/script>\n<\/div><\/figure>\n\n\n\n<p>Ash tem sido o protagonista de&nbsp;<em>Pok\u00e9mon&nbsp;<\/em>desde a estreia do anime em 1997. Ind\u00edcios de que a jornada dele seria conclu\u00edda j\u00e1 come\u00e7aram em novembro, quando um epis\u00f3dio mostrou o personagem finalmente vencendo o torneio mundial e se tornando um mestre Pok\u00e9mon.<\/p>\n\n\n\n<p>Com o encerramento da hist\u00f3ria dele, uma nova s\u00e9rie come\u00e7ar\u00e1 a ser exibida. Poucos detalhes foram revelados at\u00e9 o momento, mas ela ser\u00e1 protagonizada por uma menina e por um menino e destacar\u00e1 Pok\u00e9mons como Sprigatito, Fuecoco e Quaxly.<\/p>\n\n\n\n<p>\u201cOs f\u00e3s podem esperar por incr\u00edveis jornadas desses personagens enquanto eles desvendam os mist\u00e9rios do mundo Pok\u00e9mon, experimentando tudo, desde emocionantes batalhas de Treinador at\u00e9 divertidos encontros Pok\u00e9mon\u201d, diz an\u00fancio da Pok\u00e9mon Company.<\/p>\n\n\n\n<p>Com informa\u00e7\u00f5es do Estad\u00e3o<\/p>\n","protected":false},"excerpt":{"rendered":"<p>\u00c9 o fim de uma era para os f\u00e3s de&nbsp;Pok\u00e9mon. O perfil oficial do anime no Twitter anunciou, nesta sexta-feira, 16, queAsh Ketchum&nbsp;e&nbsp;Pikachu&nbsp;n\u00e3o ser\u00e3o mais os protagonistas da anima\u00e7\u00e3o. Atrav\u00e9s de um teaser que destaca as aventuras da dupla, a s\u00e9rie divulgou que ser\u00e3o exibidos 11 epis\u00f3dios especiais que v\u00e3o encerrar a trajet\u00f3ria dos personagens. [&hellip;]<\/p>\n","protected":false},"author":3,"featured_media":6847,"comment_status":"open","ping_status":"open","sticky":false,"template":"","format":"standard","meta":{"_monsterinsights_skip_tracking":false,"_monsterinsights_sitenote_active":false,"_monsterinsights_sitenote_note":"","_monsterinsights_sitenote_category":0,"footnotes":""},"categories":[47,37,43],"tags":[],"yoast_head":"<!-- This site is optimized with the Yoast SEO plugin v22.9 - https:\/\/yoast.com\/wordpress\/plugins\/seo\/ -->\n<title>\u2018Pok\u00e9mon\u2019 encerra hist\u00f3ria de Ash e introduz novos protagonistas; veja teaser - Portal MF<\/title>\n<meta name=\"robots\" content=\"index, follow, max-snippet:-1, max-image-preview:large, max-video-preview:-1\" \/>\n<link rel=\"canonical\" href=\"https:\/\/portalmf.com.br\/index.php\/2022\/12\/16\/pokemon-encerra-historia-de-ash-e-introduz-novos-protagonistas-veja-teaser\/\" \/>\n<meta property=\"og:locale\" content=\"pt_BR\" \/>\n<meta property=\"og:type\" content=\"article\" \/>\n<meta property=\"og:title\" content=\"\u2018Pok\u00e9mon\u2019 encerra hist\u00f3ria de Ash e introduz novos protagonistas; veja teaser - Portal MF\" \/>\n<meta property=\"og:description\" content=\"\u00c9 o fim de uma era para os f\u00e3s de&nbsp;Pok\u00e9mon. O perfil oficial do anime no Twitter anunciou, nesta sexta-feira, 16, queAsh Ketchum&nbsp;e&nbsp;Pikachu&nbsp;n\u00e3o ser\u00e3o mais os protagonistas da anima\u00e7\u00e3o. Atrav\u00e9s de um teaser que destaca as aventuras da dupla, a s\u00e9rie divulgou que ser\u00e3o exibidos 11 epis\u00f3dios especiais que v\u00e3o encerrar a trajet\u00f3ria dos personagens. [&hellip;]\" \/>\n<meta property=\"og:url\" content=\"https:\/\/portalmf.com.br\/index.php\/2022\/12\/16\/pokemon-encerra-historia-de-ash-e-introduz-novos-protagonistas-veja-teaser\/\" \/>\n<meta property=\"og:site_name\" content=\"Portal MF\" \/>\n<meta property=\"article:author\" content=\"https:\/\/www.facebook.com\/portalmfoficial\" \/>\n<meta property=\"article:published_time\" content=\"2022-12-16T20:11:59+00:00\" \/>\n<meta property=\"article:modified_time\" content=\"2022-12-16T20:12:35+00:00\" \/>\n<meta property=\"og:image\" content=\"https:\/\/portalmf.com.br\/wp-content\/uploads\/2022\/12\/pokemon.jpg\" \/>\n\t<meta property=\"og:image:width\" content=\"1280\" \/>\n\t<meta property=\"og:image:height\" content=\"720\" \/>\n\t<meta property=\"og:image:type\" content=\"image\/jpeg\" \/>\n<meta name=\"author\" content=\"Reda\u00e7\u00e3o Portal MF\" \/>\n<meta name=\"twitter:card\" content=\"summary_large_image\" \/>\n<meta name=\"twitter:creator\" content=\"@https:\/\/x.com\/portalmfoficial\" \/>\n<meta name=\"twitter:label1\" content=\"Escrito por\" \/>\n\t<meta name=\"twitter:data1\" content=\"Reda\u00e7\u00e3o Portal MF\" \/>\n\t<meta name=\"twitter:label2\" content=\"Est. tempo de leitura\" \/>\n\t<meta name=\"twitter:data2\" content=\"2 minutos\" \/>\n<script type=\"application\/ld+json\" class=\"yoast-schema-graph\">{\"@context\":\"https:\/\/schema.org\",\"@graph\":[{\"@type\":\"WebPage\",\"@id\":\"https:\/\/portalmf.com.br\/index.php\/2022\/12\/16\/pokemon-encerra-historia-de-ash-e-introduz-novos-protagonistas-veja-teaser\/\",\"url\":\"https:\/\/portalmf.com.br\/index.php\/2022\/12\/16\/pokemon-encerra-historia-de-ash-e-introduz-novos-protagonistas-veja-teaser\/\",\"name\":\"\u2018Pok\u00e9mon\u2019 encerra hist\u00f3ria de Ash e introduz novos protagonistas; veja teaser - Portal MF\",\"isPartOf\":{\"@id\":\"https:\/\/portalmf.com.br\/#website\"},\"primaryImageOfPage\":{\"@id\":\"https:\/\/portalmf.com.br\/index.php\/2022\/12\/16\/pokemon-encerra-historia-de-ash-e-introduz-novos-protagonistas-veja-teaser\/#primaryimage\"},\"image\":{\"@id\":\"https:\/\/portalmf.com.br\/index.php\/2022\/12\/16\/pokemon-encerra-historia-de-ash-e-introduz-novos-protagonistas-veja-teaser\/#primaryimage\"},\"thumbnailUrl\":\"https:\/\/portalmf.com.br\/wp-content\/uploads\/2022\/12\/pokemon.jpg\",\"datePublished\":\"2022-12-16T20:11:59+00:00\",\"dateModified\":\"2022-12-16T20:12:35+00:00\",\"author\":{\"@id\":\"https:\/\/portalmf.com.br\/#\/schema\/person\/9ec101baf56233e53520c26de5d6f6f0\"},\"breadcrumb\":{\"@id\":\"https:\/\/portalmf.com.br\/index.php\/2022\/12\/16\/pokemon-encerra-historia-de-ash-e-introduz-novos-protagonistas-veja-teaser\/#breadcrumb\"},\"inLanguage\":\"pt-BR\",\"potentialAction\":[{\"@type\":\"ReadAction\",\"target\":[\"https:\/\/portalmf.com.br\/index.php\/2022\/12\/16\/pokemon-encerra-historia-de-ash-e-introduz-novos-protagonistas-veja-teaser\/\"]}]},{\"@type\":\"ImageObject\",\"inLanguage\":\"pt-BR\",\"@id\":\"https:\/\/portalmf.com.br\/index.php\/2022\/12\/16\/pokemon-encerra-historia-de-ash-e-introduz-novos-protagonistas-veja-teaser\/#primaryimage\",\"url\":\"https:\/\/portalmf.com.br\/wp-content\/uploads\/2022\/12\/pokemon.jpg\",\"contentUrl\":\"https:\/\/portalmf.com.br\/wp-content\/uploads\/2022\/12\/pokemon.jpg\",\"width\":1280,\"height\":720},{\"@type\":\"BreadcrumbList\",\"@id\":\"https:\/\/portalmf.com.br\/index.php\/2022\/12\/16\/pokemon-encerra-historia-de-ash-e-introduz-novos-protagonistas-veja-teaser\/#breadcrumb\",\"itemListElement\":[{\"@type\":\"ListItem\",\"position\":1,\"name\":\"In\u00edcio\",\"item\":\"https:\/\/portalmf.com.br\/\"},{\"@type\":\"ListItem\",\"position\":2,\"name\":\"\u2018Pok\u00e9mon\u2019 encerra hist\u00f3ria de Ash e introduz novos protagonistas; veja teaser\"}]},{\"@type\":\"WebSite\",\"@id\":\"https:\/\/portalmf.com.br\/#website\",\"url\":\"https:\/\/portalmf.com.br\/\",\"name\":\"Portal MF\",\"description\":\"Voc\u00ea conectado com a informa\u00e7\u00e3o\",\"potentialAction\":[{\"@type\":\"SearchAction\",\"target\":{\"@type\":\"EntryPoint\",\"urlTemplate\":\"https:\/\/portalmf.com.br\/?s={search_term_string}\"},\"query-input\":\"required name=search_term_string\"}],\"inLanguage\":\"pt-BR\"},{\"@type\":\"Person\",\"@id\":\"https:\/\/portalmf.com.br\/#\/schema\/person\/9ec101baf56233e53520c26de5d6f6f0\",\"name\":\"Reda\u00e7\u00e3o Portal MF\",\"image\":{\"@type\":\"ImageObject\",\"inLanguage\":\"pt-BR\",\"@id\":\"https:\/\/portalmf.com.br\/#\/schema\/person\/image\/\",\"url\":\"https:\/\/secure.gravatar.com\/avatar\/41b9aaeb2100835f7c64362330f74c7f?s=96&d=mm&r=g\",\"contentUrl\":\"https:\/\/secure.gravatar.com\/avatar\/41b9aaeb2100835f7c64362330f74c7f?s=96&d=mm&r=g\",\"caption\":\"Reda\u00e7\u00e3o Portal MF\"},\"description\":\"Sejam bem-vindos o portal de informa\u00e7\u00f5es de entretenimento de Feira de Santana, desde 2006 realiza coberturas dos principais eventos com entrevistas exclusivas com as principais personalidades mundiais. Fique conectado tamb\u00e9m nas redes sociais.\",\"sameAs\":[\"http:\/\/www.portalmf.com.br\/\",\"https:\/\/www.facebook.com\/portalmfoficial\",\"https:\/\/www.instagram.com\/portalmf\/\",\"https:\/\/x.com\/https:\/\/x.com\/portalmfoficial\",\"https:\/\/www.youtube.com\/@portalmfoficial\"],\"url\":\"https:\/\/portalmf.com.br\/index.php\/author\/junior\/\"}]}<\/script>\n<!-- \/ Yoast SEO plugin. -->","yoast_head_json":{"title":"\u2018Pok\u00e9mon\u2019 encerra hist\u00f3ria de Ash e introduz novos protagonistas; veja teaser - Portal MF","robots":{"index":"index","follow":"follow","max-snippet":"max-snippet:-1","max-image-preview":"max-image-preview:large","max-video-preview":"max-video-preview:-1"},"canonical":"https:\/\/portalmf.com.br\/index.php\/2022\/12\/16\/pokemon-encerra-historia-de-ash-e-introduz-novos-protagonistas-veja-teaser\/","og_locale":"pt_BR","og_type":"article","og_title":"\u2018Pok\u00e9mon\u2019 encerra hist\u00f3ria de Ash e introduz novos protagonistas; veja teaser - Portal MF","og_description":"\u00c9 o fim de uma era para os f\u00e3s de&nbsp;Pok\u00e9mon. O perfil oficial do anime no Twitter anunciou, nesta sexta-feira, 16, queAsh Ketchum&nbsp;e&nbsp;Pikachu&nbsp;n\u00e3o ser\u00e3o mais os protagonistas da anima\u00e7\u00e3o. Atrav\u00e9s de um teaser que destaca as aventuras da dupla, a s\u00e9rie divulgou que ser\u00e3o exibidos 11 epis\u00f3dios especiais que v\u00e3o encerrar a trajet\u00f3ria dos personagens. [&hellip;]","og_url":"https:\/\/portalmf.com.br\/index.php\/2022\/12\/16\/pokemon-encerra-historia-de-ash-e-introduz-novos-protagonistas-veja-teaser\/","og_site_name":"Portal MF","article_author":"https:\/\/www.facebook.com\/portalmfoficial","article_published_time":"2022-12-16T20:11:59+00:00","article_modified_time":"2022-12-16T20:12:35+00:00","og_image":[{"width":1280,"height":720,"url":"https:\/\/portalmf.com.br\/wp-content\/uploads\/2022\/12\/pokemon.jpg","type":"image\/jpeg"}],"author":"Reda\u00e7\u00e3o Portal MF","twitter_card":"summary_large_image","twitter_creator":"@https:\/\/x.com\/portalmfoficial","twitter_misc":{"Escrito por":"Reda\u00e7\u00e3o Portal MF","Est. tempo de leitura":"2 minutos"},"schema":{"@context":"https:\/\/schema.org","@graph":[{"@type":"WebPage","@id":"https:\/\/portalmf.com.br\/index.php\/2022\/12\/16\/pokemon-encerra-historia-de-ash-e-introduz-novos-protagonistas-veja-teaser\/","url":"https:\/\/portalmf.com.br\/index.php\/2022\/12\/16\/pokemon-encerra-historia-de-ash-e-introduz-novos-protagonistas-veja-teaser\/","name":"\u2018Pok\u00e9mon\u2019 encerra hist\u00f3ria de Ash e introduz novos protagonistas; veja teaser - Portal MF","isPartOf":{"@id":"https:\/\/portalmf.com.br\/#website"},"primaryImageOfPage":{"@id":"https:\/\/portalmf.com.br\/index.php\/2022\/12\/16\/pokemon-encerra-historia-de-ash-e-introduz-novos-protagonistas-veja-teaser\/#primaryimage"},"image":{"@id":"https:\/\/portalmf.com.br\/index.php\/2022\/12\/16\/pokemon-encerra-historia-de-ash-e-introduz-novos-protagonistas-veja-teaser\/#primaryimage"},"thumbnailUrl":"https:\/\/portalmf.com.br\/wp-content\/uploads\/2022\/12\/pokemon.jpg","datePublished":"2022-12-16T20:11:59+00:00","dateModified":"2022-12-16T20:12:35+00:00","author":{"@id":"https:\/\/portalmf.com.br\/#\/schema\/person\/9ec101baf56233e53520c26de5d6f6f0"},"breadcrumb":{"@id":"https:\/\/portalmf.com.br\/index.php\/2022\/12\/16\/pokemon-encerra-historia-de-ash-e-introduz-novos-protagonistas-veja-teaser\/#breadcrumb"},"inLanguage":"pt-BR","potentialAction":[{"@type":"ReadAction","target":["https:\/\/portalmf.com.br\/index.php\/2022\/12\/16\/pokemon-encerra-historia-de-ash-e-introduz-novos-protagonistas-veja-teaser\/"]}]},{"@type":"ImageObject","inLanguage":"pt-BR","@id":"https:\/\/portalmf.com.br\/index.php\/2022\/12\/16\/pokemon-encerra-historia-de-ash-e-introduz-novos-protagonistas-veja-teaser\/#primaryimage","url":"https:\/\/portalmf.com.br\/wp-content\/uploads\/2022\/12\/pokemon.jpg","contentUrl":"https:\/\/portalmf.com.br\/wp-content\/uploads\/2022\/12\/pokemon.jpg","width":1280,"height":720},{"@type":"BreadcrumbList","@id":"https:\/\/portalmf.com.br\/index.php\/2022\/12\/16\/pokemon-encerra-historia-de-ash-e-introduz-novos-protagonistas-veja-teaser\/#breadcrumb","itemListElement":[{"@type":"ListItem","position":1,"name":"In\u00edcio","item":"https:\/\/portalmf.com.br\/"},{"@type":"ListItem","position":2,"name":"\u2018Pok\u00e9mon\u2019 encerra hist\u00f3ria de Ash e introduz novos protagonistas; veja teaser"}]},{"@type":"WebSite","@id":"https:\/\/portalmf.com.br\/#website","url":"https:\/\/portalmf.com.br\/","name":"Portal MF","description":"Voc\u00ea conectado com a informa\u00e7\u00e3o","potentialAction":[{"@type":"SearchAction","target":{"@type":"EntryPoint","urlTemplate":"https:\/\/portalmf.com.br\/?s={search_term_string}"},"query-input":"required name=search_term_string"}],"inLanguage":"pt-BR"},{"@type":"Person","@id":"https:\/\/portalmf.com.br\/#\/schema\/person\/9ec101baf56233e53520c26de5d6f6f0","name":"Reda\u00e7\u00e3o Portal MF","image":{"@type":"ImageObject","inLanguage":"pt-BR","@id":"https:\/\/portalmf.com.br\/#\/schema\/person\/image\/","url":"https:\/\/secure.gravatar.com\/avatar\/41b9aaeb2100835f7c64362330f74c7f?s=96&d=mm&r=g","contentUrl":"https:\/\/secure.gravatar.com\/avatar\/41b9aaeb2100835f7c64362330f74c7f?s=96&d=mm&r=g","caption":"Reda\u00e7\u00e3o Portal MF"},"description":"Sejam bem-vindos o portal de informa\u00e7\u00f5es de entretenimento de Feira de Santana, desde 2006 realiza coberturas dos principais eventos com entrevistas exclusivas com as principais personalidades mundiais. Fique conectado tamb\u00e9m nas redes sociais.","sameAs":["http:\/\/www.portalmf.com.br\/","https:\/\/www.facebook.com\/portalmfoficial","https:\/\/www.instagram.com\/portalmf\/","https:\/\/x.com\/https:\/\/x.com\/portalmfoficial","https:\/\/www.youtube.com\/@portalmfoficial"],"url":"https:\/\/portalmf.com.br\/index.php\/author\/junior\/"}]}},"_links":{"self":[{"href":"https:\/\/portalmf.com.br\/index.php\/wp-json\/wp\/v2\/posts\/6846"}],"collection":[{"href":"https:\/\/portalmf.com.br\/index.php\/wp-json\/wp\/v2\/posts"}],"about":[{"href":"https:\/\/portalmf.com.br\/index.php\/wp-json\/wp\/v2\/types\/post"}],"author":[{"embeddable":true,"href":"https:\/\/portalmf.com.br\/index.php\/wp-json\/wp\/v2\/users\/3"}],"replies":[{"embeddable":true,"href":"https:\/\/portalmf.com.br\/index.php\/wp-json\/wp\/v2\/comments?post=6846"}],"version-history":[{"count":1,"href":"https:\/\/portalmf.com.br\/index.php\/wp-json\/wp\/v2\/posts\/6846\/revisions"}],"predecessor-version":[{"id":6848,"href":"https:\/\/portalmf.com.br\/index.php\/wp-json\/wp\/v2\/posts\/6846\/revisions\/6848"}],"wp:featuredmedia":[{"embeddable":true,"href":"https:\/\/portalmf.com.br\/index.php\/wp-json\/wp\/v2\/media\/6847"}],"wp:attachment":[{"href":"https:\/\/portalmf.com.br\/index.php\/wp-json\/wp\/v2\/media?parent=6846"}],"wp:term":[{"taxonomy":"category","embeddable":true,"href":"https:\/\/portalmf.com.br\/index.php\/wp-json\/wp\/v2\/categories?post=6846"},{"taxonomy":"post_tag","embeddable":true,"href":"https:\/\/portalmf.com.br\/index.php\/wp-json\/wp\/v2\/tags?post=6846"}],"curies":[{"name":"wp","href":"https:\/\/api.w.org\/{rel}","templated":true}]}}