{"id":6837,"date":"2022-12-16T16:58:01","date_gmt":"2022-12-16T19:58:01","guid":{"rendered":"https:\/\/portalmf.com.br\/?p=6837"},"modified":"2022-12-16T16:58:02","modified_gmt":"2022-12-16T19:58:02","slug":"equipes-brasileiras-comecam-a-se-reforcar-para-a-temporada-2023","status":"publish","type":"post","link":"https:\/\/portalmf.com.br\/index.php\/2022\/12\/16\/equipes-brasileiras-comecam-a-se-reforcar-para-a-temporada-2023\/","title":{"rendered":"Equipes brasileiras come\u00e7am a se refor\u00e7ar para a temporada 2023"},"content":{"rendered":"\n<p>Com a proximidade do final da Copa do Catar, as equipes brasileiras come\u00e7am a se movimentar para se refor\u00e7arem para a temporada 2023 do futebol brasileiro. Um exemplo \u00e9 o Corinthians, que anunciou oficialmente nesta quinta-feira (15) o retorno do atacante paraguaio \u00c1ngel Romero.<\/p>\n\n\n\n<figure class=\"wp-block-embed is-type-rich is-provider-twitter wp-block-embed-twitter\"><div class=\"wp-block-embed__wrapper\">\n<blockquote class=\"twitter-tweet\" data-width=\"550\" data-dnt=\"true\"><p lang=\"pt\" dir=\"ltr\">\ud835\udcd1\ud835\udcf2\ud835\udcee\ud835\udcf7\ud835\udcff\ud835\udcee\ud835\udcf7\ud835\udcf2\ud835\udced\ud835\udcf8 \ud835\udced\ud835\udcee \ud835\udcff\ud835\udcfe\ud835\udcee\ud835\udcf5\ud835\udcfd\ud835\udcea \ud83c\uddf5\ud83c\uddfe<br><br>Romero, um dos maiores artilheiros da Neo Qu\u00edmica Arena e que sempre entendeu o que \u00e9 ser Corinthians, est\u00e1 de volta! <a href=\"https:\/\/twitter.com\/hashtag\/VaiCorinthians?src=hash&amp;ref_src=twsrc%5Etfw\">#VaiCorinthians<\/a><a href=\"https:\/\/twitter.com\/hashtag\/BemVindoRomero?src=hash&amp;ref_src=twsrc%5Etfw\">#BemVindoRomero<\/a> <a href=\"https:\/\/t.co\/E2vocVagoG\">pic.twitter.com\/E2vocVagoG<\/a><\/p>&mdash; Corinthians (@Corinthians) <a href=\"https:\/\/twitter.com\/Corinthians\/status\/1603397421823934469?ref_src=twsrc%5Etfw\">December 15, 2022<\/a><\/blockquote><script async src=\"https:\/\/platform.twitter.com\/widgets.js\" charset=\"utf-8\"><\/script>\n<\/div><\/figure>\n\n\n\n<p>O jogador, que j\u00e1 defendeu o Tim\u00e3o entre 2014 a 2019, acertou o novo v\u00ednculo at\u00e9 o final de 2024. Pelo Corinthians, Romero conquistou os Brasileiros de 2015 e de 2017 e os Paulistas de 2017 e de 2018.<\/p>\n\n\n\n<h2 class=\"wp-block-heading\">Ramiro no Cruzeiro<\/h2>\n\n\n\n<p>Outra equipe da S\u00e9rie A do Campeonato Brasileiro a anunciar um refor\u00e7o nesta quinta foi o Cruzeiro. A Raposa fechou com o volante Ramiro, de 29 anos, at\u00e9 o final de 2024. \u201cUm orgulho muito grande de vestir a camisa de um gigante do futebol brasileiro, do futebol mundial. Estou muito feliz com esta oportunidade\u201d, declarou o jogador em v\u00eddeo divulgado pela equipe mineira.<\/p>\n\n\n\n<figure class=\"wp-block-embed is-type-rich is-provider-twitter wp-block-embed-twitter\"><div class=\"wp-block-embed__wrapper\">\n<blockquote class=\"twitter-tweet\" data-width=\"550\" data-dnt=\"true\"><p lang=\"pt\" dir=\"ltr\">BEM-VINDO, RAMIRO! \u270d\ufe0f\ud83d\udc99<br><br>O volante Ramiro, de 29 anos, \u00e9 mais um refor\u00e7o para a temporada 2023. O jogador chega com contrato at\u00e9 o final de 2024. Boa sorte no <a href=\"https:\/\/twitter.com\/hashtag\/MaiorDeMinas?src=hash&amp;ref_src=twsrc%5Etfw\">#MaiorDeMinas<\/a>! \ud83d\udc4a\ud83e\udd8a<a href=\"https:\/\/twitter.com\/hashtag\/FechadoComOCruzeiro?src=hash&amp;ref_src=twsrc%5Etfw\">#FechadoComOCruzeiro<\/a> <a href=\"https:\/\/t.co\/YWUDxU3VyE\">pic.twitter.com\/YWUDxU3VyE<\/a><\/p>&mdash; Cruzeiro \ud83e\udd8a (@Cruzeiro) <a href=\"https:\/\/twitter.com\/Cruzeiro\/status\/1603519492688158722?ref_src=twsrc%5Etfw\">December 15, 2022<\/a><\/blockquote><script async src=\"https:\/\/platform.twitter.com\/widgets.js\" charset=\"utf-8\"><\/script>\n<\/div><\/figure>\n\n\n\n<h2 class=\"wp-block-heading\">Reapresenta\u00e7\u00e3o do Santos<\/h2>\n\n\n\n<p>J\u00e1 o Santos iniciou oficialmente os seus trabalhos ap\u00f3s um m\u00eas de f\u00e9rias. E na reapresenta\u00e7\u00e3o do elenco do Peixe estiveram presentes os novos contratados: o zagueiro Messias, o volante Dodi, o atacante Mendoza e o lateral-direito Jo\u00e3o Lucas.<\/p>\n\n\n\n<figure class=\"wp-block-embed is-type-rich is-provider-twitter wp-block-embed-twitter\"><div class=\"wp-block-embed__wrapper\">\n<blockquote class=\"twitter-tweet\" data-width=\"550\" data-dnt=\"true\"><p lang=\"pt\" dir=\"ltr\">Mendoza e Jo\u00e3o Lucas no trabalho! Pra cima! \ud83d\udc33 <a href=\"https:\/\/t.co\/PtU47SUEOt\">pic.twitter.com\/PtU47SUEOt<\/a><\/p>&mdash; Santos FC (@SantosFC) <a href=\"https:\/\/twitter.com\/SantosFC\/status\/1603444546603450368?ref_src=twsrc%5Etfw\">December 15, 2022<\/a><\/blockquote><script async src=\"https:\/\/platform.twitter.com\/widgets.js\" charset=\"utf-8\"><\/script>\n<\/div><\/figure>\n\n\n\n<h2 class=\"wp-block-heading\">Tricolor refor\u00e7ado<\/h2>\n\n\n\n<p>Uma equipe que tamb\u00e9m se movimenta no mercado \u00e9 o Fluminense, que anunciou na \u00faltima quarta-feira (14) a contrata\u00e7\u00e3o do lateral-direito Guga. O jogador de 24 anos, que estava no Atl\u00e9tico-MG, assinou contrato com o clube das Laranjeiras at\u00e9 dezembro de 2025.<\/p>\n\n\n\n<figure class=\"wp-block-embed is-type-rich is-provider-twitter wp-block-embed-twitter\"><div class=\"wp-block-embed__wrapper\">\n<blockquote class=\"twitter-tweet\" data-width=\"550\" data-dnt=\"true\"><p lang=\"pt\" dir=\"ltr\">O Guga \u00e9 o novo lateral-direito do Fluminense! Seja bem-vindo, Guerreiro! \ud83c\udded\ud83c\uddfa<br><br>Saiba mais &gt;&gt; <a href=\"https:\/\/t.co\/ocj7hBJ9ft\">https:\/\/t.co\/ocj7hBJ9ft<\/a> <a href=\"https:\/\/t.co\/yAQPhqnsec\">pic.twitter.com\/yAQPhqnsec<\/a><\/p>&mdash; Fluminense F.C. (@FluminenseFC) <a href=\"https:\/\/twitter.com\/FluminenseFC\/status\/1603156834185269249?ref_src=twsrc%5Etfw\">December 14, 2022<\/a><\/blockquote><script async src=\"https:\/\/platform.twitter.com\/widgets.js\" charset=\"utf-8\"><\/script>\n<\/div><\/figure>\n\n\n\n<p><em>\u201c\u00c9 um prazer imenso vestir essa camisa, pois \u00e9 um clube de uma hist\u00f3ria gigantesca. Quando tive essa oportunidade n\u00e3o tive d\u00favidas em responder que queria muito vir para botar meu nome na hist\u00f3ria desse clube tamb\u00e9m\u201d<\/em>, declarou o jogador.<\/p>\n\n\n\n<p>Com informa\u00e7\u00f5es da Ag\u00eancia Brasil<\/p>\n","protected":false},"excerpt":{"rendered":"<p>Com a proximidade do final da Copa do Catar, as equipes brasileiras come\u00e7am a se movimentar para se refor\u00e7arem para a temporada 2023 do futebol brasileiro. Um exemplo \u00e9 o Corinthians, que anunciou oficialmente nesta quinta-feira (15) o retorno do atacante paraguaio \u00c1ngel Romero. O jogador, que j\u00e1 defendeu o Tim\u00e3o entre 2014 a 2019, [&hellip;]<\/p>\n","protected":false},"author":3,"featured_media":6838,"comment_status":"open","ping_status":"open","sticky":false,"template":"","format":"standard","meta":{"_monsterinsights_skip_tracking":false,"_monsterinsights_sitenote_active":false,"_monsterinsights_sitenote_note":"","_monsterinsights_sitenote_category":0,"footnotes":""},"categories":[42],"tags":[],"yoast_head":"<!-- This site is optimized with the Yoast SEO plugin v22.9 - https:\/\/yoast.com\/wordpress\/plugins\/seo\/ -->\n<title>Equipes brasileiras come\u00e7am a se refor\u00e7ar para a temporada 2023 - Portal MF<\/title>\n<meta name=\"robots\" content=\"index, follow, max-snippet:-1, max-image-preview:large, max-video-preview:-1\" \/>\n<link rel=\"canonical\" href=\"https:\/\/portalmf.com.br\/index.php\/2022\/12\/16\/equipes-brasileiras-comecam-a-se-reforcar-para-a-temporada-2023\/\" \/>\n<meta property=\"og:locale\" content=\"pt_BR\" \/>\n<meta property=\"og:type\" content=\"article\" \/>\n<meta property=\"og:title\" content=\"Equipes brasileiras come\u00e7am a se refor\u00e7ar para a temporada 2023 - Portal MF\" \/>\n<meta property=\"og:description\" content=\"Com a proximidade do final da Copa do Catar, as equipes brasileiras come\u00e7am a se movimentar para se refor\u00e7arem para a temporada 2023 do futebol brasileiro. Um exemplo \u00e9 o Corinthians, que anunciou oficialmente nesta quinta-feira (15) o retorno do atacante paraguaio \u00c1ngel Romero. O jogador, que j\u00e1 defendeu o Tim\u00e3o entre 2014 a 2019, [&hellip;]\" \/>\n<meta property=\"og:url\" content=\"https:\/\/portalmf.com.br\/index.php\/2022\/12\/16\/equipes-brasileiras-comecam-a-se-reforcar-para-a-temporada-2023\/\" \/>\n<meta property=\"og:site_name\" content=\"Portal MF\" \/>\n<meta property=\"article:author\" content=\"https:\/\/www.facebook.com\/portalmfoficial\" \/>\n<meta property=\"article:published_time\" content=\"2022-12-16T19:58:01+00:00\" \/>\n<meta property=\"article:modified_time\" content=\"2022-12-16T19:58:02+00:00\" \/>\n<meta property=\"og:image\" content=\"https:\/\/portalmf.com.br\/wp-content\/uploads\/2022\/12\/ROMERO.jpg\" \/>\n\t<meta property=\"og:image:width\" content=\"1170\" \/>\n\t<meta property=\"og:image:height\" content=\"700\" \/>\n\t<meta property=\"og:image:type\" content=\"image\/jpeg\" \/>\n<meta name=\"author\" content=\"Reda\u00e7\u00e3o Portal MF\" \/>\n<meta name=\"twitter:card\" content=\"summary_large_image\" \/>\n<meta name=\"twitter:creator\" content=\"@https:\/\/x.com\/portalmfoficial\" \/>\n<meta name=\"twitter:label1\" content=\"Escrito por\" \/>\n\t<meta name=\"twitter:data1\" content=\"Reda\u00e7\u00e3o Portal MF\" \/>\n\t<meta name=\"twitter:label2\" content=\"Est. tempo de leitura\" \/>\n\t<meta name=\"twitter:data2\" content=\"2 minutos\" \/>\n<script type=\"application\/ld+json\" class=\"yoast-schema-graph\">{\"@context\":\"https:\/\/schema.org\",\"@graph\":[{\"@type\":\"WebPage\",\"@id\":\"https:\/\/portalmf.com.br\/index.php\/2022\/12\/16\/equipes-brasileiras-comecam-a-se-reforcar-para-a-temporada-2023\/\",\"url\":\"https:\/\/portalmf.com.br\/index.php\/2022\/12\/16\/equipes-brasileiras-comecam-a-se-reforcar-para-a-temporada-2023\/\",\"name\":\"Equipes brasileiras come\u00e7am a se refor\u00e7ar para a temporada 2023 - Portal MF\",\"isPartOf\":{\"@id\":\"https:\/\/portalmf.com.br\/#website\"},\"primaryImageOfPage\":{\"@id\":\"https:\/\/portalmf.com.br\/index.php\/2022\/12\/16\/equipes-brasileiras-comecam-a-se-reforcar-para-a-temporada-2023\/#primaryimage\"},\"image\":{\"@id\":\"https:\/\/portalmf.com.br\/index.php\/2022\/12\/16\/equipes-brasileiras-comecam-a-se-reforcar-para-a-temporada-2023\/#primaryimage\"},\"thumbnailUrl\":\"https:\/\/portalmf.com.br\/wp-content\/uploads\/2022\/12\/ROMERO.jpg\",\"datePublished\":\"2022-12-16T19:58:01+00:00\",\"dateModified\":\"2022-12-16T19:58:02+00:00\",\"author\":{\"@id\":\"https:\/\/portalmf.com.br\/#\/schema\/person\/9ec101baf56233e53520c26de5d6f6f0\"},\"breadcrumb\":{\"@id\":\"https:\/\/portalmf.com.br\/index.php\/2022\/12\/16\/equipes-brasileiras-comecam-a-se-reforcar-para-a-temporada-2023\/#breadcrumb\"},\"inLanguage\":\"pt-BR\",\"potentialAction\":[{\"@type\":\"ReadAction\",\"target\":[\"https:\/\/portalmf.com.br\/index.php\/2022\/12\/16\/equipes-brasileiras-comecam-a-se-reforcar-para-a-temporada-2023\/\"]}]},{\"@type\":\"ImageObject\",\"inLanguage\":\"pt-BR\",\"@id\":\"https:\/\/portalmf.com.br\/index.php\/2022\/12\/16\/equipes-brasileiras-comecam-a-se-reforcar-para-a-temporada-2023\/#primaryimage\",\"url\":\"https:\/\/portalmf.com.br\/wp-content\/uploads\/2022\/12\/ROMERO.jpg\",\"contentUrl\":\"https:\/\/portalmf.com.br\/wp-content\/uploads\/2022\/12\/ROMERO.jpg\",\"width\":1170,\"height\":700,\"caption\":\"Foto: Rodrigo Coca\/Ag. Corinthians\"},{\"@type\":\"BreadcrumbList\",\"@id\":\"https:\/\/portalmf.com.br\/index.php\/2022\/12\/16\/equipes-brasileiras-comecam-a-se-reforcar-para-a-temporada-2023\/#breadcrumb\",\"itemListElement\":[{\"@type\":\"ListItem\",\"position\":1,\"name\":\"In\u00edcio\",\"item\":\"https:\/\/portalmf.com.br\/\"},{\"@type\":\"ListItem\",\"position\":2,\"name\":\"Equipes brasileiras come\u00e7am a se refor\u00e7ar para a temporada 2023\"}]},{\"@type\":\"WebSite\",\"@id\":\"https:\/\/portalmf.com.br\/#website\",\"url\":\"https:\/\/portalmf.com.br\/\",\"name\":\"Portal MF\",\"description\":\"Voc\u00ea conectado com a informa\u00e7\u00e3o\",\"potentialAction\":[{\"@type\":\"SearchAction\",\"target\":{\"@type\":\"EntryPoint\",\"urlTemplate\":\"https:\/\/portalmf.com.br\/?s={search_term_string}\"},\"query-input\":\"required name=search_term_string\"}],\"inLanguage\":\"pt-BR\"},{\"@type\":\"Person\",\"@id\":\"https:\/\/portalmf.com.br\/#\/schema\/person\/9ec101baf56233e53520c26de5d6f6f0\",\"name\":\"Reda\u00e7\u00e3o Portal MF\",\"image\":{\"@type\":\"ImageObject\",\"inLanguage\":\"pt-BR\",\"@id\":\"https:\/\/portalmf.com.br\/#\/schema\/person\/image\/\",\"url\":\"https:\/\/secure.gravatar.com\/avatar\/41b9aaeb2100835f7c64362330f74c7f?s=96&d=mm&r=g\",\"contentUrl\":\"https:\/\/secure.gravatar.com\/avatar\/41b9aaeb2100835f7c64362330f74c7f?s=96&d=mm&r=g\",\"caption\":\"Reda\u00e7\u00e3o Portal MF\"},\"description\":\"Sejam bem-vindos o portal de informa\u00e7\u00f5es de entretenimento de Feira de Santana, desde 2006 realiza coberturas dos principais eventos com entrevistas exclusivas com as principais personalidades mundiais. Fique conectado tamb\u00e9m nas redes sociais.\",\"sameAs\":[\"http:\/\/www.portalmf.com.br\/\",\"https:\/\/www.facebook.com\/portalmfoficial\",\"https:\/\/www.instagram.com\/portalmf\/\",\"https:\/\/x.com\/https:\/\/x.com\/portalmfoficial\",\"https:\/\/www.youtube.com\/@portalmfoficial\"],\"url\":\"https:\/\/portalmf.com.br\/index.php\/author\/junior\/\"}]}<\/script>\n<!-- \/ Yoast SEO plugin. -->","yoast_head_json":{"title":"Equipes brasileiras come\u00e7am a se refor\u00e7ar para a temporada 2023 - Portal MF","robots":{"index":"index","follow":"follow","max-snippet":"max-snippet:-1","max-image-preview":"max-image-preview:large","max-video-preview":"max-video-preview:-1"},"canonical":"https:\/\/portalmf.com.br\/index.php\/2022\/12\/16\/equipes-brasileiras-comecam-a-se-reforcar-para-a-temporada-2023\/","og_locale":"pt_BR","og_type":"article","og_title":"Equipes brasileiras come\u00e7am a se refor\u00e7ar para a temporada 2023 - Portal MF","og_description":"Com a proximidade do final da Copa do Catar, as equipes brasileiras come\u00e7am a se movimentar para se refor\u00e7arem para a temporada 2023 do futebol brasileiro. Um exemplo \u00e9 o Corinthians, que anunciou oficialmente nesta quinta-feira (15) o retorno do atacante paraguaio \u00c1ngel Romero. O jogador, que j\u00e1 defendeu o Tim\u00e3o entre 2014 a 2019, [&hellip;]","og_url":"https:\/\/portalmf.com.br\/index.php\/2022\/12\/16\/equipes-brasileiras-comecam-a-se-reforcar-para-a-temporada-2023\/","og_site_name":"Portal MF","article_author":"https:\/\/www.facebook.com\/portalmfoficial","article_published_time":"2022-12-16T19:58:01+00:00","article_modified_time":"2022-12-16T19:58:02+00:00","og_image":[{"width":1170,"height":700,"url":"https:\/\/portalmf.com.br\/wp-content\/uploads\/2022\/12\/ROMERO.jpg","type":"image\/jpeg"}],"author":"Reda\u00e7\u00e3o Portal MF","twitter_card":"summary_large_image","twitter_creator":"@https:\/\/x.com\/portalmfoficial","twitter_misc":{"Escrito por":"Reda\u00e7\u00e3o Portal MF","Est. tempo de leitura":"2 minutos"},"schema":{"@context":"https:\/\/schema.org","@graph":[{"@type":"WebPage","@id":"https:\/\/portalmf.com.br\/index.php\/2022\/12\/16\/equipes-brasileiras-comecam-a-se-reforcar-para-a-temporada-2023\/","url":"https:\/\/portalmf.com.br\/index.php\/2022\/12\/16\/equipes-brasileiras-comecam-a-se-reforcar-para-a-temporada-2023\/","name":"Equipes brasileiras come\u00e7am a se refor\u00e7ar para a temporada 2023 - Portal MF","isPartOf":{"@id":"https:\/\/portalmf.com.br\/#website"},"primaryImageOfPage":{"@id":"https:\/\/portalmf.com.br\/index.php\/2022\/12\/16\/equipes-brasileiras-comecam-a-se-reforcar-para-a-temporada-2023\/#primaryimage"},"image":{"@id":"https:\/\/portalmf.com.br\/index.php\/2022\/12\/16\/equipes-brasileiras-comecam-a-se-reforcar-para-a-temporada-2023\/#primaryimage"},"thumbnailUrl":"https:\/\/portalmf.com.br\/wp-content\/uploads\/2022\/12\/ROMERO.jpg","datePublished":"2022-12-16T19:58:01+00:00","dateModified":"2022-12-16T19:58:02+00:00","author":{"@id":"https:\/\/portalmf.com.br\/#\/schema\/person\/9ec101baf56233e53520c26de5d6f6f0"},"breadcrumb":{"@id":"https:\/\/portalmf.com.br\/index.php\/2022\/12\/16\/equipes-brasileiras-comecam-a-se-reforcar-para-a-temporada-2023\/#breadcrumb"},"inLanguage":"pt-BR","potentialAction":[{"@type":"ReadAction","target":["https:\/\/portalmf.com.br\/index.php\/2022\/12\/16\/equipes-brasileiras-comecam-a-se-reforcar-para-a-temporada-2023\/"]}]},{"@type":"ImageObject","inLanguage":"pt-BR","@id":"https:\/\/portalmf.com.br\/index.php\/2022\/12\/16\/equipes-brasileiras-comecam-a-se-reforcar-para-a-temporada-2023\/#primaryimage","url":"https:\/\/portalmf.com.br\/wp-content\/uploads\/2022\/12\/ROMERO.jpg","contentUrl":"https:\/\/portalmf.com.br\/wp-content\/uploads\/2022\/12\/ROMERO.jpg","width":1170,"height":700,"caption":"Foto: Rodrigo Coca\/Ag. Corinthians"},{"@type":"BreadcrumbList","@id":"https:\/\/portalmf.com.br\/index.php\/2022\/12\/16\/equipes-brasileiras-comecam-a-se-reforcar-para-a-temporada-2023\/#breadcrumb","itemListElement":[{"@type":"ListItem","position":1,"name":"In\u00edcio","item":"https:\/\/portalmf.com.br\/"},{"@type":"ListItem","position":2,"name":"Equipes brasileiras come\u00e7am a se refor\u00e7ar para a temporada 2023"}]},{"@type":"WebSite","@id":"https:\/\/portalmf.com.br\/#website","url":"https:\/\/portalmf.com.br\/","name":"Portal MF","description":"Voc\u00ea conectado com a informa\u00e7\u00e3o","potentialAction":[{"@type":"SearchAction","target":{"@type":"EntryPoint","urlTemplate":"https:\/\/portalmf.com.br\/?s={search_term_string}"},"query-input":"required name=search_term_string"}],"inLanguage":"pt-BR"},{"@type":"Person","@id":"https:\/\/portalmf.com.br\/#\/schema\/person\/9ec101baf56233e53520c26de5d6f6f0","name":"Reda\u00e7\u00e3o Portal MF","image":{"@type":"ImageObject","inLanguage":"pt-BR","@id":"https:\/\/portalmf.com.br\/#\/schema\/person\/image\/","url":"https:\/\/secure.gravatar.com\/avatar\/41b9aaeb2100835f7c64362330f74c7f?s=96&d=mm&r=g","contentUrl":"https:\/\/secure.gravatar.com\/avatar\/41b9aaeb2100835f7c64362330f74c7f?s=96&d=mm&r=g","caption":"Reda\u00e7\u00e3o Portal MF"},"description":"Sejam bem-vindos o portal de informa\u00e7\u00f5es de entretenimento de Feira de Santana, desde 2006 realiza coberturas dos principais eventos com entrevistas exclusivas com as principais personalidades mundiais. Fique conectado tamb\u00e9m nas redes sociais.","sameAs":["http:\/\/www.portalmf.com.br\/","https:\/\/www.facebook.com\/portalmfoficial","https:\/\/www.instagram.com\/portalmf\/","https:\/\/x.com\/https:\/\/x.com\/portalmfoficial","https:\/\/www.youtube.com\/@portalmfoficial"],"url":"https:\/\/portalmf.com.br\/index.php\/author\/junior\/"}]}},"_links":{"self":[{"href":"https:\/\/portalmf.com.br\/index.php\/wp-json\/wp\/v2\/posts\/6837"}],"collection":[{"href":"https:\/\/portalmf.com.br\/index.php\/wp-json\/wp\/v2\/posts"}],"about":[{"href":"https:\/\/portalmf.com.br\/index.php\/wp-json\/wp\/v2\/types\/post"}],"author":[{"embeddable":true,"href":"https:\/\/portalmf.com.br\/index.php\/wp-json\/wp\/v2\/users\/3"}],"replies":[{"embeddable":true,"href":"https:\/\/portalmf.com.br\/index.php\/wp-json\/wp\/v2\/comments?post=6837"}],"version-history":[{"count":1,"href":"https:\/\/portalmf.com.br\/index.php\/wp-json\/wp\/v2\/posts\/6837\/revisions"}],"predecessor-version":[{"id":6839,"href":"https:\/\/portalmf.com.br\/index.php\/wp-json\/wp\/v2\/posts\/6837\/revisions\/6839"}],"wp:featuredmedia":[{"embeddable":true,"href":"https:\/\/portalmf.com.br\/index.php\/wp-json\/wp\/v2\/media\/6838"}],"wp:attachment":[{"href":"https:\/\/portalmf.com.br\/index.php\/wp-json\/wp\/v2\/media?parent=6837"}],"wp:term":[{"taxonomy":"category","embeddable":true,"href":"https:\/\/portalmf.com.br\/index.php\/wp-json\/wp\/v2\/categories?post=6837"},{"taxonomy":"post_tag","embeddable":true,"href":"https:\/\/portalmf.com.br\/index.php\/wp-json\/wp\/v2\/tags?post=6837"}],"curies":[{"name":"wp","href":"https:\/\/api.w.org\/{rel}","templated":true}]}}