{"id":6834,"date":"2022-12-16T16:48:05","date_gmt":"2022-12-16T19:48:05","guid":{"rendered":"https:\/\/portalmf.com.br\/?p=6834"},"modified":"2022-12-16T16:48:06","modified_gmt":"2022-12-16T19:48:06","slug":"jeronimo-garante-ampliacao-do-programa-primeiro-emprego-a-partir-de-2023","status":"publish","type":"post","link":"https:\/\/portalmf.com.br\/index.php\/2022\/12\/16\/jeronimo-garante-ampliacao-do-programa-primeiro-emprego-a-partir-de-2023\/","title":{"rendered":"Jer\u00f4nimo garante amplia\u00e7\u00e3o do Programa Primeiro Emprego a partir de 2023"},"content":{"rendered":"\n<p>Diante de mais de 2 mil jovens, o governador eleito da Bahia, Jer\u00f4nimo Rodrigues, assumiu o compromisso de ampliar as oportunidades do Programa Primeiro Emprego (PPE) a partir de 2023. A garantia foi dada, na manh\u00e3 desta sexta-feira (16), durante a participa\u00e7\u00e3o dele no 1\u00ba Encontro do Programa Primeiro Emprego, realizado no Parque de Exposi\u00e7\u00f5es, em Salvador. \u201cA nossa passagem aqui \u00e9 motivada pelo gesto da cren\u00e7a na inclus\u00e3o, no futuro\u201d, afirmou Jer\u00f4nimo ao lado do governador Rui Costa e do presidente da Funda\u00e7\u00e3o Lu\u00eds Eduardo Magalh\u00e3es (FLEM), Rodrigo Hita, respons\u00e1vel pela gest\u00e3o do programa criado pelo Governo do Estado.<\/p>\n\n\n\n<p>\u201cEsse programa \u00e9 a revela\u00e7\u00e3o de uma pol\u00edtica para a juventude. Tem o nome de Programa Primeiro Emprego, mas para n\u00f3s \u00e9 muito mais do que isso. \u00c9 a marca de um Governo que, ao longo de 16 anos, tem comprovado sua confian\u00e7a no poder transformador da educa\u00e7\u00e3o. Podem ter certeza que esse programa ser\u00e1 fortalecido e ampliado nos pr\u00f3ximos quatro anos\u201d, afirmou Jer\u00f4nimo.<\/p>\n\n\n\n<p>Em seu discurso para a juventude presente, Rui Costa classificou o PPE como um \u201cprograma extraordin\u00e1rio\u201d e disse que Jer\u00f4nimo, \u201ca partir de janeiro, vai pisar no acelerador e contratar mais gente\u201d. O atual governador afirmou que o \u00eaxito dos jovens que atualmente est\u00e3o empregados por meio do programa estimula outros jovens, que ainda est\u00e3o estudando, a se dedicar ainda mais nos estudos. Lan\u00e7ado em 2016, o PPE oferta vagas no setor p\u00fablico e privado para egressos e concluintes da rede estadual de educa\u00e7\u00e3o profissional da Bahia.<\/p>\n\n\n\n<p><strong>Entregas da Pol\u00edcia Civil<\/strong><\/p>\n\n\n\n<p>Antes de participar do evento promovido pela FLEM, Jer\u00f4nimo participou da inaugura\u00e7\u00e3o das novas instala\u00e7\u00f5es da Pol\u00edcia Civil que funcionar\u00e3o no pr\u00e9dio da antiga EBDA, pr\u00f3ximo \u00e0 Avenida Dorival Caymmi, em Itapu\u00e3. Foram investidos mais de R$ 20 milh\u00f5es para aquisi\u00e7\u00e3o de equipamentos e reforma de toda a estrutura, que a partir de agora vai abrigar os departamentos de Homic\u00eddios e Prote\u00e7\u00e3o \u00e0 Pessoa (DHPP), de Crimes contra o Patrim\u00f4nio (DCCP) e de Pol\u00edcia Metropolitana (Depom).<\/p>\n","protected":false},"excerpt":{"rendered":"<p>Diante de mais de 2 mil jovens, o governador eleito da Bahia, Jer\u00f4nimo Rodrigues, assumiu o compromisso de ampliar as oportunidades do Programa Primeiro Emprego (PPE) a partir de 2023. A garantia foi dada, na manh\u00e3 desta sexta-feira (16), durante a participa\u00e7\u00e3o dele no 1\u00ba Encontro do Programa Primeiro Emprego, realizado no Parque de Exposi\u00e7\u00f5es, [&hellip;]<\/p>\n","protected":false},"author":3,"featured_media":6835,"comment_status":"open","ping_status":"open","sticky":false,"template":"","format":"standard","meta":{"_monsterinsights_skip_tracking":false,"_monsterinsights_sitenote_active":false,"_monsterinsights_sitenote_note":"","_monsterinsights_sitenote_category":0,"footnotes":""},"categories":[34],"tags":[],"yoast_head":"<!-- This site is optimized with the Yoast SEO plugin v22.9 - https:\/\/yoast.com\/wordpress\/plugins\/seo\/ -->\n<title>Jer\u00f4nimo garante amplia\u00e7\u00e3o do Programa Primeiro Emprego a partir de 2023 - Portal MF<\/title>\n<meta name=\"robots\" content=\"index, follow, max-snippet:-1, max-image-preview:large, max-video-preview:-1\" \/>\n<link rel=\"canonical\" href=\"https:\/\/portalmf.com.br\/index.php\/2022\/12\/16\/jeronimo-garante-ampliacao-do-programa-primeiro-emprego-a-partir-de-2023\/\" \/>\n<meta property=\"og:locale\" content=\"pt_BR\" \/>\n<meta property=\"og:type\" content=\"article\" \/>\n<meta property=\"og:title\" content=\"Jer\u00f4nimo garante amplia\u00e7\u00e3o do Programa Primeiro Emprego a partir de 2023 - Portal MF\" \/>\n<meta property=\"og:description\" content=\"Diante de mais de 2 mil jovens, o governador eleito da Bahia, Jer\u00f4nimo Rodrigues, assumiu o compromisso de ampliar as oportunidades do Programa Primeiro Emprego (PPE) a partir de 2023. A garantia foi dada, na manh\u00e3 desta sexta-feira (16), durante a participa\u00e7\u00e3o dele no 1\u00ba Encontro do Programa Primeiro Emprego, realizado no Parque de Exposi\u00e7\u00f5es, [&hellip;]\" \/>\n<meta property=\"og:url\" content=\"https:\/\/portalmf.com.br\/index.php\/2022\/12\/16\/jeronimo-garante-ampliacao-do-programa-primeiro-emprego-a-partir-de-2023\/\" \/>\n<meta property=\"og:site_name\" content=\"Portal MF\" \/>\n<meta property=\"article:author\" content=\"https:\/\/www.facebook.com\/portalmfoficial\" \/>\n<meta property=\"article:published_time\" content=\"2022-12-16T19:48:05+00:00\" \/>\n<meta property=\"article:modified_time\" content=\"2022-12-16T19:48:06+00:00\" \/>\n<meta property=\"og:image\" content=\"https:\/\/portalmf.com.br\/wp-content\/uploads\/2022\/12\/WhatsApp-Image-2022-12-16-at-13.32.00.jpeg\" \/>\n\t<meta property=\"og:image:width\" content=\"1280\" \/>\n\t<meta property=\"og:image:height\" content=\"853\" \/>\n\t<meta property=\"og:image:type\" content=\"image\/jpeg\" \/>\n<meta name=\"author\" content=\"Reda\u00e7\u00e3o Portal MF\" \/>\n<meta name=\"twitter:card\" content=\"summary_large_image\" \/>\n<meta name=\"twitter:creator\" content=\"@https:\/\/x.com\/portalmfoficial\" \/>\n<meta name=\"twitter:label1\" content=\"Escrito por\" \/>\n\t<meta name=\"twitter:data1\" content=\"Reda\u00e7\u00e3o Portal MF\" \/>\n\t<meta name=\"twitter:label2\" content=\"Est. tempo de leitura\" \/>\n\t<meta name=\"twitter:data2\" content=\"2 minutos\" \/>\n<script type=\"application\/ld+json\" class=\"yoast-schema-graph\">{\"@context\":\"https:\/\/schema.org\",\"@graph\":[{\"@type\":\"WebPage\",\"@id\":\"https:\/\/portalmf.com.br\/index.php\/2022\/12\/16\/jeronimo-garante-ampliacao-do-programa-primeiro-emprego-a-partir-de-2023\/\",\"url\":\"https:\/\/portalmf.com.br\/index.php\/2022\/12\/16\/jeronimo-garante-ampliacao-do-programa-primeiro-emprego-a-partir-de-2023\/\",\"name\":\"Jer\u00f4nimo garante amplia\u00e7\u00e3o do Programa Primeiro Emprego a partir de 2023 - Portal MF\",\"isPartOf\":{\"@id\":\"https:\/\/portalmf.com.br\/#website\"},\"primaryImageOfPage\":{\"@id\":\"https:\/\/portalmf.com.br\/index.php\/2022\/12\/16\/jeronimo-garante-ampliacao-do-programa-primeiro-emprego-a-partir-de-2023\/#primaryimage\"},\"image\":{\"@id\":\"https:\/\/portalmf.com.br\/index.php\/2022\/12\/16\/jeronimo-garante-ampliacao-do-programa-primeiro-emprego-a-partir-de-2023\/#primaryimage\"},\"thumbnailUrl\":\"https:\/\/portalmf.com.br\/wp-content\/uploads\/2022\/12\/WhatsApp-Image-2022-12-16-at-13.32.00.jpeg\",\"datePublished\":\"2022-12-16T19:48:05+00:00\",\"dateModified\":\"2022-12-16T19:48:06+00:00\",\"author\":{\"@id\":\"https:\/\/portalmf.com.br\/#\/schema\/person\/9ec101baf56233e53520c26de5d6f6f0\"},\"breadcrumb\":{\"@id\":\"https:\/\/portalmf.com.br\/index.php\/2022\/12\/16\/jeronimo-garante-ampliacao-do-programa-primeiro-emprego-a-partir-de-2023\/#breadcrumb\"},\"inLanguage\":\"pt-BR\",\"potentialAction\":[{\"@type\":\"ReadAction\",\"target\":[\"https:\/\/portalmf.com.br\/index.php\/2022\/12\/16\/jeronimo-garante-ampliacao-do-programa-primeiro-emprego-a-partir-de-2023\/\"]}]},{\"@type\":\"ImageObject\",\"inLanguage\":\"pt-BR\",\"@id\":\"https:\/\/portalmf.com.br\/index.php\/2022\/12\/16\/jeronimo-garante-ampliacao-do-programa-primeiro-emprego-a-partir-de-2023\/#primaryimage\",\"url\":\"https:\/\/portalmf.com.br\/wp-content\/uploads\/2022\/12\/WhatsApp-Image-2022-12-16-at-13.32.00.jpeg\",\"contentUrl\":\"https:\/\/portalmf.com.br\/wp-content\/uploads\/2022\/12\/WhatsApp-Image-2022-12-16-at-13.32.00.jpeg\",\"width\":1280,\"height\":853},{\"@type\":\"BreadcrumbList\",\"@id\":\"https:\/\/portalmf.com.br\/index.php\/2022\/12\/16\/jeronimo-garante-ampliacao-do-programa-primeiro-emprego-a-partir-de-2023\/#breadcrumb\",\"itemListElement\":[{\"@type\":\"ListItem\",\"position\":1,\"name\":\"In\u00edcio\",\"item\":\"https:\/\/portalmf.com.br\/\"},{\"@type\":\"ListItem\",\"position\":2,\"name\":\"Jer\u00f4nimo garante amplia\u00e7\u00e3o do Programa Primeiro Emprego a partir de 2023\"}]},{\"@type\":\"WebSite\",\"@id\":\"https:\/\/portalmf.com.br\/#website\",\"url\":\"https:\/\/portalmf.com.br\/\",\"name\":\"Portal MF\",\"description\":\"Voc\u00ea conectado com a informa\u00e7\u00e3o\",\"potentialAction\":[{\"@type\":\"SearchAction\",\"target\":{\"@type\":\"EntryPoint\",\"urlTemplate\":\"https:\/\/portalmf.com.br\/?s={search_term_string}\"},\"query-input\":\"required name=search_term_string\"}],\"inLanguage\":\"pt-BR\"},{\"@type\":\"Person\",\"@id\":\"https:\/\/portalmf.com.br\/#\/schema\/person\/9ec101baf56233e53520c26de5d6f6f0\",\"name\":\"Reda\u00e7\u00e3o Portal MF\",\"image\":{\"@type\":\"ImageObject\",\"inLanguage\":\"pt-BR\",\"@id\":\"https:\/\/portalmf.com.br\/#\/schema\/person\/image\/\",\"url\":\"https:\/\/secure.gravatar.com\/avatar\/41b9aaeb2100835f7c64362330f74c7f?s=96&d=mm&r=g\",\"contentUrl\":\"https:\/\/secure.gravatar.com\/avatar\/41b9aaeb2100835f7c64362330f74c7f?s=96&d=mm&r=g\",\"caption\":\"Reda\u00e7\u00e3o Portal MF\"},\"description\":\"Sejam bem-vindos o portal de informa\u00e7\u00f5es de entretenimento de Feira de Santana, desde 2006 realiza coberturas dos principais eventos com entrevistas exclusivas com as principais personalidades mundiais. Fique conectado tamb\u00e9m nas redes sociais.\",\"sameAs\":[\"http:\/\/www.portalmf.com.br\/\",\"https:\/\/www.facebook.com\/portalmfoficial\",\"https:\/\/www.instagram.com\/portalmf\/\",\"https:\/\/x.com\/https:\/\/x.com\/portalmfoficial\",\"https:\/\/www.youtube.com\/@portalmfoficial\"],\"url\":\"https:\/\/portalmf.com.br\/index.php\/author\/junior\/\"}]}<\/script>\n<!-- \/ Yoast SEO plugin. -->","yoast_head_json":{"title":"Jer\u00f4nimo garante amplia\u00e7\u00e3o do Programa Primeiro Emprego a partir de 2023 - Portal MF","robots":{"index":"index","follow":"follow","max-snippet":"max-snippet:-1","max-image-preview":"max-image-preview:large","max-video-preview":"max-video-preview:-1"},"canonical":"https:\/\/portalmf.com.br\/index.php\/2022\/12\/16\/jeronimo-garante-ampliacao-do-programa-primeiro-emprego-a-partir-de-2023\/","og_locale":"pt_BR","og_type":"article","og_title":"Jer\u00f4nimo garante amplia\u00e7\u00e3o do Programa Primeiro Emprego a partir de 2023 - Portal MF","og_description":"Diante de mais de 2 mil jovens, o governador eleito da Bahia, Jer\u00f4nimo Rodrigues, assumiu o compromisso de ampliar as oportunidades do Programa Primeiro Emprego (PPE) a partir de 2023. A garantia foi dada, na manh\u00e3 desta sexta-feira (16), durante a participa\u00e7\u00e3o dele no 1\u00ba Encontro do Programa Primeiro Emprego, realizado no Parque de Exposi\u00e7\u00f5es, [&hellip;]","og_url":"https:\/\/portalmf.com.br\/index.php\/2022\/12\/16\/jeronimo-garante-ampliacao-do-programa-primeiro-emprego-a-partir-de-2023\/","og_site_name":"Portal MF","article_author":"https:\/\/www.facebook.com\/portalmfoficial","article_published_time":"2022-12-16T19:48:05+00:00","article_modified_time":"2022-12-16T19:48:06+00:00","og_image":[{"width":1280,"height":853,"url":"https:\/\/portalmf.com.br\/wp-content\/uploads\/2022\/12\/WhatsApp-Image-2022-12-16-at-13.32.00.jpeg","type":"image\/jpeg"}],"author":"Reda\u00e7\u00e3o Portal MF","twitter_card":"summary_large_image","twitter_creator":"@https:\/\/x.com\/portalmfoficial","twitter_misc":{"Escrito por":"Reda\u00e7\u00e3o Portal MF","Est. tempo de leitura":"2 minutos"},"schema":{"@context":"https:\/\/schema.org","@graph":[{"@type":"WebPage","@id":"https:\/\/portalmf.com.br\/index.php\/2022\/12\/16\/jeronimo-garante-ampliacao-do-programa-primeiro-emprego-a-partir-de-2023\/","url":"https:\/\/portalmf.com.br\/index.php\/2022\/12\/16\/jeronimo-garante-ampliacao-do-programa-primeiro-emprego-a-partir-de-2023\/","name":"Jer\u00f4nimo garante amplia\u00e7\u00e3o do Programa Primeiro Emprego a partir de 2023 - Portal MF","isPartOf":{"@id":"https:\/\/portalmf.com.br\/#website"},"primaryImageOfPage":{"@id":"https:\/\/portalmf.com.br\/index.php\/2022\/12\/16\/jeronimo-garante-ampliacao-do-programa-primeiro-emprego-a-partir-de-2023\/#primaryimage"},"image":{"@id":"https:\/\/portalmf.com.br\/index.php\/2022\/12\/16\/jeronimo-garante-ampliacao-do-programa-primeiro-emprego-a-partir-de-2023\/#primaryimage"},"thumbnailUrl":"https:\/\/portalmf.com.br\/wp-content\/uploads\/2022\/12\/WhatsApp-Image-2022-12-16-at-13.32.00.jpeg","datePublished":"2022-12-16T19:48:05+00:00","dateModified":"2022-12-16T19:48:06+00:00","author":{"@id":"https:\/\/portalmf.com.br\/#\/schema\/person\/9ec101baf56233e53520c26de5d6f6f0"},"breadcrumb":{"@id":"https:\/\/portalmf.com.br\/index.php\/2022\/12\/16\/jeronimo-garante-ampliacao-do-programa-primeiro-emprego-a-partir-de-2023\/#breadcrumb"},"inLanguage":"pt-BR","potentialAction":[{"@type":"ReadAction","target":["https:\/\/portalmf.com.br\/index.php\/2022\/12\/16\/jeronimo-garante-ampliacao-do-programa-primeiro-emprego-a-partir-de-2023\/"]}]},{"@type":"ImageObject","inLanguage":"pt-BR","@id":"https:\/\/portalmf.com.br\/index.php\/2022\/12\/16\/jeronimo-garante-ampliacao-do-programa-primeiro-emprego-a-partir-de-2023\/#primaryimage","url":"https:\/\/portalmf.com.br\/wp-content\/uploads\/2022\/12\/WhatsApp-Image-2022-12-16-at-13.32.00.jpeg","contentUrl":"https:\/\/portalmf.com.br\/wp-content\/uploads\/2022\/12\/WhatsApp-Image-2022-12-16-at-13.32.00.jpeg","width":1280,"height":853},{"@type":"BreadcrumbList","@id":"https:\/\/portalmf.com.br\/index.php\/2022\/12\/16\/jeronimo-garante-ampliacao-do-programa-primeiro-emprego-a-partir-de-2023\/#breadcrumb","itemListElement":[{"@type":"ListItem","position":1,"name":"In\u00edcio","item":"https:\/\/portalmf.com.br\/"},{"@type":"ListItem","position":2,"name":"Jer\u00f4nimo garante amplia\u00e7\u00e3o do Programa Primeiro Emprego a partir de 2023"}]},{"@type":"WebSite","@id":"https:\/\/portalmf.com.br\/#website","url":"https:\/\/portalmf.com.br\/","name":"Portal MF","description":"Voc\u00ea conectado com a informa\u00e7\u00e3o","potentialAction":[{"@type":"SearchAction","target":{"@type":"EntryPoint","urlTemplate":"https:\/\/portalmf.com.br\/?s={search_term_string}"},"query-input":"required name=search_term_string"}],"inLanguage":"pt-BR"},{"@type":"Person","@id":"https:\/\/portalmf.com.br\/#\/schema\/person\/9ec101baf56233e53520c26de5d6f6f0","name":"Reda\u00e7\u00e3o Portal MF","image":{"@type":"ImageObject","inLanguage":"pt-BR","@id":"https:\/\/portalmf.com.br\/#\/schema\/person\/image\/","url":"https:\/\/secure.gravatar.com\/avatar\/41b9aaeb2100835f7c64362330f74c7f?s=96&d=mm&r=g","contentUrl":"https:\/\/secure.gravatar.com\/avatar\/41b9aaeb2100835f7c64362330f74c7f?s=96&d=mm&r=g","caption":"Reda\u00e7\u00e3o Portal MF"},"description":"Sejam bem-vindos o portal de informa\u00e7\u00f5es de entretenimento de Feira de Santana, desde 2006 realiza coberturas dos principais eventos com entrevistas exclusivas com as principais personalidades mundiais. Fique conectado tamb\u00e9m nas redes sociais.","sameAs":["http:\/\/www.portalmf.com.br\/","https:\/\/www.facebook.com\/portalmfoficial","https:\/\/www.instagram.com\/portalmf\/","https:\/\/x.com\/https:\/\/x.com\/portalmfoficial","https:\/\/www.youtube.com\/@portalmfoficial"],"url":"https:\/\/portalmf.com.br\/index.php\/author\/junior\/"}]}},"_links":{"self":[{"href":"https:\/\/portalmf.com.br\/index.php\/wp-json\/wp\/v2\/posts\/6834"}],"collection":[{"href":"https:\/\/portalmf.com.br\/index.php\/wp-json\/wp\/v2\/posts"}],"about":[{"href":"https:\/\/portalmf.com.br\/index.php\/wp-json\/wp\/v2\/types\/post"}],"author":[{"embeddable":true,"href":"https:\/\/portalmf.com.br\/index.php\/wp-json\/wp\/v2\/users\/3"}],"replies":[{"embeddable":true,"href":"https:\/\/portalmf.com.br\/index.php\/wp-json\/wp\/v2\/comments?post=6834"}],"version-history":[{"count":1,"href":"https:\/\/portalmf.com.br\/index.php\/wp-json\/wp\/v2\/posts\/6834\/revisions"}],"predecessor-version":[{"id":6836,"href":"https:\/\/portalmf.com.br\/index.php\/wp-json\/wp\/v2\/posts\/6834\/revisions\/6836"}],"wp:featuredmedia":[{"embeddable":true,"href":"https:\/\/portalmf.com.br\/index.php\/wp-json\/wp\/v2\/media\/6835"}],"wp:attachment":[{"href":"https:\/\/portalmf.com.br\/index.php\/wp-json\/wp\/v2\/media?parent=6834"}],"wp:term":[{"taxonomy":"category","embeddable":true,"href":"https:\/\/portalmf.com.br\/index.php\/wp-json\/wp\/v2\/categories?post=6834"},{"taxonomy":"post_tag","embeddable":true,"href":"https:\/\/portalmf.com.br\/index.php\/wp-json\/wp\/v2\/tags?post=6834"}],"curies":[{"name":"wp","href":"https:\/\/api.w.org\/{rel}","templated":true}]}}