{"id":6829,"date":"2022-12-16T16:41:05","date_gmt":"2022-12-16T19:41:05","guid":{"rendered":"https:\/\/portalmf.com.br\/?p=6829"},"modified":"2022-12-16T16:43:01","modified_gmt":"2022-12-16T19:43:01","slug":"governo-mantem-20-de-desconto-e-parcelamento-ampliado-para-ipva-2023","status":"publish","type":"post","link":"https:\/\/portalmf.com.br\/index.php\/2022\/12\/16\/governo-mantem-20-de-desconto-e-parcelamento-ampliado-para-ipva-2023\/","title":{"rendered":"Governo mant\u00e9m 20% de desconto e parcelamento ampliado para IPVA 2023"},"content":{"rendered":"\n<p>O Governo do Estado mant\u00e9m pelo segundo ano consecutivo o desconto de 20% para pagamento antecipado, at\u00e9 10 de fevereiro, do Imposto sobre Propriedade de Ve\u00edculos Automotores (IPVA). Tamb\u00e9m est\u00e3o mantidos o parcelamento do imposto em cinco vezes e o desconto de 10% para quem optar por quitar todo o valor devido no vencimento da primeira cota, data que varia de acordo com o n\u00famero final da placa do ve\u00edculo. A tabela 2023 do imposto, assim como todas as condi\u00e7\u00f5es de pagamento, ser\u00e3o publicadas na edi\u00e7\u00e3o deste fim de semana do Di\u00e1rio Oficial do Estado, em portaria da Secretaria da Fazenda do Estado (Sefaz-Ba). As informa\u00e7\u00f5es tamb\u00e9m est\u00e3o dispon\u00edveis no <a href=\"http:\/\/www.sefaz.ba.gov.br\/\">www.sefaz.ba.gov.br<\/a>.<\/p>\n\n\n\n<p>No final do ano passado, com o objetivo de proteger os propriet\u00e1rios de ve\u00edculos dos efeitos da infla\u00e7\u00e3o, o governador Rui Costa determinou que os percentuais de desconto fossem ampliados, e o n\u00famero de parcelas tamb\u00e9m aumentasse, melhorando consideravelmente as condi\u00e7\u00f5es dispon\u00edveis para o contribuinte. Antes desta decis\u00e3o, o desconto para quem quitava o IPVA em fevereiro era de 10%, e quem optava pela quita\u00e7\u00e3o no in\u00edcio do calend\u00e1rio fazia jus a 5%. O parcelamento tamb\u00e9m foi ampliado, j\u00e1 que tradicionalmente o contribuinte baiano podia parcelar o imposto em no m\u00e1ximo tr\u00eas vezes.<\/p>\n\n\n\n<p><em>\u201cMais uma vez, a decis\u00e3o do governador leva em considera\u00e7\u00e3o o cen\u00e1rio de persist\u00eancia da infla\u00e7\u00e3o para definir por melhores condi\u00e7\u00f5es de pagamento do imposto\u201d<\/em>, ressalta o secret\u00e1rio da Fazenda do Estado, Manoel Vit\u00f3rio.<br>O parcelamento em cinco vezes poder\u00e1 ser feito a partir de mar\u00e7o. Neste m\u00eas, tem in\u00edcio o calend\u00e1rio que fixa os prazos para in\u00edcio do pagamento parcelado conforme o n\u00famero final da placa do ve\u00edculo.<\/p>\n\n\n\n<p>De acordo com o fisco estadual, a frota tribut\u00e1vel da Bahia \u00e9 de cerca de 2,4 milh\u00f5es de ve\u00edculos. O o IPVA constitui a segunda fonte de arrecada\u00e7\u00e3o tribut\u00e1ria do Estado. O valor arrecadado com o imposto \u00e9 dividido meio a meio com o munic\u00edpio onde o ve\u00edculo foi emplacado.<\/p>\n\n\n\n<p><strong>Desconto de 10 % e parcelamento em cinco vezes<\/strong><\/p>\n\n\n\n<p>Al\u00e9m do desconto de 20%, \u00e9 poss\u00edvel quitar o imposto com 10% de desconto a partir de mar\u00e7o, obedecendo-se a cronograma que leva em conta o n\u00famero final da placa do ve\u00edculo. A quita\u00e7\u00e3o integral do IPVA com 10% de desconto pode ser feita na primeira cota do parcelamento, cuja data varia de acordo com o n\u00famero final da placa do ve\u00edculo.<\/p>\n\n\n\n<p>Parcelar o imposto em cinco vezes \u00e9 outra op\u00e7\u00e3o para os propriet\u00e1rios de ve\u00edculos, que s\u00f3 precisam observar a data de vencimento da primeira cota na tabela, de acordo com o n\u00famero final da placa. Para parcelar, \u00e9 preciso que o valor devido seja no m\u00ednimo R$ 120,00. Os d\u00e9bitos referentes \u00e0 taxa de licenciamento e \u00e0s multas de tr\u00e2nsito dever\u00e3o ser pagos at\u00e9 a data de vencimento da quinta parcela. O propriet\u00e1rio que perder o prazo da primeira cota deixa de ter direito ao parcelamento em cinco vezes.<\/p>\n\n\n\n<p><strong>Alertas do Detran<\/strong><\/p>\n\n\n\n<p>De acordo com o Departamento Estadual de Tr\u00e2nsito da Bahia (Detran-Ba), o contribuinte deve estar atento pois o licenciamento completo do ve\u00edculo engloba outros itens al\u00e9m do IPVA, ou seja, para o autom\u00f3vel estar regularizado \u00e9 necess\u00e1rio quitar tamb\u00e9m d\u00e9bitos do licenciamento anual e multas, se houver. O prazo para ficar em dia com a documenta\u00e7\u00e3o do ve\u00edculo termina na data do vencimento da quinta parcela do imposto.<\/p>\n\n\n\n<p>Outro alerta do Detran-Ba diz respeito \u00e0 emiss\u00e3o do Certificado de Registro e Licenciamento do Ve\u00edculo Eletr\u00f4nico (CRLV-e). O documento n\u00e3o \u00e9 mais enviado para o endere\u00e7o do contribuinte e deve ser impresso ou gerado arquivo digital, para ficar salvo no aparelho de celular ap\u00f3s o pagamento total do licenciamento, que inclui o IPVA, o licenciamento e poss\u00edveis multas. Ou seja, o cidad\u00e3o tem a op\u00e7\u00e3o de imprimir e guardar para quando precisar apresentar o documento, al\u00e9m de deixar o arquivo no celular.<\/p>\n\n\n\n<p><strong>Quita\u00e7\u00e3o antecipada bateu recorde em 2022<\/strong><\/p>\n\n\n\n<p>Atra\u00eddos pelo desconto de 20% para pagamento do IPVA 2022, um dos maiores do pa\u00eds, os contribuintes baianos correram para aproveitar a oportunidade at\u00e9 o prazo final e institu\u00edram novo recorde de quita\u00e7\u00e3o antecipada. O pagamento foi efetivado por 385,2 mil propriet\u00e1rios de ve\u00edculos, o que correspondeu a um aumento de nada menos que 122,7% em compara\u00e7\u00e3o com o total de 172,9 mil pagamentos registrados no mesmo per\u00edodo em 2021.<\/p>\n\n\n\n<p>De acordo com o diretor de Arrecada\u00e7\u00e3o da Sefaz-Ba, Augusto Guenem, este foi o maior volume de pagamentos j\u00e1 registrados at\u00e9 10 de fevereiro, data tradicional institu\u00edda pela Secretaria da Fazenda para vencimento da cota \u00fanica do IPVA.<\/p>\n\n\n\n<p><strong>Isen\u00e7\u00e3o e imunidade<\/strong><\/p>\n\n\n\n<p>Est\u00e3o isentos do pagamento do IPVA portadores de defici\u00eancia f\u00edsica, visual, mental e autistas. A isen\u00e7\u00e3o tamb\u00e9m contempla os ve\u00edculos de empresas concession\u00e1rias de servi\u00e7o p\u00fablico de transporte coletivo, aqueles com mais de 15 anos de fabrica\u00e7\u00e3o, ve\u00edculos terrestres com motor de pot\u00eancia inferior a 50 cilindradas e embarca\u00e7\u00f5es com motor de pot\u00eancia inferior a 25 HP.<\/p>\n\n\n\n<p>Constam ainda na faixa de isen\u00e7\u00e3o m\u00e1quinas agr\u00edcolas, t\u00e1xis de propriedade de motoristas profissionais aut\u00f4nomos e ve\u00edculos pertencentes a embaixadas, a representa\u00e7\u00f5es consulares, a funcion\u00e1rios de carreira diplom\u00e1tica e a pessoas jur\u00eddicas de direito privado institu\u00eddas pelo poder p\u00fablico estadual ou municipal.<\/p>\n\n\n\n<p>O IPVA tamb\u00e9m n\u00e3o \u00e9 devido pelos ve\u00edculos da Uni\u00e3o, dos Estados, do Distrito Federal, dos Munic\u00edpios, dos partidos pol\u00edticos, inclusive suas funda\u00e7\u00f5es, e das entidades sindicais, institui\u00e7\u00f5es de educa\u00e7\u00e3o ou assist\u00eancia social sem fins lucrativos e dos templos religiosos.<\/p>\n\n\n\n<figure class=\"wp-block-image size-full\"><img fetchpriority=\"high\" decoding=\"async\" width=\"738\" height=\"335\" src=\"https:\/\/portalmf.com.br\/wp-content\/uploads\/2022\/12\/WhatsApp-Image-2022-12-16-at-16.11.53.jpeg\" alt=\"\" class=\"wp-image-6832\" srcset=\"https:\/\/portalmf.com.br\/wp-content\/uploads\/2022\/12\/WhatsApp-Image-2022-12-16-at-16.11.53.jpeg 738w, https:\/\/portalmf.com.br\/wp-content\/uploads\/2022\/12\/WhatsApp-Image-2022-12-16-at-16.11.53-300x136.jpeg 300w, https:\/\/portalmf.com.br\/wp-content\/uploads\/2022\/12\/WhatsApp-Image-2022-12-16-at-16.11.53-585x266.jpeg 585w\" sizes=\"(max-width: 738px) 100vw, 738px\" \/><\/figure>\n","protected":false},"excerpt":{"rendered":"<p>O Governo do Estado mant\u00e9m pelo segundo ano consecutivo o desconto de 20% para pagamento antecipado, at\u00e9 10 de fevereiro, do Imposto sobre Propriedade de Ve\u00edculos Automotores (IPVA). Tamb\u00e9m est\u00e3o mantidos o parcelamento do imposto em cinco vezes e o desconto de 10% para quem optar por quitar todo o valor devido no vencimento da [&hellip;]<\/p>\n","protected":false},"author":3,"featured_media":6830,"comment_status":"open","ping_status":"open","sticky":false,"template":"","format":"standard","meta":{"_monsterinsights_skip_tracking":false,"_monsterinsights_sitenote_active":false,"_monsterinsights_sitenote_note":"","_monsterinsights_sitenote_category":0,"footnotes":""},"categories":[34],"tags":[],"yoast_head":"<!-- This site is optimized with the Yoast SEO plugin v22.9 - https:\/\/yoast.com\/wordpress\/plugins\/seo\/ -->\n<title>Governo mant\u00e9m 20% de desconto e parcelamento ampliado para IPVA 2023 - Portal MF<\/title>\n<meta name=\"robots\" content=\"index, follow, max-snippet:-1, max-image-preview:large, max-video-preview:-1\" \/>\n<link rel=\"canonical\" href=\"https:\/\/portalmf.com.br\/index.php\/2022\/12\/16\/governo-mantem-20-de-desconto-e-parcelamento-ampliado-para-ipva-2023\/\" \/>\n<meta property=\"og:locale\" content=\"pt_BR\" \/>\n<meta property=\"og:type\" content=\"article\" \/>\n<meta property=\"og:title\" content=\"Governo mant\u00e9m 20% de desconto e parcelamento ampliado para IPVA 2023 - Portal MF\" \/>\n<meta property=\"og:description\" content=\"O Governo do Estado mant\u00e9m pelo segundo ano consecutivo o desconto de 20% para pagamento antecipado, at\u00e9 10 de fevereiro, do Imposto sobre Propriedade de Ve\u00edculos Automotores (IPVA). Tamb\u00e9m est\u00e3o mantidos o parcelamento do imposto em cinco vezes e o desconto de 10% para quem optar por quitar todo o valor devido no vencimento da [&hellip;]\" \/>\n<meta property=\"og:url\" content=\"https:\/\/portalmf.com.br\/index.php\/2022\/12\/16\/governo-mantem-20-de-desconto-e-parcelamento-ampliado-para-ipva-2023\/\" \/>\n<meta property=\"og:site_name\" content=\"Portal MF\" \/>\n<meta property=\"article:author\" content=\"https:\/\/www.facebook.com\/portalmfoficial\" \/>\n<meta property=\"article:published_time\" content=\"2022-12-16T19:41:05+00:00\" \/>\n<meta property=\"article:modified_time\" content=\"2022-12-16T19:43:01+00:00\" \/>\n<meta property=\"og:image\" content=\"https:\/\/portalmf.com.br\/wp-content\/uploads\/2022\/12\/n_45447_5346b5c4f02edb816860d9ade175e863.jpg\" \/>\n\t<meta property=\"og:image:width\" content=\"870\" \/>\n\t<meta property=\"og:image:height\" content=\"450\" \/>\n\t<meta property=\"og:image:type\" content=\"image\/jpeg\" \/>\n<meta name=\"author\" content=\"Reda\u00e7\u00e3o Portal MF\" \/>\n<meta name=\"twitter:card\" content=\"summary_large_image\" \/>\n<meta name=\"twitter:creator\" content=\"@https:\/\/x.com\/portalmfoficial\" \/>\n<meta name=\"twitter:label1\" content=\"Escrito por\" \/>\n\t<meta name=\"twitter:data1\" content=\"Reda\u00e7\u00e3o Portal MF\" \/>\n\t<meta name=\"twitter:label2\" content=\"Est. tempo de leitura\" \/>\n\t<meta name=\"twitter:data2\" content=\"6 minutos\" \/>\n<script type=\"application\/ld+json\" class=\"yoast-schema-graph\">{\"@context\":\"https:\/\/schema.org\",\"@graph\":[{\"@type\":\"WebPage\",\"@id\":\"https:\/\/portalmf.com.br\/index.php\/2022\/12\/16\/governo-mantem-20-de-desconto-e-parcelamento-ampliado-para-ipva-2023\/\",\"url\":\"https:\/\/portalmf.com.br\/index.php\/2022\/12\/16\/governo-mantem-20-de-desconto-e-parcelamento-ampliado-para-ipva-2023\/\",\"name\":\"Governo mant\u00e9m 20% de desconto e parcelamento ampliado para IPVA 2023 - Portal MF\",\"isPartOf\":{\"@id\":\"https:\/\/portalmf.com.br\/#website\"},\"primaryImageOfPage\":{\"@id\":\"https:\/\/portalmf.com.br\/index.php\/2022\/12\/16\/governo-mantem-20-de-desconto-e-parcelamento-ampliado-para-ipva-2023\/#primaryimage\"},\"image\":{\"@id\":\"https:\/\/portalmf.com.br\/index.php\/2022\/12\/16\/governo-mantem-20-de-desconto-e-parcelamento-ampliado-para-ipva-2023\/#primaryimage\"},\"thumbnailUrl\":\"https:\/\/portalmf.com.br\/wp-content\/uploads\/2022\/12\/n_45447_5346b5c4f02edb816860d9ade175e863.jpg\",\"datePublished\":\"2022-12-16T19:41:05+00:00\",\"dateModified\":\"2022-12-16T19:43:01+00:00\",\"author\":{\"@id\":\"https:\/\/portalmf.com.br\/#\/schema\/person\/9ec101baf56233e53520c26de5d6f6f0\"},\"breadcrumb\":{\"@id\":\"https:\/\/portalmf.com.br\/index.php\/2022\/12\/16\/governo-mantem-20-de-desconto-e-parcelamento-ampliado-para-ipva-2023\/#breadcrumb\"},\"inLanguage\":\"pt-BR\",\"potentialAction\":[{\"@type\":\"ReadAction\",\"target\":[\"https:\/\/portalmf.com.br\/index.php\/2022\/12\/16\/governo-mantem-20-de-desconto-e-parcelamento-ampliado-para-ipva-2023\/\"]}]},{\"@type\":\"ImageObject\",\"inLanguage\":\"pt-BR\",\"@id\":\"https:\/\/portalmf.com.br\/index.php\/2022\/12\/16\/governo-mantem-20-de-desconto-e-parcelamento-ampliado-para-ipva-2023\/#primaryimage\",\"url\":\"https:\/\/portalmf.com.br\/wp-content\/uploads\/2022\/12\/n_45447_5346b5c4f02edb816860d9ade175e863.jpg\",\"contentUrl\":\"https:\/\/portalmf.com.br\/wp-content\/uploads\/2022\/12\/n_45447_5346b5c4f02edb816860d9ade175e863.jpg\",\"width\":870,\"height\":450},{\"@type\":\"BreadcrumbList\",\"@id\":\"https:\/\/portalmf.com.br\/index.php\/2022\/12\/16\/governo-mantem-20-de-desconto-e-parcelamento-ampliado-para-ipva-2023\/#breadcrumb\",\"itemListElement\":[{\"@type\":\"ListItem\",\"position\":1,\"name\":\"In\u00edcio\",\"item\":\"https:\/\/portalmf.com.br\/\"},{\"@type\":\"ListItem\",\"position\":2,\"name\":\"Governo mant\u00e9m 20% de desconto e parcelamento ampliado para IPVA 2023\"}]},{\"@type\":\"WebSite\",\"@id\":\"https:\/\/portalmf.com.br\/#website\",\"url\":\"https:\/\/portalmf.com.br\/\",\"name\":\"Portal MF\",\"description\":\"Voc\u00ea conectado com a informa\u00e7\u00e3o\",\"potentialAction\":[{\"@type\":\"SearchAction\",\"target\":{\"@type\":\"EntryPoint\",\"urlTemplate\":\"https:\/\/portalmf.com.br\/?s={search_term_string}\"},\"query-input\":\"required name=search_term_string\"}],\"inLanguage\":\"pt-BR\"},{\"@type\":\"Person\",\"@id\":\"https:\/\/portalmf.com.br\/#\/schema\/person\/9ec101baf56233e53520c26de5d6f6f0\",\"name\":\"Reda\u00e7\u00e3o Portal MF\",\"image\":{\"@type\":\"ImageObject\",\"inLanguage\":\"pt-BR\",\"@id\":\"https:\/\/portalmf.com.br\/#\/schema\/person\/image\/\",\"url\":\"https:\/\/secure.gravatar.com\/avatar\/41b9aaeb2100835f7c64362330f74c7f?s=96&d=mm&r=g\",\"contentUrl\":\"https:\/\/secure.gravatar.com\/avatar\/41b9aaeb2100835f7c64362330f74c7f?s=96&d=mm&r=g\",\"caption\":\"Reda\u00e7\u00e3o Portal MF\"},\"description\":\"Sejam bem-vindos o portal de informa\u00e7\u00f5es de entretenimento de Feira de Santana, desde 2006 realiza coberturas dos principais eventos com entrevistas exclusivas com as principais personalidades mundiais. Fique conectado tamb\u00e9m nas redes sociais.\",\"sameAs\":[\"http:\/\/www.portalmf.com.br\/\",\"https:\/\/www.facebook.com\/portalmfoficial\",\"https:\/\/www.instagram.com\/portalmf\/\",\"https:\/\/x.com\/https:\/\/x.com\/portalmfoficial\",\"https:\/\/www.youtube.com\/@portalmfoficial\"],\"url\":\"https:\/\/portalmf.com.br\/index.php\/author\/junior\/\"}]}<\/script>\n<!-- \/ Yoast SEO plugin. -->","yoast_head_json":{"title":"Governo mant\u00e9m 20% de desconto e parcelamento ampliado para IPVA 2023 - Portal MF","robots":{"index":"index","follow":"follow","max-snippet":"max-snippet:-1","max-image-preview":"max-image-preview:large","max-video-preview":"max-video-preview:-1"},"canonical":"https:\/\/portalmf.com.br\/index.php\/2022\/12\/16\/governo-mantem-20-de-desconto-e-parcelamento-ampliado-para-ipva-2023\/","og_locale":"pt_BR","og_type":"article","og_title":"Governo mant\u00e9m 20% de desconto e parcelamento ampliado para IPVA 2023 - Portal MF","og_description":"O Governo do Estado mant\u00e9m pelo segundo ano consecutivo o desconto de 20% para pagamento antecipado, at\u00e9 10 de fevereiro, do Imposto sobre Propriedade de Ve\u00edculos Automotores (IPVA). Tamb\u00e9m est\u00e3o mantidos o parcelamento do imposto em cinco vezes e o desconto de 10% para quem optar por quitar todo o valor devido no vencimento da [&hellip;]","og_url":"https:\/\/portalmf.com.br\/index.php\/2022\/12\/16\/governo-mantem-20-de-desconto-e-parcelamento-ampliado-para-ipva-2023\/","og_site_name":"Portal MF","article_author":"https:\/\/www.facebook.com\/portalmfoficial","article_published_time":"2022-12-16T19:41:05+00:00","article_modified_time":"2022-12-16T19:43:01+00:00","og_image":[{"width":870,"height":450,"url":"https:\/\/portalmf.com.br\/wp-content\/uploads\/2022\/12\/n_45447_5346b5c4f02edb816860d9ade175e863.jpg","type":"image\/jpeg"}],"author":"Reda\u00e7\u00e3o Portal MF","twitter_card":"summary_large_image","twitter_creator":"@https:\/\/x.com\/portalmfoficial","twitter_misc":{"Escrito por":"Reda\u00e7\u00e3o Portal MF","Est. tempo de leitura":"6 minutos"},"schema":{"@context":"https:\/\/schema.org","@graph":[{"@type":"WebPage","@id":"https:\/\/portalmf.com.br\/index.php\/2022\/12\/16\/governo-mantem-20-de-desconto-e-parcelamento-ampliado-para-ipva-2023\/","url":"https:\/\/portalmf.com.br\/index.php\/2022\/12\/16\/governo-mantem-20-de-desconto-e-parcelamento-ampliado-para-ipva-2023\/","name":"Governo mant\u00e9m 20% de desconto e parcelamento ampliado para IPVA 2023 - Portal MF","isPartOf":{"@id":"https:\/\/portalmf.com.br\/#website"},"primaryImageOfPage":{"@id":"https:\/\/portalmf.com.br\/index.php\/2022\/12\/16\/governo-mantem-20-de-desconto-e-parcelamento-ampliado-para-ipva-2023\/#primaryimage"},"image":{"@id":"https:\/\/portalmf.com.br\/index.php\/2022\/12\/16\/governo-mantem-20-de-desconto-e-parcelamento-ampliado-para-ipva-2023\/#primaryimage"},"thumbnailUrl":"https:\/\/portalmf.com.br\/wp-content\/uploads\/2022\/12\/n_45447_5346b5c4f02edb816860d9ade175e863.jpg","datePublished":"2022-12-16T19:41:05+00:00","dateModified":"2022-12-16T19:43:01+00:00","author":{"@id":"https:\/\/portalmf.com.br\/#\/schema\/person\/9ec101baf56233e53520c26de5d6f6f0"},"breadcrumb":{"@id":"https:\/\/portalmf.com.br\/index.php\/2022\/12\/16\/governo-mantem-20-de-desconto-e-parcelamento-ampliado-para-ipva-2023\/#breadcrumb"},"inLanguage":"pt-BR","potentialAction":[{"@type":"ReadAction","target":["https:\/\/portalmf.com.br\/index.php\/2022\/12\/16\/governo-mantem-20-de-desconto-e-parcelamento-ampliado-para-ipva-2023\/"]}]},{"@type":"ImageObject","inLanguage":"pt-BR","@id":"https:\/\/portalmf.com.br\/index.php\/2022\/12\/16\/governo-mantem-20-de-desconto-e-parcelamento-ampliado-para-ipva-2023\/#primaryimage","url":"https:\/\/portalmf.com.br\/wp-content\/uploads\/2022\/12\/n_45447_5346b5c4f02edb816860d9ade175e863.jpg","contentUrl":"https:\/\/portalmf.com.br\/wp-content\/uploads\/2022\/12\/n_45447_5346b5c4f02edb816860d9ade175e863.jpg","width":870,"height":450},{"@type":"BreadcrumbList","@id":"https:\/\/portalmf.com.br\/index.php\/2022\/12\/16\/governo-mantem-20-de-desconto-e-parcelamento-ampliado-para-ipva-2023\/#breadcrumb","itemListElement":[{"@type":"ListItem","position":1,"name":"In\u00edcio","item":"https:\/\/portalmf.com.br\/"},{"@type":"ListItem","position":2,"name":"Governo mant\u00e9m 20% de desconto e parcelamento ampliado para IPVA 2023"}]},{"@type":"WebSite","@id":"https:\/\/portalmf.com.br\/#website","url":"https:\/\/portalmf.com.br\/","name":"Portal MF","description":"Voc\u00ea conectado com a informa\u00e7\u00e3o","potentialAction":[{"@type":"SearchAction","target":{"@type":"EntryPoint","urlTemplate":"https:\/\/portalmf.com.br\/?s={search_term_string}"},"query-input":"required name=search_term_string"}],"inLanguage":"pt-BR"},{"@type":"Person","@id":"https:\/\/portalmf.com.br\/#\/schema\/person\/9ec101baf56233e53520c26de5d6f6f0","name":"Reda\u00e7\u00e3o Portal MF","image":{"@type":"ImageObject","inLanguage":"pt-BR","@id":"https:\/\/portalmf.com.br\/#\/schema\/person\/image\/","url":"https:\/\/secure.gravatar.com\/avatar\/41b9aaeb2100835f7c64362330f74c7f?s=96&d=mm&r=g","contentUrl":"https:\/\/secure.gravatar.com\/avatar\/41b9aaeb2100835f7c64362330f74c7f?s=96&d=mm&r=g","caption":"Reda\u00e7\u00e3o Portal MF"},"description":"Sejam bem-vindos o portal de informa\u00e7\u00f5es de entretenimento de Feira de Santana, desde 2006 realiza coberturas dos principais eventos com entrevistas exclusivas com as principais personalidades mundiais. Fique conectado tamb\u00e9m nas redes sociais.","sameAs":["http:\/\/www.portalmf.com.br\/","https:\/\/www.facebook.com\/portalmfoficial","https:\/\/www.instagram.com\/portalmf\/","https:\/\/x.com\/https:\/\/x.com\/portalmfoficial","https:\/\/www.youtube.com\/@portalmfoficial"],"url":"https:\/\/portalmf.com.br\/index.php\/author\/junior\/"}]}},"_links":{"self":[{"href":"https:\/\/portalmf.com.br\/index.php\/wp-json\/wp\/v2\/posts\/6829"}],"collection":[{"href":"https:\/\/portalmf.com.br\/index.php\/wp-json\/wp\/v2\/posts"}],"about":[{"href":"https:\/\/portalmf.com.br\/index.php\/wp-json\/wp\/v2\/types\/post"}],"author":[{"embeddable":true,"href":"https:\/\/portalmf.com.br\/index.php\/wp-json\/wp\/v2\/users\/3"}],"replies":[{"embeddable":true,"href":"https:\/\/portalmf.com.br\/index.php\/wp-json\/wp\/v2\/comments?post=6829"}],"version-history":[{"count":2,"href":"https:\/\/portalmf.com.br\/index.php\/wp-json\/wp\/v2\/posts\/6829\/revisions"}],"predecessor-version":[{"id":6833,"href":"https:\/\/portalmf.com.br\/index.php\/wp-json\/wp\/v2\/posts\/6829\/revisions\/6833"}],"wp:featuredmedia":[{"embeddable":true,"href":"https:\/\/portalmf.com.br\/index.php\/wp-json\/wp\/v2\/media\/6830"}],"wp:attachment":[{"href":"https:\/\/portalmf.com.br\/index.php\/wp-json\/wp\/v2\/media?parent=6829"}],"wp:term":[{"taxonomy":"category","embeddable":true,"href":"https:\/\/portalmf.com.br\/index.php\/wp-json\/wp\/v2\/categories?post=6829"},{"taxonomy":"post_tag","embeddable":true,"href":"https:\/\/portalmf.com.br\/index.php\/wp-json\/wp\/v2\/tags?post=6829"}],"curies":[{"name":"wp","href":"https:\/\/api.w.org\/{rel}","templated":true}]}}