{"id":6826,"date":"2022-12-16T16:36:58","date_gmt":"2022-12-16T19:36:58","guid":{"rendered":"https:\/\/portalmf.com.br\/?p=6826"},"modified":"2022-12-16T16:36:59","modified_gmt":"2022-12-16T19:36:59","slug":"autora-diretor-e-elenco-de-vai-na-fe-falam-sobre-a-construcao-da-trama","status":"publish","type":"post","link":"https:\/\/portalmf.com.br\/index.php\/2022\/12\/16\/autora-diretor-e-elenco-de-vai-na-fe-falam-sobre-a-construcao-da-trama\/","title":{"rendered":"Autora, diretor e elenco de Vai na F\u00e9 falam sobre a constru\u00e7\u00e3o da trama"},"content":{"rendered":"\n<p>Falta pouco para a estreia de \u2018Vai a F\u00e9\u2019, a pr\u00f3xima novela das sete da TV Globo. Criada e escrita por Rosane Svartman, com dire\u00e7\u00e3o art\u00edstica de Paulo Silvestrini, a obra com estreia prevista para janeiro re\u00fane hist\u00f3rias cheias de humor, romance, conflitos e trata de temas contempor\u00e2neos que atravessam a vida de todos os personagens. \u201cEu aprendi ao longo do caminho que a gente pode falar de qualquer assunto, a quest\u00e3o \u00e9 como\u201d, acredita Rosane. A abordagem de temas atuais e relevantes \u00e9 uma marca das obras da autora, que estreia sua terceira&nbsp; novela na faixa das sete. \u201cNeste hor\u00e1rio, a gente consegue misturar bem a leveza e humor com emo\u00e7\u00e3o. As pessoas assistem \u00e0 novela pra relaxar, mas tamb\u00e9m para refletir sobre seu dia a dia, sobre quest\u00f5es da sociedade\u201d, reflete a autora.&nbsp;<\/p>\n\n\n\n<p>Paulo Silvestrini destaca o desejo de construir personagens com os quais o p\u00fablico possa se identificar. \u201cUma coisa que vale a pena sempre lembrar \u00e9 que a realidade \u00e9 a nossa inspira\u00e7\u00e3o, mas a gente faz fic\u00e7\u00e3o. Nossos universos s\u00e3o inventados, a gente quer que as pessoas se identifiquem com os personagens t\u00e3o brilhantes. Um compromisso nosso \u00e9 tratar sempre todos os temas com respeito e delicadeza\u201d. Sobre a religi\u00e3o ser um dos temas da novela, Rosane Svartman comenta: &#8220;em uma pesquisa que tive acesso, vi que quase 100% dos brasileiros falam sobre ter f\u00e9, e por volta de 90% diz ter uma religi\u00e3o. N\u00e3o seria estranho, portanto, que isso fosse uma caracter\u00edstica dos personagens. Apesar da religiosidade n\u00e3o ser um pilar da novela, ela \u00e9 relevante porque \u00e9 um dado importante para os brasileiros. \u00c9 dessa forma que ela aparece na novela, na constru\u00e7\u00e3o dos personagens&#8221;.&nbsp;<\/p>\n\n\n\n<p>As grava\u00e7\u00f5es da novela iniciaram em outubro,&nbsp; e antes disso o elenco se viu envolto com as prepara\u00e7\u00f5es. Sheron Menezzes, protagonista da trama na pele de Sol, conta sobre os desafios para dar vida \u00e0 personagem. \u201cMinha prepara\u00e7\u00e3o foi muito gostosa, com aulas de canto e dan\u00e7a, que s\u00e3o coisas que eu amo fazer, mas que morro de vergonha. Vim de um outro trabalho que coincidentemente tive de cantar e dan\u00e7ar tamb\u00e9m, passar essa vergonha (risos). Outro ritmo, mas tive que passar. Eu adoro isso! Tenho me descoberto e entendido que eu consigo fazer. Cada cena \u00e9 passar por cima de algo que mexe comigo, desejos e vontades, que eu n\u00e3o conseguia fazer e agora consigo por causa do trabalho\u201d. Na trama, Sol \u00e9 convidada para ser backing vocal de Lui Lorenzo, cantor pop vivido por Jos\u00e9 Loreto.&nbsp;<\/p>\n\n\n\n<p>Parceira de Sheron Menezzes em cena, Carla Cristina Cardoso acredita que muitas mulheres v\u00e3o se identificar com Bruna, melhor amiga e vizinha de Sol em Piedade. \u201cA Bruna \u00e9 uma t\u00edpica mulher brasileira. Eu tenho Brunas na fam\u00edlia, minha m\u00e3e foi uma Bruna. As mulheres v\u00e3o se identificar e eu acho que \u00e9 uma forma delas terem mais esperan\u00e7a. Bruna \u00e9 resist\u00eancia, uma mulher suburbana. A uni\u00e3o das amigas \u00e9 t\u00e3o grande que at\u00e9 a gravidez foi pr\u00f3xima, as duas engravidaram na adolesc\u00eancia\u201d.<\/p>\n\n\n\n<p>J\u00e1 Carolina Dieckmann conta sobre o que a motivou a aceitar o convite para viver Lumiar. &#8220;A possibilidade de fazer esse trabalho me encantou desde a primeira conversa com o Paulo (Silvestrini). Por v\u00e1rios motivos. Primeiro, pelas sincronicidades com a minha vida. O marido da Lumiar quer tirar um ano sab\u00e1tico, o Tiago, meu marido, tinha acabado de tirar um ano sab\u00e1tico. N\u00e3o \u00e9 uma coisa comum, ent\u00e3o isso j\u00e1 gerou uma sensa\u00e7\u00e3o em mim. Depois, veio a quest\u00e3o de ela n\u00e3o querer ser m\u00e3e, o que sente uma mulher que n\u00e3o quer ser m\u00e3e? Eu sempre tive a maternidade muito aflorada. Isso foi um outro ponto que me chamou aten\u00e7\u00e3o. E, depois, com a conversa j\u00e1 avan\u00e7ada, veio a situa\u00e7\u00e3o da m\u00e3e da Lumiar, que vai passar por algumas quest\u00f5es. Eu perdi a minha m\u00e3e e tive processos muito ricos, emocionais. Ent\u00e3o, a novela apareceu como uma medida certa de assuntos que eu queria tocar e poder falar atrav\u00e9s da minha profiss\u00e3o\u201d, conta Carolina.<\/p>\n\n\n\n<p>Na trama, Samuel de Assis ser\u00e1 Ben, que junto com Lumiar constr\u00f3i uma carreira de sucesso como advogado. Um universo novo para o ator. \u201cBen \u00e9 um cara demais! Um advogado muito bem sucedido, mas que est\u00e1 cansado de defender os clientes que tem, por isso quer tirar ano sab\u00e1tico. A prepara\u00e7\u00e3o foi bem diferente de tudo o que j\u00e1 fiz. O Ben tem me ensinado muita coisa, a ser mais sereno, a ter uma calma e um ritmo que eu n\u00e3o tenho. Vi bastante v\u00eddeos e conversei com amigos advogados para buscar a naturalidade para falar os termos t\u00e9cnicos.\u201d, conta Samuel.&nbsp;<\/p>\n\n\n\n<p>Elisa Lucinda, que viver\u00e1 Marlene, m\u00e3e de Sol na trama, comemora o momento na TV Globo, \u201cEstou fazendo esse trabalho na TV Globo, onde tenho uma trajet\u00f3ria, em uma hora \u00f3tima. Teve momentos na prepara\u00e7\u00e3o que eu chorei muito de ver aquele monte de gente preta competente no seu lugar, respeitada.\u201d, destaca a atriz. \u201cO que mais me faz feliz, como atriz, foi terem me convidado para fazer uma matriarca, uma mulher de f\u00e9, que ama as netas, a fam\u00edlia, que trabalha&#8230; Eu gosto do respeito do convite para fazer o arco dram\u00e1tico dela, que \u00e9 muito interessante\u201d, completa.<\/p>\n\n\n\n<p>De volta \u00e0s novelas ap\u00f3s tr\u00eas anos, Claudia Ohana fala sobre a satisfa\u00e7\u00e3o dessa retomada. \u201cA \u00faltima novela que fiz foi \u2018Ver\u00e3o 90\u2019, em 2019. Com a pandemia, fiquei afastada do mundo, ent\u00e3o, \u00e9 uma volta \u00e0 vida. Voltar \u00e0 rotina d\u00e1 a sensa\u00e7\u00e3o de que o mundo est\u00e1 voltando ao normal. E sempre \u00e9 um prazer trabalhar com as pessoas que voc\u00ea gosta. Est\u00e1 sendo muito bom\u201d.<\/p>\n\n\n\n<p>Com estreia prevista para janeiro, \u2018Vai na F\u00e9&#8217; \u00e9 uma novela criada e escrita por Rosane Svartman, com dire\u00e7\u00e3o art\u00edstica de Paulo Silvestrini. A dire\u00e7\u00e3o geral \u00e9 de Cristiano Marques e a dire\u00e7\u00e3o \u00e9 de Isabella Teixeira, Juh Morais, Augusto Lana e Matheus Senra. A obra \u00e9 escrita com M\u00e1rio Viana, Pedro Alvarenga, Renata Corr\u00eaa, Renata Sofia, Sabrina Rosa e Fabricio Santiago. A produ\u00e7\u00e3o \u00e9 de Mariana Pinheiro e a dire\u00e7\u00e3o de g\u00eanero \u00e9 de Jos\u00e9 Luiz Villamarim.<\/p>\n","protected":false},"excerpt":{"rendered":"<p>Falta pouco para a estreia de \u2018Vai a F\u00e9\u2019, a pr\u00f3xima novela das sete da TV Globo. Criada e escrita por Rosane Svartman, com dire\u00e7\u00e3o art\u00edstica de Paulo Silvestrini, a obra com estreia prevista para janeiro re\u00fane hist\u00f3rias cheias de humor, romance, conflitos e trata de temas contempor\u00e2neos que atravessam a vida de todos os [&hellip;]<\/p>\n","protected":false},"author":3,"featured_media":6827,"comment_status":"open","ping_status":"open","sticky":false,"template":"","format":"standard","meta":{"_monsterinsights_skip_tracking":false,"_monsterinsights_sitenote_active":false,"_monsterinsights_sitenote_note":"","_monsterinsights_sitenote_category":0,"footnotes":""},"categories":[48,43],"tags":[],"yoast_head":"<!-- This site is optimized with the Yoast SEO plugin v22.9 - https:\/\/yoast.com\/wordpress\/plugins\/seo\/ -->\n<title>Autora, diretor e elenco de Vai na F\u00e9 falam sobre a constru\u00e7\u00e3o da trama - Portal MF<\/title>\n<meta name=\"robots\" content=\"index, follow, max-snippet:-1, max-image-preview:large, max-video-preview:-1\" \/>\n<link rel=\"canonical\" href=\"https:\/\/portalmf.com.br\/index.php\/2022\/12\/16\/autora-diretor-e-elenco-de-vai-na-fe-falam-sobre-a-construcao-da-trama\/\" \/>\n<meta property=\"og:locale\" content=\"pt_BR\" \/>\n<meta property=\"og:type\" content=\"article\" \/>\n<meta property=\"og:title\" content=\"Autora, diretor e elenco de Vai na F\u00e9 falam sobre a constru\u00e7\u00e3o da trama - Portal MF\" \/>\n<meta property=\"og:description\" content=\"Falta pouco para a estreia de \u2018Vai a F\u00e9\u2019, a pr\u00f3xima novela das sete da TV Globo. Criada e escrita por Rosane Svartman, com dire\u00e7\u00e3o art\u00edstica de Paulo Silvestrini, a obra com estreia prevista para janeiro re\u00fane hist\u00f3rias cheias de humor, romance, conflitos e trata de temas contempor\u00e2neos que atravessam a vida de todos os [&hellip;]\" \/>\n<meta property=\"og:url\" content=\"https:\/\/portalmf.com.br\/index.php\/2022\/12\/16\/autora-diretor-e-elenco-de-vai-na-fe-falam-sobre-a-construcao-da-trama\/\" \/>\n<meta property=\"og:site_name\" content=\"Portal MF\" \/>\n<meta property=\"article:author\" content=\"https:\/\/www.facebook.com\/portalmfoficial\" \/>\n<meta property=\"article:published_time\" content=\"2022-12-16T19:36:58+00:00\" \/>\n<meta property=\"article:modified_time\" content=\"2022-12-16T19:36:59+00:00\" \/>\n<meta property=\"og:image\" content=\"https:\/\/portalmf.com.br\/wp-content\/uploads\/2022\/12\/assets_fotos_1049_autora-diretor-e-elenco-da-proxima-novela-das-sete-falam-sobre-a-construcao-da-trama-e-relacao-com-seus-personagens-4b90191fa14c.jpg\" \/>\n\t<meta property=\"og:image:width\" content=\"2362\" \/>\n\t<meta property=\"og:image:height\" content=\"1576\" \/>\n\t<meta property=\"og:image:type\" content=\"image\/jpeg\" \/>\n<meta name=\"author\" content=\"Reda\u00e7\u00e3o Portal MF\" \/>\n<meta name=\"twitter:card\" content=\"summary_large_image\" \/>\n<meta name=\"twitter:creator\" content=\"@https:\/\/x.com\/portalmfoficial\" \/>\n<meta name=\"twitter:label1\" content=\"Escrito por\" \/>\n\t<meta name=\"twitter:data1\" content=\"Reda\u00e7\u00e3o Portal MF\" \/>\n\t<meta name=\"twitter:label2\" content=\"Est. tempo de leitura\" \/>\n\t<meta name=\"twitter:data2\" content=\"6 minutos\" \/>\n<script type=\"application\/ld+json\" class=\"yoast-schema-graph\">{\"@context\":\"https:\/\/schema.org\",\"@graph\":[{\"@type\":\"WebPage\",\"@id\":\"https:\/\/portalmf.com.br\/index.php\/2022\/12\/16\/autora-diretor-e-elenco-de-vai-na-fe-falam-sobre-a-construcao-da-trama\/\",\"url\":\"https:\/\/portalmf.com.br\/index.php\/2022\/12\/16\/autora-diretor-e-elenco-de-vai-na-fe-falam-sobre-a-construcao-da-trama\/\",\"name\":\"Autora, diretor e elenco de Vai na F\u00e9 falam sobre a constru\u00e7\u00e3o da trama - Portal MF\",\"isPartOf\":{\"@id\":\"https:\/\/portalmf.com.br\/#website\"},\"primaryImageOfPage\":{\"@id\":\"https:\/\/portalmf.com.br\/index.php\/2022\/12\/16\/autora-diretor-e-elenco-de-vai-na-fe-falam-sobre-a-construcao-da-trama\/#primaryimage\"},\"image\":{\"@id\":\"https:\/\/portalmf.com.br\/index.php\/2022\/12\/16\/autora-diretor-e-elenco-de-vai-na-fe-falam-sobre-a-construcao-da-trama\/#primaryimage\"},\"thumbnailUrl\":\"https:\/\/portalmf.com.br\/wp-content\/uploads\/2022\/12\/assets_fotos_1049_autora-diretor-e-elenco-da-proxima-novela-das-sete-falam-sobre-a-construcao-da-trama-e-relacao-com-seus-personagens-4b90191fa14c.jpg\",\"datePublished\":\"2022-12-16T19:36:58+00:00\",\"dateModified\":\"2022-12-16T19:36:59+00:00\",\"author\":{\"@id\":\"https:\/\/portalmf.com.br\/#\/schema\/person\/9ec101baf56233e53520c26de5d6f6f0\"},\"breadcrumb\":{\"@id\":\"https:\/\/portalmf.com.br\/index.php\/2022\/12\/16\/autora-diretor-e-elenco-de-vai-na-fe-falam-sobre-a-construcao-da-trama\/#breadcrumb\"},\"inLanguage\":\"pt-BR\",\"potentialAction\":[{\"@type\":\"ReadAction\",\"target\":[\"https:\/\/portalmf.com.br\/index.php\/2022\/12\/16\/autora-diretor-e-elenco-de-vai-na-fe-falam-sobre-a-construcao-da-trama\/\"]}]},{\"@type\":\"ImageObject\",\"inLanguage\":\"pt-BR\",\"@id\":\"https:\/\/portalmf.com.br\/index.php\/2022\/12\/16\/autora-diretor-e-elenco-de-vai-na-fe-falam-sobre-a-construcao-da-trama\/#primaryimage\",\"url\":\"https:\/\/portalmf.com.br\/wp-content\/uploads\/2022\/12\/assets_fotos_1049_autora-diretor-e-elenco-da-proxima-novela-das-sete-falam-sobre-a-construcao-da-trama-e-relacao-com-seus-personagens-4b90191fa14c.jpg\",\"contentUrl\":\"https:\/\/portalmf.com.br\/wp-content\/uploads\/2022\/12\/assets_fotos_1049_autora-diretor-e-elenco-da-proxima-novela-das-sete-falam-sobre-a-construcao-da-trama-e-relacao-com-seus-personagens-4b90191fa14c.jpg\",\"width\":2362,\"height\":1576,\"caption\":\"Foto: Globo\/Jo\u00e3o Miguel J\u00fanior\"},{\"@type\":\"BreadcrumbList\",\"@id\":\"https:\/\/portalmf.com.br\/index.php\/2022\/12\/16\/autora-diretor-e-elenco-de-vai-na-fe-falam-sobre-a-construcao-da-trama\/#breadcrumb\",\"itemListElement\":[{\"@type\":\"ListItem\",\"position\":1,\"name\":\"In\u00edcio\",\"item\":\"https:\/\/portalmf.com.br\/\"},{\"@type\":\"ListItem\",\"position\":2,\"name\":\"Autora, diretor e elenco de Vai na F\u00e9 falam sobre a constru\u00e7\u00e3o da trama\"}]},{\"@type\":\"WebSite\",\"@id\":\"https:\/\/portalmf.com.br\/#website\",\"url\":\"https:\/\/portalmf.com.br\/\",\"name\":\"Portal MF\",\"description\":\"Voc\u00ea conectado com a informa\u00e7\u00e3o\",\"potentialAction\":[{\"@type\":\"SearchAction\",\"target\":{\"@type\":\"EntryPoint\",\"urlTemplate\":\"https:\/\/portalmf.com.br\/?s={search_term_string}\"},\"query-input\":\"required name=search_term_string\"}],\"inLanguage\":\"pt-BR\"},{\"@type\":\"Person\",\"@id\":\"https:\/\/portalmf.com.br\/#\/schema\/person\/9ec101baf56233e53520c26de5d6f6f0\",\"name\":\"Reda\u00e7\u00e3o Portal MF\",\"image\":{\"@type\":\"ImageObject\",\"inLanguage\":\"pt-BR\",\"@id\":\"https:\/\/portalmf.com.br\/#\/schema\/person\/image\/\",\"url\":\"https:\/\/secure.gravatar.com\/avatar\/41b9aaeb2100835f7c64362330f74c7f?s=96&d=mm&r=g\",\"contentUrl\":\"https:\/\/secure.gravatar.com\/avatar\/41b9aaeb2100835f7c64362330f74c7f?s=96&d=mm&r=g\",\"caption\":\"Reda\u00e7\u00e3o Portal MF\"},\"description\":\"Sejam bem-vindos o portal de informa\u00e7\u00f5es de entretenimento de Feira de Santana, desde 2006 realiza coberturas dos principais eventos com entrevistas exclusivas com as principais personalidades mundiais. Fique conectado tamb\u00e9m nas redes sociais.\",\"sameAs\":[\"http:\/\/www.portalmf.com.br\/\",\"https:\/\/www.facebook.com\/portalmfoficial\",\"https:\/\/www.instagram.com\/portalmf\/\",\"https:\/\/x.com\/https:\/\/x.com\/portalmfoficial\",\"https:\/\/www.youtube.com\/@portalmfoficial\"],\"url\":\"https:\/\/portalmf.com.br\/index.php\/author\/junior\/\"}]}<\/script>\n<!-- \/ Yoast SEO plugin. -->","yoast_head_json":{"title":"Autora, diretor e elenco de Vai na F\u00e9 falam sobre a constru\u00e7\u00e3o da trama - Portal MF","robots":{"index":"index","follow":"follow","max-snippet":"max-snippet:-1","max-image-preview":"max-image-preview:large","max-video-preview":"max-video-preview:-1"},"canonical":"https:\/\/portalmf.com.br\/index.php\/2022\/12\/16\/autora-diretor-e-elenco-de-vai-na-fe-falam-sobre-a-construcao-da-trama\/","og_locale":"pt_BR","og_type":"article","og_title":"Autora, diretor e elenco de Vai na F\u00e9 falam sobre a constru\u00e7\u00e3o da trama - Portal MF","og_description":"Falta pouco para a estreia de \u2018Vai a F\u00e9\u2019, a pr\u00f3xima novela das sete da TV Globo. Criada e escrita por Rosane Svartman, com dire\u00e7\u00e3o art\u00edstica de Paulo Silvestrini, a obra com estreia prevista para janeiro re\u00fane hist\u00f3rias cheias de humor, romance, conflitos e trata de temas contempor\u00e2neos que atravessam a vida de todos os [&hellip;]","og_url":"https:\/\/portalmf.com.br\/index.php\/2022\/12\/16\/autora-diretor-e-elenco-de-vai-na-fe-falam-sobre-a-construcao-da-trama\/","og_site_name":"Portal MF","article_author":"https:\/\/www.facebook.com\/portalmfoficial","article_published_time":"2022-12-16T19:36:58+00:00","article_modified_time":"2022-12-16T19:36:59+00:00","og_image":[{"width":2362,"height":1576,"url":"https:\/\/portalmf.com.br\/wp-content\/uploads\/2022\/12\/assets_fotos_1049_autora-diretor-e-elenco-da-proxima-novela-das-sete-falam-sobre-a-construcao-da-trama-e-relacao-com-seus-personagens-4b90191fa14c.jpg","type":"image\/jpeg"}],"author":"Reda\u00e7\u00e3o Portal MF","twitter_card":"summary_large_image","twitter_creator":"@https:\/\/x.com\/portalmfoficial","twitter_misc":{"Escrito por":"Reda\u00e7\u00e3o Portal MF","Est. tempo de leitura":"6 minutos"},"schema":{"@context":"https:\/\/schema.org","@graph":[{"@type":"WebPage","@id":"https:\/\/portalmf.com.br\/index.php\/2022\/12\/16\/autora-diretor-e-elenco-de-vai-na-fe-falam-sobre-a-construcao-da-trama\/","url":"https:\/\/portalmf.com.br\/index.php\/2022\/12\/16\/autora-diretor-e-elenco-de-vai-na-fe-falam-sobre-a-construcao-da-trama\/","name":"Autora, diretor e elenco de Vai na F\u00e9 falam sobre a constru\u00e7\u00e3o da trama - Portal MF","isPartOf":{"@id":"https:\/\/portalmf.com.br\/#website"},"primaryImageOfPage":{"@id":"https:\/\/portalmf.com.br\/index.php\/2022\/12\/16\/autora-diretor-e-elenco-de-vai-na-fe-falam-sobre-a-construcao-da-trama\/#primaryimage"},"image":{"@id":"https:\/\/portalmf.com.br\/index.php\/2022\/12\/16\/autora-diretor-e-elenco-de-vai-na-fe-falam-sobre-a-construcao-da-trama\/#primaryimage"},"thumbnailUrl":"https:\/\/portalmf.com.br\/wp-content\/uploads\/2022\/12\/assets_fotos_1049_autora-diretor-e-elenco-da-proxima-novela-das-sete-falam-sobre-a-construcao-da-trama-e-relacao-com-seus-personagens-4b90191fa14c.jpg","datePublished":"2022-12-16T19:36:58+00:00","dateModified":"2022-12-16T19:36:59+00:00","author":{"@id":"https:\/\/portalmf.com.br\/#\/schema\/person\/9ec101baf56233e53520c26de5d6f6f0"},"breadcrumb":{"@id":"https:\/\/portalmf.com.br\/index.php\/2022\/12\/16\/autora-diretor-e-elenco-de-vai-na-fe-falam-sobre-a-construcao-da-trama\/#breadcrumb"},"inLanguage":"pt-BR","potentialAction":[{"@type":"ReadAction","target":["https:\/\/portalmf.com.br\/index.php\/2022\/12\/16\/autora-diretor-e-elenco-de-vai-na-fe-falam-sobre-a-construcao-da-trama\/"]}]},{"@type":"ImageObject","inLanguage":"pt-BR","@id":"https:\/\/portalmf.com.br\/index.php\/2022\/12\/16\/autora-diretor-e-elenco-de-vai-na-fe-falam-sobre-a-construcao-da-trama\/#primaryimage","url":"https:\/\/portalmf.com.br\/wp-content\/uploads\/2022\/12\/assets_fotos_1049_autora-diretor-e-elenco-da-proxima-novela-das-sete-falam-sobre-a-construcao-da-trama-e-relacao-com-seus-personagens-4b90191fa14c.jpg","contentUrl":"https:\/\/portalmf.com.br\/wp-content\/uploads\/2022\/12\/assets_fotos_1049_autora-diretor-e-elenco-da-proxima-novela-das-sete-falam-sobre-a-construcao-da-trama-e-relacao-com-seus-personagens-4b90191fa14c.jpg","width":2362,"height":1576,"caption":"Foto: Globo\/Jo\u00e3o Miguel J\u00fanior"},{"@type":"BreadcrumbList","@id":"https:\/\/portalmf.com.br\/index.php\/2022\/12\/16\/autora-diretor-e-elenco-de-vai-na-fe-falam-sobre-a-construcao-da-trama\/#breadcrumb","itemListElement":[{"@type":"ListItem","position":1,"name":"In\u00edcio","item":"https:\/\/portalmf.com.br\/"},{"@type":"ListItem","position":2,"name":"Autora, diretor e elenco de Vai na F\u00e9 falam sobre a constru\u00e7\u00e3o da trama"}]},{"@type":"WebSite","@id":"https:\/\/portalmf.com.br\/#website","url":"https:\/\/portalmf.com.br\/","name":"Portal MF","description":"Voc\u00ea conectado com a informa\u00e7\u00e3o","potentialAction":[{"@type":"SearchAction","target":{"@type":"EntryPoint","urlTemplate":"https:\/\/portalmf.com.br\/?s={search_term_string}"},"query-input":"required name=search_term_string"}],"inLanguage":"pt-BR"},{"@type":"Person","@id":"https:\/\/portalmf.com.br\/#\/schema\/person\/9ec101baf56233e53520c26de5d6f6f0","name":"Reda\u00e7\u00e3o Portal MF","image":{"@type":"ImageObject","inLanguage":"pt-BR","@id":"https:\/\/portalmf.com.br\/#\/schema\/person\/image\/","url":"https:\/\/secure.gravatar.com\/avatar\/41b9aaeb2100835f7c64362330f74c7f?s=96&d=mm&r=g","contentUrl":"https:\/\/secure.gravatar.com\/avatar\/41b9aaeb2100835f7c64362330f74c7f?s=96&d=mm&r=g","caption":"Reda\u00e7\u00e3o Portal MF"},"description":"Sejam bem-vindos o portal de informa\u00e7\u00f5es de entretenimento de Feira de Santana, desde 2006 realiza coberturas dos principais eventos com entrevistas exclusivas com as principais personalidades mundiais. Fique conectado tamb\u00e9m nas redes sociais.","sameAs":["http:\/\/www.portalmf.com.br\/","https:\/\/www.facebook.com\/portalmfoficial","https:\/\/www.instagram.com\/portalmf\/","https:\/\/x.com\/https:\/\/x.com\/portalmfoficial","https:\/\/www.youtube.com\/@portalmfoficial"],"url":"https:\/\/portalmf.com.br\/index.php\/author\/junior\/"}]}},"_links":{"self":[{"href":"https:\/\/portalmf.com.br\/index.php\/wp-json\/wp\/v2\/posts\/6826"}],"collection":[{"href":"https:\/\/portalmf.com.br\/index.php\/wp-json\/wp\/v2\/posts"}],"about":[{"href":"https:\/\/portalmf.com.br\/index.php\/wp-json\/wp\/v2\/types\/post"}],"author":[{"embeddable":true,"href":"https:\/\/portalmf.com.br\/index.php\/wp-json\/wp\/v2\/users\/3"}],"replies":[{"embeddable":true,"href":"https:\/\/portalmf.com.br\/index.php\/wp-json\/wp\/v2\/comments?post=6826"}],"version-history":[{"count":1,"href":"https:\/\/portalmf.com.br\/index.php\/wp-json\/wp\/v2\/posts\/6826\/revisions"}],"predecessor-version":[{"id":6828,"href":"https:\/\/portalmf.com.br\/index.php\/wp-json\/wp\/v2\/posts\/6826\/revisions\/6828"}],"wp:featuredmedia":[{"embeddable":true,"href":"https:\/\/portalmf.com.br\/index.php\/wp-json\/wp\/v2\/media\/6827"}],"wp:attachment":[{"href":"https:\/\/portalmf.com.br\/index.php\/wp-json\/wp\/v2\/media?parent=6826"}],"wp:term":[{"taxonomy":"category","embeddable":true,"href":"https:\/\/portalmf.com.br\/index.php\/wp-json\/wp\/v2\/categories?post=6826"},{"taxonomy":"post_tag","embeddable":true,"href":"https:\/\/portalmf.com.br\/index.php\/wp-json\/wp\/v2\/tags?post=6826"}],"curies":[{"name":"wp","href":"https:\/\/api.w.org\/{rel}","templated":true}]}}