{"id":6818,"date":"2022-12-16T16:30:08","date_gmt":"2022-12-16T19:30:08","guid":{"rendered":"https:\/\/portalmf.com.br\/?p=6818"},"modified":"2022-12-16T16:30:09","modified_gmt":"2022-12-16T19:30:09","slug":"luiz-caldas-comemora-60-anos-com-show-na-concha-acustica","status":"publish","type":"post","link":"https:\/\/portalmf.com.br\/index.php\/2022\/12\/16\/luiz-caldas-comemora-60-anos-com-show-na-concha-acustica\/","title":{"rendered":"Luiz Caldas comemora 60 anos com show na Concha Ac\u00fastica"},"content":{"rendered":"\n<p>O artista baiano Luiz Caldas completa 60 anos de vida no pr\u00f3ximo m\u00eas de janeiro de 2023. A data ser\u00e1 comemorada, claro, com m\u00fasica. Est\u00e1 sendo preparado um show festivo na Concha Ac\u00fastica do Teatro Castro Alves, onde o criador do movimento Ax\u00e9 Music ir\u00e1 receber grandes amigos para cantar junto com ele e celebrar sua vida e sua obra. A festa\u00a0<em>Luiz Caldas \u2013 60 Anos<\/em>\u00a0ser\u00e1 exatamente no dia do seu anivers\u00e1rio, 19 de janeiro. Tamb\u00e9m em janeiro, Luiz comemora o lan\u00e7amento do 130\u00ba \u00e1lbum do seu projeto de lan\u00e7amentos mensais de discos, que ele realiza desde 2013. &#8220;O show Luiz Caldas &#8211; 60 Anos&#8221; tem realiza\u00e7\u00e3o da\u00a0Carambola Produ\u00e7\u00f5es, APB Produ\u00e7\u00f5es e GPN Shows e Eventos.<\/p>\n\n\n\n<p>O feito de, h\u00e1 9 anos, lan\u00e7ar um \u00e1lbum por m\u00eas \u00e9 apenas um dos tantos sinais que escancaram a paix\u00e3o de Luiz Caldas pela m\u00fasica. \u201cEu sou m\u00fasica\u201d, costuma dizer o artista quando \u00e9 questionado sobre a inspira\u00e7\u00e3o e a motiva\u00e7\u00e3o de produzir incessantemente, perscrutando os mais diversos estilos musicais e, assim, deixando um legado \u00fanico para a m\u00fasica do Brasil e do mundo.<\/p>\n\n\n\n<p>Com a marca excepcional de aliar alta produ\u00e7\u00e3o e alta qualidade musical, Luiz Caldas teve dois dos seus discos indicados ao Grammy Latino em 2021 e em 2022 na categoria&nbsp;Melhor \u00c1lbum de Ra\u00edzes em L\u00edngua Portuguesa. S\u00e3o eles \u201cRemelexo Bom\u201d, dedicado ao forr\u00f3 tradicional, lan\u00e7ado em junho de 2022, e \u201cSambadeiras\u201d, um tributo ao samba de roda lan\u00e7ado em abril de 2021.<\/p>\n\n\n\n<p><em>\u00a0\u201cNa produ\u00e7\u00e3o dos discos mensais, consigo registrar estilos de m\u00fasicas e ritmos que, infelizmente, n\u00e3o s\u00e3o mais gravados, justamente por n\u00e3o serem comerciais, e assim uma boa parte da nossa hist\u00f3ria e cultura acabam ficando perdidas ou at\u00e9 somem. Voc\u00ea n\u00e3o v\u00ea um disco de samba-can\u00e7\u00e3o sendo feito hoje em dia, mas se voc\u00ea for no meu site, tem disco de samba-can\u00e7\u00e3o e feito h\u00e1 poucos meses\u201d,<\/em> comenta.<\/p>\n\n\n\n<p>\u00c0s v\u00e9speras de completar 60 anos, Luiz Caldas s\u00f3 encontra motivos para comemorar. \u201cOlho para tr\u00e1s e vejo muitas realiza\u00e7\u00f5es que me trouxeram alegrias. Uma delas \u00e9&nbsp;minha contribui\u00e7\u00e3o para a m\u00fasica dan\u00e7ante no mundo, com a cria\u00e7\u00e3o do movimento Ax\u00e9 Music, que foi impulsionado por tantos outros artistas maravilhosos. Quando eu comecei a cantar no Carnaval, a gente s\u00f3 pulava, ningu\u00e9m dan\u00e7ava praticamente, foi quando eu introduzi v\u00e1rios instrumentos no trio el\u00e9trico\u201d, lembra. &nbsp;<\/p>\n\n\n\n<p>Como Luiz Caldas come\u00e7ou a cantar em bailes aos sete anos de idade, ao completar 60 anos ele soma 53 dedicados \u00e0 m\u00fasica. Primeiro foi como cantor mirim, depois como um adolescente autodidata que, s\u00f3 de olhar outros m\u00fasicos das bandas de baile, aprendeu a tocar com maestria quase todos os instrumentos. E quando a voz estabilizou, revelou-se como esse cantor, compositor e multi-instrumentista que abalou as estruturas da m\u00fasica brasileira.<\/p>\n\n\n\n<p>Dono de um estilo pr\u00f3prio, tendo se lan\u00e7ado cantando de p\u00e9s descal\u00e7os, Luiz Caldas consegue extrair o melhor da combina\u00e7\u00e3o entre inquietude profissional e simplicidade no seu modo de viver. Do est\u00fadio da sua casa, todo m\u00eas sua voz ecoa mundo afora e, ao tempo que espalha seu talento, extrai da m\u00fasica ensinamentos para sua vida.<\/p>\n\n\n\n<p><em>\u201cA m\u00fasica n\u00e3o existe sem as pessoas que a escutam. Ent\u00e3o fazer m\u00fasica nos torna sens\u00edveis ao outro. Ao longo do tempo, isso faz com que o artista, que quase sempre j\u00e1 \u00e9 sens\u00edvel, cres\u00e7a como ser humano tamb\u00e9m. E foi assim que eu consegui me mover na vida, mesmo com os altos e baixos comuns \u00e0 trajet\u00f3ria de um artista, mas sempre superando tudo com os p\u00e9s no ch\u00e3o literalmente\u201d<\/em>, brinca.<\/p>\n","protected":false},"excerpt":{"rendered":"<p>O artista baiano Luiz Caldas completa 60 anos de vida no pr\u00f3ximo m\u00eas de janeiro de 2023. A data ser\u00e1 comemorada, claro, com m\u00fasica. Est\u00e1 sendo preparado um show festivo na Concha Ac\u00fastica do Teatro Castro Alves, onde o criador do movimento Ax\u00e9 Music ir\u00e1 receber grandes amigos para cantar junto com ele e celebrar [&hellip;]<\/p>\n","protected":false},"author":3,"featured_media":6819,"comment_status":"open","ping_status":"open","sticky":false,"template":"","format":"standard","meta":{"_monsterinsights_skip_tracking":false,"_monsterinsights_sitenote_active":false,"_monsterinsights_sitenote_note":"","_monsterinsights_sitenote_category":0,"footnotes":""},"categories":[36],"tags":[],"yoast_head":"<!-- This site is optimized with the Yoast SEO plugin v22.9 - https:\/\/yoast.com\/wordpress\/plugins\/seo\/ -->\n<title>Luiz Caldas comemora 60 anos com show na Concha Ac\u00fastica - Portal MF<\/title>\n<meta name=\"robots\" content=\"index, follow, max-snippet:-1, max-image-preview:large, max-video-preview:-1\" \/>\n<link rel=\"canonical\" href=\"https:\/\/portalmf.com.br\/index.php\/2022\/12\/16\/luiz-caldas-comemora-60-anos-com-show-na-concha-acustica\/\" \/>\n<meta property=\"og:locale\" content=\"pt_BR\" \/>\n<meta property=\"og:type\" content=\"article\" \/>\n<meta property=\"og:title\" content=\"Luiz Caldas comemora 60 anos com show na Concha Ac\u00fastica - Portal MF\" \/>\n<meta property=\"og:description\" content=\"O artista baiano Luiz Caldas completa 60 anos de vida no pr\u00f3ximo m\u00eas de janeiro de 2023. A data ser\u00e1 comemorada, claro, com m\u00fasica. Est\u00e1 sendo preparado um show festivo na Concha Ac\u00fastica do Teatro Castro Alves, onde o criador do movimento Ax\u00e9 Music ir\u00e1 receber grandes amigos para cantar junto com ele e celebrar [&hellip;]\" \/>\n<meta property=\"og:url\" content=\"https:\/\/portalmf.com.br\/index.php\/2022\/12\/16\/luiz-caldas-comemora-60-anos-com-show-na-concha-acustica\/\" \/>\n<meta property=\"og:site_name\" content=\"Portal MF\" \/>\n<meta property=\"article:author\" content=\"https:\/\/www.facebook.com\/portalmfoficial\" \/>\n<meta property=\"article:published_time\" content=\"2022-12-16T19:30:08+00:00\" \/>\n<meta property=\"article:modified_time\" content=\"2022-12-16T19:30:09+00:00\" \/>\n<meta property=\"og:image\" content=\"https:\/\/portalmf.com.br\/wp-content\/uploads\/2022\/12\/Luiz-Caldas_60anos_AndreFofano_.jpg\" \/>\n\t<meta property=\"og:image:width\" content=\"1773\" \/>\n\t<meta property=\"og:image:height\" content=\"1182\" \/>\n\t<meta property=\"og:image:type\" content=\"image\/jpeg\" \/>\n<meta name=\"author\" content=\"Reda\u00e7\u00e3o Portal MF\" \/>\n<meta name=\"twitter:card\" content=\"summary_large_image\" \/>\n<meta name=\"twitter:creator\" content=\"@https:\/\/x.com\/portalmfoficial\" \/>\n<meta name=\"twitter:label1\" content=\"Escrito por\" \/>\n\t<meta name=\"twitter:data1\" content=\"Reda\u00e7\u00e3o Portal MF\" \/>\n\t<meta name=\"twitter:label2\" content=\"Est. tempo de leitura\" \/>\n\t<meta name=\"twitter:data2\" content=\"4 minutos\" \/>\n<script type=\"application\/ld+json\" class=\"yoast-schema-graph\">{\"@context\":\"https:\/\/schema.org\",\"@graph\":[{\"@type\":\"WebPage\",\"@id\":\"https:\/\/portalmf.com.br\/index.php\/2022\/12\/16\/luiz-caldas-comemora-60-anos-com-show-na-concha-acustica\/\",\"url\":\"https:\/\/portalmf.com.br\/index.php\/2022\/12\/16\/luiz-caldas-comemora-60-anos-com-show-na-concha-acustica\/\",\"name\":\"Luiz Caldas comemora 60 anos com show na Concha Ac\u00fastica - Portal MF\",\"isPartOf\":{\"@id\":\"https:\/\/portalmf.com.br\/#website\"},\"primaryImageOfPage\":{\"@id\":\"https:\/\/portalmf.com.br\/index.php\/2022\/12\/16\/luiz-caldas-comemora-60-anos-com-show-na-concha-acustica\/#primaryimage\"},\"image\":{\"@id\":\"https:\/\/portalmf.com.br\/index.php\/2022\/12\/16\/luiz-caldas-comemora-60-anos-com-show-na-concha-acustica\/#primaryimage\"},\"thumbnailUrl\":\"https:\/\/portalmf.com.br\/wp-content\/uploads\/2022\/12\/Luiz-Caldas_60anos_AndreFofano_.jpg\",\"datePublished\":\"2022-12-16T19:30:08+00:00\",\"dateModified\":\"2022-12-16T19:30:09+00:00\",\"author\":{\"@id\":\"https:\/\/portalmf.com.br\/#\/schema\/person\/9ec101baf56233e53520c26de5d6f6f0\"},\"breadcrumb\":{\"@id\":\"https:\/\/portalmf.com.br\/index.php\/2022\/12\/16\/luiz-caldas-comemora-60-anos-com-show-na-concha-acustica\/#breadcrumb\"},\"inLanguage\":\"pt-BR\",\"potentialAction\":[{\"@type\":\"ReadAction\",\"target\":[\"https:\/\/portalmf.com.br\/index.php\/2022\/12\/16\/luiz-caldas-comemora-60-anos-com-show-na-concha-acustica\/\"]}]},{\"@type\":\"ImageObject\",\"inLanguage\":\"pt-BR\",\"@id\":\"https:\/\/portalmf.com.br\/index.php\/2022\/12\/16\/luiz-caldas-comemora-60-anos-com-show-na-concha-acustica\/#primaryimage\",\"url\":\"https:\/\/portalmf.com.br\/wp-content\/uploads\/2022\/12\/Luiz-Caldas_60anos_AndreFofano_.jpg\",\"contentUrl\":\"https:\/\/portalmf.com.br\/wp-content\/uploads\/2022\/12\/Luiz-Caldas_60anos_AndreFofano_.jpg\",\"width\":1773,\"height\":1182},{\"@type\":\"BreadcrumbList\",\"@id\":\"https:\/\/portalmf.com.br\/index.php\/2022\/12\/16\/luiz-caldas-comemora-60-anos-com-show-na-concha-acustica\/#breadcrumb\",\"itemListElement\":[{\"@type\":\"ListItem\",\"position\":1,\"name\":\"In\u00edcio\",\"item\":\"https:\/\/portalmf.com.br\/\"},{\"@type\":\"ListItem\",\"position\":2,\"name\":\"Luiz Caldas comemora 60 anos com show na Concha Ac\u00fastica\"}]},{\"@type\":\"WebSite\",\"@id\":\"https:\/\/portalmf.com.br\/#website\",\"url\":\"https:\/\/portalmf.com.br\/\",\"name\":\"Portal MF\",\"description\":\"Voc\u00ea conectado com a informa\u00e7\u00e3o\",\"potentialAction\":[{\"@type\":\"SearchAction\",\"target\":{\"@type\":\"EntryPoint\",\"urlTemplate\":\"https:\/\/portalmf.com.br\/?s={search_term_string}\"},\"query-input\":\"required name=search_term_string\"}],\"inLanguage\":\"pt-BR\"},{\"@type\":\"Person\",\"@id\":\"https:\/\/portalmf.com.br\/#\/schema\/person\/9ec101baf56233e53520c26de5d6f6f0\",\"name\":\"Reda\u00e7\u00e3o Portal MF\",\"image\":{\"@type\":\"ImageObject\",\"inLanguage\":\"pt-BR\",\"@id\":\"https:\/\/portalmf.com.br\/#\/schema\/person\/image\/\",\"url\":\"https:\/\/secure.gravatar.com\/avatar\/41b9aaeb2100835f7c64362330f74c7f?s=96&d=mm&r=g\",\"contentUrl\":\"https:\/\/secure.gravatar.com\/avatar\/41b9aaeb2100835f7c64362330f74c7f?s=96&d=mm&r=g\",\"caption\":\"Reda\u00e7\u00e3o Portal MF\"},\"description\":\"Sejam bem-vindos o portal de informa\u00e7\u00f5es de entretenimento de Feira de Santana, desde 2006 realiza coberturas dos principais eventos com entrevistas exclusivas com as principais personalidades mundiais. Fique conectado tamb\u00e9m nas redes sociais.\",\"sameAs\":[\"http:\/\/www.portalmf.com.br\/\",\"https:\/\/www.facebook.com\/portalmfoficial\",\"https:\/\/www.instagram.com\/portalmf\/\",\"https:\/\/x.com\/https:\/\/x.com\/portalmfoficial\",\"https:\/\/www.youtube.com\/@portalmfoficial\"],\"url\":\"https:\/\/portalmf.com.br\/index.php\/author\/junior\/\"}]}<\/script>\n<!-- \/ Yoast SEO plugin. -->","yoast_head_json":{"title":"Luiz Caldas comemora 60 anos com show na Concha Ac\u00fastica - Portal MF","robots":{"index":"index","follow":"follow","max-snippet":"max-snippet:-1","max-image-preview":"max-image-preview:large","max-video-preview":"max-video-preview:-1"},"canonical":"https:\/\/portalmf.com.br\/index.php\/2022\/12\/16\/luiz-caldas-comemora-60-anos-com-show-na-concha-acustica\/","og_locale":"pt_BR","og_type":"article","og_title":"Luiz Caldas comemora 60 anos com show na Concha Ac\u00fastica - Portal MF","og_description":"O artista baiano Luiz Caldas completa 60 anos de vida no pr\u00f3ximo m\u00eas de janeiro de 2023. A data ser\u00e1 comemorada, claro, com m\u00fasica. Est\u00e1 sendo preparado um show festivo na Concha Ac\u00fastica do Teatro Castro Alves, onde o criador do movimento Ax\u00e9 Music ir\u00e1 receber grandes amigos para cantar junto com ele e celebrar [&hellip;]","og_url":"https:\/\/portalmf.com.br\/index.php\/2022\/12\/16\/luiz-caldas-comemora-60-anos-com-show-na-concha-acustica\/","og_site_name":"Portal MF","article_author":"https:\/\/www.facebook.com\/portalmfoficial","article_published_time":"2022-12-16T19:30:08+00:00","article_modified_time":"2022-12-16T19:30:09+00:00","og_image":[{"width":1773,"height":1182,"url":"https:\/\/portalmf.com.br\/wp-content\/uploads\/2022\/12\/Luiz-Caldas_60anos_AndreFofano_.jpg","type":"image\/jpeg"}],"author":"Reda\u00e7\u00e3o Portal MF","twitter_card":"summary_large_image","twitter_creator":"@https:\/\/x.com\/portalmfoficial","twitter_misc":{"Escrito por":"Reda\u00e7\u00e3o Portal MF","Est. tempo de leitura":"4 minutos"},"schema":{"@context":"https:\/\/schema.org","@graph":[{"@type":"WebPage","@id":"https:\/\/portalmf.com.br\/index.php\/2022\/12\/16\/luiz-caldas-comemora-60-anos-com-show-na-concha-acustica\/","url":"https:\/\/portalmf.com.br\/index.php\/2022\/12\/16\/luiz-caldas-comemora-60-anos-com-show-na-concha-acustica\/","name":"Luiz Caldas comemora 60 anos com show na Concha Ac\u00fastica - Portal MF","isPartOf":{"@id":"https:\/\/portalmf.com.br\/#website"},"primaryImageOfPage":{"@id":"https:\/\/portalmf.com.br\/index.php\/2022\/12\/16\/luiz-caldas-comemora-60-anos-com-show-na-concha-acustica\/#primaryimage"},"image":{"@id":"https:\/\/portalmf.com.br\/index.php\/2022\/12\/16\/luiz-caldas-comemora-60-anos-com-show-na-concha-acustica\/#primaryimage"},"thumbnailUrl":"https:\/\/portalmf.com.br\/wp-content\/uploads\/2022\/12\/Luiz-Caldas_60anos_AndreFofano_.jpg","datePublished":"2022-12-16T19:30:08+00:00","dateModified":"2022-12-16T19:30:09+00:00","author":{"@id":"https:\/\/portalmf.com.br\/#\/schema\/person\/9ec101baf56233e53520c26de5d6f6f0"},"breadcrumb":{"@id":"https:\/\/portalmf.com.br\/index.php\/2022\/12\/16\/luiz-caldas-comemora-60-anos-com-show-na-concha-acustica\/#breadcrumb"},"inLanguage":"pt-BR","potentialAction":[{"@type":"ReadAction","target":["https:\/\/portalmf.com.br\/index.php\/2022\/12\/16\/luiz-caldas-comemora-60-anos-com-show-na-concha-acustica\/"]}]},{"@type":"ImageObject","inLanguage":"pt-BR","@id":"https:\/\/portalmf.com.br\/index.php\/2022\/12\/16\/luiz-caldas-comemora-60-anos-com-show-na-concha-acustica\/#primaryimage","url":"https:\/\/portalmf.com.br\/wp-content\/uploads\/2022\/12\/Luiz-Caldas_60anos_AndreFofano_.jpg","contentUrl":"https:\/\/portalmf.com.br\/wp-content\/uploads\/2022\/12\/Luiz-Caldas_60anos_AndreFofano_.jpg","width":1773,"height":1182},{"@type":"BreadcrumbList","@id":"https:\/\/portalmf.com.br\/index.php\/2022\/12\/16\/luiz-caldas-comemora-60-anos-com-show-na-concha-acustica\/#breadcrumb","itemListElement":[{"@type":"ListItem","position":1,"name":"In\u00edcio","item":"https:\/\/portalmf.com.br\/"},{"@type":"ListItem","position":2,"name":"Luiz Caldas comemora 60 anos com show na Concha Ac\u00fastica"}]},{"@type":"WebSite","@id":"https:\/\/portalmf.com.br\/#website","url":"https:\/\/portalmf.com.br\/","name":"Portal MF","description":"Voc\u00ea conectado com a informa\u00e7\u00e3o","potentialAction":[{"@type":"SearchAction","target":{"@type":"EntryPoint","urlTemplate":"https:\/\/portalmf.com.br\/?s={search_term_string}"},"query-input":"required name=search_term_string"}],"inLanguage":"pt-BR"},{"@type":"Person","@id":"https:\/\/portalmf.com.br\/#\/schema\/person\/9ec101baf56233e53520c26de5d6f6f0","name":"Reda\u00e7\u00e3o Portal MF","image":{"@type":"ImageObject","inLanguage":"pt-BR","@id":"https:\/\/portalmf.com.br\/#\/schema\/person\/image\/","url":"https:\/\/secure.gravatar.com\/avatar\/41b9aaeb2100835f7c64362330f74c7f?s=96&d=mm&r=g","contentUrl":"https:\/\/secure.gravatar.com\/avatar\/41b9aaeb2100835f7c64362330f74c7f?s=96&d=mm&r=g","caption":"Reda\u00e7\u00e3o Portal MF"},"description":"Sejam bem-vindos o portal de informa\u00e7\u00f5es de entretenimento de Feira de Santana, desde 2006 realiza coberturas dos principais eventos com entrevistas exclusivas com as principais personalidades mundiais. Fique conectado tamb\u00e9m nas redes sociais.","sameAs":["http:\/\/www.portalmf.com.br\/","https:\/\/www.facebook.com\/portalmfoficial","https:\/\/www.instagram.com\/portalmf\/","https:\/\/x.com\/https:\/\/x.com\/portalmfoficial","https:\/\/www.youtube.com\/@portalmfoficial"],"url":"https:\/\/portalmf.com.br\/index.php\/author\/junior\/"}]}},"_links":{"self":[{"href":"https:\/\/portalmf.com.br\/index.php\/wp-json\/wp\/v2\/posts\/6818"}],"collection":[{"href":"https:\/\/portalmf.com.br\/index.php\/wp-json\/wp\/v2\/posts"}],"about":[{"href":"https:\/\/portalmf.com.br\/index.php\/wp-json\/wp\/v2\/types\/post"}],"author":[{"embeddable":true,"href":"https:\/\/portalmf.com.br\/index.php\/wp-json\/wp\/v2\/users\/3"}],"replies":[{"embeddable":true,"href":"https:\/\/portalmf.com.br\/index.php\/wp-json\/wp\/v2\/comments?post=6818"}],"version-history":[{"count":1,"href":"https:\/\/portalmf.com.br\/index.php\/wp-json\/wp\/v2\/posts\/6818\/revisions"}],"predecessor-version":[{"id":6820,"href":"https:\/\/portalmf.com.br\/index.php\/wp-json\/wp\/v2\/posts\/6818\/revisions\/6820"}],"wp:featuredmedia":[{"embeddable":true,"href":"https:\/\/portalmf.com.br\/index.php\/wp-json\/wp\/v2\/media\/6819"}],"wp:attachment":[{"href":"https:\/\/portalmf.com.br\/index.php\/wp-json\/wp\/v2\/media?parent=6818"}],"wp:term":[{"taxonomy":"category","embeddable":true,"href":"https:\/\/portalmf.com.br\/index.php\/wp-json\/wp\/v2\/categories?post=6818"},{"taxonomy":"post_tag","embeddable":true,"href":"https:\/\/portalmf.com.br\/index.php\/wp-json\/wp\/v2\/tags?post=6818"}],"curies":[{"name":"wp","href":"https:\/\/api.w.org\/{rel}","templated":true}]}}