{"id":6812,"date":"2022-12-16T15:55:27","date_gmt":"2022-12-16T18:55:27","guid":{"rendered":"https:\/\/portalmf.com.br\/?p=6812"},"modified":"2022-12-16T15:55:28","modified_gmt":"2022-12-16T18:55:28","slug":"voce-ja-ouviu-falar-na-sindrome-dos-viajantes","status":"publish","type":"post","link":"https:\/\/portalmf.com.br\/index.php\/2022\/12\/16\/voce-ja-ouviu-falar-na-sindrome-dos-viajantes\/","title":{"rendered":"Voc\u00ea j\u00e1 ouviu falar na \u201cS\u00edndrome dos viajantes\u201d?"},"content":{"rendered":"\n<p>A chegada do final de ano marca o in\u00edcio de um per\u00edodo em que as viagens de avi\u00e3o est\u00e3o inclu\u00eddas nos roteiros familiares. No entanto, \u00e9 importante ter alguns cuidados durante a viagem, principalmente para evitar o risco da trombose venosa profunda. Embora muitas pessoas n\u00e3o se preocupem com isso, existe uma s\u00e9rie de h\u00e1bitos t\u00edpicos de viagem de avi\u00e3o, que podem ser prejudiciais.&nbsp;<\/p>\n\n\n\n<p>De acordo com o angiologista, cirurgi\u00e3o vascular e presidente da Associa\u00e7\u00e3o Bahiana de Medicina (ABM), Dr. C\u00e9sar Amorim, o risco maior de desenvolver trombose venosa se d\u00e1 principalmente nas viagens mais longas, diante da impossibilidade de andar ou movimentar as pernas durante extensos per\u00edodos de tempo.&nbsp;<\/p>\n\n\n\n<p>\u201cEsse fator, somado com a desidrata\u00e7\u00e3o, acaba fazendo com que o sangue coagule dentro da veia da perna.&nbsp;A m\u00e1 circula\u00e7\u00e3o dos membros inferiores, quando associada a fatores gen\u00e9ticos, obesidade, diabetes, sedentarismo, hipertens\u00e3o e tabagismo, pode causar a trombose venosa profunda. Neste caso, o problema tamb\u00e9m \u00e9 conhecido como \u2018s\u00edndrome dos viajantes\u2019\u201d, explica.<\/p>\n\n\n\n<p>Segundo o especialista, um dos fatores que contribuem para esse quadro s\u00e3o as poltronas do avi\u00e3o que limitam a mobilidade do passageiro, fator que tamb\u00e9m dificulta a circula\u00e7\u00e3o. \u201cAs poltronas do avi\u00e3o s\u00e3o apertadas, o passageiro fica retra\u00eddo e isso favorece a forma\u00e7\u00e3o de trombose nas pernas\u201d, observa.<\/p>\n\n\n\n<p>O m\u00e9dico tamb\u00e9m ressalta que a trombose geralmente se forma nas veias da panturrilha, e que ela pode tamb\u00e9m se alojar nas coxas, e de modo mais raro, nos membros superiores.<\/p>\n\n\n\n<p>\u201cComo principais sintomas da trombose venosa profunda, n\u00f3s temos as dores nas pernas, colora\u00e7\u00e3o do membro mais avermelhada ou pr\u00f3xima ao roxo, formigamento e adormecimento. Mas \u00e9 importante ressaltar tamb\u00e9m que o problema pode estar oculto, sendo diagnosticado apenas atrav\u00e9s de exames espec\u00edficos\u201d, aponta.&nbsp;<\/p>\n\n\n\n<p>Ainda segundo o especialista, uma das principais preocupa\u00e7\u00f5es para os pacientes que desenvolveram a trombose venosa profunda \u00e9 que o co\u00e1gulo se desprenda da veia e se mova pela circula\u00e7\u00e3o at\u00e9 o pulm\u00e3o, o que causa a embolia pulmonar.&nbsp;<\/p>\n\n\n\n<p>\u201cJ\u00e1 a longo prazo h\u00e1 risco de varizes e insufici\u00eancia venosa cr\u00f4nica, desencadeada pela destrui\u00e7\u00e3o das v\u00e1lvulas do interior das veias, respons\u00e1veis por levar o sangue venoso de volta ao cora\u00e7\u00e3o\u201d, indica Dr. C\u00e9sar.&nbsp;<\/p>\n\n\n\n<p>Orienta\u00e7\u00f5es e tratamento &#8211; Diante deste quadro, o angiologista d\u00e1 algumas orienta\u00e7\u00f5es que podem ajudar os viajantes. Segundo Dr. C\u00e9sar, fazer caminhadas pela aeronave ajuda a melhorar a circula\u00e7\u00e3o. A hidrata\u00e7\u00e3o tamb\u00e9m contribui para prevenir o aparecimento de trombos venosos.<\/p>\n\n\n\n<p>\u201cA \u00e1gua afina o sangue e diminui o risco da forma\u00e7\u00e3o de co\u00e1gulos. Tamb\u00e9m h\u00e1 a indica\u00e7\u00e3o de se sentar no corredor para facilitar a movimenta\u00e7\u00e3o, usar meia el\u00e1stica e evitar o consumo de bebida alco\u00f3lica e caf\u00e9, al\u00e9m de medicamentos que estimulam o sono\u201d, diz.&nbsp;<\/p>\n\n\n\n<p>Ele explica ainda que o objetivo do tratamento da trombose venosa profunda \u00e9 evitar a progress\u00e3o e o surgimento de novos sintomas. Com o tempo, o pr\u00f3prio organismo vai ajudar a absorver os trombos, melhorando a circula\u00e7\u00e3o. Para isso, s\u00e3o administrados anticoagulantes, que podem ser de diversos tipos, e possuem o objetivo de inibir os fatores de coagula\u00e7\u00e3o, podendo ser utilizados em casa, sem necessidade de interna\u00e7\u00e3o, logo ap\u00f3s o diagn\u00f3stico.&nbsp;<\/p>\n\n\n\n<p>Al\u00e9m disso, existem outras drogas, que devem ser usadas com mais cuidado, como as fibrinol\u00edticas, que agem dissolvendo os co\u00e1gulos. No entanto, o Dr. C\u00e9sar pontua que esse tipo possui mais complica\u00e7\u00f5es e se trata de um medicamento usado em ambiente hospitalar.&nbsp;<\/p>\n\n\n\n<p>J\u00e1 em casos em que o paciente apresenta dor, desconforto ou edema, ap\u00f3s realizar uma viagem de avi\u00e3o, \u00e9 de extrema import\u00e2ncia buscar um angiologista ou cirurgi\u00e3o vascular, para que se possa identificar o problema o mais r\u00e1pido poss\u00edvel.&nbsp;<\/p>\n\n\n\n<p>\u201cSe o paciente teve um desconforto ou incha\u00e7o na perna, ocorrido ap\u00f3s o voo, ele deve procurar um cirurgi\u00e3o vascular ou angiologista, que \u00e9 habilitado a fazer o exame e a suspeita diagn\u00f3stica da trombose (que deve acontecer o mais cedo poss\u00edvel). A partir disso, o m\u00e9dico ir\u00e1 definir o tratamento correto para diminuir as chances de o paciente ter complica\u00e7\u00f5es graves\u201d, observa.<\/p>\n","protected":false},"excerpt":{"rendered":"<p>A chegada do final de ano marca o in\u00edcio de um per\u00edodo em que as viagens de avi\u00e3o est\u00e3o inclu\u00eddas nos roteiros familiares. No entanto, \u00e9 importante ter alguns cuidados durante a viagem, principalmente para evitar o risco da trombose venosa profunda. Embora muitas pessoas n\u00e3o se preocupem com isso, existe uma s\u00e9rie de h\u00e1bitos [&hellip;]<\/p>\n","protected":false},"author":3,"featured_media":6813,"comment_status":"open","ping_status":"open","sticky":false,"template":"","format":"standard","meta":{"_monsterinsights_skip_tracking":false,"_monsterinsights_sitenote_active":false,"_monsterinsights_sitenote_note":"","_monsterinsights_sitenote_category":0,"footnotes":""},"categories":[41],"tags":[],"yoast_head":"<!-- This site is optimized with the Yoast SEO plugin v22.9 - https:\/\/yoast.com\/wordpress\/plugins\/seo\/ -->\n<title>Voc\u00ea j\u00e1 ouviu falar na \u201cS\u00edndrome dos viajantes\u201d? - Portal MF<\/title>\n<meta name=\"robots\" content=\"index, follow, max-snippet:-1, max-image-preview:large, max-video-preview:-1\" \/>\n<link rel=\"canonical\" href=\"https:\/\/portalmf.com.br\/index.php\/2022\/12\/16\/voce-ja-ouviu-falar-na-sindrome-dos-viajantes\/\" \/>\n<meta property=\"og:locale\" content=\"pt_BR\" \/>\n<meta property=\"og:type\" content=\"article\" \/>\n<meta property=\"og:title\" content=\"Voc\u00ea j\u00e1 ouviu falar na \u201cS\u00edndrome dos viajantes\u201d? - Portal MF\" \/>\n<meta property=\"og:description\" content=\"A chegada do final de ano marca o in\u00edcio de um per\u00edodo em que as viagens de avi\u00e3o est\u00e3o inclu\u00eddas nos roteiros familiares. No entanto, \u00e9 importante ter alguns cuidados durante a viagem, principalmente para evitar o risco da trombose venosa profunda. Embora muitas pessoas n\u00e3o se preocupem com isso, existe uma s\u00e9rie de h\u00e1bitos [&hellip;]\" \/>\n<meta property=\"og:url\" content=\"https:\/\/portalmf.com.br\/index.php\/2022\/12\/16\/voce-ja-ouviu-falar-na-sindrome-dos-viajantes\/\" \/>\n<meta property=\"og:site_name\" content=\"Portal MF\" \/>\n<meta property=\"article:author\" content=\"https:\/\/www.facebook.com\/portalmfoficial\" \/>\n<meta property=\"article:published_time\" content=\"2022-12-16T18:55:27+00:00\" \/>\n<meta property=\"article:modified_time\" content=\"2022-12-16T18:55:28+00:00\" \/>\n<meta property=\"og:image\" content=\"https:\/\/portalmf.com.br\/wp-content\/uploads\/2022\/12\/sindrome-do-viajante-prevencao-meia-de-compressao.jpg\" \/>\n\t<meta property=\"og:image:width\" content=\"524\" \/>\n\t<meta property=\"og:image:height\" content=\"399\" \/>\n\t<meta property=\"og:image:type\" content=\"image\/jpeg\" \/>\n<meta name=\"author\" content=\"Reda\u00e7\u00e3o Portal MF\" \/>\n<meta name=\"twitter:card\" content=\"summary_large_image\" \/>\n<meta name=\"twitter:creator\" content=\"@https:\/\/x.com\/portalmfoficial\" \/>\n<meta name=\"twitter:label1\" content=\"Escrito por\" \/>\n\t<meta name=\"twitter:data1\" content=\"Reda\u00e7\u00e3o Portal MF\" \/>\n\t<meta name=\"twitter:label2\" content=\"Est. tempo de leitura\" \/>\n\t<meta name=\"twitter:data2\" content=\"4 minutos\" \/>\n<script type=\"application\/ld+json\" class=\"yoast-schema-graph\">{\"@context\":\"https:\/\/schema.org\",\"@graph\":[{\"@type\":\"WebPage\",\"@id\":\"https:\/\/portalmf.com.br\/index.php\/2022\/12\/16\/voce-ja-ouviu-falar-na-sindrome-dos-viajantes\/\",\"url\":\"https:\/\/portalmf.com.br\/index.php\/2022\/12\/16\/voce-ja-ouviu-falar-na-sindrome-dos-viajantes\/\",\"name\":\"Voc\u00ea j\u00e1 ouviu falar na \u201cS\u00edndrome dos viajantes\u201d? - Portal MF\",\"isPartOf\":{\"@id\":\"https:\/\/portalmf.com.br\/#website\"},\"primaryImageOfPage\":{\"@id\":\"https:\/\/portalmf.com.br\/index.php\/2022\/12\/16\/voce-ja-ouviu-falar-na-sindrome-dos-viajantes\/#primaryimage\"},\"image\":{\"@id\":\"https:\/\/portalmf.com.br\/index.php\/2022\/12\/16\/voce-ja-ouviu-falar-na-sindrome-dos-viajantes\/#primaryimage\"},\"thumbnailUrl\":\"https:\/\/portalmf.com.br\/wp-content\/uploads\/2022\/12\/sindrome-do-viajante-prevencao-meia-de-compressao.jpg\",\"datePublished\":\"2022-12-16T18:55:27+00:00\",\"dateModified\":\"2022-12-16T18:55:28+00:00\",\"author\":{\"@id\":\"https:\/\/portalmf.com.br\/#\/schema\/person\/9ec101baf56233e53520c26de5d6f6f0\"},\"breadcrumb\":{\"@id\":\"https:\/\/portalmf.com.br\/index.php\/2022\/12\/16\/voce-ja-ouviu-falar-na-sindrome-dos-viajantes\/#breadcrumb\"},\"inLanguage\":\"pt-BR\",\"potentialAction\":[{\"@type\":\"ReadAction\",\"target\":[\"https:\/\/portalmf.com.br\/index.php\/2022\/12\/16\/voce-ja-ouviu-falar-na-sindrome-dos-viajantes\/\"]}]},{\"@type\":\"ImageObject\",\"inLanguage\":\"pt-BR\",\"@id\":\"https:\/\/portalmf.com.br\/index.php\/2022\/12\/16\/voce-ja-ouviu-falar-na-sindrome-dos-viajantes\/#primaryimage\",\"url\":\"https:\/\/portalmf.com.br\/wp-content\/uploads\/2022\/12\/sindrome-do-viajante-prevencao-meia-de-compressao.jpg\",\"contentUrl\":\"https:\/\/portalmf.com.br\/wp-content\/uploads\/2022\/12\/sindrome-do-viajante-prevencao-meia-de-compressao.jpg\",\"width\":524,\"height\":399},{\"@type\":\"BreadcrumbList\",\"@id\":\"https:\/\/portalmf.com.br\/index.php\/2022\/12\/16\/voce-ja-ouviu-falar-na-sindrome-dos-viajantes\/#breadcrumb\",\"itemListElement\":[{\"@type\":\"ListItem\",\"position\":1,\"name\":\"In\u00edcio\",\"item\":\"https:\/\/portalmf.com.br\/\"},{\"@type\":\"ListItem\",\"position\":2,\"name\":\"Voc\u00ea j\u00e1 ouviu falar na \u201cS\u00edndrome dos viajantes\u201d?\"}]},{\"@type\":\"WebSite\",\"@id\":\"https:\/\/portalmf.com.br\/#website\",\"url\":\"https:\/\/portalmf.com.br\/\",\"name\":\"Portal MF\",\"description\":\"Voc\u00ea conectado com a informa\u00e7\u00e3o\",\"potentialAction\":[{\"@type\":\"SearchAction\",\"target\":{\"@type\":\"EntryPoint\",\"urlTemplate\":\"https:\/\/portalmf.com.br\/?s={search_term_string}\"},\"query-input\":\"required name=search_term_string\"}],\"inLanguage\":\"pt-BR\"},{\"@type\":\"Person\",\"@id\":\"https:\/\/portalmf.com.br\/#\/schema\/person\/9ec101baf56233e53520c26de5d6f6f0\",\"name\":\"Reda\u00e7\u00e3o Portal MF\",\"image\":{\"@type\":\"ImageObject\",\"inLanguage\":\"pt-BR\",\"@id\":\"https:\/\/portalmf.com.br\/#\/schema\/person\/image\/\",\"url\":\"https:\/\/secure.gravatar.com\/avatar\/41b9aaeb2100835f7c64362330f74c7f?s=96&d=mm&r=g\",\"contentUrl\":\"https:\/\/secure.gravatar.com\/avatar\/41b9aaeb2100835f7c64362330f74c7f?s=96&d=mm&r=g\",\"caption\":\"Reda\u00e7\u00e3o Portal MF\"},\"description\":\"Sejam bem-vindos o portal de informa\u00e7\u00f5es de entretenimento de Feira de Santana, desde 2006 realiza coberturas dos principais eventos com entrevistas exclusivas com as principais personalidades mundiais. Fique conectado tamb\u00e9m nas redes sociais.\",\"sameAs\":[\"http:\/\/www.portalmf.com.br\/\",\"https:\/\/www.facebook.com\/portalmfoficial\",\"https:\/\/www.instagram.com\/portalmf\/\",\"https:\/\/x.com\/https:\/\/x.com\/portalmfoficial\",\"https:\/\/www.youtube.com\/@portalmfoficial\"],\"url\":\"https:\/\/portalmf.com.br\/index.php\/author\/junior\/\"}]}<\/script>\n<!-- \/ Yoast SEO plugin. -->","yoast_head_json":{"title":"Voc\u00ea j\u00e1 ouviu falar na \u201cS\u00edndrome dos viajantes\u201d? - Portal MF","robots":{"index":"index","follow":"follow","max-snippet":"max-snippet:-1","max-image-preview":"max-image-preview:large","max-video-preview":"max-video-preview:-1"},"canonical":"https:\/\/portalmf.com.br\/index.php\/2022\/12\/16\/voce-ja-ouviu-falar-na-sindrome-dos-viajantes\/","og_locale":"pt_BR","og_type":"article","og_title":"Voc\u00ea j\u00e1 ouviu falar na \u201cS\u00edndrome dos viajantes\u201d? - Portal MF","og_description":"A chegada do final de ano marca o in\u00edcio de um per\u00edodo em que as viagens de avi\u00e3o est\u00e3o inclu\u00eddas nos roteiros familiares. No entanto, \u00e9 importante ter alguns cuidados durante a viagem, principalmente para evitar o risco da trombose venosa profunda. Embora muitas pessoas n\u00e3o se preocupem com isso, existe uma s\u00e9rie de h\u00e1bitos [&hellip;]","og_url":"https:\/\/portalmf.com.br\/index.php\/2022\/12\/16\/voce-ja-ouviu-falar-na-sindrome-dos-viajantes\/","og_site_name":"Portal MF","article_author":"https:\/\/www.facebook.com\/portalmfoficial","article_published_time":"2022-12-16T18:55:27+00:00","article_modified_time":"2022-12-16T18:55:28+00:00","og_image":[{"width":524,"height":399,"url":"https:\/\/portalmf.com.br\/wp-content\/uploads\/2022\/12\/sindrome-do-viajante-prevencao-meia-de-compressao.jpg","type":"image\/jpeg"}],"author":"Reda\u00e7\u00e3o Portal MF","twitter_card":"summary_large_image","twitter_creator":"@https:\/\/x.com\/portalmfoficial","twitter_misc":{"Escrito por":"Reda\u00e7\u00e3o Portal MF","Est. tempo de leitura":"4 minutos"},"schema":{"@context":"https:\/\/schema.org","@graph":[{"@type":"WebPage","@id":"https:\/\/portalmf.com.br\/index.php\/2022\/12\/16\/voce-ja-ouviu-falar-na-sindrome-dos-viajantes\/","url":"https:\/\/portalmf.com.br\/index.php\/2022\/12\/16\/voce-ja-ouviu-falar-na-sindrome-dos-viajantes\/","name":"Voc\u00ea j\u00e1 ouviu falar na \u201cS\u00edndrome dos viajantes\u201d? - Portal MF","isPartOf":{"@id":"https:\/\/portalmf.com.br\/#website"},"primaryImageOfPage":{"@id":"https:\/\/portalmf.com.br\/index.php\/2022\/12\/16\/voce-ja-ouviu-falar-na-sindrome-dos-viajantes\/#primaryimage"},"image":{"@id":"https:\/\/portalmf.com.br\/index.php\/2022\/12\/16\/voce-ja-ouviu-falar-na-sindrome-dos-viajantes\/#primaryimage"},"thumbnailUrl":"https:\/\/portalmf.com.br\/wp-content\/uploads\/2022\/12\/sindrome-do-viajante-prevencao-meia-de-compressao.jpg","datePublished":"2022-12-16T18:55:27+00:00","dateModified":"2022-12-16T18:55:28+00:00","author":{"@id":"https:\/\/portalmf.com.br\/#\/schema\/person\/9ec101baf56233e53520c26de5d6f6f0"},"breadcrumb":{"@id":"https:\/\/portalmf.com.br\/index.php\/2022\/12\/16\/voce-ja-ouviu-falar-na-sindrome-dos-viajantes\/#breadcrumb"},"inLanguage":"pt-BR","potentialAction":[{"@type":"ReadAction","target":["https:\/\/portalmf.com.br\/index.php\/2022\/12\/16\/voce-ja-ouviu-falar-na-sindrome-dos-viajantes\/"]}]},{"@type":"ImageObject","inLanguage":"pt-BR","@id":"https:\/\/portalmf.com.br\/index.php\/2022\/12\/16\/voce-ja-ouviu-falar-na-sindrome-dos-viajantes\/#primaryimage","url":"https:\/\/portalmf.com.br\/wp-content\/uploads\/2022\/12\/sindrome-do-viajante-prevencao-meia-de-compressao.jpg","contentUrl":"https:\/\/portalmf.com.br\/wp-content\/uploads\/2022\/12\/sindrome-do-viajante-prevencao-meia-de-compressao.jpg","width":524,"height":399},{"@type":"BreadcrumbList","@id":"https:\/\/portalmf.com.br\/index.php\/2022\/12\/16\/voce-ja-ouviu-falar-na-sindrome-dos-viajantes\/#breadcrumb","itemListElement":[{"@type":"ListItem","position":1,"name":"In\u00edcio","item":"https:\/\/portalmf.com.br\/"},{"@type":"ListItem","position":2,"name":"Voc\u00ea j\u00e1 ouviu falar na \u201cS\u00edndrome dos viajantes\u201d?"}]},{"@type":"WebSite","@id":"https:\/\/portalmf.com.br\/#website","url":"https:\/\/portalmf.com.br\/","name":"Portal MF","description":"Voc\u00ea conectado com a informa\u00e7\u00e3o","potentialAction":[{"@type":"SearchAction","target":{"@type":"EntryPoint","urlTemplate":"https:\/\/portalmf.com.br\/?s={search_term_string}"},"query-input":"required name=search_term_string"}],"inLanguage":"pt-BR"},{"@type":"Person","@id":"https:\/\/portalmf.com.br\/#\/schema\/person\/9ec101baf56233e53520c26de5d6f6f0","name":"Reda\u00e7\u00e3o Portal MF","image":{"@type":"ImageObject","inLanguage":"pt-BR","@id":"https:\/\/portalmf.com.br\/#\/schema\/person\/image\/","url":"https:\/\/secure.gravatar.com\/avatar\/41b9aaeb2100835f7c64362330f74c7f?s=96&d=mm&r=g","contentUrl":"https:\/\/secure.gravatar.com\/avatar\/41b9aaeb2100835f7c64362330f74c7f?s=96&d=mm&r=g","caption":"Reda\u00e7\u00e3o Portal MF"},"description":"Sejam bem-vindos o portal de informa\u00e7\u00f5es de entretenimento de Feira de Santana, desde 2006 realiza coberturas dos principais eventos com entrevistas exclusivas com as principais personalidades mundiais. Fique conectado tamb\u00e9m nas redes sociais.","sameAs":["http:\/\/www.portalmf.com.br\/","https:\/\/www.facebook.com\/portalmfoficial","https:\/\/www.instagram.com\/portalmf\/","https:\/\/x.com\/https:\/\/x.com\/portalmfoficial","https:\/\/www.youtube.com\/@portalmfoficial"],"url":"https:\/\/portalmf.com.br\/index.php\/author\/junior\/"}]}},"_links":{"self":[{"href":"https:\/\/portalmf.com.br\/index.php\/wp-json\/wp\/v2\/posts\/6812"}],"collection":[{"href":"https:\/\/portalmf.com.br\/index.php\/wp-json\/wp\/v2\/posts"}],"about":[{"href":"https:\/\/portalmf.com.br\/index.php\/wp-json\/wp\/v2\/types\/post"}],"author":[{"embeddable":true,"href":"https:\/\/portalmf.com.br\/index.php\/wp-json\/wp\/v2\/users\/3"}],"replies":[{"embeddable":true,"href":"https:\/\/portalmf.com.br\/index.php\/wp-json\/wp\/v2\/comments?post=6812"}],"version-history":[{"count":1,"href":"https:\/\/portalmf.com.br\/index.php\/wp-json\/wp\/v2\/posts\/6812\/revisions"}],"predecessor-version":[{"id":6814,"href":"https:\/\/portalmf.com.br\/index.php\/wp-json\/wp\/v2\/posts\/6812\/revisions\/6814"}],"wp:featuredmedia":[{"embeddable":true,"href":"https:\/\/portalmf.com.br\/index.php\/wp-json\/wp\/v2\/media\/6813"}],"wp:attachment":[{"href":"https:\/\/portalmf.com.br\/index.php\/wp-json\/wp\/v2\/media?parent=6812"}],"wp:term":[{"taxonomy":"category","embeddable":true,"href":"https:\/\/portalmf.com.br\/index.php\/wp-json\/wp\/v2\/categories?post=6812"},{"taxonomy":"post_tag","embeddable":true,"href":"https:\/\/portalmf.com.br\/index.php\/wp-json\/wp\/v2\/tags?post=6812"}],"curies":[{"name":"wp","href":"https:\/\/api.w.org\/{rel}","templated":true}]}}