{"id":6796,"date":"2022-12-16T15:09:50","date_gmt":"2022-12-16T18:09:50","guid":{"rendered":"https:\/\/portalmf.com.br\/?p=6796"},"modified":"2022-12-16T15:19:26","modified_gmt":"2022-12-16T18:19:26","slug":"petronio-lima-participa-celebracao-ao-dia-da-biblia-na-alba","status":"publish","type":"post","link":"https:\/\/portalmf.com.br\/index.php\/2022\/12\/16\/petronio-lima-participa-celebracao-ao-dia-da-biblia-na-alba\/","title":{"rendered":"Petr\u00f4nio Lima participa celebra\u00e7\u00e3o ao Dia da B\u00edblia na ALBA"},"content":{"rendered":"\n<p>Na tarde de quinta-feira (15) o vereador Petr\u00f4nio Lima (Republicanos), participou da sess\u00e3o especial em homenagem ao Dia da B\u00edblia, que \u00e9 celebrado anualmente no segundo domingo de dezembro, reconhecendo a import\u00e2ncia das igrejas e dos l\u00edderes evang\u00e9licos no trabalho de propagar a Palavra de Deus.<br><br>Com muitas ora\u00e7\u00f5es, louvores, ensinamentos e homenagens, no Plen\u00e1rio Orlando Sp\u00ednola da Assembleia Legislativa da Bahia, a sess\u00e3o comemorou o Dia da B\u00edblia. Invocando a prote\u00e7\u00e3o de Deus, o deputado Jos\u00e9 de Arimateia (Republicanos), autor da iniciativa, declarou aberta a sess\u00e3o especial para exaltar a Palavra do Senhor atrav\u00e9s das Escrituras Sagradas, uma antologia de textos religiosos que est\u00e1 registrada nos 39 livros do Antigo Testamento e 26 livros do Novo Testamento.<\/p>\n\n\n\n<p>A sess\u00e3o contou com a presen\u00e7a de pastores, bispos, di\u00e1conos, mission\u00e1rios e autoridades de v\u00e1rias ordens religiosas de toda a Bahia.<\/p>\n\n\n<div class=\"wp-block-image\">\n<figure class=\"alignleft size-medium\"><img fetchpriority=\"high\" decoding=\"async\" width=\"225\" height=\"300\" src=\"https:\/\/portalmf.com.br\/wp-content\/uploads\/2022\/12\/Petronio-Lima-participa-celebracao-ao-Dia-da-Biblia-na-ALBA-225x300.jpeg\" alt=\"\" class=\"wp-image-6797\" srcset=\"https:\/\/portalmf.com.br\/wp-content\/uploads\/2022\/12\/Petronio-Lima-participa-celebracao-ao-Dia-da-Biblia-na-ALBA-225x300.jpeg 225w, https:\/\/portalmf.com.br\/wp-content\/uploads\/2022\/12\/Petronio-Lima-participa-celebracao-ao-Dia-da-Biblia-na-ALBA-768x1024.jpeg 768w, https:\/\/portalmf.com.br\/wp-content\/uploads\/2022\/12\/Petronio-Lima-participa-celebracao-ao-Dia-da-Biblia-na-ALBA-585x780.jpeg 585w, https:\/\/portalmf.com.br\/wp-content\/uploads\/2022\/12\/Petronio-Lima-participa-celebracao-ao-Dia-da-Biblia-na-ALBA.jpeg 960w\" sizes=\"(max-width: 225px) 100vw, 225px\" \/><\/figure><\/div>\n\n\n<p>A comemora\u00e7\u00e3o do Dia da B\u00edblia tamb\u00e9m abriu espa\u00e7o para os louvores a Cristo na voz de Tatiana Miranda, do Grupo Musical da For\u00e7a Jovem Universal da Bahia. Ap\u00f3s uma ora\u00e7\u00e3o do ap\u00f3stolo Marcos Sampaio, presidente da Associa\u00e7\u00e3o de Pastores Origem Brasil, de Feira de Santana, foi realizada uma palestra do pastor Felipe Cruz Moura, da Assembleia de Deus Casa da Adora\u00e7\u00e3o.<\/p>\n\n\n\n<p>O Vereador Petr\u00f4nio Lima esteve presente no evento representando a c\u00e2mara de vereadores de Feira de Santana. Por indica\u00e7\u00e3o de Petr\u00f4nio, foram homenageados tr\u00eas pastores da cidade:<br><br>Pr. Ronaldo Teodorio &#8211;&nbsp; Igreja Batista Filad\u00e9lfia<br><br>Pr. Josenildo dos Santos &#8211; Igreja Batista Filad\u00e9lfia<br><br>Pra. Maria Alice dos Santos &#8211;&nbsp; Igreja Batista Filad\u00e9lfia<\/p>\n\n\n\n<p><strong>Em Tempo:<\/strong> O Dia da B\u00edblia surgiu em 1549, na Gr\u00e3-Bretanha, quando o bispo Cranmer incluiu, no livro de ora\u00e7\u00f5es do Rei Eduardo VI, um dia especial para que o povo pudesse se aprofundar sobre a leitura dos vers\u00edculos, salmos, profecias e hist\u00f3rias contidas no Livro Sagrado. No Brasil, desde dezembro de 2001, essa data passou a integrar o calend\u00e1rio oficial do pa\u00eds, gra\u00e7as \u00e0 Lei Federal 10.335, consagrada anualmente todo segundo domingo de dezembro.<\/p>\n","protected":false},"excerpt":{"rendered":"<p>Na tarde de quinta-feira (15) o vereador Petr\u00f4nio Lima (Republicanos), participou da sess\u00e3o especial em homenagem ao Dia da B\u00edblia, que \u00e9 celebrado anualmente no segundo domingo de dezembro, reconhecendo a import\u00e2ncia das igrejas e dos l\u00edderes evang\u00e9licos no trabalho de propagar a Palavra de Deus. Com muitas ora\u00e7\u00f5es, louvores, ensinamentos e homenagens, no Plen\u00e1rio [&hellip;]<\/p>\n","protected":false},"author":3,"featured_media":6798,"comment_status":"open","ping_status":"open","sticky":false,"template":"","format":"standard","meta":{"_monsterinsights_skip_tracking":false,"_monsterinsights_sitenote_active":false,"_monsterinsights_sitenote_note":"","_monsterinsights_sitenote_category":0,"footnotes":""},"categories":[34],"tags":[],"yoast_head":"<!-- This site is optimized with the Yoast SEO plugin v22.9 - https:\/\/yoast.com\/wordpress\/plugins\/seo\/ -->\n<title>Petr\u00f4nio Lima participa celebra\u00e7\u00e3o ao Dia da B\u00edblia na ALBA - Portal MF<\/title>\n<meta name=\"robots\" content=\"index, follow, max-snippet:-1, max-image-preview:large, max-video-preview:-1\" \/>\n<link rel=\"canonical\" href=\"https:\/\/portalmf.com.br\/index.php\/2022\/12\/16\/petronio-lima-participa-celebracao-ao-dia-da-biblia-na-alba\/\" \/>\n<meta property=\"og:locale\" content=\"pt_BR\" \/>\n<meta property=\"og:type\" content=\"article\" \/>\n<meta property=\"og:title\" content=\"Petr\u00f4nio Lima participa celebra\u00e7\u00e3o ao Dia da B\u00edblia na ALBA - Portal MF\" \/>\n<meta property=\"og:description\" content=\"Na tarde de quinta-feira (15) o vereador Petr\u00f4nio Lima (Republicanos), participou da sess\u00e3o especial em homenagem ao Dia da B\u00edblia, que \u00e9 celebrado anualmente no segundo domingo de dezembro, reconhecendo a import\u00e2ncia das igrejas e dos l\u00edderes evang\u00e9licos no trabalho de propagar a Palavra de Deus. Com muitas ora\u00e7\u00f5es, louvores, ensinamentos e homenagens, no Plen\u00e1rio [&hellip;]\" \/>\n<meta property=\"og:url\" content=\"https:\/\/portalmf.com.br\/index.php\/2022\/12\/16\/petronio-lima-participa-celebracao-ao-dia-da-biblia-na-alba\/\" \/>\n<meta property=\"og:site_name\" content=\"Portal MF\" \/>\n<meta property=\"article:author\" content=\"https:\/\/www.facebook.com\/portalmfoficial\" \/>\n<meta property=\"article:published_time\" content=\"2022-12-16T18:09:50+00:00\" \/>\n<meta property=\"article:modified_time\" content=\"2022-12-16T18:19:26+00:00\" \/>\n<meta property=\"og:image\" content=\"https:\/\/portalmf.com.br\/wp-content\/uploads\/2022\/12\/Petronio-Lima-participa-celebracao-ao-Dia-da-Biblia-na-ALBA-2.jpeg\" \/>\n\t<meta property=\"og:image:width\" content=\"1600\" \/>\n\t<meta property=\"og:image:height\" content=\"926\" \/>\n\t<meta property=\"og:image:type\" content=\"image\/jpeg\" \/>\n<meta name=\"author\" content=\"Reda\u00e7\u00e3o Portal MF\" \/>\n<meta name=\"twitter:card\" content=\"summary_large_image\" \/>\n<meta name=\"twitter:creator\" content=\"@https:\/\/x.com\/portalmfoficial\" \/>\n<meta name=\"twitter:label1\" content=\"Escrito por\" \/>\n\t<meta name=\"twitter:data1\" content=\"Reda\u00e7\u00e3o Portal MF\" \/>\n\t<meta name=\"twitter:label2\" content=\"Est. tempo de leitura\" \/>\n\t<meta name=\"twitter:data2\" content=\"2 minutos\" \/>\n<script type=\"application\/ld+json\" class=\"yoast-schema-graph\">{\"@context\":\"https:\/\/schema.org\",\"@graph\":[{\"@type\":\"WebPage\",\"@id\":\"https:\/\/portalmf.com.br\/index.php\/2022\/12\/16\/petronio-lima-participa-celebracao-ao-dia-da-biblia-na-alba\/\",\"url\":\"https:\/\/portalmf.com.br\/index.php\/2022\/12\/16\/petronio-lima-participa-celebracao-ao-dia-da-biblia-na-alba\/\",\"name\":\"Petr\u00f4nio Lima participa celebra\u00e7\u00e3o ao Dia da B\u00edblia na ALBA - Portal MF\",\"isPartOf\":{\"@id\":\"https:\/\/portalmf.com.br\/#website\"},\"primaryImageOfPage\":{\"@id\":\"https:\/\/portalmf.com.br\/index.php\/2022\/12\/16\/petronio-lima-participa-celebracao-ao-dia-da-biblia-na-alba\/#primaryimage\"},\"image\":{\"@id\":\"https:\/\/portalmf.com.br\/index.php\/2022\/12\/16\/petronio-lima-participa-celebracao-ao-dia-da-biblia-na-alba\/#primaryimage\"},\"thumbnailUrl\":\"https:\/\/portalmf.com.br\/wp-content\/uploads\/2022\/12\/Petronio-Lima-participa-celebracao-ao-Dia-da-Biblia-na-ALBA-2.jpeg\",\"datePublished\":\"2022-12-16T18:09:50+00:00\",\"dateModified\":\"2022-12-16T18:19:26+00:00\",\"author\":{\"@id\":\"https:\/\/portalmf.com.br\/#\/schema\/person\/9ec101baf56233e53520c26de5d6f6f0\"},\"breadcrumb\":{\"@id\":\"https:\/\/portalmf.com.br\/index.php\/2022\/12\/16\/petronio-lima-participa-celebracao-ao-dia-da-biblia-na-alba\/#breadcrumb\"},\"inLanguage\":\"pt-BR\",\"potentialAction\":[{\"@type\":\"ReadAction\",\"target\":[\"https:\/\/portalmf.com.br\/index.php\/2022\/12\/16\/petronio-lima-participa-celebracao-ao-dia-da-biblia-na-alba\/\"]}]},{\"@type\":\"ImageObject\",\"inLanguage\":\"pt-BR\",\"@id\":\"https:\/\/portalmf.com.br\/index.php\/2022\/12\/16\/petronio-lima-participa-celebracao-ao-dia-da-biblia-na-alba\/#primaryimage\",\"url\":\"https:\/\/portalmf.com.br\/wp-content\/uploads\/2022\/12\/Petronio-Lima-participa-celebracao-ao-Dia-da-Biblia-na-ALBA-2.jpeg\",\"contentUrl\":\"https:\/\/portalmf.com.br\/wp-content\/uploads\/2022\/12\/Petronio-Lima-participa-celebracao-ao-Dia-da-Biblia-na-ALBA-2.jpeg\",\"width\":1600,\"height\":926},{\"@type\":\"BreadcrumbList\",\"@id\":\"https:\/\/portalmf.com.br\/index.php\/2022\/12\/16\/petronio-lima-participa-celebracao-ao-dia-da-biblia-na-alba\/#breadcrumb\",\"itemListElement\":[{\"@type\":\"ListItem\",\"position\":1,\"name\":\"In\u00edcio\",\"item\":\"https:\/\/portalmf.com.br\/\"},{\"@type\":\"ListItem\",\"position\":2,\"name\":\"Petr\u00f4nio Lima participa celebra\u00e7\u00e3o ao Dia da B\u00edblia na ALBA\"}]},{\"@type\":\"WebSite\",\"@id\":\"https:\/\/portalmf.com.br\/#website\",\"url\":\"https:\/\/portalmf.com.br\/\",\"name\":\"Portal MF\",\"description\":\"Voc\u00ea conectado com a informa\u00e7\u00e3o\",\"potentialAction\":[{\"@type\":\"SearchAction\",\"target\":{\"@type\":\"EntryPoint\",\"urlTemplate\":\"https:\/\/portalmf.com.br\/?s={search_term_string}\"},\"query-input\":\"required name=search_term_string\"}],\"inLanguage\":\"pt-BR\"},{\"@type\":\"Person\",\"@id\":\"https:\/\/portalmf.com.br\/#\/schema\/person\/9ec101baf56233e53520c26de5d6f6f0\",\"name\":\"Reda\u00e7\u00e3o Portal MF\",\"image\":{\"@type\":\"ImageObject\",\"inLanguage\":\"pt-BR\",\"@id\":\"https:\/\/portalmf.com.br\/#\/schema\/person\/image\/\",\"url\":\"https:\/\/secure.gravatar.com\/avatar\/41b9aaeb2100835f7c64362330f74c7f?s=96&d=mm&r=g\",\"contentUrl\":\"https:\/\/secure.gravatar.com\/avatar\/41b9aaeb2100835f7c64362330f74c7f?s=96&d=mm&r=g\",\"caption\":\"Reda\u00e7\u00e3o Portal MF\"},\"description\":\"Sejam bem-vindos o portal de informa\u00e7\u00f5es de entretenimento de Feira de Santana, desde 2006 realiza coberturas dos principais eventos com entrevistas exclusivas com as principais personalidades mundiais. Fique conectado tamb\u00e9m nas redes sociais.\",\"sameAs\":[\"http:\/\/www.portalmf.com.br\/\",\"https:\/\/www.facebook.com\/portalmfoficial\",\"https:\/\/www.instagram.com\/portalmf\/\",\"https:\/\/x.com\/https:\/\/x.com\/portalmfoficial\",\"https:\/\/www.youtube.com\/@portalmfoficial\"],\"url\":\"https:\/\/portalmf.com.br\/index.php\/author\/junior\/\"}]}<\/script>\n<!-- \/ Yoast SEO plugin. -->","yoast_head_json":{"title":"Petr\u00f4nio Lima participa celebra\u00e7\u00e3o ao Dia da B\u00edblia na ALBA - Portal MF","robots":{"index":"index","follow":"follow","max-snippet":"max-snippet:-1","max-image-preview":"max-image-preview:large","max-video-preview":"max-video-preview:-1"},"canonical":"https:\/\/portalmf.com.br\/index.php\/2022\/12\/16\/petronio-lima-participa-celebracao-ao-dia-da-biblia-na-alba\/","og_locale":"pt_BR","og_type":"article","og_title":"Petr\u00f4nio Lima participa celebra\u00e7\u00e3o ao Dia da B\u00edblia na ALBA - Portal MF","og_description":"Na tarde de quinta-feira (15) o vereador Petr\u00f4nio Lima (Republicanos), participou da sess\u00e3o especial em homenagem ao Dia da B\u00edblia, que \u00e9 celebrado anualmente no segundo domingo de dezembro, reconhecendo a import\u00e2ncia das igrejas e dos l\u00edderes evang\u00e9licos no trabalho de propagar a Palavra de Deus. Com muitas ora\u00e7\u00f5es, louvores, ensinamentos e homenagens, no Plen\u00e1rio [&hellip;]","og_url":"https:\/\/portalmf.com.br\/index.php\/2022\/12\/16\/petronio-lima-participa-celebracao-ao-dia-da-biblia-na-alba\/","og_site_name":"Portal MF","article_author":"https:\/\/www.facebook.com\/portalmfoficial","article_published_time":"2022-12-16T18:09:50+00:00","article_modified_time":"2022-12-16T18:19:26+00:00","og_image":[{"width":1600,"height":926,"url":"https:\/\/portalmf.com.br\/wp-content\/uploads\/2022\/12\/Petronio-Lima-participa-celebracao-ao-Dia-da-Biblia-na-ALBA-2.jpeg","type":"image\/jpeg"}],"author":"Reda\u00e7\u00e3o Portal MF","twitter_card":"summary_large_image","twitter_creator":"@https:\/\/x.com\/portalmfoficial","twitter_misc":{"Escrito por":"Reda\u00e7\u00e3o Portal MF","Est. tempo de leitura":"2 minutos"},"schema":{"@context":"https:\/\/schema.org","@graph":[{"@type":"WebPage","@id":"https:\/\/portalmf.com.br\/index.php\/2022\/12\/16\/petronio-lima-participa-celebracao-ao-dia-da-biblia-na-alba\/","url":"https:\/\/portalmf.com.br\/index.php\/2022\/12\/16\/petronio-lima-participa-celebracao-ao-dia-da-biblia-na-alba\/","name":"Petr\u00f4nio Lima participa celebra\u00e7\u00e3o ao Dia da B\u00edblia na ALBA - Portal MF","isPartOf":{"@id":"https:\/\/portalmf.com.br\/#website"},"primaryImageOfPage":{"@id":"https:\/\/portalmf.com.br\/index.php\/2022\/12\/16\/petronio-lima-participa-celebracao-ao-dia-da-biblia-na-alba\/#primaryimage"},"image":{"@id":"https:\/\/portalmf.com.br\/index.php\/2022\/12\/16\/petronio-lima-participa-celebracao-ao-dia-da-biblia-na-alba\/#primaryimage"},"thumbnailUrl":"https:\/\/portalmf.com.br\/wp-content\/uploads\/2022\/12\/Petronio-Lima-participa-celebracao-ao-Dia-da-Biblia-na-ALBA-2.jpeg","datePublished":"2022-12-16T18:09:50+00:00","dateModified":"2022-12-16T18:19:26+00:00","author":{"@id":"https:\/\/portalmf.com.br\/#\/schema\/person\/9ec101baf56233e53520c26de5d6f6f0"},"breadcrumb":{"@id":"https:\/\/portalmf.com.br\/index.php\/2022\/12\/16\/petronio-lima-participa-celebracao-ao-dia-da-biblia-na-alba\/#breadcrumb"},"inLanguage":"pt-BR","potentialAction":[{"@type":"ReadAction","target":["https:\/\/portalmf.com.br\/index.php\/2022\/12\/16\/petronio-lima-participa-celebracao-ao-dia-da-biblia-na-alba\/"]}]},{"@type":"ImageObject","inLanguage":"pt-BR","@id":"https:\/\/portalmf.com.br\/index.php\/2022\/12\/16\/petronio-lima-participa-celebracao-ao-dia-da-biblia-na-alba\/#primaryimage","url":"https:\/\/portalmf.com.br\/wp-content\/uploads\/2022\/12\/Petronio-Lima-participa-celebracao-ao-Dia-da-Biblia-na-ALBA-2.jpeg","contentUrl":"https:\/\/portalmf.com.br\/wp-content\/uploads\/2022\/12\/Petronio-Lima-participa-celebracao-ao-Dia-da-Biblia-na-ALBA-2.jpeg","width":1600,"height":926},{"@type":"BreadcrumbList","@id":"https:\/\/portalmf.com.br\/index.php\/2022\/12\/16\/petronio-lima-participa-celebracao-ao-dia-da-biblia-na-alba\/#breadcrumb","itemListElement":[{"@type":"ListItem","position":1,"name":"In\u00edcio","item":"https:\/\/portalmf.com.br\/"},{"@type":"ListItem","position":2,"name":"Petr\u00f4nio Lima participa celebra\u00e7\u00e3o ao Dia da B\u00edblia na ALBA"}]},{"@type":"WebSite","@id":"https:\/\/portalmf.com.br\/#website","url":"https:\/\/portalmf.com.br\/","name":"Portal MF","description":"Voc\u00ea conectado com a informa\u00e7\u00e3o","potentialAction":[{"@type":"SearchAction","target":{"@type":"EntryPoint","urlTemplate":"https:\/\/portalmf.com.br\/?s={search_term_string}"},"query-input":"required name=search_term_string"}],"inLanguage":"pt-BR"},{"@type":"Person","@id":"https:\/\/portalmf.com.br\/#\/schema\/person\/9ec101baf56233e53520c26de5d6f6f0","name":"Reda\u00e7\u00e3o Portal MF","image":{"@type":"ImageObject","inLanguage":"pt-BR","@id":"https:\/\/portalmf.com.br\/#\/schema\/person\/image\/","url":"https:\/\/secure.gravatar.com\/avatar\/41b9aaeb2100835f7c64362330f74c7f?s=96&d=mm&r=g","contentUrl":"https:\/\/secure.gravatar.com\/avatar\/41b9aaeb2100835f7c64362330f74c7f?s=96&d=mm&r=g","caption":"Reda\u00e7\u00e3o Portal MF"},"description":"Sejam bem-vindos o portal de informa\u00e7\u00f5es de entretenimento de Feira de Santana, desde 2006 realiza coberturas dos principais eventos com entrevistas exclusivas com as principais personalidades mundiais. Fique conectado tamb\u00e9m nas redes sociais.","sameAs":["http:\/\/www.portalmf.com.br\/","https:\/\/www.facebook.com\/portalmfoficial","https:\/\/www.instagram.com\/portalmf\/","https:\/\/x.com\/https:\/\/x.com\/portalmfoficial","https:\/\/www.youtube.com\/@portalmfoficial"],"url":"https:\/\/portalmf.com.br\/index.php\/author\/junior\/"}]}},"_links":{"self":[{"href":"https:\/\/portalmf.com.br\/index.php\/wp-json\/wp\/v2\/posts\/6796"}],"collection":[{"href":"https:\/\/portalmf.com.br\/index.php\/wp-json\/wp\/v2\/posts"}],"about":[{"href":"https:\/\/portalmf.com.br\/index.php\/wp-json\/wp\/v2\/types\/post"}],"author":[{"embeddable":true,"href":"https:\/\/portalmf.com.br\/index.php\/wp-json\/wp\/v2\/users\/3"}],"replies":[{"embeddable":true,"href":"https:\/\/portalmf.com.br\/index.php\/wp-json\/wp\/v2\/comments?post=6796"}],"version-history":[{"count":4,"href":"https:\/\/portalmf.com.br\/index.php\/wp-json\/wp\/v2\/posts\/6796\/revisions"}],"predecessor-version":[{"id":6802,"href":"https:\/\/portalmf.com.br\/index.php\/wp-json\/wp\/v2\/posts\/6796\/revisions\/6802"}],"wp:featuredmedia":[{"embeddable":true,"href":"https:\/\/portalmf.com.br\/index.php\/wp-json\/wp\/v2\/media\/6798"}],"wp:attachment":[{"href":"https:\/\/portalmf.com.br\/index.php\/wp-json\/wp\/v2\/media?parent=6796"}],"wp:term":[{"taxonomy":"category","embeddable":true,"href":"https:\/\/portalmf.com.br\/index.php\/wp-json\/wp\/v2\/categories?post=6796"},{"taxonomy":"post_tag","embeddable":true,"href":"https:\/\/portalmf.com.br\/index.php\/wp-json\/wp\/v2\/tags?post=6796"}],"curies":[{"name":"wp","href":"https:\/\/api.w.org\/{rel}","templated":true}]}}