{"id":6788,"date":"2022-12-16T11:44:54","date_gmt":"2022-12-16T14:44:54","guid":{"rendered":"https:\/\/portalmf.com.br\/?p=6788"},"modified":"2022-12-16T11:49:18","modified_gmt":"2022-12-16T14:49:18","slug":"fifa-define-marrocos-como-sede-do-mundial-de-clubes-2023","status":"publish","type":"post","link":"https:\/\/portalmf.com.br\/index.php\/2022\/12\/16\/fifa-define-marrocos-como-sede-do-mundial-de-clubes-2023\/","title":{"rendered":"Fifa define Marrocos como sede do Mundial de Clubes 2023"},"content":{"rendered":"\n<p>O Mundial de Clubes de 2022, que ter\u00e1 as participa\u00e7\u00f5es de Flamengo e Real Madrid, ser\u00e1 disputado no Marrocos, de 1\u00ba a 11 de fevereiro de 2023. A Fifa tomou essa decis\u00e3o durante a Copa do Mundo do Catar, depois de meses de indefini\u00e7\u00e3o a respeito da sede e da data do torneio \u2013 que se tornou um inc\u00f4modo para a entidade. As cidades candidatas a sede devem ser visitadas por comiss\u00f5es da Fifa a partir da pr\u00f3xima semana.<\/p>\n\n\n\n<p>O Mundial de Clubes vai obrigar a Conmebol a alterar a data da Recopa Sul-Americana, entre Flamengo e Independiente del Valle. Os dois jogos entre os campe\u00f5es da Libertadores e da Copa Sul-Americana estavam marcados para os dias 8 e 15 de fevereiro do pr\u00f3ximo ano.<\/p>\n\n\n\n<p>A edi\u00e7\u00e3o de 2022 do Mundial ser\u00e1 disputada no formato que j\u00e1 se tornou tradicional, com sete clubes \u2013 os seis campe\u00f5es continentais vigentes e mais um representante do pa\u00eds-sede. Os representes de Am\u00e9rica do Sul e Europa entram direto na semifinal.<\/p>\n\n\n\n<p>A pr\u00f3xima edi\u00e7\u00e3o j\u00e1 tinha garantidos&nbsp;Flamengo&nbsp;(campe\u00e3o da Libertadores),&nbsp;Real Madrid&nbsp;(campe\u00e3o da&nbsp;Liga dos Campe\u00f5es,&nbsp;Seattle Sounders&nbsp;(EUA, campe\u00e3o da Concachampions) e&nbsp;Auckland City&nbsp;(Nova Zel\u00e2ndia, campe\u00e3o da Oceania).<\/p>\n\n\n\n<p>O campe\u00e3o da \u00c1frica \u00e9 o&nbsp;Wydad Casablanca, que tamb\u00e9m \u00e9 campe\u00e3o marroquino. De acordo com o regulamento, a vaga continental neste caso deve ir para para o vice-campe\u00e3o africano, o&nbsp;Al-Ahly, do Egito.<\/p>\n\n\n\n<p>O representante da \u00c1sia n\u00e3o est\u00e1 definido. A final do torneio continental de clubes est\u00e1 marcada para os dias 29 de abril e 6 de maio. No entanto, o torneio divide sua disputa entre leste e oeste asi\u00e1ticos. O japon\u00eas Urawa Red Diamonds est\u00e1 classificado para a decis\u00e3o, ap\u00f3s o mata-mata do lado leste ter sido disputado. O oeste ainda n\u00e3o teve seus confrontos de oitavas de final jogados. A Fifa ainda diz n\u00e3o saber como ser\u00e1 determinado o time asi\u00e1tico do Mundial.<\/p>\n\n\n\n<p><strong>EUA e Brasil descartados<\/strong><\/p>\n\n\n\n<p>Ao longo dos \u00faltimos meses houve intensa busca por uma sede para receber o Mundial de Clubes, torneio que virou um problema para a Fifa, que o considera um fracasso comercial e esportivo.<\/p>\n\n\n\n<p>Algumas sedes foram cogitadas nesse per\u00edodo, e todas foram descartadas por algum motivo. Os EUA teriam sido vetados pelo Real Madrid, por causa da dist\u00e2ncia.<\/p>\n\n\n\n<p>Ao Brasil foi oferecia a possibilidade de organizar o torneio \u2013 mas o alto investimento exigido pela Fifa e a urg\u00eancia de colocar um plano de p\u00e9 em pouco tempo fizeram a CBF recusar a ideia.<\/p>\n\n\n\n<p>Marrocos vai receber o Mundial de Clubes da Fifa pela terceira vez. O pa\u00eds sediou o evento em 2013, quando o Bayern de Munique foi campe\u00e3o, e o Atl\u00e9tico-MG caiu na semifinal, e em 2014, quando o Real Madrid levou o t\u00edtulo.<\/p>\n\n\n\n<p>Com informa\u00e7\u00f5es do Globo Esporte<\/p>\n","protected":false},"excerpt":{"rendered":"<p>O Mundial de Clubes de 2022, que ter\u00e1 as participa\u00e7\u00f5es de Flamengo e Real Madrid, ser\u00e1 disputado no Marrocos, de 1\u00ba a 11 de fevereiro de 2023. A Fifa tomou essa decis\u00e3o durante a Copa do Mundo do Catar, depois de meses de indefini\u00e7\u00e3o a respeito da sede e da data do torneio \u2013 que [&hellip;]<\/p>\n","protected":false},"author":3,"featured_media":6789,"comment_status":"open","ping_status":"open","sticky":false,"template":"","format":"standard","meta":{"_monsterinsights_skip_tracking":false,"_monsterinsights_sitenote_active":false,"_monsterinsights_sitenote_note":"","_monsterinsights_sitenote_category":0,"footnotes":""},"categories":[42],"tags":[],"yoast_head":"<!-- This site is optimized with the Yoast SEO plugin v22.9 - https:\/\/yoast.com\/wordpress\/plugins\/seo\/ -->\n<title>Fifa define Marrocos como sede do Mundial de Clubes 2023 - Portal MF<\/title>\n<meta name=\"robots\" content=\"index, follow, max-snippet:-1, max-image-preview:large, max-video-preview:-1\" \/>\n<link rel=\"canonical\" href=\"https:\/\/portalmf.com.br\/index.php\/2022\/12\/16\/fifa-define-marrocos-como-sede-do-mundial-de-clubes-2023\/\" \/>\n<meta property=\"og:locale\" content=\"pt_BR\" \/>\n<meta property=\"og:type\" content=\"article\" \/>\n<meta property=\"og:title\" content=\"Fifa define Marrocos como sede do Mundial de Clubes 2023 - Portal MF\" \/>\n<meta property=\"og:description\" content=\"O Mundial de Clubes de 2022, que ter\u00e1 as participa\u00e7\u00f5es de Flamengo e Real Madrid, ser\u00e1 disputado no Marrocos, de 1\u00ba a 11 de fevereiro de 2023. A Fifa tomou essa decis\u00e3o durante a Copa do Mundo do Catar, depois de meses de indefini\u00e7\u00e3o a respeito da sede e da data do torneio \u2013 que [&hellip;]\" \/>\n<meta property=\"og:url\" content=\"https:\/\/portalmf.com.br\/index.php\/2022\/12\/16\/fifa-define-marrocos-como-sede-do-mundial-de-clubes-2023\/\" \/>\n<meta property=\"og:site_name\" content=\"Portal MF\" \/>\n<meta property=\"article:author\" content=\"https:\/\/www.facebook.com\/portalmfoficial\" \/>\n<meta property=\"article:published_time\" content=\"2022-12-16T14:44:54+00:00\" \/>\n<meta property=\"article:modified_time\" content=\"2022-12-16T14:49:18+00:00\" \/>\n<meta property=\"og:image\" content=\"https:\/\/portalmf.com.br\/wp-content\/uploads\/2022\/12\/Flamego-Libertadores-2022.jpg\" \/>\n\t<meta property=\"og:image:width\" content=\"924\" \/>\n\t<meta property=\"og:image:height\" content=\"616\" \/>\n\t<meta property=\"og:image:type\" content=\"image\/jpeg\" \/>\n<meta name=\"author\" content=\"Reda\u00e7\u00e3o Portal MF\" \/>\n<meta name=\"twitter:card\" content=\"summary_large_image\" \/>\n<meta name=\"twitter:creator\" content=\"@https:\/\/x.com\/portalmfoficial\" \/>\n<meta name=\"twitter:label1\" content=\"Escrito por\" \/>\n\t<meta name=\"twitter:data1\" content=\"Reda\u00e7\u00e3o Portal MF\" \/>\n\t<meta name=\"twitter:label2\" content=\"Est. tempo de leitura\" \/>\n\t<meta name=\"twitter:data2\" content=\"3 minutos\" \/>\n<script type=\"application\/ld+json\" class=\"yoast-schema-graph\">{\"@context\":\"https:\/\/schema.org\",\"@graph\":[{\"@type\":\"WebPage\",\"@id\":\"https:\/\/portalmf.com.br\/index.php\/2022\/12\/16\/fifa-define-marrocos-como-sede-do-mundial-de-clubes-2023\/\",\"url\":\"https:\/\/portalmf.com.br\/index.php\/2022\/12\/16\/fifa-define-marrocos-como-sede-do-mundial-de-clubes-2023\/\",\"name\":\"Fifa define Marrocos como sede do Mundial de Clubes 2023 - Portal MF\",\"isPartOf\":{\"@id\":\"https:\/\/portalmf.com.br\/#website\"},\"primaryImageOfPage\":{\"@id\":\"https:\/\/portalmf.com.br\/index.php\/2022\/12\/16\/fifa-define-marrocos-como-sede-do-mundial-de-clubes-2023\/#primaryimage\"},\"image\":{\"@id\":\"https:\/\/portalmf.com.br\/index.php\/2022\/12\/16\/fifa-define-marrocos-como-sede-do-mundial-de-clubes-2023\/#primaryimage\"},\"thumbnailUrl\":\"https:\/\/portalmf.com.br\/wp-content\/uploads\/2022\/12\/Flamego-Libertadores-2022.jpg\",\"datePublished\":\"2022-12-16T14:44:54+00:00\",\"dateModified\":\"2022-12-16T14:49:18+00:00\",\"author\":{\"@id\":\"https:\/\/portalmf.com.br\/#\/schema\/person\/9ec101baf56233e53520c26de5d6f6f0\"},\"breadcrumb\":{\"@id\":\"https:\/\/portalmf.com.br\/index.php\/2022\/12\/16\/fifa-define-marrocos-como-sede-do-mundial-de-clubes-2023\/#breadcrumb\"},\"inLanguage\":\"pt-BR\",\"potentialAction\":[{\"@type\":\"ReadAction\",\"target\":[\"https:\/\/portalmf.com.br\/index.php\/2022\/12\/16\/fifa-define-marrocos-como-sede-do-mundial-de-clubes-2023\/\"]}]},{\"@type\":\"ImageObject\",\"inLanguage\":\"pt-BR\",\"@id\":\"https:\/\/portalmf.com.br\/index.php\/2022\/12\/16\/fifa-define-marrocos-como-sede-do-mundial-de-clubes-2023\/#primaryimage\",\"url\":\"https:\/\/portalmf.com.br\/wp-content\/uploads\/2022\/12\/Flamego-Libertadores-2022.jpg\",\"contentUrl\":\"https:\/\/portalmf.com.br\/wp-content\/uploads\/2022\/12\/Flamego-Libertadores-2022.jpg\",\"width\":924,\"height\":616},{\"@type\":\"BreadcrumbList\",\"@id\":\"https:\/\/portalmf.com.br\/index.php\/2022\/12\/16\/fifa-define-marrocos-como-sede-do-mundial-de-clubes-2023\/#breadcrumb\",\"itemListElement\":[{\"@type\":\"ListItem\",\"position\":1,\"name\":\"In\u00edcio\",\"item\":\"https:\/\/portalmf.com.br\/\"},{\"@type\":\"ListItem\",\"position\":2,\"name\":\"Fifa define Marrocos como sede do Mundial de Clubes 2023\"}]},{\"@type\":\"WebSite\",\"@id\":\"https:\/\/portalmf.com.br\/#website\",\"url\":\"https:\/\/portalmf.com.br\/\",\"name\":\"Portal MF\",\"description\":\"Voc\u00ea conectado com a informa\u00e7\u00e3o\",\"potentialAction\":[{\"@type\":\"SearchAction\",\"target\":{\"@type\":\"EntryPoint\",\"urlTemplate\":\"https:\/\/portalmf.com.br\/?s={search_term_string}\"},\"query-input\":\"required name=search_term_string\"}],\"inLanguage\":\"pt-BR\"},{\"@type\":\"Person\",\"@id\":\"https:\/\/portalmf.com.br\/#\/schema\/person\/9ec101baf56233e53520c26de5d6f6f0\",\"name\":\"Reda\u00e7\u00e3o Portal MF\",\"image\":{\"@type\":\"ImageObject\",\"inLanguage\":\"pt-BR\",\"@id\":\"https:\/\/portalmf.com.br\/#\/schema\/person\/image\/\",\"url\":\"https:\/\/secure.gravatar.com\/avatar\/41b9aaeb2100835f7c64362330f74c7f?s=96&d=mm&r=g\",\"contentUrl\":\"https:\/\/secure.gravatar.com\/avatar\/41b9aaeb2100835f7c64362330f74c7f?s=96&d=mm&r=g\",\"caption\":\"Reda\u00e7\u00e3o Portal MF\"},\"description\":\"Sejam bem-vindos o portal de informa\u00e7\u00f5es de entretenimento de Feira de Santana, desde 2006 realiza coberturas dos principais eventos com entrevistas exclusivas com as principais personalidades mundiais. Fique conectado tamb\u00e9m nas redes sociais.\",\"sameAs\":[\"http:\/\/www.portalmf.com.br\/\",\"https:\/\/www.facebook.com\/portalmfoficial\",\"https:\/\/www.instagram.com\/portalmf\/\",\"https:\/\/x.com\/https:\/\/x.com\/portalmfoficial\",\"https:\/\/www.youtube.com\/@portalmfoficial\"],\"url\":\"https:\/\/portalmf.com.br\/index.php\/author\/junior\/\"}]}<\/script>\n<!-- \/ Yoast SEO plugin. -->","yoast_head_json":{"title":"Fifa define Marrocos como sede do Mundial de Clubes 2023 - Portal MF","robots":{"index":"index","follow":"follow","max-snippet":"max-snippet:-1","max-image-preview":"max-image-preview:large","max-video-preview":"max-video-preview:-1"},"canonical":"https:\/\/portalmf.com.br\/index.php\/2022\/12\/16\/fifa-define-marrocos-como-sede-do-mundial-de-clubes-2023\/","og_locale":"pt_BR","og_type":"article","og_title":"Fifa define Marrocos como sede do Mundial de Clubes 2023 - Portal MF","og_description":"O Mundial de Clubes de 2022, que ter\u00e1 as participa\u00e7\u00f5es de Flamengo e Real Madrid, ser\u00e1 disputado no Marrocos, de 1\u00ba a 11 de fevereiro de 2023. A Fifa tomou essa decis\u00e3o durante a Copa do Mundo do Catar, depois de meses de indefini\u00e7\u00e3o a respeito da sede e da data do torneio \u2013 que [&hellip;]","og_url":"https:\/\/portalmf.com.br\/index.php\/2022\/12\/16\/fifa-define-marrocos-como-sede-do-mundial-de-clubes-2023\/","og_site_name":"Portal MF","article_author":"https:\/\/www.facebook.com\/portalmfoficial","article_published_time":"2022-12-16T14:44:54+00:00","article_modified_time":"2022-12-16T14:49:18+00:00","og_image":[{"width":924,"height":616,"url":"https:\/\/portalmf.com.br\/wp-content\/uploads\/2022\/12\/Flamego-Libertadores-2022.jpg","type":"image\/jpeg"}],"author":"Reda\u00e7\u00e3o Portal MF","twitter_card":"summary_large_image","twitter_creator":"@https:\/\/x.com\/portalmfoficial","twitter_misc":{"Escrito por":"Reda\u00e7\u00e3o Portal MF","Est. tempo de leitura":"3 minutos"},"schema":{"@context":"https:\/\/schema.org","@graph":[{"@type":"WebPage","@id":"https:\/\/portalmf.com.br\/index.php\/2022\/12\/16\/fifa-define-marrocos-como-sede-do-mundial-de-clubes-2023\/","url":"https:\/\/portalmf.com.br\/index.php\/2022\/12\/16\/fifa-define-marrocos-como-sede-do-mundial-de-clubes-2023\/","name":"Fifa define Marrocos como sede do Mundial de Clubes 2023 - Portal MF","isPartOf":{"@id":"https:\/\/portalmf.com.br\/#website"},"primaryImageOfPage":{"@id":"https:\/\/portalmf.com.br\/index.php\/2022\/12\/16\/fifa-define-marrocos-como-sede-do-mundial-de-clubes-2023\/#primaryimage"},"image":{"@id":"https:\/\/portalmf.com.br\/index.php\/2022\/12\/16\/fifa-define-marrocos-como-sede-do-mundial-de-clubes-2023\/#primaryimage"},"thumbnailUrl":"https:\/\/portalmf.com.br\/wp-content\/uploads\/2022\/12\/Flamego-Libertadores-2022.jpg","datePublished":"2022-12-16T14:44:54+00:00","dateModified":"2022-12-16T14:49:18+00:00","author":{"@id":"https:\/\/portalmf.com.br\/#\/schema\/person\/9ec101baf56233e53520c26de5d6f6f0"},"breadcrumb":{"@id":"https:\/\/portalmf.com.br\/index.php\/2022\/12\/16\/fifa-define-marrocos-como-sede-do-mundial-de-clubes-2023\/#breadcrumb"},"inLanguage":"pt-BR","potentialAction":[{"@type":"ReadAction","target":["https:\/\/portalmf.com.br\/index.php\/2022\/12\/16\/fifa-define-marrocos-como-sede-do-mundial-de-clubes-2023\/"]}]},{"@type":"ImageObject","inLanguage":"pt-BR","@id":"https:\/\/portalmf.com.br\/index.php\/2022\/12\/16\/fifa-define-marrocos-como-sede-do-mundial-de-clubes-2023\/#primaryimage","url":"https:\/\/portalmf.com.br\/wp-content\/uploads\/2022\/12\/Flamego-Libertadores-2022.jpg","contentUrl":"https:\/\/portalmf.com.br\/wp-content\/uploads\/2022\/12\/Flamego-Libertadores-2022.jpg","width":924,"height":616},{"@type":"BreadcrumbList","@id":"https:\/\/portalmf.com.br\/index.php\/2022\/12\/16\/fifa-define-marrocos-como-sede-do-mundial-de-clubes-2023\/#breadcrumb","itemListElement":[{"@type":"ListItem","position":1,"name":"In\u00edcio","item":"https:\/\/portalmf.com.br\/"},{"@type":"ListItem","position":2,"name":"Fifa define Marrocos como sede do Mundial de Clubes 2023"}]},{"@type":"WebSite","@id":"https:\/\/portalmf.com.br\/#website","url":"https:\/\/portalmf.com.br\/","name":"Portal MF","description":"Voc\u00ea conectado com a informa\u00e7\u00e3o","potentialAction":[{"@type":"SearchAction","target":{"@type":"EntryPoint","urlTemplate":"https:\/\/portalmf.com.br\/?s={search_term_string}"},"query-input":"required name=search_term_string"}],"inLanguage":"pt-BR"},{"@type":"Person","@id":"https:\/\/portalmf.com.br\/#\/schema\/person\/9ec101baf56233e53520c26de5d6f6f0","name":"Reda\u00e7\u00e3o Portal MF","image":{"@type":"ImageObject","inLanguage":"pt-BR","@id":"https:\/\/portalmf.com.br\/#\/schema\/person\/image\/","url":"https:\/\/secure.gravatar.com\/avatar\/41b9aaeb2100835f7c64362330f74c7f?s=96&d=mm&r=g","contentUrl":"https:\/\/secure.gravatar.com\/avatar\/41b9aaeb2100835f7c64362330f74c7f?s=96&d=mm&r=g","caption":"Reda\u00e7\u00e3o Portal MF"},"description":"Sejam bem-vindos o portal de informa\u00e7\u00f5es de entretenimento de Feira de Santana, desde 2006 realiza coberturas dos principais eventos com entrevistas exclusivas com as principais personalidades mundiais. Fique conectado tamb\u00e9m nas redes sociais.","sameAs":["http:\/\/www.portalmf.com.br\/","https:\/\/www.facebook.com\/portalmfoficial","https:\/\/www.instagram.com\/portalmf\/","https:\/\/x.com\/https:\/\/x.com\/portalmfoficial","https:\/\/www.youtube.com\/@portalmfoficial"],"url":"https:\/\/portalmf.com.br\/index.php\/author\/junior\/"}]}},"_links":{"self":[{"href":"https:\/\/portalmf.com.br\/index.php\/wp-json\/wp\/v2\/posts\/6788"}],"collection":[{"href":"https:\/\/portalmf.com.br\/index.php\/wp-json\/wp\/v2\/posts"}],"about":[{"href":"https:\/\/portalmf.com.br\/index.php\/wp-json\/wp\/v2\/types\/post"}],"author":[{"embeddable":true,"href":"https:\/\/portalmf.com.br\/index.php\/wp-json\/wp\/v2\/users\/3"}],"replies":[{"embeddable":true,"href":"https:\/\/portalmf.com.br\/index.php\/wp-json\/wp\/v2\/comments?post=6788"}],"version-history":[{"count":2,"href":"https:\/\/portalmf.com.br\/index.php\/wp-json\/wp\/v2\/posts\/6788\/revisions"}],"predecessor-version":[{"id":6795,"href":"https:\/\/portalmf.com.br\/index.php\/wp-json\/wp\/v2\/posts\/6788\/revisions\/6795"}],"wp:featuredmedia":[{"embeddable":true,"href":"https:\/\/portalmf.com.br\/index.php\/wp-json\/wp\/v2\/media\/6789"}],"wp:attachment":[{"href":"https:\/\/portalmf.com.br\/index.php\/wp-json\/wp\/v2\/media?parent=6788"}],"wp:term":[{"taxonomy":"category","embeddable":true,"href":"https:\/\/portalmf.com.br\/index.php\/wp-json\/wp\/v2\/categories?post=6788"},{"taxonomy":"post_tag","embeddable":true,"href":"https:\/\/portalmf.com.br\/index.php\/wp-json\/wp\/v2\/tags?post=6788"}],"curies":[{"name":"wp","href":"https:\/\/api.w.org\/{rel}","templated":true}]}}