{"id":6785,"date":"2022-12-15T22:11:28","date_gmt":"2022-12-16T01:11:28","guid":{"rendered":"https:\/\/portalmf.com.br\/?p=6785"},"modified":"2022-12-15T22:12:10","modified_gmt":"2022-12-16T01:12:10","slug":"palacio-da-alvorada-recebe-caminhao-de-mudanca-a-15-dias-do-fim-de-mandato-de-bolsonaro","status":"publish","type":"post","link":"https:\/\/portalmf.com.br\/index.php\/2022\/12\/15\/palacio-da-alvorada-recebe-caminhao-de-mudanca-a-15-dias-do-fim-de-mandato-de-bolsonaro\/","title":{"rendered":"Pal\u00e1cio da Alvorada recebe caminh\u00e3o de mudan\u00e7a a 15 dias do fim de mandato de Bolsonaro"},"content":{"rendered":"\n<p>A 15 dias do fim do mandato do presidente Jair Bolsonaro, um caminh\u00e3o de mudan\u00e7a esteve no Pal\u00e1cio da Alvorada, resid\u00eancia oficial da Presid\u00eancia da Rep\u00fablica, na tarde desta quinta-feira. O ve\u00edculo ficou cerca de 1h20 no local.<\/p>\n\n\n\n<p>A Secretaria Especial de Comunica\u00e7\u00e3o Social (Secom) da Presid\u00eancia foi procurada para esclarecer o motivo do caminh\u00e3o ter ido ao endere\u00e7o, mas ainda n\u00e3o respondeu. A Secom j\u00e1 havia sido contatada no in\u00edcio da semana para esclarecer quando Bolsonaro ir\u00e1 deixar o Alvorada, mas tamb\u00e9m n\u00e3o retornou.<\/p>\n\n\n\n<p>A empresa respons\u00e1vel pelo caminh\u00e3o, Muda Bras\u00edlia, informou ter sido contratada por outra companhia, chamada 5 Estrelas Mudan\u00e7as e Transporte. Procurada, a empresa n\u00e3o respondeu.<\/p>\n\n\n\n<p>Na ter\u00e7a-feira, o governador da Bahia, Rui Costa, indicado para comandar a Casa Civil, afirmou que conversou com o atual titular da pasta, Ciro Nogueira, sobre a possibilidade de antecipar a libera\u00e7\u00e3o de algumas das resid\u00eancias oficias da Presid\u00eancia. Al\u00e9m do Alvorada, tamb\u00e9m h\u00e1 a Granja do Torto, que atualmente \u00e9 ocupada pelo ministro da Economia, Paulo Guedes.\u2014 Voltarei a conversar com ele ao longo da semana, justamente tratando disso, se a gente consegue antecipar uma das resid\u00eancias, para iniciar o m\u00ednimo de prepara\u00e7\u00e3o, eu diria, para o presidente poder, no dia 2, ter uma resid\u00eancia para se assentar com sua fam\u00edlia \u2014 disse Costa, em entrevista \u00e0 GloboNews.<\/p>\n\n\n\n<p>O presidente eleito, Luiz In\u00e1cio Lula da Silva (PT), tem se hospedado em um hotel na regi\u00e3o central de Bras\u00edlia quando est\u00e1 na cidade. Em 2018, quando foi eleito, Bolsonaro teve \u00e0 sua disposi\u00e7\u00e3o a Granja do Torto para morar antes de tomar posse. Dessa vez, por\u00e9m, o atual chefe do governo n\u00e3o liberou nenhuma resid\u00eancia oficial para que o eleito pudesse ficar antes de assumir.<\/p>\n\n\n\n<figure class=\"wp-block-embed is-type-rich is-provider-twitter wp-block-embed-twitter\"><div class=\"wp-block-embed__wrapper\">\n<blockquote class=\"twitter-tweet\" data-width=\"550\" data-dnt=\"true\"><p lang=\"pt\" dir=\"ltr\">T\u00c1 NA HORA DO JAIR J\u00c1 IR EMBORA! O momento que o Brasil esperava h\u00e1 4 anos: Caminh\u00e3o de mudan\u00e7a chega no Pal\u00e1cio do Alvorada!!! <a href=\"https:\/\/t.co\/goBR556a1p\">pic.twitter.com\/goBR556a1p<\/a><\/p>&mdash; Guilherme Boulos (@GuilhermeBoulos) <a href=\"https:\/\/twitter.com\/GuilhermeBoulos\/status\/1603483241704480772?ref_src=twsrc%5Etfw\">December 15, 2022<\/a><\/blockquote><script async src=\"https:\/\/platform.twitter.com\/widgets.js\" charset=\"utf-8\"><\/script>\n<\/div><\/figure>\n\n\n\n<p>Com informa\u00e7\u00f5es do O Globo<\/p>\n","protected":false},"excerpt":{"rendered":"<p>A 15 dias do fim do mandato do presidente Jair Bolsonaro, um caminh\u00e3o de mudan\u00e7a esteve no Pal\u00e1cio da Alvorada, resid\u00eancia oficial da Presid\u00eancia da Rep\u00fablica, na tarde desta quinta-feira. O ve\u00edculo ficou cerca de 1h20 no local. A Secretaria Especial de Comunica\u00e7\u00e3o Social (Secom) da Presid\u00eancia foi procurada para esclarecer o motivo do caminh\u00e3o [&hellip;]<\/p>\n","protected":false},"author":3,"featured_media":6786,"comment_status":"open","ping_status":"open","sticky":false,"template":"","format":"standard","meta":{"_monsterinsights_skip_tracking":false,"_monsterinsights_sitenote_active":false,"_monsterinsights_sitenote_note":"","_monsterinsights_sitenote_category":0,"footnotes":""},"categories":[34],"tags":[],"yoast_head":"<!-- This site is optimized with the Yoast SEO plugin v22.9 - https:\/\/yoast.com\/wordpress\/plugins\/seo\/ -->\n<title>Pal\u00e1cio da Alvorada recebe caminh\u00e3o de mudan\u00e7a a 15 dias do fim de mandato de Bolsonaro - Portal MF<\/title>\n<meta name=\"robots\" content=\"index, follow, max-snippet:-1, max-image-preview:large, max-video-preview:-1\" \/>\n<link rel=\"canonical\" href=\"https:\/\/portalmf.com.br\/index.php\/2022\/12\/15\/palacio-da-alvorada-recebe-caminhao-de-mudanca-a-15-dias-do-fim-de-mandato-de-bolsonaro\/\" \/>\n<meta property=\"og:locale\" content=\"pt_BR\" \/>\n<meta property=\"og:type\" content=\"article\" \/>\n<meta property=\"og:title\" content=\"Pal\u00e1cio da Alvorada recebe caminh\u00e3o de mudan\u00e7a a 15 dias do fim de mandato de Bolsonaro - Portal MF\" \/>\n<meta property=\"og:description\" content=\"A 15 dias do fim do mandato do presidente Jair Bolsonaro, um caminh\u00e3o de mudan\u00e7a esteve no Pal\u00e1cio da Alvorada, resid\u00eancia oficial da Presid\u00eancia da Rep\u00fablica, na tarde desta quinta-feira. O ve\u00edculo ficou cerca de 1h20 no local. A Secretaria Especial de Comunica\u00e7\u00e3o Social (Secom) da Presid\u00eancia foi procurada para esclarecer o motivo do caminh\u00e3o [&hellip;]\" \/>\n<meta property=\"og:url\" content=\"https:\/\/portalmf.com.br\/index.php\/2022\/12\/15\/palacio-da-alvorada-recebe-caminhao-de-mudanca-a-15-dias-do-fim-de-mandato-de-bolsonaro\/\" \/>\n<meta property=\"og:site_name\" content=\"Portal MF\" \/>\n<meta property=\"article:author\" content=\"https:\/\/www.facebook.com\/portalmfoficial\" \/>\n<meta property=\"article:published_time\" content=\"2022-12-16T01:11:28+00:00\" \/>\n<meta property=\"article:modified_time\" content=\"2022-12-16T01:12:10+00:00\" \/>\n<meta property=\"og:image\" content=\"https:\/\/portalmf.com.br\/wp-content\/uploads\/2022\/12\/f50e26a0-7cba-11ed-9b15-13f7611dd661.png\" \/>\n\t<meta property=\"og:image:width\" content=\"640\" \/>\n\t<meta property=\"og:image:height\" content=\"361\" \/>\n\t<meta property=\"og:image:type\" content=\"image\/png\" \/>\n<meta name=\"author\" content=\"Reda\u00e7\u00e3o Portal MF\" \/>\n<meta name=\"twitter:card\" content=\"summary_large_image\" \/>\n<meta name=\"twitter:creator\" content=\"@https:\/\/x.com\/portalmfoficial\" \/>\n<meta name=\"twitter:label1\" content=\"Escrito por\" \/>\n\t<meta name=\"twitter:data1\" content=\"Reda\u00e7\u00e3o Portal MF\" \/>\n\t<meta name=\"twitter:label2\" content=\"Est. tempo de leitura\" \/>\n\t<meta name=\"twitter:data2\" content=\"2 minutos\" \/>\n<script type=\"application\/ld+json\" class=\"yoast-schema-graph\">{\"@context\":\"https:\/\/schema.org\",\"@graph\":[{\"@type\":\"WebPage\",\"@id\":\"https:\/\/portalmf.com.br\/index.php\/2022\/12\/15\/palacio-da-alvorada-recebe-caminhao-de-mudanca-a-15-dias-do-fim-de-mandato-de-bolsonaro\/\",\"url\":\"https:\/\/portalmf.com.br\/index.php\/2022\/12\/15\/palacio-da-alvorada-recebe-caminhao-de-mudanca-a-15-dias-do-fim-de-mandato-de-bolsonaro\/\",\"name\":\"Pal\u00e1cio da Alvorada recebe caminh\u00e3o de mudan\u00e7a a 15 dias do fim de mandato de Bolsonaro - Portal MF\",\"isPartOf\":{\"@id\":\"https:\/\/portalmf.com.br\/#website\"},\"primaryImageOfPage\":{\"@id\":\"https:\/\/portalmf.com.br\/index.php\/2022\/12\/15\/palacio-da-alvorada-recebe-caminhao-de-mudanca-a-15-dias-do-fim-de-mandato-de-bolsonaro\/#primaryimage\"},\"image\":{\"@id\":\"https:\/\/portalmf.com.br\/index.php\/2022\/12\/15\/palacio-da-alvorada-recebe-caminhao-de-mudanca-a-15-dias-do-fim-de-mandato-de-bolsonaro\/#primaryimage\"},\"thumbnailUrl\":\"https:\/\/portalmf.com.br\/wp-content\/uploads\/2022\/12\/f50e26a0-7cba-11ed-9b15-13f7611dd661.png\",\"datePublished\":\"2022-12-16T01:11:28+00:00\",\"dateModified\":\"2022-12-16T01:12:10+00:00\",\"author\":{\"@id\":\"https:\/\/portalmf.com.br\/#\/schema\/person\/9ec101baf56233e53520c26de5d6f6f0\"},\"breadcrumb\":{\"@id\":\"https:\/\/portalmf.com.br\/index.php\/2022\/12\/15\/palacio-da-alvorada-recebe-caminhao-de-mudanca-a-15-dias-do-fim-de-mandato-de-bolsonaro\/#breadcrumb\"},\"inLanguage\":\"pt-BR\",\"potentialAction\":[{\"@type\":\"ReadAction\",\"target\":[\"https:\/\/portalmf.com.br\/index.php\/2022\/12\/15\/palacio-da-alvorada-recebe-caminhao-de-mudanca-a-15-dias-do-fim-de-mandato-de-bolsonaro\/\"]}]},{\"@type\":\"ImageObject\",\"inLanguage\":\"pt-BR\",\"@id\":\"https:\/\/portalmf.com.br\/index.php\/2022\/12\/15\/palacio-da-alvorada-recebe-caminhao-de-mudanca-a-15-dias-do-fim-de-mandato-de-bolsonaro\/#primaryimage\",\"url\":\"https:\/\/portalmf.com.br\/wp-content\/uploads\/2022\/12\/f50e26a0-7cba-11ed-9b15-13f7611dd661.png\",\"contentUrl\":\"https:\/\/portalmf.com.br\/wp-content\/uploads\/2022\/12\/f50e26a0-7cba-11ed-9b15-13f7611dd661.png\",\"width\":640,\"height\":361},{\"@type\":\"BreadcrumbList\",\"@id\":\"https:\/\/portalmf.com.br\/index.php\/2022\/12\/15\/palacio-da-alvorada-recebe-caminhao-de-mudanca-a-15-dias-do-fim-de-mandato-de-bolsonaro\/#breadcrumb\",\"itemListElement\":[{\"@type\":\"ListItem\",\"position\":1,\"name\":\"In\u00edcio\",\"item\":\"https:\/\/portalmf.com.br\/\"},{\"@type\":\"ListItem\",\"position\":2,\"name\":\"Pal\u00e1cio da Alvorada recebe caminh\u00e3o de mudan\u00e7a a 15 dias do fim de mandato de Bolsonaro\"}]},{\"@type\":\"WebSite\",\"@id\":\"https:\/\/portalmf.com.br\/#website\",\"url\":\"https:\/\/portalmf.com.br\/\",\"name\":\"Portal MF\",\"description\":\"Voc\u00ea conectado com a informa\u00e7\u00e3o\",\"potentialAction\":[{\"@type\":\"SearchAction\",\"target\":{\"@type\":\"EntryPoint\",\"urlTemplate\":\"https:\/\/portalmf.com.br\/?s={search_term_string}\"},\"query-input\":\"required name=search_term_string\"}],\"inLanguage\":\"pt-BR\"},{\"@type\":\"Person\",\"@id\":\"https:\/\/portalmf.com.br\/#\/schema\/person\/9ec101baf56233e53520c26de5d6f6f0\",\"name\":\"Reda\u00e7\u00e3o Portal MF\",\"image\":{\"@type\":\"ImageObject\",\"inLanguage\":\"pt-BR\",\"@id\":\"https:\/\/portalmf.com.br\/#\/schema\/person\/image\/\",\"url\":\"https:\/\/secure.gravatar.com\/avatar\/41b9aaeb2100835f7c64362330f74c7f?s=96&d=mm&r=g\",\"contentUrl\":\"https:\/\/secure.gravatar.com\/avatar\/41b9aaeb2100835f7c64362330f74c7f?s=96&d=mm&r=g\",\"caption\":\"Reda\u00e7\u00e3o Portal MF\"},\"description\":\"Sejam bem-vindos o portal de informa\u00e7\u00f5es de entretenimento de Feira de Santana, desde 2006 realiza coberturas dos principais eventos com entrevistas exclusivas com as principais personalidades mundiais. Fique conectado tamb\u00e9m nas redes sociais.\",\"sameAs\":[\"http:\/\/www.portalmf.com.br\/\",\"https:\/\/www.facebook.com\/portalmfoficial\",\"https:\/\/www.instagram.com\/portalmf\/\",\"https:\/\/x.com\/https:\/\/x.com\/portalmfoficial\",\"https:\/\/www.youtube.com\/@portalmfoficial\"],\"url\":\"https:\/\/portalmf.com.br\/index.php\/author\/junior\/\"}]}<\/script>\n<!-- \/ Yoast SEO plugin. -->","yoast_head_json":{"title":"Pal\u00e1cio da Alvorada recebe caminh\u00e3o de mudan\u00e7a a 15 dias do fim de mandato de Bolsonaro - Portal MF","robots":{"index":"index","follow":"follow","max-snippet":"max-snippet:-1","max-image-preview":"max-image-preview:large","max-video-preview":"max-video-preview:-1"},"canonical":"https:\/\/portalmf.com.br\/index.php\/2022\/12\/15\/palacio-da-alvorada-recebe-caminhao-de-mudanca-a-15-dias-do-fim-de-mandato-de-bolsonaro\/","og_locale":"pt_BR","og_type":"article","og_title":"Pal\u00e1cio da Alvorada recebe caminh\u00e3o de mudan\u00e7a a 15 dias do fim de mandato de Bolsonaro - Portal MF","og_description":"A 15 dias do fim do mandato do presidente Jair Bolsonaro, um caminh\u00e3o de mudan\u00e7a esteve no Pal\u00e1cio da Alvorada, resid\u00eancia oficial da Presid\u00eancia da Rep\u00fablica, na tarde desta quinta-feira. O ve\u00edculo ficou cerca de 1h20 no local. A Secretaria Especial de Comunica\u00e7\u00e3o Social (Secom) da Presid\u00eancia foi procurada para esclarecer o motivo do caminh\u00e3o [&hellip;]","og_url":"https:\/\/portalmf.com.br\/index.php\/2022\/12\/15\/palacio-da-alvorada-recebe-caminhao-de-mudanca-a-15-dias-do-fim-de-mandato-de-bolsonaro\/","og_site_name":"Portal MF","article_author":"https:\/\/www.facebook.com\/portalmfoficial","article_published_time":"2022-12-16T01:11:28+00:00","article_modified_time":"2022-12-16T01:12:10+00:00","og_image":[{"width":640,"height":361,"url":"https:\/\/portalmf.com.br\/wp-content\/uploads\/2022\/12\/f50e26a0-7cba-11ed-9b15-13f7611dd661.png","type":"image\/png"}],"author":"Reda\u00e7\u00e3o Portal MF","twitter_card":"summary_large_image","twitter_creator":"@https:\/\/x.com\/portalmfoficial","twitter_misc":{"Escrito por":"Reda\u00e7\u00e3o Portal MF","Est. tempo de leitura":"2 minutos"},"schema":{"@context":"https:\/\/schema.org","@graph":[{"@type":"WebPage","@id":"https:\/\/portalmf.com.br\/index.php\/2022\/12\/15\/palacio-da-alvorada-recebe-caminhao-de-mudanca-a-15-dias-do-fim-de-mandato-de-bolsonaro\/","url":"https:\/\/portalmf.com.br\/index.php\/2022\/12\/15\/palacio-da-alvorada-recebe-caminhao-de-mudanca-a-15-dias-do-fim-de-mandato-de-bolsonaro\/","name":"Pal\u00e1cio da Alvorada recebe caminh\u00e3o de mudan\u00e7a a 15 dias do fim de mandato de Bolsonaro - Portal MF","isPartOf":{"@id":"https:\/\/portalmf.com.br\/#website"},"primaryImageOfPage":{"@id":"https:\/\/portalmf.com.br\/index.php\/2022\/12\/15\/palacio-da-alvorada-recebe-caminhao-de-mudanca-a-15-dias-do-fim-de-mandato-de-bolsonaro\/#primaryimage"},"image":{"@id":"https:\/\/portalmf.com.br\/index.php\/2022\/12\/15\/palacio-da-alvorada-recebe-caminhao-de-mudanca-a-15-dias-do-fim-de-mandato-de-bolsonaro\/#primaryimage"},"thumbnailUrl":"https:\/\/portalmf.com.br\/wp-content\/uploads\/2022\/12\/f50e26a0-7cba-11ed-9b15-13f7611dd661.png","datePublished":"2022-12-16T01:11:28+00:00","dateModified":"2022-12-16T01:12:10+00:00","author":{"@id":"https:\/\/portalmf.com.br\/#\/schema\/person\/9ec101baf56233e53520c26de5d6f6f0"},"breadcrumb":{"@id":"https:\/\/portalmf.com.br\/index.php\/2022\/12\/15\/palacio-da-alvorada-recebe-caminhao-de-mudanca-a-15-dias-do-fim-de-mandato-de-bolsonaro\/#breadcrumb"},"inLanguage":"pt-BR","potentialAction":[{"@type":"ReadAction","target":["https:\/\/portalmf.com.br\/index.php\/2022\/12\/15\/palacio-da-alvorada-recebe-caminhao-de-mudanca-a-15-dias-do-fim-de-mandato-de-bolsonaro\/"]}]},{"@type":"ImageObject","inLanguage":"pt-BR","@id":"https:\/\/portalmf.com.br\/index.php\/2022\/12\/15\/palacio-da-alvorada-recebe-caminhao-de-mudanca-a-15-dias-do-fim-de-mandato-de-bolsonaro\/#primaryimage","url":"https:\/\/portalmf.com.br\/wp-content\/uploads\/2022\/12\/f50e26a0-7cba-11ed-9b15-13f7611dd661.png","contentUrl":"https:\/\/portalmf.com.br\/wp-content\/uploads\/2022\/12\/f50e26a0-7cba-11ed-9b15-13f7611dd661.png","width":640,"height":361},{"@type":"BreadcrumbList","@id":"https:\/\/portalmf.com.br\/index.php\/2022\/12\/15\/palacio-da-alvorada-recebe-caminhao-de-mudanca-a-15-dias-do-fim-de-mandato-de-bolsonaro\/#breadcrumb","itemListElement":[{"@type":"ListItem","position":1,"name":"In\u00edcio","item":"https:\/\/portalmf.com.br\/"},{"@type":"ListItem","position":2,"name":"Pal\u00e1cio da Alvorada recebe caminh\u00e3o de mudan\u00e7a a 15 dias do fim de mandato de Bolsonaro"}]},{"@type":"WebSite","@id":"https:\/\/portalmf.com.br\/#website","url":"https:\/\/portalmf.com.br\/","name":"Portal MF","description":"Voc\u00ea conectado com a informa\u00e7\u00e3o","potentialAction":[{"@type":"SearchAction","target":{"@type":"EntryPoint","urlTemplate":"https:\/\/portalmf.com.br\/?s={search_term_string}"},"query-input":"required name=search_term_string"}],"inLanguage":"pt-BR"},{"@type":"Person","@id":"https:\/\/portalmf.com.br\/#\/schema\/person\/9ec101baf56233e53520c26de5d6f6f0","name":"Reda\u00e7\u00e3o Portal MF","image":{"@type":"ImageObject","inLanguage":"pt-BR","@id":"https:\/\/portalmf.com.br\/#\/schema\/person\/image\/","url":"https:\/\/secure.gravatar.com\/avatar\/41b9aaeb2100835f7c64362330f74c7f?s=96&d=mm&r=g","contentUrl":"https:\/\/secure.gravatar.com\/avatar\/41b9aaeb2100835f7c64362330f74c7f?s=96&d=mm&r=g","caption":"Reda\u00e7\u00e3o Portal MF"},"description":"Sejam bem-vindos o portal de informa\u00e7\u00f5es de entretenimento de Feira de Santana, desde 2006 realiza coberturas dos principais eventos com entrevistas exclusivas com as principais personalidades mundiais. Fique conectado tamb\u00e9m nas redes sociais.","sameAs":["http:\/\/www.portalmf.com.br\/","https:\/\/www.facebook.com\/portalmfoficial","https:\/\/www.instagram.com\/portalmf\/","https:\/\/x.com\/https:\/\/x.com\/portalmfoficial","https:\/\/www.youtube.com\/@portalmfoficial"],"url":"https:\/\/portalmf.com.br\/index.php\/author\/junior\/"}]}},"_links":{"self":[{"href":"https:\/\/portalmf.com.br\/index.php\/wp-json\/wp\/v2\/posts\/6785"}],"collection":[{"href":"https:\/\/portalmf.com.br\/index.php\/wp-json\/wp\/v2\/posts"}],"about":[{"href":"https:\/\/portalmf.com.br\/index.php\/wp-json\/wp\/v2\/types\/post"}],"author":[{"embeddable":true,"href":"https:\/\/portalmf.com.br\/index.php\/wp-json\/wp\/v2\/users\/3"}],"replies":[{"embeddable":true,"href":"https:\/\/portalmf.com.br\/index.php\/wp-json\/wp\/v2\/comments?post=6785"}],"version-history":[{"count":1,"href":"https:\/\/portalmf.com.br\/index.php\/wp-json\/wp\/v2\/posts\/6785\/revisions"}],"predecessor-version":[{"id":6787,"href":"https:\/\/portalmf.com.br\/index.php\/wp-json\/wp\/v2\/posts\/6785\/revisions\/6787"}],"wp:featuredmedia":[{"embeddable":true,"href":"https:\/\/portalmf.com.br\/index.php\/wp-json\/wp\/v2\/media\/6786"}],"wp:attachment":[{"href":"https:\/\/portalmf.com.br\/index.php\/wp-json\/wp\/v2\/media?parent=6785"}],"wp:term":[{"taxonomy":"category","embeddable":true,"href":"https:\/\/portalmf.com.br\/index.php\/wp-json\/wp\/v2\/categories?post=6785"},{"taxonomy":"post_tag","embeddable":true,"href":"https:\/\/portalmf.com.br\/index.php\/wp-json\/wp\/v2\/tags?post=6785"}],"curies":[{"name":"wp","href":"https:\/\/api.w.org\/{rel}","templated":true}]}}