{"id":6779,"date":"2022-12-15T17:44:17","date_gmt":"2022-12-15T20:44:17","guid":{"rendered":"https:\/\/portalmf.com.br\/?p=6779"},"modified":"2022-12-15T17:44:17","modified_gmt":"2022-12-15T20:44:17","slug":"artistas-falam-sobre-a-emocao-de-cantar-com-o-rei","status":"publish","type":"post","link":"https:\/\/portalmf.com.br\/index.php\/2022\/12\/15\/artistas-falam-sobre-a-emocao-de-cantar-com-o-rei\/","title":{"rendered":"Artistas falam sobre a emo\u00e7\u00e3o de cantar com o Rei"},"content":{"rendered":"\n<p>Renovando uma tradi\u00e7\u00e3o de mais de 40 anos, Roberto Carlos apresenta seu especial no pr\u00f3ximo dia 23, dividindo o palco e as emo\u00e7\u00f5es com Lucy Alves, Maiara &amp; Maraisa e o grupo Ra\u00e7a Negra. Refor\u00e7ando o coro mais apaixonado do Brasil, a atriz Bruna Griphao e os influenciadores John Drops, Vitor diCastro e Patr\u00edcia Ramos tamb\u00e9m fazem parte dessa festa, compartilhando seus olhares sobre o espet\u00e1culo e a rela\u00e7\u00e3o de cada um com a obra do Rei.<\/p>\n\n\n\n<p>A atriz Lucy Alves estreia no especial, cantando ao lado de Roberto Carlos as can\u00e7\u00f5es \u201cDe volta pro meu aconchego\u201d e \u201cComo vai voc\u00ea\u201d. \u201cAcho que estou terminando o ano da melhor maneira poss\u00edvel. N\u00e3o tenho do que reclamar de 2022. Foi um ano muito bom para mim, profissionalmente e pessoalmente, mas fechar participando do especial Roberto Carlos \u00e9 demais, n\u00e9, gente? Quando ele me convidou, \u2018eu zerei a vida\u2019, foi a primeira coisa que eu falei! Acho que \u00e9 um marco por tudo o que ele representa, estar ao lado de um cara que foi precursor de tantos movimentos musicais, t\u00e3o importante para a nossa hist\u00f3ria da m\u00fasica, um artista que inspira por ser compositor, por estar na ativa at\u00e9 hoje, por embalar nossa vida com tantas can\u00e7\u00f5es, com esse romantismo, ele \u00e9 demais. Eu estou muito, muito, muito feliz, agradecida a papai do c\u00e9u, realmente, de estar aqui s\u00f3 com pessoas maravilhosas e com Roberto Carlos\u201d, festeja a protagonista de \u2018Travessia\u2019.<\/p>\n\n\n\n<p>A dupla Maiara &amp; Maraisa realizou um sonho antigo ao dividir o palco com o Rei, interpretando as can\u00e7\u00f5es \u201cMedo bobo\u201d e \u201cEu te amo, te amo, te amo\u201d. \u201cLembro a primeira vez que eu fui a um show de Roberto Carlos. Eu tinha 13 anos de idade, fui muito bem recebida, vi o carinho que ele tem pelos f\u00e3s, lembro que ele me deu uma rosa nesse dia, ent\u00e3o eu vi o amor puro ali. Ele \u00e9 uma refer\u00eancia muito grande como artista, uma grande inspira\u00e7\u00e3o. S\u00f3 tenho a agradecer. Eu vivi esse momento, aos 13, com a minha m\u00e3e, e saber que ela est\u00e1 a\u00ed tamb\u00e9m, hoje, presenciando isso, s\u00f3 tenho gratid\u00e3o. Ele \u00e9 incr\u00edvel, maravilhoso, uma energia maravilhosa\u201d, se emociona Maiara. <\/p>\n\n\n\n<p><em>\u201cN\u00e3o consigo nem explicar em palavras isso. Acho que \u00e9 o sonho de todo artista. Desde criancinha a gente sempre foi muito f\u00e3, tivemos uma oportunidade, quando muito novas, de encontrar Roberto em um show e profetizamos que um dia n\u00f3s cantar\u00edamos juntos. Ele disse: \u2018Voc\u00eas v\u00e3o, sim!\u2019. Ent\u00e3o, passados 20 anos, esse grande momento est\u00e1 acontecendo em um momento muito lindo da nossa carreira. Veio para coroar o finalz\u00e3o de ano, em um 2022 de muitas conquista<\/em>s\u201d, celebra Maraisa.<\/p>\n\n\n\n<p>Interpretando no especial as can\u00e7\u00f5es \u201c\u00c9 tarde demais\u201d e \u201cO port\u00e3o\u201d, Luiz Carlos fala sobre a inspira\u00e7\u00e3o para o grupo Ra\u00e7a Negra na obra do Rei. \u201cRoberto Carlos tem toda uma influ\u00eancia na nossa carreira. O Ra\u00e7a Negra tem uma maneira de tocar, que muita gente estranhou na \u00e9poca, e foi isso: uma mistura de Roberto Carlos com Jorge Ben Jor, com Martinho da Vila. Ent\u00e3o, o romantismo do Roberto ficou na nossa mente at\u00e9 hoje e o Ra\u00e7a Negra tem tudo a ver com ele, que foi uma inspira\u00e7\u00e3o enorme pra gente\u201d, destaca Luiz, que elege a can\u00e7\u00e3o \u201cDetalhes\u201d como sua preferida.<\/p>\n\n\n\n<p>O especial \u2018Roberto Carlos: Como \u00e9 grande o meu amor por voc\u00ea\u2019 vai ao ar no dia 23 de dezembro e tem produ\u00e7\u00e3o de Samantha Abel, dire\u00e7\u00e3o geral de Ang\u00e9lica Campos, dire\u00e7\u00e3o art\u00edstica de LP Simonetti e dire\u00e7\u00e3o de g\u00eanero de Boninho.<\/p>\n","protected":false},"excerpt":{"rendered":"<p>Renovando uma tradi\u00e7\u00e3o de mais de 40 anos, Roberto Carlos apresenta seu especial no pr\u00f3ximo dia 23, dividindo o palco e as emo\u00e7\u00f5es com Lucy Alves, Maiara &amp; Maraisa e o grupo Ra\u00e7a Negra. Refor\u00e7ando o coro mais apaixonado do Brasil, a atriz Bruna Griphao e os influenciadores John Drops, Vitor diCastro e Patr\u00edcia Ramos [&hellip;]<\/p>\n","protected":false},"author":3,"featured_media":6780,"comment_status":"open","ping_status":"open","sticky":false,"template":"","format":"standard","meta":{"_monsterinsights_skip_tracking":false,"_monsterinsights_sitenote_active":false,"_monsterinsights_sitenote_note":"","_monsterinsights_sitenote_category":0,"footnotes":""},"categories":[47,43],"tags":[],"yoast_head":"<!-- This site is optimized with the Yoast SEO plugin v22.9 - https:\/\/yoast.com\/wordpress\/plugins\/seo\/ -->\n<title>Artistas falam sobre a emo\u00e7\u00e3o de cantar com o Rei - Portal MF<\/title>\n<meta name=\"robots\" content=\"index, follow, max-snippet:-1, max-image-preview:large, max-video-preview:-1\" \/>\n<link rel=\"canonical\" href=\"https:\/\/portalmf.com.br\/index.php\/2022\/12\/15\/artistas-falam-sobre-a-emocao-de-cantar-com-o-rei\/\" \/>\n<meta property=\"og:locale\" content=\"pt_BR\" \/>\n<meta property=\"og:type\" content=\"article\" \/>\n<meta property=\"og:title\" content=\"Artistas falam sobre a emo\u00e7\u00e3o de cantar com o Rei - Portal MF\" \/>\n<meta property=\"og:description\" content=\"Renovando uma tradi\u00e7\u00e3o de mais de 40 anos, Roberto Carlos apresenta seu especial no pr\u00f3ximo dia 23, dividindo o palco e as emo\u00e7\u00f5es com Lucy Alves, Maiara &amp; Maraisa e o grupo Ra\u00e7a Negra. Refor\u00e7ando o coro mais apaixonado do Brasil, a atriz Bruna Griphao e os influenciadores John Drops, Vitor diCastro e Patr\u00edcia Ramos [&hellip;]\" \/>\n<meta property=\"og:url\" content=\"https:\/\/portalmf.com.br\/index.php\/2022\/12\/15\/artistas-falam-sobre-a-emocao-de-cantar-com-o-rei\/\" \/>\n<meta property=\"og:site_name\" content=\"Portal MF\" \/>\n<meta property=\"article:author\" content=\"https:\/\/www.facebook.com\/portalmfoficial\" \/>\n<meta property=\"article:published_time\" content=\"2022-12-15T20:44:17+00:00\" \/>\n<meta property=\"og:image\" content=\"https:\/\/portalmf.com.br\/wp-content\/uploads\/2022\/12\/assets_fotos_1032_lucy-alves-maiara-maraisa-e-raca-negra-falam-sobre-a-emocao-de-cantar-com-o-rei-2ce6b449ebfd.jpg\" \/>\n\t<meta property=\"og:image:width\" content=\"2362\" \/>\n\t<meta property=\"og:image:height\" content=\"1576\" \/>\n\t<meta property=\"og:image:type\" content=\"image\/jpeg\" \/>\n<meta name=\"author\" content=\"Reda\u00e7\u00e3o Portal MF\" \/>\n<meta name=\"twitter:card\" content=\"summary_large_image\" \/>\n<meta name=\"twitter:creator\" content=\"@https:\/\/x.com\/portalmfoficial\" \/>\n<meta name=\"twitter:label1\" content=\"Escrito por\" \/>\n\t<meta name=\"twitter:data1\" content=\"Reda\u00e7\u00e3o Portal MF\" \/>\n\t<meta name=\"twitter:label2\" content=\"Est. tempo de leitura\" \/>\n\t<meta name=\"twitter:data2\" content=\"4 minutos\" \/>\n<script type=\"application\/ld+json\" class=\"yoast-schema-graph\">{\"@context\":\"https:\/\/schema.org\",\"@graph\":[{\"@type\":\"WebPage\",\"@id\":\"https:\/\/portalmf.com.br\/index.php\/2022\/12\/15\/artistas-falam-sobre-a-emocao-de-cantar-com-o-rei\/\",\"url\":\"https:\/\/portalmf.com.br\/index.php\/2022\/12\/15\/artistas-falam-sobre-a-emocao-de-cantar-com-o-rei\/\",\"name\":\"Artistas falam sobre a emo\u00e7\u00e3o de cantar com o Rei - Portal MF\",\"isPartOf\":{\"@id\":\"https:\/\/portalmf.com.br\/#website\"},\"primaryImageOfPage\":{\"@id\":\"https:\/\/portalmf.com.br\/index.php\/2022\/12\/15\/artistas-falam-sobre-a-emocao-de-cantar-com-o-rei\/#primaryimage\"},\"image\":{\"@id\":\"https:\/\/portalmf.com.br\/index.php\/2022\/12\/15\/artistas-falam-sobre-a-emocao-de-cantar-com-o-rei\/#primaryimage\"},\"thumbnailUrl\":\"https:\/\/portalmf.com.br\/wp-content\/uploads\/2022\/12\/assets_fotos_1032_lucy-alves-maiara-maraisa-e-raca-negra-falam-sobre-a-emocao-de-cantar-com-o-rei-2ce6b449ebfd.jpg\",\"datePublished\":\"2022-12-15T20:44:17+00:00\",\"dateModified\":\"2022-12-15T20:44:17+00:00\",\"author\":{\"@id\":\"https:\/\/portalmf.com.br\/#\/schema\/person\/9ec101baf56233e53520c26de5d6f6f0\"},\"breadcrumb\":{\"@id\":\"https:\/\/portalmf.com.br\/index.php\/2022\/12\/15\/artistas-falam-sobre-a-emocao-de-cantar-com-o-rei\/#breadcrumb\"},\"inLanguage\":\"pt-BR\",\"potentialAction\":[{\"@type\":\"ReadAction\",\"target\":[\"https:\/\/portalmf.com.br\/index.php\/2022\/12\/15\/artistas-falam-sobre-a-emocao-de-cantar-com-o-rei\/\"]}]},{\"@type\":\"ImageObject\",\"inLanguage\":\"pt-BR\",\"@id\":\"https:\/\/portalmf.com.br\/index.php\/2022\/12\/15\/artistas-falam-sobre-a-emocao-de-cantar-com-o-rei\/#primaryimage\",\"url\":\"https:\/\/portalmf.com.br\/wp-content\/uploads\/2022\/12\/assets_fotos_1032_lucy-alves-maiara-maraisa-e-raca-negra-falam-sobre-a-emocao-de-cantar-com-o-rei-2ce6b449ebfd.jpg\",\"contentUrl\":\"https:\/\/portalmf.com.br\/wp-content\/uploads\/2022\/12\/assets_fotos_1032_lucy-alves-maiara-maraisa-e-raca-negra-falam-sobre-a-emocao-de-cantar-com-o-rei-2ce6b449ebfd.jpg\",\"width\":2362,\"height\":1576,\"caption\":\"Foto: Globo\/Jo\u00e3o Miguel J\u00fanior\"},{\"@type\":\"BreadcrumbList\",\"@id\":\"https:\/\/portalmf.com.br\/index.php\/2022\/12\/15\/artistas-falam-sobre-a-emocao-de-cantar-com-o-rei\/#breadcrumb\",\"itemListElement\":[{\"@type\":\"ListItem\",\"position\":1,\"name\":\"In\u00edcio\",\"item\":\"https:\/\/portalmf.com.br\/\"},{\"@type\":\"ListItem\",\"position\":2,\"name\":\"Artistas falam sobre a emo\u00e7\u00e3o de cantar com o Rei\"}]},{\"@type\":\"WebSite\",\"@id\":\"https:\/\/portalmf.com.br\/#website\",\"url\":\"https:\/\/portalmf.com.br\/\",\"name\":\"Portal MF\",\"description\":\"Voc\u00ea conectado com a informa\u00e7\u00e3o\",\"potentialAction\":[{\"@type\":\"SearchAction\",\"target\":{\"@type\":\"EntryPoint\",\"urlTemplate\":\"https:\/\/portalmf.com.br\/?s={search_term_string}\"},\"query-input\":\"required name=search_term_string\"}],\"inLanguage\":\"pt-BR\"},{\"@type\":\"Person\",\"@id\":\"https:\/\/portalmf.com.br\/#\/schema\/person\/9ec101baf56233e53520c26de5d6f6f0\",\"name\":\"Reda\u00e7\u00e3o Portal MF\",\"image\":{\"@type\":\"ImageObject\",\"inLanguage\":\"pt-BR\",\"@id\":\"https:\/\/portalmf.com.br\/#\/schema\/person\/image\/\",\"url\":\"https:\/\/secure.gravatar.com\/avatar\/41b9aaeb2100835f7c64362330f74c7f?s=96&d=mm&r=g\",\"contentUrl\":\"https:\/\/secure.gravatar.com\/avatar\/41b9aaeb2100835f7c64362330f74c7f?s=96&d=mm&r=g\",\"caption\":\"Reda\u00e7\u00e3o Portal MF\"},\"description\":\"Sejam bem-vindos o portal de informa\u00e7\u00f5es de entretenimento de Feira de Santana, desde 2006 realiza coberturas dos principais eventos com entrevistas exclusivas com as principais personalidades mundiais. Fique conectado tamb\u00e9m nas redes sociais.\",\"sameAs\":[\"http:\/\/www.portalmf.com.br\/\",\"https:\/\/www.facebook.com\/portalmfoficial\",\"https:\/\/www.instagram.com\/portalmf\/\",\"https:\/\/x.com\/https:\/\/x.com\/portalmfoficial\",\"https:\/\/www.youtube.com\/@portalmfoficial\"],\"url\":\"https:\/\/portalmf.com.br\/index.php\/author\/junior\/\"}]}<\/script>\n<!-- \/ Yoast SEO plugin. -->","yoast_head_json":{"title":"Artistas falam sobre a emo\u00e7\u00e3o de cantar com o Rei - Portal MF","robots":{"index":"index","follow":"follow","max-snippet":"max-snippet:-1","max-image-preview":"max-image-preview:large","max-video-preview":"max-video-preview:-1"},"canonical":"https:\/\/portalmf.com.br\/index.php\/2022\/12\/15\/artistas-falam-sobre-a-emocao-de-cantar-com-o-rei\/","og_locale":"pt_BR","og_type":"article","og_title":"Artistas falam sobre a emo\u00e7\u00e3o de cantar com o Rei - Portal MF","og_description":"Renovando uma tradi\u00e7\u00e3o de mais de 40 anos, Roberto Carlos apresenta seu especial no pr\u00f3ximo dia 23, dividindo o palco e as emo\u00e7\u00f5es com Lucy Alves, Maiara &amp; Maraisa e o grupo Ra\u00e7a Negra. Refor\u00e7ando o coro mais apaixonado do Brasil, a atriz Bruna Griphao e os influenciadores John Drops, Vitor diCastro e Patr\u00edcia Ramos [&hellip;]","og_url":"https:\/\/portalmf.com.br\/index.php\/2022\/12\/15\/artistas-falam-sobre-a-emocao-de-cantar-com-o-rei\/","og_site_name":"Portal MF","article_author":"https:\/\/www.facebook.com\/portalmfoficial","article_published_time":"2022-12-15T20:44:17+00:00","og_image":[{"width":2362,"height":1576,"url":"https:\/\/portalmf.com.br\/wp-content\/uploads\/2022\/12\/assets_fotos_1032_lucy-alves-maiara-maraisa-e-raca-negra-falam-sobre-a-emocao-de-cantar-com-o-rei-2ce6b449ebfd.jpg","type":"image\/jpeg"}],"author":"Reda\u00e7\u00e3o Portal MF","twitter_card":"summary_large_image","twitter_creator":"@https:\/\/x.com\/portalmfoficial","twitter_misc":{"Escrito por":"Reda\u00e7\u00e3o Portal MF","Est. tempo de leitura":"4 minutos"},"schema":{"@context":"https:\/\/schema.org","@graph":[{"@type":"WebPage","@id":"https:\/\/portalmf.com.br\/index.php\/2022\/12\/15\/artistas-falam-sobre-a-emocao-de-cantar-com-o-rei\/","url":"https:\/\/portalmf.com.br\/index.php\/2022\/12\/15\/artistas-falam-sobre-a-emocao-de-cantar-com-o-rei\/","name":"Artistas falam sobre a emo\u00e7\u00e3o de cantar com o Rei - Portal MF","isPartOf":{"@id":"https:\/\/portalmf.com.br\/#website"},"primaryImageOfPage":{"@id":"https:\/\/portalmf.com.br\/index.php\/2022\/12\/15\/artistas-falam-sobre-a-emocao-de-cantar-com-o-rei\/#primaryimage"},"image":{"@id":"https:\/\/portalmf.com.br\/index.php\/2022\/12\/15\/artistas-falam-sobre-a-emocao-de-cantar-com-o-rei\/#primaryimage"},"thumbnailUrl":"https:\/\/portalmf.com.br\/wp-content\/uploads\/2022\/12\/assets_fotos_1032_lucy-alves-maiara-maraisa-e-raca-negra-falam-sobre-a-emocao-de-cantar-com-o-rei-2ce6b449ebfd.jpg","datePublished":"2022-12-15T20:44:17+00:00","dateModified":"2022-12-15T20:44:17+00:00","author":{"@id":"https:\/\/portalmf.com.br\/#\/schema\/person\/9ec101baf56233e53520c26de5d6f6f0"},"breadcrumb":{"@id":"https:\/\/portalmf.com.br\/index.php\/2022\/12\/15\/artistas-falam-sobre-a-emocao-de-cantar-com-o-rei\/#breadcrumb"},"inLanguage":"pt-BR","potentialAction":[{"@type":"ReadAction","target":["https:\/\/portalmf.com.br\/index.php\/2022\/12\/15\/artistas-falam-sobre-a-emocao-de-cantar-com-o-rei\/"]}]},{"@type":"ImageObject","inLanguage":"pt-BR","@id":"https:\/\/portalmf.com.br\/index.php\/2022\/12\/15\/artistas-falam-sobre-a-emocao-de-cantar-com-o-rei\/#primaryimage","url":"https:\/\/portalmf.com.br\/wp-content\/uploads\/2022\/12\/assets_fotos_1032_lucy-alves-maiara-maraisa-e-raca-negra-falam-sobre-a-emocao-de-cantar-com-o-rei-2ce6b449ebfd.jpg","contentUrl":"https:\/\/portalmf.com.br\/wp-content\/uploads\/2022\/12\/assets_fotos_1032_lucy-alves-maiara-maraisa-e-raca-negra-falam-sobre-a-emocao-de-cantar-com-o-rei-2ce6b449ebfd.jpg","width":2362,"height":1576,"caption":"Foto: Globo\/Jo\u00e3o Miguel J\u00fanior"},{"@type":"BreadcrumbList","@id":"https:\/\/portalmf.com.br\/index.php\/2022\/12\/15\/artistas-falam-sobre-a-emocao-de-cantar-com-o-rei\/#breadcrumb","itemListElement":[{"@type":"ListItem","position":1,"name":"In\u00edcio","item":"https:\/\/portalmf.com.br\/"},{"@type":"ListItem","position":2,"name":"Artistas falam sobre a emo\u00e7\u00e3o de cantar com o Rei"}]},{"@type":"WebSite","@id":"https:\/\/portalmf.com.br\/#website","url":"https:\/\/portalmf.com.br\/","name":"Portal MF","description":"Voc\u00ea conectado com a informa\u00e7\u00e3o","potentialAction":[{"@type":"SearchAction","target":{"@type":"EntryPoint","urlTemplate":"https:\/\/portalmf.com.br\/?s={search_term_string}"},"query-input":"required name=search_term_string"}],"inLanguage":"pt-BR"},{"@type":"Person","@id":"https:\/\/portalmf.com.br\/#\/schema\/person\/9ec101baf56233e53520c26de5d6f6f0","name":"Reda\u00e7\u00e3o Portal MF","image":{"@type":"ImageObject","inLanguage":"pt-BR","@id":"https:\/\/portalmf.com.br\/#\/schema\/person\/image\/","url":"https:\/\/secure.gravatar.com\/avatar\/41b9aaeb2100835f7c64362330f74c7f?s=96&d=mm&r=g","contentUrl":"https:\/\/secure.gravatar.com\/avatar\/41b9aaeb2100835f7c64362330f74c7f?s=96&d=mm&r=g","caption":"Reda\u00e7\u00e3o Portal MF"},"description":"Sejam bem-vindos o portal de informa\u00e7\u00f5es de entretenimento de Feira de Santana, desde 2006 realiza coberturas dos principais eventos com entrevistas exclusivas com as principais personalidades mundiais. Fique conectado tamb\u00e9m nas redes sociais.","sameAs":["http:\/\/www.portalmf.com.br\/","https:\/\/www.facebook.com\/portalmfoficial","https:\/\/www.instagram.com\/portalmf\/","https:\/\/x.com\/https:\/\/x.com\/portalmfoficial","https:\/\/www.youtube.com\/@portalmfoficial"],"url":"https:\/\/portalmf.com.br\/index.php\/author\/junior\/"}]}},"_links":{"self":[{"href":"https:\/\/portalmf.com.br\/index.php\/wp-json\/wp\/v2\/posts\/6779"}],"collection":[{"href":"https:\/\/portalmf.com.br\/index.php\/wp-json\/wp\/v2\/posts"}],"about":[{"href":"https:\/\/portalmf.com.br\/index.php\/wp-json\/wp\/v2\/types\/post"}],"author":[{"embeddable":true,"href":"https:\/\/portalmf.com.br\/index.php\/wp-json\/wp\/v2\/users\/3"}],"replies":[{"embeddable":true,"href":"https:\/\/portalmf.com.br\/index.php\/wp-json\/wp\/v2\/comments?post=6779"}],"version-history":[{"count":1,"href":"https:\/\/portalmf.com.br\/index.php\/wp-json\/wp\/v2\/posts\/6779\/revisions"}],"predecessor-version":[{"id":6781,"href":"https:\/\/portalmf.com.br\/index.php\/wp-json\/wp\/v2\/posts\/6779\/revisions\/6781"}],"wp:featuredmedia":[{"embeddable":true,"href":"https:\/\/portalmf.com.br\/index.php\/wp-json\/wp\/v2\/media\/6780"}],"wp:attachment":[{"href":"https:\/\/portalmf.com.br\/index.php\/wp-json\/wp\/v2\/media?parent=6779"}],"wp:term":[{"taxonomy":"category","embeddable":true,"href":"https:\/\/portalmf.com.br\/index.php\/wp-json\/wp\/v2\/categories?post=6779"},{"taxonomy":"post_tag","embeddable":true,"href":"https:\/\/portalmf.com.br\/index.php\/wp-json\/wp\/v2\/tags?post=6779"}],"curies":[{"name":"wp","href":"https:\/\/api.w.org\/{rel}","templated":true}]}}