{"id":6771,"date":"2022-12-14T17:05:47","date_gmt":"2022-12-14T20:05:47","guid":{"rendered":"https:\/\/portalmf.com.br\/?p=6771"},"modified":"2022-12-14T17:07:37","modified_gmt":"2022-12-14T20:07:37","slug":"fm-o-dia-chega-aos-25-anos-com-marcas-historicas-de-audiencia-no-rio-de-janeiro","status":"publish","type":"post","link":"https:\/\/portalmf.com.br\/index.php\/2022\/12\/14\/fm-o-dia-chega-aos-25-anos-com-marcas-historicas-de-audiencia-no-rio-de-janeiro\/","title":{"rendered":"FM O Dia chega aos 25 anos com marcas hist\u00f3ricas de audi\u00eancia no Rio de Janeiro"},"content":{"rendered":"\n<p>Hoje (13) a FM O Dia FM 100.5 completa 25 anos de opera\u00e7\u00e3o no mercado do Rio de Janeiro. E a emissora chega a essa marca colecionando outros n\u00fameros que tem chamado a aten\u00e7\u00e3o do r\u00e1dio brasileiro. A 100.5 FM carioca \u00e9 a esta\u00e7\u00e3o de r\u00e1dio que concentra o maior n\u00famero de ouvintes \u00fanicos do pa\u00eds, com mais de 3.4 milh\u00f5es de pessoas alcan\u00e7adas em 30 dias. Conhecida por ter uma identidade art\u00edstica bem caracter\u00edstica do Rio de Janeiro, a FM O Dia tamb\u00e9m chega aos 25 anos se destacando em audi\u00eancia e em sua movimenta\u00e7\u00e3o promocional. Acompanhe os detalhes:<\/p>\n\n\n\n<p>Sobre os n\u00fameros da FM O Dia no dial, o alcance de mais de 3.4 milh\u00f5es de ouvintes em 30 dias (05h-00h\/FM+WEB\/todos os locais\/trimestre setembro a novembro de 2022\/Kantar IBOPE Media) tamb\u00e9m a posiciona entre os maiores valores globais para uma esta\u00e7\u00e3o de r\u00e1dio em FM. Apenas a t\u00edtulo de curiosidade, conforme j\u00e1 citado anteriormente pelo tudoradio.com, essa marca \u00e9 similar ao que a Lite FM 106.7 costuma alcan\u00e7ar como um de seus picos em Nova York (EUA), esta\u00e7\u00e3o que \u00e9 considerada um dos maiores alcances globais.<\/p>\n\n\n\n<p>Em audi\u00eancia, os n\u00fameros da FM O Dia tamb\u00e9m impressionam: a emissora registrou mais de 233 mil ouvintes por minuto no 05h-00h (FM+WEB\/todos os dias e locais), 283 mil no 06h-19h (FM+WEB\/segunda \u00e0 sexta-feira) e est\u00e1 muito perto de 300 mil no 07h-19h (FM+WEB\/segunda \u00e0 sexta-feira). Esses n\u00fameros tamb\u00e9m s\u00e3o os maiores valores m\u00e9dios para uma FM brasileira, considerando apenas uma esta\u00e7\u00e3o (sem somar aquelas que atuam em rede).<\/p>\n\n\n\n<p>Quando completou 24 anos em dezembro passado, a FM O Dia estava na vice-lideran\u00e7a geral de audi\u00eancia (05h-00h\/FM+WEB\/todos os locais\/trimestre setembro a novembro de 2021) e tinha um alcance de 3.1 milh\u00f5es (o que j\u00e1 conferia a 100.5 FM o maior alcance do r\u00e1dio brasileiro, mas hoje n\u00e3o seria o suficiente para essa marca). Ou seja, no anivers\u00e1rio atual da FM O Dia, a esta\u00e7\u00e3o est\u00e1 em um momento hist\u00f3rico para a sua opera\u00e7\u00e3o no Rio de Janeiro.<\/p>\n\n\n\n<p>Em resumo, s\u00e3o nove atualiza\u00e7\u00f5es da pesquisa de audi\u00eancia com a FM O Dia em primeiro lugar geral, emissora que registrou mais uma tend\u00eancia de alta na \u00faltima medi\u00e7\u00e3o.<\/p>\n\n\n\n<p>O que explica esse desempenho?<\/p>\n\n\n\n<p>Um resultado como esse n\u00e3o \u00e9 alcan\u00e7ado com apenas uma f\u00f3rmula ou tem um motivo. S\u00e3o v\u00e1rios os fatores. Por\u00e9m o que salta aos olhos do mercado \u00e9 a intensa atividade promocional da FM O Dia no Rio de Janeiro e na regi\u00e3o metropolitana. A emissora est\u00e1 nas ruas, realiza show, promove eventos importantes na cidade, est\u00e1 presente em momentos vitais do calend\u00e1rio local, mobiliza a audi\u00eancia com uma s\u00e9rie de especiais em sua grade, entre outros pontos de destaque de seu planejamento.<\/p>\n\n\n\n<p>A for\u00e7a do promocional da FM O Dia \u00e9 algo bem claro no dia a dia do ouvinte do Rio de Janeiro. A sensa\u00e7\u00e3o \u00e9 de que a emissora est\u00e1 em todo o lugar. E isso pode ter sido um dos motivos da emissora ter comemorado os anivers\u00e1rios de 23 e 24 anos sem ser l\u00edder de audi\u00eancia no Rio, devido \u00e0s restri\u00e7\u00f5es de movimenta\u00e7\u00e3o impostas pela pandemia da covid-19 entre 2020 e 2021. Com a reabertura, a FM O Dia voltou a movimentar de forma intensa o seu planejamento de eventos e promocional. E aliou isso a ajustes em sua programa\u00e7\u00e3o,<\/p>\n\n\n\n<p>E, quando o ouvinte sintoniza a 100.5 FM, tem um produto art\u00edstico totalmente alinhado com seu perfil e tamb\u00e9m com o que se espera da FM O Dia (o tal &#8220;DNA da r\u00e1dio&#8221;, muito discutido por profissionais do meio).<\/p>\n\n\n\n<p>O ouvinte carioca tamb\u00e9m \u00e9 uma equa\u00e7\u00e3o importante nessa tentativa de entender o fen\u00f4meno FM O Dia. A pra\u00e7a Rio de Janeiro det\u00e9m o maior tempo m\u00e9dio de escutas de r\u00e1dio entre as 13 regi\u00f5es pesquisadas pela Kantar IBOPE Media. E est\u00e1 entre os maiores alcances do r\u00e1dio brasileiro. Ou seja, o ouvinte carioca consome muito r\u00e1dio. Mas isso tamb\u00e9m \u00e9 impulsionado pelo que as FMs do Rio est\u00e3o fazendo no ar e nas ruas. Ou seja, as movimenta\u00e7\u00f5es vistas nas duas pontas (ouvintes e emissoras) jogam o r\u00e1dio pra cima.<\/p>\n\n\n\n<p>Por fim, nada disso seria poss\u00edvel sem uma boa entrega: a FM O Dia possui um dos melhores sinais em FM do Rio de Janeiro e tamb\u00e9m uma boa qualidade de \u00e1udio, transmitindo a partir do Morro do Sumar\u00e9. A presen\u00e7a no digital, atrav\u00e9s de portal e aplicativo, passando pelo streaming, tamb\u00e9m \u00e9 eficiente. Vale recordar que, em 2011, a FM O Dia se mudou para uma moderna estrutura para servir de sua sede, localizada na Barra da Tijuca.<\/p>\n\n\n\n<p>No ar desde 1997, a FM O Dia passou primeiro pela sintonia 90.3 FM. Em 1999, a r\u00e1dio inicia sua trajet\u00f3ria em 100.5 FM. No anivers\u00e1rio de 23 anos, ocorrido em 2020, a FM O Dia mostrou que teve cinco mudan\u00e7as em seu logotipo ao longo de sua trajet\u00f3ria, atrav\u00e9s de uma postagem especial (veja logo abaixo).<\/p>\n\n\n\n<figure class=\"wp-block-image size-full\"><img fetchpriority=\"high\" decoding=\"async\" width=\"500\" height=\"280\" src=\"https:\/\/portalmf.com.br\/wp-content\/uploads\/2022\/12\/image-3.png\" alt=\"\" class=\"wp-image-6772\" srcset=\"https:\/\/portalmf.com.br\/wp-content\/uploads\/2022\/12\/image-3.png 500w, https:\/\/portalmf.com.br\/wp-content\/uploads\/2022\/12\/image-3-300x168.png 300w\" sizes=\"(max-width: 500px) 100vw, 500px\" \/><\/figure>\n\n\n\n<p>Com informa\u00e7\u00f5es do TudoRadio.com<\/p>\n","protected":false},"excerpt":{"rendered":"<p>Hoje (13) a FM O Dia FM 100.5 completa 25 anos de opera\u00e7\u00e3o no mercado do Rio de Janeiro. E a emissora chega a essa marca colecionando outros n\u00fameros que tem chamado a aten\u00e7\u00e3o do r\u00e1dio brasileiro. A 100.5 FM carioca \u00e9 a esta\u00e7\u00e3o de r\u00e1dio que concentra o maior n\u00famero de ouvintes \u00fanicos do [&hellip;]<\/p>\n","protected":false},"author":3,"featured_media":6773,"comment_status":"open","ping_status":"open","sticky":false,"template":"","format":"standard","meta":{"_monsterinsights_skip_tracking":false,"_monsterinsights_sitenote_active":false,"_monsterinsights_sitenote_note":"","_monsterinsights_sitenote_category":0,"footnotes":""},"categories":[50],"tags":[],"yoast_head":"<!-- This site is optimized with the Yoast SEO plugin v22.9 - https:\/\/yoast.com\/wordpress\/plugins\/seo\/ -->\n<title>FM O Dia chega aos 25 anos com marcas hist\u00f3ricas de audi\u00eancia no Rio de Janeiro - Portal MF<\/title>\n<meta name=\"robots\" content=\"index, follow, max-snippet:-1, max-image-preview:large, max-video-preview:-1\" \/>\n<link rel=\"canonical\" href=\"https:\/\/portalmf.com.br\/index.php\/2022\/12\/14\/fm-o-dia-chega-aos-25-anos-com-marcas-historicas-de-audiencia-no-rio-de-janeiro\/\" \/>\n<meta property=\"og:locale\" content=\"pt_BR\" \/>\n<meta property=\"og:type\" content=\"article\" \/>\n<meta property=\"og:title\" content=\"FM O Dia chega aos 25 anos com marcas hist\u00f3ricas de audi\u00eancia no Rio de Janeiro - Portal MF\" \/>\n<meta property=\"og:description\" content=\"Hoje (13) a FM O Dia FM 100.5 completa 25 anos de opera\u00e7\u00e3o no mercado do Rio de Janeiro. E a emissora chega a essa marca colecionando outros n\u00fameros que tem chamado a aten\u00e7\u00e3o do r\u00e1dio brasileiro. A 100.5 FM carioca \u00e9 a esta\u00e7\u00e3o de r\u00e1dio que concentra o maior n\u00famero de ouvintes \u00fanicos do [&hellip;]\" \/>\n<meta property=\"og:url\" content=\"https:\/\/portalmf.com.br\/index.php\/2022\/12\/14\/fm-o-dia-chega-aos-25-anos-com-marcas-historicas-de-audiencia-no-rio-de-janeiro\/\" \/>\n<meta property=\"og:site_name\" content=\"Portal MF\" \/>\n<meta property=\"article:author\" content=\"https:\/\/www.facebook.com\/portalmfoficial\" \/>\n<meta property=\"article:published_time\" content=\"2022-12-14T20:05:47+00:00\" \/>\n<meta property=\"article:modified_time\" content=\"2022-12-14T20:07:37+00:00\" \/>\n<meta property=\"og:image\" content=\"https:\/\/portalmf.com.br\/wp-content\/uploads\/2022\/12\/FM-ODIA.jpg\" \/>\n\t<meta property=\"og:image:width\" content=\"640\" \/>\n\t<meta property=\"og:image:height\" content=\"360\" \/>\n\t<meta property=\"og:image:type\" content=\"image\/jpeg\" \/>\n<meta name=\"author\" content=\"Reda\u00e7\u00e3o Portal MF\" \/>\n<meta name=\"twitter:card\" content=\"summary_large_image\" \/>\n<meta name=\"twitter:creator\" content=\"@https:\/\/x.com\/portalmfoficial\" \/>\n<meta name=\"twitter:label1\" content=\"Escrito por\" \/>\n\t<meta name=\"twitter:data1\" content=\"Reda\u00e7\u00e3o Portal MF\" \/>\n\t<meta name=\"twitter:label2\" content=\"Est. tempo de leitura\" \/>\n\t<meta name=\"twitter:data2\" content=\"5 minutos\" \/>\n<script type=\"application\/ld+json\" class=\"yoast-schema-graph\">{\"@context\":\"https:\/\/schema.org\",\"@graph\":[{\"@type\":\"WebPage\",\"@id\":\"https:\/\/portalmf.com.br\/index.php\/2022\/12\/14\/fm-o-dia-chega-aos-25-anos-com-marcas-historicas-de-audiencia-no-rio-de-janeiro\/\",\"url\":\"https:\/\/portalmf.com.br\/index.php\/2022\/12\/14\/fm-o-dia-chega-aos-25-anos-com-marcas-historicas-de-audiencia-no-rio-de-janeiro\/\",\"name\":\"FM O Dia chega aos 25 anos com marcas hist\u00f3ricas de audi\u00eancia no Rio de Janeiro - Portal MF\",\"isPartOf\":{\"@id\":\"https:\/\/portalmf.com.br\/#website\"},\"primaryImageOfPage\":{\"@id\":\"https:\/\/portalmf.com.br\/index.php\/2022\/12\/14\/fm-o-dia-chega-aos-25-anos-com-marcas-historicas-de-audiencia-no-rio-de-janeiro\/#primaryimage\"},\"image\":{\"@id\":\"https:\/\/portalmf.com.br\/index.php\/2022\/12\/14\/fm-o-dia-chega-aos-25-anos-com-marcas-historicas-de-audiencia-no-rio-de-janeiro\/#primaryimage\"},\"thumbnailUrl\":\"https:\/\/portalmf.com.br\/wp-content\/uploads\/2022\/12\/FM-ODIA.jpg\",\"datePublished\":\"2022-12-14T20:05:47+00:00\",\"dateModified\":\"2022-12-14T20:07:37+00:00\",\"author\":{\"@id\":\"https:\/\/portalmf.com.br\/#\/schema\/person\/9ec101baf56233e53520c26de5d6f6f0\"},\"breadcrumb\":{\"@id\":\"https:\/\/portalmf.com.br\/index.php\/2022\/12\/14\/fm-o-dia-chega-aos-25-anos-com-marcas-historicas-de-audiencia-no-rio-de-janeiro\/#breadcrumb\"},\"inLanguage\":\"pt-BR\",\"potentialAction\":[{\"@type\":\"ReadAction\",\"target\":[\"https:\/\/portalmf.com.br\/index.php\/2022\/12\/14\/fm-o-dia-chega-aos-25-anos-com-marcas-historicas-de-audiencia-no-rio-de-janeiro\/\"]}]},{\"@type\":\"ImageObject\",\"inLanguage\":\"pt-BR\",\"@id\":\"https:\/\/portalmf.com.br\/index.php\/2022\/12\/14\/fm-o-dia-chega-aos-25-anos-com-marcas-historicas-de-audiencia-no-rio-de-janeiro\/#primaryimage\",\"url\":\"https:\/\/portalmf.com.br\/wp-content\/uploads\/2022\/12\/FM-ODIA.jpg\",\"contentUrl\":\"https:\/\/portalmf.com.br\/wp-content\/uploads\/2022\/12\/FM-ODIA.jpg\",\"width\":640,\"height\":360},{\"@type\":\"BreadcrumbList\",\"@id\":\"https:\/\/portalmf.com.br\/index.php\/2022\/12\/14\/fm-o-dia-chega-aos-25-anos-com-marcas-historicas-de-audiencia-no-rio-de-janeiro\/#breadcrumb\",\"itemListElement\":[{\"@type\":\"ListItem\",\"position\":1,\"name\":\"In\u00edcio\",\"item\":\"https:\/\/portalmf.com.br\/\"},{\"@type\":\"ListItem\",\"position\":2,\"name\":\"FM O Dia chega aos 25 anos com marcas hist\u00f3ricas de audi\u00eancia no Rio de Janeiro\"}]},{\"@type\":\"WebSite\",\"@id\":\"https:\/\/portalmf.com.br\/#website\",\"url\":\"https:\/\/portalmf.com.br\/\",\"name\":\"Portal MF\",\"description\":\"Voc\u00ea conectado com a informa\u00e7\u00e3o\",\"potentialAction\":[{\"@type\":\"SearchAction\",\"target\":{\"@type\":\"EntryPoint\",\"urlTemplate\":\"https:\/\/portalmf.com.br\/?s={search_term_string}\"},\"query-input\":\"required name=search_term_string\"}],\"inLanguage\":\"pt-BR\"},{\"@type\":\"Person\",\"@id\":\"https:\/\/portalmf.com.br\/#\/schema\/person\/9ec101baf56233e53520c26de5d6f6f0\",\"name\":\"Reda\u00e7\u00e3o Portal MF\",\"image\":{\"@type\":\"ImageObject\",\"inLanguage\":\"pt-BR\",\"@id\":\"https:\/\/portalmf.com.br\/#\/schema\/person\/image\/\",\"url\":\"https:\/\/secure.gravatar.com\/avatar\/41b9aaeb2100835f7c64362330f74c7f?s=96&d=mm&r=g\",\"contentUrl\":\"https:\/\/secure.gravatar.com\/avatar\/41b9aaeb2100835f7c64362330f74c7f?s=96&d=mm&r=g\",\"caption\":\"Reda\u00e7\u00e3o Portal MF\"},\"description\":\"Sejam bem-vindos o portal de informa\u00e7\u00f5es de entretenimento de Feira de Santana, desde 2006 realiza coberturas dos principais eventos com entrevistas exclusivas com as principais personalidades mundiais. Fique conectado tamb\u00e9m nas redes sociais.\",\"sameAs\":[\"http:\/\/www.portalmf.com.br\/\",\"https:\/\/www.facebook.com\/portalmfoficial\",\"https:\/\/www.instagram.com\/portalmf\/\",\"https:\/\/x.com\/https:\/\/x.com\/portalmfoficial\",\"https:\/\/www.youtube.com\/@portalmfoficial\"],\"url\":\"https:\/\/portalmf.com.br\/index.php\/author\/junior\/\"}]}<\/script>\n<!-- \/ Yoast SEO plugin. -->","yoast_head_json":{"title":"FM O Dia chega aos 25 anos com marcas hist\u00f3ricas de audi\u00eancia no Rio de Janeiro - Portal MF","robots":{"index":"index","follow":"follow","max-snippet":"max-snippet:-1","max-image-preview":"max-image-preview:large","max-video-preview":"max-video-preview:-1"},"canonical":"https:\/\/portalmf.com.br\/index.php\/2022\/12\/14\/fm-o-dia-chega-aos-25-anos-com-marcas-historicas-de-audiencia-no-rio-de-janeiro\/","og_locale":"pt_BR","og_type":"article","og_title":"FM O Dia chega aos 25 anos com marcas hist\u00f3ricas de audi\u00eancia no Rio de Janeiro - Portal MF","og_description":"Hoje (13) a FM O Dia FM 100.5 completa 25 anos de opera\u00e7\u00e3o no mercado do Rio de Janeiro. E a emissora chega a essa marca colecionando outros n\u00fameros que tem chamado a aten\u00e7\u00e3o do r\u00e1dio brasileiro. A 100.5 FM carioca \u00e9 a esta\u00e7\u00e3o de r\u00e1dio que concentra o maior n\u00famero de ouvintes \u00fanicos do [&hellip;]","og_url":"https:\/\/portalmf.com.br\/index.php\/2022\/12\/14\/fm-o-dia-chega-aos-25-anos-com-marcas-historicas-de-audiencia-no-rio-de-janeiro\/","og_site_name":"Portal MF","article_author":"https:\/\/www.facebook.com\/portalmfoficial","article_published_time":"2022-12-14T20:05:47+00:00","article_modified_time":"2022-12-14T20:07:37+00:00","og_image":[{"width":640,"height":360,"url":"https:\/\/portalmf.com.br\/wp-content\/uploads\/2022\/12\/FM-ODIA.jpg","type":"image\/jpeg"}],"author":"Reda\u00e7\u00e3o Portal MF","twitter_card":"summary_large_image","twitter_creator":"@https:\/\/x.com\/portalmfoficial","twitter_misc":{"Escrito por":"Reda\u00e7\u00e3o Portal MF","Est. tempo de leitura":"5 minutos"},"schema":{"@context":"https:\/\/schema.org","@graph":[{"@type":"WebPage","@id":"https:\/\/portalmf.com.br\/index.php\/2022\/12\/14\/fm-o-dia-chega-aos-25-anos-com-marcas-historicas-de-audiencia-no-rio-de-janeiro\/","url":"https:\/\/portalmf.com.br\/index.php\/2022\/12\/14\/fm-o-dia-chega-aos-25-anos-com-marcas-historicas-de-audiencia-no-rio-de-janeiro\/","name":"FM O Dia chega aos 25 anos com marcas hist\u00f3ricas de audi\u00eancia no Rio de Janeiro - Portal MF","isPartOf":{"@id":"https:\/\/portalmf.com.br\/#website"},"primaryImageOfPage":{"@id":"https:\/\/portalmf.com.br\/index.php\/2022\/12\/14\/fm-o-dia-chega-aos-25-anos-com-marcas-historicas-de-audiencia-no-rio-de-janeiro\/#primaryimage"},"image":{"@id":"https:\/\/portalmf.com.br\/index.php\/2022\/12\/14\/fm-o-dia-chega-aos-25-anos-com-marcas-historicas-de-audiencia-no-rio-de-janeiro\/#primaryimage"},"thumbnailUrl":"https:\/\/portalmf.com.br\/wp-content\/uploads\/2022\/12\/FM-ODIA.jpg","datePublished":"2022-12-14T20:05:47+00:00","dateModified":"2022-12-14T20:07:37+00:00","author":{"@id":"https:\/\/portalmf.com.br\/#\/schema\/person\/9ec101baf56233e53520c26de5d6f6f0"},"breadcrumb":{"@id":"https:\/\/portalmf.com.br\/index.php\/2022\/12\/14\/fm-o-dia-chega-aos-25-anos-com-marcas-historicas-de-audiencia-no-rio-de-janeiro\/#breadcrumb"},"inLanguage":"pt-BR","potentialAction":[{"@type":"ReadAction","target":["https:\/\/portalmf.com.br\/index.php\/2022\/12\/14\/fm-o-dia-chega-aos-25-anos-com-marcas-historicas-de-audiencia-no-rio-de-janeiro\/"]}]},{"@type":"ImageObject","inLanguage":"pt-BR","@id":"https:\/\/portalmf.com.br\/index.php\/2022\/12\/14\/fm-o-dia-chega-aos-25-anos-com-marcas-historicas-de-audiencia-no-rio-de-janeiro\/#primaryimage","url":"https:\/\/portalmf.com.br\/wp-content\/uploads\/2022\/12\/FM-ODIA.jpg","contentUrl":"https:\/\/portalmf.com.br\/wp-content\/uploads\/2022\/12\/FM-ODIA.jpg","width":640,"height":360},{"@type":"BreadcrumbList","@id":"https:\/\/portalmf.com.br\/index.php\/2022\/12\/14\/fm-o-dia-chega-aos-25-anos-com-marcas-historicas-de-audiencia-no-rio-de-janeiro\/#breadcrumb","itemListElement":[{"@type":"ListItem","position":1,"name":"In\u00edcio","item":"https:\/\/portalmf.com.br\/"},{"@type":"ListItem","position":2,"name":"FM O Dia chega aos 25 anos com marcas hist\u00f3ricas de audi\u00eancia no Rio de Janeiro"}]},{"@type":"WebSite","@id":"https:\/\/portalmf.com.br\/#website","url":"https:\/\/portalmf.com.br\/","name":"Portal MF","description":"Voc\u00ea conectado com a informa\u00e7\u00e3o","potentialAction":[{"@type":"SearchAction","target":{"@type":"EntryPoint","urlTemplate":"https:\/\/portalmf.com.br\/?s={search_term_string}"},"query-input":"required name=search_term_string"}],"inLanguage":"pt-BR"},{"@type":"Person","@id":"https:\/\/portalmf.com.br\/#\/schema\/person\/9ec101baf56233e53520c26de5d6f6f0","name":"Reda\u00e7\u00e3o Portal MF","image":{"@type":"ImageObject","inLanguage":"pt-BR","@id":"https:\/\/portalmf.com.br\/#\/schema\/person\/image\/","url":"https:\/\/secure.gravatar.com\/avatar\/41b9aaeb2100835f7c64362330f74c7f?s=96&d=mm&r=g","contentUrl":"https:\/\/secure.gravatar.com\/avatar\/41b9aaeb2100835f7c64362330f74c7f?s=96&d=mm&r=g","caption":"Reda\u00e7\u00e3o Portal MF"},"description":"Sejam bem-vindos o portal de informa\u00e7\u00f5es de entretenimento de Feira de Santana, desde 2006 realiza coberturas dos principais eventos com entrevistas exclusivas com as principais personalidades mundiais. Fique conectado tamb\u00e9m nas redes sociais.","sameAs":["http:\/\/www.portalmf.com.br\/","https:\/\/www.facebook.com\/portalmfoficial","https:\/\/www.instagram.com\/portalmf\/","https:\/\/x.com\/https:\/\/x.com\/portalmfoficial","https:\/\/www.youtube.com\/@portalmfoficial"],"url":"https:\/\/portalmf.com.br\/index.php\/author\/junior\/"}]}},"_links":{"self":[{"href":"https:\/\/portalmf.com.br\/index.php\/wp-json\/wp\/v2\/posts\/6771"}],"collection":[{"href":"https:\/\/portalmf.com.br\/index.php\/wp-json\/wp\/v2\/posts"}],"about":[{"href":"https:\/\/portalmf.com.br\/index.php\/wp-json\/wp\/v2\/types\/post"}],"author":[{"embeddable":true,"href":"https:\/\/portalmf.com.br\/index.php\/wp-json\/wp\/v2\/users\/3"}],"replies":[{"embeddable":true,"href":"https:\/\/portalmf.com.br\/index.php\/wp-json\/wp\/v2\/comments?post=6771"}],"version-history":[{"count":1,"href":"https:\/\/portalmf.com.br\/index.php\/wp-json\/wp\/v2\/posts\/6771\/revisions"}],"predecessor-version":[{"id":6774,"href":"https:\/\/portalmf.com.br\/index.php\/wp-json\/wp\/v2\/posts\/6771\/revisions\/6774"}],"wp:featuredmedia":[{"embeddable":true,"href":"https:\/\/portalmf.com.br\/index.php\/wp-json\/wp\/v2\/media\/6773"}],"wp:attachment":[{"href":"https:\/\/portalmf.com.br\/index.php\/wp-json\/wp\/v2\/media?parent=6771"}],"wp:term":[{"taxonomy":"category","embeddable":true,"href":"https:\/\/portalmf.com.br\/index.php\/wp-json\/wp\/v2\/categories?post=6771"},{"taxonomy":"post_tag","embeddable":true,"href":"https:\/\/portalmf.com.br\/index.php\/wp-json\/wp\/v2\/tags?post=6771"}],"curies":[{"name":"wp","href":"https:\/\/api.w.org\/{rel}","templated":true}]}}