{"id":6768,"date":"2022-12-14T16:59:41","date_gmt":"2022-12-14T19:59:41","guid":{"rendered":"https:\/\/portalmf.com.br\/?p=6768"},"modified":"2022-12-14T16:59:42","modified_gmt":"2022-12-14T19:59:42","slug":"irmao-de-rodrigo-mussi-faz-grave-acusacao-contra-ex-bbb","status":"publish","type":"post","link":"https:\/\/portalmf.com.br\/index.php\/2022\/12\/14\/irmao-de-rodrigo-mussi-faz-grave-acusacao-contra-ex-bbb\/","title":{"rendered":"Irm\u00e3o de Rodrigo Mussi faz grave acusa\u00e7\u00e3o contra ex-BBB"},"content":{"rendered":"\n<p>Diogo Mussi, irm\u00e3o de Rodrigo Mussi, apareceu nas redes sociais para dizer que, segundo ele, o ex-BBB se apossou de uma ideia dele para um podcast.<\/p>\n\n\n\n<p>Por meio dos stories no perfil do Instagram, Diogo publicou uma s\u00e9rie de v\u00eddeos onde disse estar decepcionado pela escolha do nome do novo projeto do irm\u00e3o.<\/p>\n\n\n\n<p>\u201cDizem que eu quero fama e biscoito, mas eu n\u00e3o vivo disso. Meu dinheiro vem dos meus honor\u00e1rios, eu n\u00e3o vivo de fama\u201d, disparou o irm\u00e3o de Rodrigo Mussi.<\/p>\n\n\n\n<p>\u201cMe deixou chateado e eu tenho todo o direito de expor isso onde eu quiser. Quem me acompanha sabe que eu falei que tinha sugerido um podcast, mas com os tr\u00eas irm\u00e3os. Eu que sugeri o nome Caf\u00e9 com Mussi, e ele recha\u00e7ou na \u00e9poca. At\u00e9 iniciei o processo de registro, mas aquilo perdeu o sentido para mim\u201d, continuou o desabafo.<\/p>\n\n\n\n<p>\u201cQue ele fa\u00e7a bom uso do nome, toda a sorte do mundo. O nome foi algo que eu pensei com carinho, at\u00e9 pensei no Rafael [Mussi] fazendo pratos e comidas para os convidados, eu poderia at\u00e9 ficar nos bastidores. Poder\u00edamos criar juntos, mas fiquei chateado\u201d, completou o empres\u00e1rio.<\/p>\n\n\n\n<p>O ex-BBB fez uma publica\u00e7\u00e3o nas redes sociais, no final de semana, onde revelou estar \u00e0 frente do projeto \u201cCaf\u00e9 Com Mussi\u201d, mas n\u00e3o entrou em detalhes sobre qual seria o conte\u00fado.<\/p>\n\n\n\n<p>Com informa\u00e7\u00f5es do Ibahia<\/p>\n","protected":false},"excerpt":{"rendered":"<p>Diogo Mussi, irm\u00e3o de Rodrigo Mussi, apareceu nas redes sociais para dizer que, segundo ele, o ex-BBB se apossou de uma ideia dele para um podcast. Por meio dos stories no perfil do Instagram, Diogo publicou uma s\u00e9rie de v\u00eddeos onde disse estar decepcionado pela escolha do nome do novo projeto do irm\u00e3o. \u201cDizem que [&hellip;]<\/p>\n","protected":false},"author":3,"featured_media":6769,"comment_status":"open","ping_status":"open","sticky":false,"template":"","format":"standard","meta":{"_monsterinsights_skip_tracking":false,"_monsterinsights_sitenote_active":false,"_monsterinsights_sitenote_note":"","_monsterinsights_sitenote_category":0,"footnotes":""},"categories":[47,35],"tags":[],"yoast_head":"<!-- This site is optimized with the Yoast SEO plugin v22.9 - https:\/\/yoast.com\/wordpress\/plugins\/seo\/ -->\n<title>Irm\u00e3o de Rodrigo Mussi faz grave acusa\u00e7\u00e3o contra ex-BBB - Portal MF<\/title>\n<meta name=\"robots\" content=\"index, follow, max-snippet:-1, max-image-preview:large, max-video-preview:-1\" \/>\n<link rel=\"canonical\" href=\"https:\/\/portalmf.com.br\/index.php\/2022\/12\/14\/irmao-de-rodrigo-mussi-faz-grave-acusacao-contra-ex-bbb\/\" \/>\n<meta property=\"og:locale\" content=\"pt_BR\" \/>\n<meta property=\"og:type\" content=\"article\" \/>\n<meta property=\"og:title\" content=\"Irm\u00e3o de Rodrigo Mussi faz grave acusa\u00e7\u00e3o contra ex-BBB - Portal MF\" \/>\n<meta property=\"og:description\" content=\"Diogo Mussi, irm\u00e3o de Rodrigo Mussi, apareceu nas redes sociais para dizer que, segundo ele, o ex-BBB se apossou de uma ideia dele para um podcast. Por meio dos stories no perfil do Instagram, Diogo publicou uma s\u00e9rie de v\u00eddeos onde disse estar decepcionado pela escolha do nome do novo projeto do irm\u00e3o. \u201cDizem que [&hellip;]\" \/>\n<meta property=\"og:url\" content=\"https:\/\/portalmf.com.br\/index.php\/2022\/12\/14\/irmao-de-rodrigo-mussi-faz-grave-acusacao-contra-ex-bbb\/\" \/>\n<meta property=\"og:site_name\" content=\"Portal MF\" \/>\n<meta property=\"article:author\" content=\"https:\/\/www.facebook.com\/portalmfoficial\" \/>\n<meta property=\"article:published_time\" content=\"2022-12-14T19:59:41+00:00\" \/>\n<meta property=\"article:modified_time\" content=\"2022-12-14T19:59:42+00:00\" \/>\n<meta property=\"og:image\" content=\"https:\/\/portalmf.com.br\/wp-content\/uploads\/2022\/12\/Diogo-e-Rodrigo-Mussi-1024x614-1.jpg\" \/>\n\t<meta property=\"og:image:width\" content=\"1024\" \/>\n\t<meta property=\"og:image:height\" content=\"614\" \/>\n\t<meta property=\"og:image:type\" content=\"image\/jpeg\" \/>\n<meta name=\"author\" content=\"Reda\u00e7\u00e3o Portal MF\" \/>\n<meta name=\"twitter:card\" content=\"summary_large_image\" \/>\n<meta name=\"twitter:creator\" content=\"@https:\/\/x.com\/portalmfoficial\" \/>\n<meta name=\"twitter:label1\" content=\"Escrito por\" \/>\n\t<meta name=\"twitter:data1\" content=\"Reda\u00e7\u00e3o Portal MF\" \/>\n\t<meta name=\"twitter:label2\" content=\"Est. tempo de leitura\" \/>\n\t<meta name=\"twitter:data2\" content=\"2 minutos\" \/>\n<script type=\"application\/ld+json\" class=\"yoast-schema-graph\">{\"@context\":\"https:\/\/schema.org\",\"@graph\":[{\"@type\":\"WebPage\",\"@id\":\"https:\/\/portalmf.com.br\/index.php\/2022\/12\/14\/irmao-de-rodrigo-mussi-faz-grave-acusacao-contra-ex-bbb\/\",\"url\":\"https:\/\/portalmf.com.br\/index.php\/2022\/12\/14\/irmao-de-rodrigo-mussi-faz-grave-acusacao-contra-ex-bbb\/\",\"name\":\"Irm\u00e3o de Rodrigo Mussi faz grave acusa\u00e7\u00e3o contra ex-BBB - Portal MF\",\"isPartOf\":{\"@id\":\"https:\/\/portalmf.com.br\/#website\"},\"primaryImageOfPage\":{\"@id\":\"https:\/\/portalmf.com.br\/index.php\/2022\/12\/14\/irmao-de-rodrigo-mussi-faz-grave-acusacao-contra-ex-bbb\/#primaryimage\"},\"image\":{\"@id\":\"https:\/\/portalmf.com.br\/index.php\/2022\/12\/14\/irmao-de-rodrigo-mussi-faz-grave-acusacao-contra-ex-bbb\/#primaryimage\"},\"thumbnailUrl\":\"https:\/\/portalmf.com.br\/wp-content\/uploads\/2022\/12\/Diogo-e-Rodrigo-Mussi-1024x614-1.jpg\",\"datePublished\":\"2022-12-14T19:59:41+00:00\",\"dateModified\":\"2022-12-14T19:59:42+00:00\",\"author\":{\"@id\":\"https:\/\/portalmf.com.br\/#\/schema\/person\/9ec101baf56233e53520c26de5d6f6f0\"},\"breadcrumb\":{\"@id\":\"https:\/\/portalmf.com.br\/index.php\/2022\/12\/14\/irmao-de-rodrigo-mussi-faz-grave-acusacao-contra-ex-bbb\/#breadcrumb\"},\"inLanguage\":\"pt-BR\",\"potentialAction\":[{\"@type\":\"ReadAction\",\"target\":[\"https:\/\/portalmf.com.br\/index.php\/2022\/12\/14\/irmao-de-rodrigo-mussi-faz-grave-acusacao-contra-ex-bbb\/\"]}]},{\"@type\":\"ImageObject\",\"inLanguage\":\"pt-BR\",\"@id\":\"https:\/\/portalmf.com.br\/index.php\/2022\/12\/14\/irmao-de-rodrigo-mussi-faz-grave-acusacao-contra-ex-bbb\/#primaryimage\",\"url\":\"https:\/\/portalmf.com.br\/wp-content\/uploads\/2022\/12\/Diogo-e-Rodrigo-Mussi-1024x614-1.jpg\",\"contentUrl\":\"https:\/\/portalmf.com.br\/wp-content\/uploads\/2022\/12\/Diogo-e-Rodrigo-Mussi-1024x614-1.jpg\",\"width\":1024,\"height\":614,\"caption\":\"Foto: Reprodu\u00e7\u00e3o\/Redes Sociais\"},{\"@type\":\"BreadcrumbList\",\"@id\":\"https:\/\/portalmf.com.br\/index.php\/2022\/12\/14\/irmao-de-rodrigo-mussi-faz-grave-acusacao-contra-ex-bbb\/#breadcrumb\",\"itemListElement\":[{\"@type\":\"ListItem\",\"position\":1,\"name\":\"In\u00edcio\",\"item\":\"https:\/\/portalmf.com.br\/\"},{\"@type\":\"ListItem\",\"position\":2,\"name\":\"Irm\u00e3o de Rodrigo Mussi faz grave acusa\u00e7\u00e3o contra ex-BBB\"}]},{\"@type\":\"WebSite\",\"@id\":\"https:\/\/portalmf.com.br\/#website\",\"url\":\"https:\/\/portalmf.com.br\/\",\"name\":\"Portal MF\",\"description\":\"Voc\u00ea conectado com a informa\u00e7\u00e3o\",\"potentialAction\":[{\"@type\":\"SearchAction\",\"target\":{\"@type\":\"EntryPoint\",\"urlTemplate\":\"https:\/\/portalmf.com.br\/?s={search_term_string}\"},\"query-input\":\"required name=search_term_string\"}],\"inLanguage\":\"pt-BR\"},{\"@type\":\"Person\",\"@id\":\"https:\/\/portalmf.com.br\/#\/schema\/person\/9ec101baf56233e53520c26de5d6f6f0\",\"name\":\"Reda\u00e7\u00e3o Portal MF\",\"image\":{\"@type\":\"ImageObject\",\"inLanguage\":\"pt-BR\",\"@id\":\"https:\/\/portalmf.com.br\/#\/schema\/person\/image\/\",\"url\":\"https:\/\/secure.gravatar.com\/avatar\/41b9aaeb2100835f7c64362330f74c7f?s=96&d=mm&r=g\",\"contentUrl\":\"https:\/\/secure.gravatar.com\/avatar\/41b9aaeb2100835f7c64362330f74c7f?s=96&d=mm&r=g\",\"caption\":\"Reda\u00e7\u00e3o Portal MF\"},\"description\":\"Sejam bem-vindos o portal de informa\u00e7\u00f5es de entretenimento de Feira de Santana, desde 2006 realiza coberturas dos principais eventos com entrevistas exclusivas com as principais personalidades mundiais. Fique conectado tamb\u00e9m nas redes sociais.\",\"sameAs\":[\"http:\/\/www.portalmf.com.br\/\",\"https:\/\/www.facebook.com\/portalmfoficial\",\"https:\/\/www.instagram.com\/portalmf\/\",\"https:\/\/x.com\/https:\/\/x.com\/portalmfoficial\",\"https:\/\/www.youtube.com\/@portalmfoficial\"],\"url\":\"https:\/\/portalmf.com.br\/index.php\/author\/junior\/\"}]}<\/script>\n<!-- \/ Yoast SEO plugin. -->","yoast_head_json":{"title":"Irm\u00e3o de Rodrigo Mussi faz grave acusa\u00e7\u00e3o contra ex-BBB - Portal MF","robots":{"index":"index","follow":"follow","max-snippet":"max-snippet:-1","max-image-preview":"max-image-preview:large","max-video-preview":"max-video-preview:-1"},"canonical":"https:\/\/portalmf.com.br\/index.php\/2022\/12\/14\/irmao-de-rodrigo-mussi-faz-grave-acusacao-contra-ex-bbb\/","og_locale":"pt_BR","og_type":"article","og_title":"Irm\u00e3o de Rodrigo Mussi faz grave acusa\u00e7\u00e3o contra ex-BBB - Portal MF","og_description":"Diogo Mussi, irm\u00e3o de Rodrigo Mussi, apareceu nas redes sociais para dizer que, segundo ele, o ex-BBB se apossou de uma ideia dele para um podcast. Por meio dos stories no perfil do Instagram, Diogo publicou uma s\u00e9rie de v\u00eddeos onde disse estar decepcionado pela escolha do nome do novo projeto do irm\u00e3o. \u201cDizem que [&hellip;]","og_url":"https:\/\/portalmf.com.br\/index.php\/2022\/12\/14\/irmao-de-rodrigo-mussi-faz-grave-acusacao-contra-ex-bbb\/","og_site_name":"Portal MF","article_author":"https:\/\/www.facebook.com\/portalmfoficial","article_published_time":"2022-12-14T19:59:41+00:00","article_modified_time":"2022-12-14T19:59:42+00:00","og_image":[{"width":1024,"height":614,"url":"https:\/\/portalmf.com.br\/wp-content\/uploads\/2022\/12\/Diogo-e-Rodrigo-Mussi-1024x614-1.jpg","type":"image\/jpeg"}],"author":"Reda\u00e7\u00e3o Portal MF","twitter_card":"summary_large_image","twitter_creator":"@https:\/\/x.com\/portalmfoficial","twitter_misc":{"Escrito por":"Reda\u00e7\u00e3o Portal MF","Est. tempo de leitura":"2 minutos"},"schema":{"@context":"https:\/\/schema.org","@graph":[{"@type":"WebPage","@id":"https:\/\/portalmf.com.br\/index.php\/2022\/12\/14\/irmao-de-rodrigo-mussi-faz-grave-acusacao-contra-ex-bbb\/","url":"https:\/\/portalmf.com.br\/index.php\/2022\/12\/14\/irmao-de-rodrigo-mussi-faz-grave-acusacao-contra-ex-bbb\/","name":"Irm\u00e3o de Rodrigo Mussi faz grave acusa\u00e7\u00e3o contra ex-BBB - Portal MF","isPartOf":{"@id":"https:\/\/portalmf.com.br\/#website"},"primaryImageOfPage":{"@id":"https:\/\/portalmf.com.br\/index.php\/2022\/12\/14\/irmao-de-rodrigo-mussi-faz-grave-acusacao-contra-ex-bbb\/#primaryimage"},"image":{"@id":"https:\/\/portalmf.com.br\/index.php\/2022\/12\/14\/irmao-de-rodrigo-mussi-faz-grave-acusacao-contra-ex-bbb\/#primaryimage"},"thumbnailUrl":"https:\/\/portalmf.com.br\/wp-content\/uploads\/2022\/12\/Diogo-e-Rodrigo-Mussi-1024x614-1.jpg","datePublished":"2022-12-14T19:59:41+00:00","dateModified":"2022-12-14T19:59:42+00:00","author":{"@id":"https:\/\/portalmf.com.br\/#\/schema\/person\/9ec101baf56233e53520c26de5d6f6f0"},"breadcrumb":{"@id":"https:\/\/portalmf.com.br\/index.php\/2022\/12\/14\/irmao-de-rodrigo-mussi-faz-grave-acusacao-contra-ex-bbb\/#breadcrumb"},"inLanguage":"pt-BR","potentialAction":[{"@type":"ReadAction","target":["https:\/\/portalmf.com.br\/index.php\/2022\/12\/14\/irmao-de-rodrigo-mussi-faz-grave-acusacao-contra-ex-bbb\/"]}]},{"@type":"ImageObject","inLanguage":"pt-BR","@id":"https:\/\/portalmf.com.br\/index.php\/2022\/12\/14\/irmao-de-rodrigo-mussi-faz-grave-acusacao-contra-ex-bbb\/#primaryimage","url":"https:\/\/portalmf.com.br\/wp-content\/uploads\/2022\/12\/Diogo-e-Rodrigo-Mussi-1024x614-1.jpg","contentUrl":"https:\/\/portalmf.com.br\/wp-content\/uploads\/2022\/12\/Diogo-e-Rodrigo-Mussi-1024x614-1.jpg","width":1024,"height":614,"caption":"Foto: Reprodu\u00e7\u00e3o\/Redes Sociais"},{"@type":"BreadcrumbList","@id":"https:\/\/portalmf.com.br\/index.php\/2022\/12\/14\/irmao-de-rodrigo-mussi-faz-grave-acusacao-contra-ex-bbb\/#breadcrumb","itemListElement":[{"@type":"ListItem","position":1,"name":"In\u00edcio","item":"https:\/\/portalmf.com.br\/"},{"@type":"ListItem","position":2,"name":"Irm\u00e3o de Rodrigo Mussi faz grave acusa\u00e7\u00e3o contra ex-BBB"}]},{"@type":"WebSite","@id":"https:\/\/portalmf.com.br\/#website","url":"https:\/\/portalmf.com.br\/","name":"Portal MF","description":"Voc\u00ea conectado com a informa\u00e7\u00e3o","potentialAction":[{"@type":"SearchAction","target":{"@type":"EntryPoint","urlTemplate":"https:\/\/portalmf.com.br\/?s={search_term_string}"},"query-input":"required name=search_term_string"}],"inLanguage":"pt-BR"},{"@type":"Person","@id":"https:\/\/portalmf.com.br\/#\/schema\/person\/9ec101baf56233e53520c26de5d6f6f0","name":"Reda\u00e7\u00e3o Portal MF","image":{"@type":"ImageObject","inLanguage":"pt-BR","@id":"https:\/\/portalmf.com.br\/#\/schema\/person\/image\/","url":"https:\/\/secure.gravatar.com\/avatar\/41b9aaeb2100835f7c64362330f74c7f?s=96&d=mm&r=g","contentUrl":"https:\/\/secure.gravatar.com\/avatar\/41b9aaeb2100835f7c64362330f74c7f?s=96&d=mm&r=g","caption":"Reda\u00e7\u00e3o Portal MF"},"description":"Sejam bem-vindos o portal de informa\u00e7\u00f5es de entretenimento de Feira de Santana, desde 2006 realiza coberturas dos principais eventos com entrevistas exclusivas com as principais personalidades mundiais. Fique conectado tamb\u00e9m nas redes sociais.","sameAs":["http:\/\/www.portalmf.com.br\/","https:\/\/www.facebook.com\/portalmfoficial","https:\/\/www.instagram.com\/portalmf\/","https:\/\/x.com\/https:\/\/x.com\/portalmfoficial","https:\/\/www.youtube.com\/@portalmfoficial"],"url":"https:\/\/portalmf.com.br\/index.php\/author\/junior\/"}]}},"_links":{"self":[{"href":"https:\/\/portalmf.com.br\/index.php\/wp-json\/wp\/v2\/posts\/6768"}],"collection":[{"href":"https:\/\/portalmf.com.br\/index.php\/wp-json\/wp\/v2\/posts"}],"about":[{"href":"https:\/\/portalmf.com.br\/index.php\/wp-json\/wp\/v2\/types\/post"}],"author":[{"embeddable":true,"href":"https:\/\/portalmf.com.br\/index.php\/wp-json\/wp\/v2\/users\/3"}],"replies":[{"embeddable":true,"href":"https:\/\/portalmf.com.br\/index.php\/wp-json\/wp\/v2\/comments?post=6768"}],"version-history":[{"count":1,"href":"https:\/\/portalmf.com.br\/index.php\/wp-json\/wp\/v2\/posts\/6768\/revisions"}],"predecessor-version":[{"id":6770,"href":"https:\/\/portalmf.com.br\/index.php\/wp-json\/wp\/v2\/posts\/6768\/revisions\/6770"}],"wp:featuredmedia":[{"embeddable":true,"href":"https:\/\/portalmf.com.br\/index.php\/wp-json\/wp\/v2\/media\/6769"}],"wp:attachment":[{"href":"https:\/\/portalmf.com.br\/index.php\/wp-json\/wp\/v2\/media?parent=6768"}],"wp:term":[{"taxonomy":"category","embeddable":true,"href":"https:\/\/portalmf.com.br\/index.php\/wp-json\/wp\/v2\/categories?post=6768"},{"taxonomy":"post_tag","embeddable":true,"href":"https:\/\/portalmf.com.br\/index.php\/wp-json\/wp\/v2\/tags?post=6768"}],"curies":[{"name":"wp","href":"https:\/\/api.w.org\/{rel}","templated":true}]}}